{"id":10209,"date":"2026-03-12T14:17:12","date_gmt":"2026-03-12T12:17:12","guid":{"rendered":"https:\/\/www.weiterbildungsmarkt.net\/magazin\/?p=10209"},"modified":"2026-03-12T14:17:12","modified_gmt":"2026-03-12T12:17:12","slug":"der-mental-load-der-selbststaendigkeit-wie-administrative-souveraenitaet-den-kopf-fuer-das-wesentliche-frei-macht","status":"publish","type":"post","link":"https:\/\/www.weiterbildungsmarkt.net\/magazin\/der-mental-load-der-selbststaendigkeit-wie-administrative-souveraenitaet-den-kopf-fuer-das-wesentliche-frei-macht\/","title":{"rendered":"Der \u201eMental Load\u201c der Selbstst\u00e4ndigkeit: Wie administrative Souver\u00e4nit\u00e4t den Kopf f\u00fcr das Wesentliche frei macht"},"content":{"rendered":"<p style=\"text-align: justify;\">Wer den Schritt in die Selbstst\u00e4ndigkeit wagt, brennt meist f\u00fcr eine Vision: das kreative Handwerk, die strategische Beratung oder die Entwicklung innovativer L\u00f6sungen. Doch die Realit\u00e4t holt viele Gr\u00fcnder schnell ein. Neben der eigentlichen Facharbeit wartet ein unsichtbarer Berg an Verantwortung, der oft untersch\u00e4tzt wird: der <strong>Mental Load<\/strong>.<\/p>\n<p style=\"text-align: justify;\">Dieser Begriff, der urspr\u00fcnglich aus der Soziologie stammt und die Last der h\u00e4uslichen Organisationsarbeit beschreibt, l\u00e4sst sich eins zu eins auf den Unternehmeralltag \u00fcbertragen. Es ist die permanente kognitive Belastung durch das Mitdenken, Planen und Organisieren von Hintergrundprozessen, die zwar keinen Umsatz generieren, aber das \u00dcberleben des Business sichern.<\/p>\n<h2 style=\"text-align: justify;\">Wenn das \u201eHintergrundrauschen\u201c die Kreativit\u00e4t blockiert<\/h2>\n<p style=\"text-align: justify;\">Der Mental Load in der Selbstst\u00e4ndigkeit besteht nicht nur aus der Arbeit an sich, sondern aus der <strong>Antizipation von Aufgaben<\/strong>. Habe ich die Umsatzsteuervoranmeldung abgeschickt? Ist die Rechnung f\u00fcr den Neukunden schon raus? Entspricht mein Gesch\u00e4ftskonto den steuerlichen Anforderungen?<\/p>\n<p style=\"text-align: justify;\">Diese st\u00e4ndige <a href=\"https:\/\/www.weiterbildungsmarkt.net\/magazin\/mentale-gesundheit-wie-wir-entspannt-unsere-leistungsfaehigkeit-erhalten\/\">Alarmbereitschaft des Gehirns<\/a> f\u00fchrt zu einer schleichenden Ersch\u00f6pfung. Wenn der Fokus permanent zwischen kreativer High-Performance und kleinteiliger Verwaltung hin- und hergerissen wird, leidet die Qualit\u00e4t der Arbeit. Echte Innovation braucht Phasen des \u201eDeep Work\u201c \u2013 Zust\u00e4nde voller Konzentration, die durch administrative Unterbrechungen sofort zunichtegemacht werden.<\/p>\n<p><img loading=\"lazy\" decoding=\"async\" class=\"aligncenter size-large wp-image-10211\" src=\"https:\/\/www.weiterbildungsmarkt.net\/magazin\/wp-content\/uploads\/2026\/03\/programmer-man-2026-01-07-00-42-52-utc-1024x683.jpg\" alt=\"Die S\u00e4ulen der administrativen Souver\u00e4nit\u00e4t\" width=\"640\" height=\"427\" srcset=\"https:\/\/www.weiterbildungsmarkt.net\/magazin\/wp-content\/uploads\/2026\/03\/programmer-man-2026-01-07-00-42-52-utc-1024x683.jpg 1024w, https:\/\/www.weiterbildungsmarkt.net\/magazin\/wp-content\/uploads\/2026\/03\/programmer-man-2026-01-07-00-42-52-utc-300x200.jpg 300w, https:\/\/www.weiterbildungsmarkt.net\/magazin\/wp-content\/uploads\/2026\/03\/programmer-man-2026-01-07-00-42-52-utc-768x512.jpg 768w, https:\/\/www.weiterbildungsmarkt.net\/magazin\/wp-content\/uploads\/2026\/03\/programmer-man-2026-01-07-00-42-52-utc-1536x1024.jpg 1536w, https:\/\/www.weiterbildungsmarkt.net\/magazin\/wp-content\/uploads\/2026\/03\/programmer-man-2026-01-07-00-42-52-utc-2048x1365.jpg 2048w, https:\/\/www.weiterbildungsmarkt.net\/magazin\/wp-content\/uploads\/2026\/03\/programmer-man-2026-01-07-00-42-52-utc-696x464.jpg 696w, https:\/\/www.weiterbildungsmarkt.net\/magazin\/wp-content\/uploads\/2026\/03\/programmer-man-2026-01-07-00-42-52-utc-1068x712.jpg 1068w, https:\/\/www.weiterbildungsmarkt.net\/magazin\/wp-content\/uploads\/2026\/03\/programmer-man-2026-01-07-00-42-52-utc-630x420.jpg 630w\" sizes=\"auto, (max-width: 640px) 100vw, 640px\" \/><\/p>\n<h2 style=\"text-align: justify;\">Die S\u00e4ulen der administrativen Souver\u00e4nit\u00e4t<\/h2>\n<p style=\"text-align: justify;\">Um diesen Kreislauf zu durchbrechen, ist <strong>administrative Souver\u00e4nit\u00e4t<\/strong> gefragt. Das bedeutet nicht, dass die Aufgaben verschwinden, aber dass sie durch effiziente Strukturen so weit automatisiert werden, dass sie keinen wertvollen Arbeitsspeicher im Gehirn mehr belegen.<\/p>\n<h2 style=\"text-align: justify;\">Strategien zur Reduzierung der kognitiven Last:<\/h2>\n<ul style=\"text-align: justify;\">\n<li><strong>Radikale Standardisierung:<\/strong> Erstellen Sie f\u00fcr wiederkehrende Prozesse (wie das Onboarding neuer Kunden oder das Mahnwesen) feste Checklisten und Vorlagen.<\/li>\n<li><strong>Batch-Processing:<\/strong> Erledigen Sie administrative Aufgaben nicht \u201ezwischendurch\u201c, sondern in festen Zeitbl\u00f6cken einmal pro Woche oder Monat.<\/li>\n<li><strong>Technologische Enabler:<\/strong> Nutzen Sie Software, die <a href=\"https:\/\/www.lexware.de\/geschaeftskonto\/\" target=\"_blank\" rel=\"noopener\">Schnittstellen zwischen Bankwesen und Buchhaltung schlie\u00dft<\/a>. Ein modernes Gesch\u00e4ftskonto hilft beispielsweise dabei, Transaktionen direkt mit Belegen zu verkn\u00fcpfen und so das Chaos am Monatsende zu vermeiden.<\/li>\n<li><strong>Outsourcing von Entscheidungen:<\/strong> Delegieren Sie Aufgaben, die nicht zu Ihrer Kernkompetenz geh\u00f6ren \u2013 sei es an einen Steuerberater oder durch den Einsatz smarter KI-Tools.<\/li>\n<\/ul>\n<h2 style=\"text-align: justify;\">Finanzen im Griff, Kopf im Flow<\/h2>\n<p style=\"text-align: justify;\">Ein massiver Treiber des Mental Load ist die Sorge um die Liquidit\u00e4t und die korrekte Buchf\u00fchrung. Viele Selbstst\u00e4ndige <a href=\"https:\/\/www.geld-welten.de\/wirtschaft\/privat-geschaeft-trennen.html\" target=\"_blank\" rel=\"noopener\">trennen private und gesch\u00e4ftliche Finanzen<\/a> nicht konsequent genug oder nutzen veraltete Systeme, die manuelles \u00dcbertragen von Daten erfordern.<\/p>\n<p style=\"text-align: justify;\">Administrative Souver\u00e4nit\u00e4t beginnt beim Fundament: der Finanzverwaltung. Wer seine Zahlen in Echtzeit im Blick hat, muss nicht nachts dar\u00fcber gr\u00fcbeln, ob die R\u00fccklagen f\u00fcr die Einkommensteuer ausreichen. Moderne L\u00f6sungen bieten hier weit mehr als nur ein Konto; sie fungieren als Schaltzentrale, die den administrativen Aufwand auf ein Minimum reduziert und den Fokus dorthin lenkt, wo er hingeh\u00f6rt: auf das Wachstum des Unternehmens.<\/p>\n<h2 style=\"text-align: justify;\">Checkliste: Wie hoch ist Ihr administrativer Mental Load?<\/h2>\n<p style=\"text-align: justify;\">Pr\u00fcfen Sie kritisch, welche der folgenden Punkte auf Sie zutreffen. Je mehr H\u00e4kchen Sie setzen, desto dringender ist der Handlungsbedarf f\u00fcr systemische Optimierungen:<\/p>\n<ol style=\"text-align: justify;\">\n<li><strong>Reaktives Handeln:<\/strong> Sie suchen Belege erst zusammen, wenn die Frist des Finanzamts bereits l\u00e4uft.<\/li>\n<li><strong>Konzentrationsabbr\u00fcche:<\/strong> W\u00e4hrend der Arbeit an einem Projekt f\u00e4llt Ihnen pl\u00f6tzlich ein, dass eine Rechnung noch unbezahlt ist.<\/li>\n<li><strong>Fehlender \u00dcberblick:<\/strong> Sie wissen nicht ad hoc, wie hoch Ihr aktueller Cashflow abz\u00fcglich der Steuerlast ist.<\/li>\n<li><strong>Tools-Wildwuchs:<\/strong> Sie nutzen verschiedene Programme, die nicht miteinander kommunizieren, und \u00fcbertragen Daten h\u00e4ndisch von A nach B.<\/li>\n<\/ol>\n<p style=\"text-align: justify;\">Wer diese Punkte adressiert, gewinnt nicht nur Zeit, sondern vor allem psychische Energie. Souver\u00e4nit\u00e4t bedeutet, Herr \u00fcber die eigenen Prozesse zu sein, statt von ihnen getrieben zu werden.<\/p>\n<h2 style=\"text-align: justify;\">Freiheit durch Struktur<\/h2>\n<p style=\"text-align: justify;\">Selbstst\u00e4ndigkeit wird oft mit Freiheit gleichgesetzt. Doch wahre Freiheit im Unternehmertum entsteht durch die <a href=\"https:\/\/www.gruender-guru.de\/7-tipps-fuer-die-richtige-organisation-ihrer-buchhaltung\/\" target=\"_blank\" rel=\"noopener\"><strong>Exzellenz der Organisation<\/strong><\/a>. Indem Sie administrative Prozesse professionalisieren und automatisieren, eliminieren Sie das unn\u00f6tige Hintergrundrauschen in Ihrem Kopf. Das Ergebnis ist ein freier Geist, der bereit ist f\u00fcr strategische Entscheidungen und kreative H\u00f6chstleistungen.<\/p>\n<h2 style=\"text-align: justify;\">FAQ: H\u00e4ufige Fragen zum Thema Mental Load &amp; Verwaltung<\/h2>\n<p style=\"text-align: justify;\"><strong>Was ist der Unterschied zwischen Stress und Mental Load?<\/strong> Stress ist oft die Reaktion auf ein hohes Arbeitsaufkommen. Mental Load ist die Belastung durch die Verantwortung f\u00fcr die Organisation und das \u201eDaran-denken-m\u00fcssen\u201c. Man kann wenig arbeiten und trotzdem einen hohen Mental Load haben, wenn die Strukturen unklar sind.<\/p>\n<p style=\"text-align: justify;\"><strong>Wie fange ich an, meine Administration zu ordnen?<\/strong> Starten Sie mit einer Bestandsaufnahme. Welcher Prozess raubt Ihnen die meiste Energie? Oft ist es die Buchhaltung. Hier kann die Umstellung auf digitale Tools und ein integriertes Gesch\u00e4ftskonto bereits 50 % der Last abnehmen.<\/p>\n<p style=\"text-align: justify;\"><strong>Lohnt sich ein spezielles Gesch\u00e4ftskonto auch f\u00fcr kleine Freelancer?<\/strong> Ja, unbedingt. Die steuerliche Trennung und die Zeitersparnis bei der Buchhaltung wiegen die geringen Geb\u00fchren meist sofort auf. Zudem wirkt ein professionelles Konto gegen\u00fcber dem Finanzamt und Banken souver\u00e4ner.<\/p>\n<p style=\"text-align: justify;\"><strong>Kann man Mental Load komplett eliminieren?<\/strong> Nein, Verantwortung geh\u00f6rt zur Selbstst\u00e4ndigkeit dazu. Aber man kann die Intensit\u00e4t senken, indem man das Gehirn durch externe Systeme (Software, Routinen, Outsourcing) entlastet.<\/p>\n<p style=\"text-align: justify;\">Autor: Reaktion<\/p>\n<div class=\"shariff shariff-align-left shariff-widget-align-left\"><ul class=\"shariff-buttons theme-round orientation-horizontal buttonsize-medium\"><li class=\"shariff-button facebook shariff-nocustomcolor\" style=\"background-color:#4273c8\"><a href=\"https:\/\/www.facebook.com\/sharer\/sharer.php?u=https%3A%2F%2Fwww.weiterbildungsmarkt.net%2Fmagazin%2Fder-mental-load-der-selbststaendigkeit-wie-administrative-souveraenitaet-den-kopf-fuer-das-wesentliche-frei-macht%2F\" title=\"Bei Facebook teilen\" aria-label=\"Bei Facebook teilen\" role=\"button\" rel=\"nofollow\" class=\"shariff-link\" style=\"; background-color:#3b5998; color:#fff\" target=\"_blank\"><span class=\"shariff-icon\" style=\"\"><svg width=\"32px\" height=\"20px\" xmlns=\"http:\/\/www.w3.org\/2000\/svg\" viewBox=\"0 0 18 32\"><path fill=\"#3b5998\" d=\"M17.1 0.2v4.7h-2.8q-1.5 0-2.1 0.6t-0.5 1.9v3.4h5.2l-0.7 5.3h-4.5v13.6h-5.5v-13.6h-4.5v-5.3h4.5v-3.9q0-3.3 1.9-5.2t5-1.8q2.6 0 4.1 0.2z\"\/><\/svg><\/span><\/a><\/li><li class=\"shariff-button twitter shariff-nocustomcolor\" style=\"background-color:#595959\"><a href=\"https:\/\/twitter.com\/share?url=https%3A%2F%2Fwww.weiterbildungsmarkt.net%2Fmagazin%2Fder-mental-load-der-selbststaendigkeit-wie-administrative-souveraenitaet-den-kopf-fuer-das-wesentliche-frei-macht%2F&text=Der%20%E2%80%9EMental%20Load%E2%80%9C%20der%20Selbstst%C3%A4ndigkeit%3A%20Wie%20administrative%20Souver%C3%A4nit%C3%A4t%20den%20Kopf%20f%C3%BCr%20das%20Wesentliche%20frei%20macht\" title=\"Bei X teilen\" aria-label=\"Bei X teilen\" role=\"button\" rel=\"noopener nofollow\" class=\"shariff-link\" style=\"; background-color:#000; color:#fff\" target=\"_blank\"><span class=\"shariff-icon\" style=\"\"><svg width=\"32px\" height=\"20px\" xmlns=\"http:\/\/www.w3.org\/2000\/svg\" viewBox=\"0 0 24 24\"><path fill=\"#000\" d=\"M14.258 10.152L23.176 0h-2.113l-7.747 8.813L7.133 0H0l9.352 13.328L0 23.973h2.113l8.176-9.309 6.531 9.309h7.133zm-2.895 3.293l-.949-1.328L2.875 1.56h3.246l6.086 8.523.945 1.328 7.91 11.078h-3.246zm0 0\"\/><\/svg><\/span><\/a><\/li><li class=\"shariff-button xing shariff-nocustomcolor\" style=\"background-color:#29888a\"><a href=\"https:\/\/www.xing.com\/spi\/shares\/new?url=https%3A%2F%2Fwww.weiterbildungsmarkt.net%2Fmagazin%2Fder-mental-load-der-selbststaendigkeit-wie-administrative-souveraenitaet-den-kopf-fuer-das-wesentliche-frei-macht%2F\" title=\"Bei XING teilen\" aria-label=\"Bei XING teilen\" role=\"button\" rel=\"noopener nofollow\" class=\"shariff-link\" style=\"; background-color:#126567; color:#fff\" target=\"_blank\"><span class=\"shariff-icon\" style=\"\"><svg width=\"32px\" height=\"20px\" xmlns=\"http:\/\/www.w3.org\/2000\/svg\" viewBox=\"0 0 25 32\"><path fill=\"#126567\" d=\"M10.7 11.9q-0.2 0.3-4.6 8.2-0.5 0.8-1.2 0.8h-4.3q-0.4 0-0.5-0.3t0-0.6l4.5-8q0 0 0 0l-2.9-5q-0.2-0.4 0-0.7 0.2-0.3 0.5-0.3h4.3q0.7 0 1.2 0.8zM25.1 0.4q0.2 0.3 0 0.7l-9.4 16.7 6 11q0.2 0.4 0 0.6-0.2 0.3-0.6 0.3h-4.3q-0.7 0-1.2-0.8l-6-11.1q0.3-0.6 9.5-16.8 0.4-0.8 1.2-0.8h4.3q0.4 0 0.5 0.3z\"\/><\/svg><\/span><\/a><\/li><li class=\"shariff-button linkedin shariff-nocustomcolor\" style=\"background-color:#1488bf\"><a href=\"https:\/\/www.linkedin.com\/sharing\/share-offsite\/?url=https%3A%2F%2Fwww.weiterbildungsmarkt.net%2Fmagazin%2Fder-mental-load-der-selbststaendigkeit-wie-administrative-souveraenitaet-den-kopf-fuer-das-wesentliche-frei-macht%2F\" title=\"Bei LinkedIn teilen\" aria-label=\"Bei LinkedIn teilen\" role=\"button\" rel=\"noopener nofollow\" class=\"shariff-link\" style=\"; background-color:#0077b5; color:#fff\" target=\"_blank\"><span class=\"shariff-icon\" style=\"\"><svg width=\"32px\" height=\"20px\" xmlns=\"http:\/\/www.w3.org\/2000\/svg\" viewBox=\"0 0 27 32\"><path fill=\"#0077b5\" d=\"M6.2 11.2v17.7h-5.9v-17.7h5.9zM6.6 5.7q0 1.3-0.9 2.2t-2.4 0.9h0q-1.5 0-2.4-0.9t-0.9-2.2 0.9-2.2 2.4-0.9 2.4 0.9 0.9 2.2zM27.4 18.7v10.1h-5.9v-9.5q0-1.9-0.7-2.9t-2.3-1.1q-1.1 0-1.9 0.6t-1.2 1.5q-0.2 0.5-0.2 1.4v9.9h-5.9q0-7.1 0-11.6t0-5.3l0-0.9h5.9v2.6h0q0.4-0.6 0.7-1t1-0.9 1.6-0.8 2-0.3q3 0 4.9 2t1.9 6z\"\/><\/svg><\/span><\/a><\/li><li class=\"shariff-button whatsapp shariff-nocustomcolor\" style=\"background-color:#5cbe4a\"><a href=\"https:\/\/api.whatsapp.com\/send?text=https%3A%2F%2Fwww.weiterbildungsmarkt.net%2Fmagazin%2Fder-mental-load-der-selbststaendigkeit-wie-administrative-souveraenitaet-den-kopf-fuer-das-wesentliche-frei-macht%2F%20Der%20%E2%80%9EMental%20Load%E2%80%9C%20der%20Selbstst%C3%A4ndigkeit%3A%20Wie%20administrative%20Souver%C3%A4nit%C3%A4t%20den%20Kopf%20f%C3%BCr%20das%20Wesentliche%20frei%20macht\" title=\"Bei Whatsapp teilen\" aria-label=\"Bei Whatsapp teilen\" role=\"button\" rel=\"noopener nofollow\" class=\"shariff-link\" style=\"; background-color:#34af23; color:#fff\" target=\"_blank\"><span class=\"shariff-icon\" style=\"\"><svg width=\"32px\" height=\"20px\" xmlns=\"http:\/\/www.w3.org\/2000\/svg\" viewBox=\"0 0 32 32\"><path fill=\"#34af23\" d=\"M17.6 17.4q0.2 0 1.7 0.8t1.6 0.9q0 0.1 0 0.3 0 0.6-0.3 1.4-0.3 0.7-1.3 1.2t-1.8 0.5q-1 0-3.4-1.1-1.7-0.8-3-2.1t-2.6-3.3q-1.3-1.9-1.3-3.5v-0.1q0.1-1.6 1.3-2.8 0.4-0.4 0.9-0.4 0.1 0 0.3 0t0.3 0q0.3 0 0.5 0.1t0.3 0.5q0.1 0.4 0.6 1.6t0.4 1.3q0 0.4-0.6 1t-0.6 0.8q0 0.1 0.1 0.3 0.6 1.3 1.8 2.4 1 0.9 2.7 1.8 0.2 0.1 0.4 0.1 0.3 0 1-0.9t0.9-0.9zM14 26.9q2.3 0 4.3-0.9t3.6-2.4 2.4-3.6 0.9-4.3-0.9-4.3-2.4-3.6-3.6-2.4-4.3-0.9-4.3 0.9-3.6 2.4-2.4 3.6-0.9 4.3q0 3.6 2.1 6.6l-1.4 4.2 4.3-1.4q2.8 1.9 6.2 1.9zM14 2.2q2.7 0 5.2 1.1t4.3 2.9 2.9 4.3 1.1 5.2-1.1 5.2-2.9 4.3-4.3 2.9-5.2 1.1q-3.5 0-6.5-1.7l-7.4 2.4 2.4-7.2q-1.9-3.2-1.9-6.9 0-2.7 1.1-5.2t2.9-4.3 4.3-2.9 5.2-1.1z\"\/><\/svg><\/span><\/a><\/li><li class=\"shariff-button pinterest shariff-nocustomcolor\" style=\"background-color:#e70f18\"><a href=\"https:\/\/www.pinterest.com\/pin\/create\/link\/?url=https%3A%2F%2Fwww.weiterbildungsmarkt.net%2Fmagazin%2Fder-mental-load-der-selbststaendigkeit-wie-administrative-souveraenitaet-den-kopf-fuer-das-wesentliche-frei-macht%2F&media=https%3A%2F%2Fwww.weiterbildungsmarkt.net%2Fmagazin%2Fwp-content%2Fuploads%2F2026%2F03%2Ffemale-architects-working-in-office-2026-01-05-06-10-25-utc.jpg&description=Der%20%E2%80%9EMental%20Load%E2%80%9C%20der%20Selbstst%C3%A4ndigkeit%3A%20Wie%20administrative%20Souver%C3%A4nit%C3%A4t%20den%20Kopf%20f%C3%BCr%20das%20Wesentliche%20frei%20macht\" title=\"Bei Pinterest pinnen\" aria-label=\"Bei Pinterest pinnen\" role=\"button\" rel=\"noopener nofollow\" class=\"shariff-link\" style=\"; background-color:#cb2027; color:#fff\" target=\"_blank\"><span class=\"shariff-icon\" style=\"\"><svg width=\"32px\" height=\"20px\" xmlns=\"http:\/\/www.w3.org\/2000\/svg\" viewBox=\"0 0 27 32\"><path fill=\"#cb2027\" d=\"M27.4 16q0 3.7-1.8 6.9t-5 5-6.9 1.9q-2 0-3.9-0.6 1.1-1.7 1.4-2.9 0.2-0.6 1-3.8 0.4 0.7 1.3 1.2t2 0.5q2.1 0 3.8-1.2t2.7-3.4 0.9-4.8q0-2-1.1-3.8t-3.1-2.9-4.5-1.2q-1.9 0-3.5 0.5t-2.8 1.4-2 2-1.2 2.3-0.4 2.4q0 1.9 0.7 3.3t2.1 2q0.5 0.2 0.7-0.4 0-0.1 0.1-0.5t0.2-0.5q0.1-0.4-0.2-0.8-0.9-1.1-0.9-2.7 0-2.7 1.9-4.6t4.9-2q2.7 0 4.2 1.5t1.5 3.8q0 3-1.2 5.2t-3.1 2.1q-1.1 0-1.7-0.8t-0.4-1.9q0.1-0.6 0.5-1.7t0.5-1.8 0.2-1.4q0-0.9-0.5-1.5t-1.4-0.6q-1.1 0-1.9 1t-0.8 2.6q0 1.3 0.4 2.2l-1.8 7.5q-0.3 1.2-0.2 3.2-3.7-1.6-6-5t-2.3-7.6q0-3.7 1.9-6.9t5-5 6.9-1.9 6.9 1.9 5 5 1.8 6.9z\"\/><\/svg><\/span><\/a><\/li><\/ul><\/div>","protected":false},"excerpt":{"rendered":"<p>Wer den Schritt in die Selbstst\u00e4ndigkeit wagt, brennt meist f\u00fcr eine Vision: das kreative Handwerk, die strategische Beratung oder die Entwicklung innovativer L\u00f6sungen. Doch die Realit\u00e4t holt viele Gr\u00fcnder schnell ein. Neben der eigentlichen Facharbeit wartet ein unsichtbarer Berg an Verantwortung, der oft untersch\u00e4tzt wird: der Mental Load. Dieser Begriff, der urspr\u00fcnglich aus der Soziologie [&hellip;]<\/p>\n","protected":false},"author":14,"featured_media":10210,"comment_status":"open","ping_status":"closed","sticky":false,"template":"","format":"standard","meta":{"_acf_changed":false,"footnotes":""},"categories":[184,43],"tags":[],"class_list":["post-10209","post","type-post","status-publish","format-standard","has-post-thumbnail","hentry","category-karriere","category-selbstmanagement"],"acf":[],"_links":{"self":[{"href":"https:\/\/www.weiterbildungsmarkt.net\/magazin\/wp-json\/wp\/v2\/posts\/10209","targetHints":{"allow":["GET"]}}],"collection":[{"href":"https:\/\/www.weiterbildungsmarkt.net\/magazin\/wp-json\/wp\/v2\/posts"}],"about":[{"href":"https:\/\/www.weiterbildungsmarkt.net\/magazin\/wp-json\/wp\/v2\/types\/post"}],"author":[{"embeddable":true,"href":"https:\/\/www.weiterbildungsmarkt.net\/magazin\/wp-json\/wp\/v2\/users\/14"}],"replies":[{"embeddable":true,"href":"https:\/\/www.weiterbildungsmarkt.net\/magazin\/wp-json\/wp\/v2\/comments?post=10209"}],"version-history":[{"count":3,"href":"https:\/\/www.weiterbildungsmarkt.net\/magazin\/wp-json\/wp\/v2\/posts\/10209\/revisions"}],"predecessor-version":[{"id":10214,"href":"https:\/\/www.weiterbildungsmarkt.net\/magazin\/wp-json\/wp\/v2\/posts\/10209\/revisions\/10214"}],"wp:featuredmedia":[{"embeddable":true,"href":"https:\/\/www.weiterbildungsmarkt.net\/magazin\/wp-json\/wp\/v2\/media\/10210"}],"wp:attachment":[{"href":"https:\/\/www.weiterbildungsmarkt.net\/magazin\/wp-json\/wp\/v2\/media?parent=10209"}],"wp:term":[{"taxonomy":"category","embeddable":true,"href":"https:\/\/www.weiterbildungsmarkt.net\/magazin\/wp-json\/wp\/v2\/categories?post=10209"},{"taxonomy":"post_tag","embeddable":true,"href":"https:\/\/www.weiterbildungsmarkt.net\/magazin\/wp-json\/wp\/v2\/tags?post=10209"}],"curies":[{"name":"wp","href":"https:\/\/api.w.org\/{rel}","templated":true}]}}