{"id":1647,"date":"2014-04-03T08:23:14","date_gmt":"2014-04-03T06:23:14","guid":{"rendered":"http:\/\/www.weiterbildungsmarkt.net\/magazin\/?p=1647"},"modified":"2023-01-18T11:22:32","modified_gmt":"2023-01-18T09:22:32","slug":"brauchen-fuehrungskraefte-coaching-und-wenn-ja-ist-dabei-wichtig","status":"publish","type":"post","link":"https:\/\/www.weiterbildungsmarkt.net\/magazin\/brauchen-fuehrungskraefte-coaching-und-wenn-ja-ist-dabei-wichtig\/","title":{"rendered":"Brauchen F\u00fchrungskr\u00e4fte Coaching und wenn ja, was ist dabei wichtig?"},"content":{"rendered":"<p style=\"text-align: justify;\"><strong>Brauchen F\u00fchrungskr\u00e4fte Coaching? Um F\u00fchrungskraft zu werden, k\u00f6nnen Sie vieles im Vorfeld lernen und sich auf die zuk\u00fcnftigen Aufgaben vorbereiten. Sp\u00e4ter sind Sie jedoch als F\u00fchrungskraft selbst an der Spitze oft einsam. Es wird \u00a0von Ihnen \u201eerwartet\u201c, dass Sie das \u201erichtige\u201c tun. Unabh\u00e4ngig davon, welchen F\u00fchrungsstil Sie bevorzugen oder welche Methoden Sie anwenden, um Ihre Mitarbeiterinnen und Mitarbeiter zu leiten &#8211; \u00a0eines bleibt immer gleich: Sie arbeiten mit Menschen. Das ist spannend und herausfordernd zugleich.<\/strong><\/p>\n<p style=\"text-align: justify;\">Manche Mitarbeiterinnen und Mitarbeiter brauchen mehr Unterst\u00fctzung, andere wollen lieber sehr eigenverantwortlich arbeiten. Sie stehen als F\u00fchrungskraft daher auch im Spannungsfeld zwischen der Loyalit\u00e4t zu Ihren Mitarbeiterinnen und Mitarbeitern und der Loyalit\u00e4t dem Unternehmen \/den Unternehmensinteressen gegen\u00fcber.<\/p>\n<p style=\"text-align: justify;\">Soft Skills, die f\u00fcr die Personen im mittleren Management ausgezeichnet passen, erweisen sich in der Rolle als F\u00fchrungskraft dann als nicht ausreichend genug.<\/p>\n<p style=\"text-align: justify;\">Gerade als F\u00fchrungskraft sind Sie jeden Tag mit anspruchsvollen Herausforderungen konfrontiert. Da ist es wichtig, dass Sie sich auf Ihre St\u00e4rken konzentrieren k\u00f6nnen und bereits im Trockentraining manche \u201eworst cases\u201c reflektiert haben.<\/p>\n<h3 style=\"text-align: justify;\"><a href=\"https:\/\/www.weiterbildungsmarkt.net\/top-thema-coaching\/\">F\u00fchrungskr\u00e4fte Coaching <\/a>in Anspruch zu nehmen zeigt von St\u00e4rke und Weitsicht<b> <\/b><\/h3>\n<p style=\"text-align: justify;\"><img loading=\"lazy\" decoding=\"async\" class=\"alignleft size-medium wp-image-6811\" src=\"https:\/\/www.weiterbildungsmarkt.net\/magazin\/wp-content\/uploads\/2014\/04\/F\u00fchrungskr\u00e4fte-Coaching-300x200.jpg\" alt=\"Erfolgreich durch F\u00fchrungskr\u00e4fte Coaching\" width=\"300\" height=\"200\" srcset=\"https:\/\/www.weiterbildungsmarkt.net\/magazin\/wp-content\/uploads\/2014\/04\/F\u00fchrungskr\u00e4fte-Coaching-300x200.jpg 300w, https:\/\/www.weiterbildungsmarkt.net\/magazin\/wp-content\/uploads\/2014\/04\/F\u00fchrungskr\u00e4fte-Coaching-768x512.jpg 768w, https:\/\/www.weiterbildungsmarkt.net\/magazin\/wp-content\/uploads\/2014\/04\/F\u00fchrungskr\u00e4fte-Coaching-696x464.jpg 696w, https:\/\/www.weiterbildungsmarkt.net\/magazin\/wp-content\/uploads\/2014\/04\/F\u00fchrungskr\u00e4fte-Coaching-630x420.jpg 630w, https:\/\/www.weiterbildungsmarkt.net\/magazin\/wp-content\/uploads\/2014\/04\/F\u00fchrungskr\u00e4fte-Coaching.jpg 886w\" sizes=\"auto, (max-width: 300px) 100vw, 300px\" \/>Jeder F\u00fchrungskraft wird zugestanden, Experten f\u00fcr schwierige betriebliche Fragestellungen zu konsultieren. Niemand wird Ihre Kompetenz in Frage stellen, wenn Sie die Rechts- oder Finanzabteilung zu Rate ziehen. Was also sollte gegen Unterst\u00fctzung f\u00fcr die wichtigen F\u00fchrungsaufgaben sprechen?<\/p>\n<p style=\"text-align: justify;\">Einige Beispiele dazu:\u00a0 \u201eFrau M. liefert ihre Berichte immer erst im letzten Augenblick\u201c oder \u201eHerr H. reagiert auf jede Anregung verschnupft\u201c \u201eSobald es etwas stressig wird, steigt der Aggressionspegel in der Abteilung\u201c oder \u201eWenn die Mitarbeiter aus unterschiedlichen Projekten wieder zur\u00fcck in die Abteilung kommen, herrscht Unzufriedenheit bzw. kommt Chaos auf\u201c, \u201eam Freitag schaut jeder so schnell wie m\u00f6glich aus dem Betrieb zu kommen\u201c und \u201eim Urlaub kann ich nicht abschalten\u201c oder \u201ekrank sein kann ich mir nicht leisten\u201c.<\/p>\n<p style=\"text-align: justify;\">Wahrscheinlich kennen Sie solche Aussagen aus Ihrem eigenen Umfeld. Und m\u00f6glicherweise haben Sie damit schon Ihre liebe Not gehabt, diese gut zu l\u00f6sen.<\/p>\n<p style=\"text-align: justify;\"><a href=\"https:\/\/www.3minutencoach.com\/coaching\" target=\"_blank\" rel=\"noopener noreferrer\">Professionelles Coaching<\/a> \u00a0versteht sich als Unterst\u00fctzung und Begleitung \u00a0in Entscheidungssituationen und in komplexen (Ver\u00e4nderungs-) Prozessen. \u00a0Gemeinsam mit Ihrem Coach reflektieren Sie Ihre Anforderungen und Ihr Vorgehen bzw. Ihr Verhalten, um so zu f\u00fcr Sie klaren Antworten zu kommen.<\/p>\n<p style=\"text-align: justify;\">Nehmen wir das Beispiel von Frau M. die immer in letzter Minute ihre Berichte abgibt.<\/p>\n<p style=\"text-align: justify;\">Sie k\u00f6nnen sich dar\u00fcber immer wieder \u00e4rgern, Sie k\u00f6nnen jedoch auch mit Ihrem Coach beleuchten, wie Sie in Zukunft damit umgehen. Durch gezieltes Fragen, wie \u201ewas an Frau M.s Verhalten st\u00f6rt Sie genau?\u201c oder \u201ewer au\u00dfer Frau M. liefert ebenfalls sp\u00e4t?\u201c betrachten Sie diese Situation von mehreren Seiten. So k\u00f6nnte es sein, dass Sie sich vielleicht \u00fcberlegen, ob es Anerkennung von Ihrer Seite braucht oder ob die Termine zu knapp bemessen sind.\u00a0 Wie auch immer Ihre Hintergr\u00fcnde, Ansichten oder Vorstellungen sind: im Coaching werden Sie sich damit rational wie auch emotional auseinandersetzen.<\/p>\n<h3 style=\"text-align: justify;\">Wann macht es Sinn F\u00fchrungskr\u00e4fte Coaching in Anspruch zu nehmen?<\/h3>\n<p style=\"text-align: justify;\">Themen im Coaching k\u00f6nnen Vertrauensaufbau, Schadensbegrenzung, Verantwortung \u00fcbertragen oder \u00fcbernehmen oder delegieren k\u00f6nnen sein, genau so wie Selbstreflexion und Verhalten in Stresssituationen.<\/p>\n<p style=\"text-align: justify;\">Unter fachkundiger Begleitung k\u00f6nnen Sie das ins Coaching mitgebrachte Thema aus einer anderen, einer Metaperspektive betrachten. Das erweitert Ihre Sichtweise und Sie k\u00f6nnen entspannt mehrere f\u00fcr Sie umsetzbare L\u00f6sungen finden.\u00a0 Gezielte Fragen helfen Ihnen dabei, den n\u00f6tigen Abstand zu bekommen. Coaching leistet damit auch einen wichtigen Beitrag zur nachhaltigen Qualit\u00e4tssicherung \u2013 Ihres Unternehmens und Ihrer Person.<\/p>\n<p style=\"text-align: justify;\">Je nach Fragestellung ist noch individuell zu kl\u00e4ren was mehr Sinn macht. \u00a0Coaching kann sowohl f\u00fcr Einzelpersonen wie auch Gruppen eingesetzt werden. Das macht gerade in gr\u00f6\u00dferen Unternehmen Schule: die F\u00fchrungskr\u00e4fte individuell in Einzelcoachings zu unterst\u00fctzen und periodisch ein Gruppencoaching f\u00fcr F\u00fchrungskr\u00e4fte derselben Ebene zu \u00e4hnlichen unternehmensrelevanten Themen\/Fragestellungen durchzuf\u00fchren.<\/p>\n<p style=\"text-align: justify;\">Dass der Coaching Markt boomt hat auch viel mit den Herausforderungen der Zeit zu tun. Wenn es Krisen und Unsicherheiten gibt, dann sind besonders die F\u00fchrungskr\u00e4fte gefordert.<\/p>\n<p style=\"text-align: justify;\">Jedenfalls sollten F\u00fchrungskr\u00e4fte immer dann professionelles Coaching in Anspruch nehmen, wenn sie Aufgaben einmal aus einem anderen Blickwinkel sehen wollen. Das st\u00e4rkt und gibt Sicherheit f\u00fcr zuk\u00fcnftige Entscheidungen. Es ist jedem Unternehmen an Herz zu legen, dass Coaching einen festen Platz im Angebot der HR-Abteilung hat, regelm\u00e4\u00dfig und vorbeugend.<\/p>\n<h3 style=\"text-align: justify;\">Es stellt gar nicht die Frage ob, sondern wen!<\/h3>\n<p style=\"text-align: justify;\">Es stellt sich f\u00fcr\u00a0 mich somit gar nicht so sehr die Frage ob F\u00fchrungskr\u00e4fte Coaching brauchen, denn der Erfolg spricht B\u00e4nde und steht in keinerlei Relation zu den Kosten, sondern eher wann und durch wen. Wie finden Sie nun den passenden Coach?<\/p>\n<p style=\"text-align: justify;\">Da jeder Mensch individuell ist und andere Bed\u00fcrfnisse hat, wird es wohl von Vorteil sein mehrere Coachs anzufragen und auch zu unterschiedlichen Schwerpunkten mit unterschiedlichen Coachs zu arbeiten. Jedenfalls aber sollte der Coach betriebswirtschaftliches\/unternehmerisches Verst\u00e4ndnis haben und auch selbst \u00fcber entsprechende Berufserfahrung verf\u00fcgen.\u00a0 Vorsicht ist bei den Anbietern geboten, die alles und jedes k\u00f6nnen. Ein seri\u00f6ser Coach wird immer auf ein Erstgespr\u00e4ch verweisen und lehnt auch manchmal Auftr\u00e4ge\/Anfragen ab.<\/p>\n<p style=\"text-align: justify;\">Erfahrene Wegbegleiterinnen und Begleiter f\u00fcr Ihr Unternehmen\/f\u00fcr sich als F\u00fchrungskraft finden Sie auch bei der\u00a0<a title=\" Experts Group WirtschaftsTraining und Coaching\" href=\"https:\/\/www.weiterbildungsmarkt.net\/serviceanbieter-wien-experts-group-wirtschaftstraining-und-coaching-12\">Experts Group WirtschaftsTraining und Coaching<\/a> oder bei Incite und dem Coaching Dachverband \u00d6sterreich.<\/p>\n<h3 style=\"text-align: justify;\">\u00dcber die Autorin:<\/h3>\n<p style=\"text-align: justify;\"><b><img loading=\"lazy\" decoding=\"async\" class=\"alignleft size-thumbnail wp-image-1649\" src=\"https:\/\/www.weiterbildungsmarkt.net\/magazin\/wp-content\/uploads\/2014\/03\/weindl-02-03-120x120.jpg\" alt=\"Isabella Weindl\" width=\"120\" height=\"120\" srcset=\"https:\/\/www.weiterbildungsmarkt.net\/magazin\/wp-content\/uploads\/2014\/03\/weindl-02-03-120x120.jpg 120w, https:\/\/www.weiterbildungsmarkt.net\/magazin\/wp-content\/uploads\/2014\/03\/weindl-02-03-210x210.jpg 210w\" sizes=\"auto, (max-width: 120px) 100vw, 120px\" \/>KommR Isabella Weindl, Msc SMC<\/b><\/p>\n<p style=\"text-align: justify;\">Isabella Weindl ist Unternehmensberaterin mit Schwerpunkt Organisations- und Personalentwicklung. Als Wirtschaftstrainerin und Wirtschaftscoach ist Sie ist davon \u00fcberzeugt, dass hard facts nur mit soft facts erreicht werden k\u00f6nnen.<\/p>\n<div class=\"shariff shariff-align-left shariff-widget-align-left\"><ul class=\"shariff-buttons theme-round orientation-horizontal buttonsize-medium\"><li class=\"shariff-button facebook shariff-nocustomcolor\" style=\"background-color:#4273c8\"><a href=\"https:\/\/www.facebook.com\/sharer\/sharer.php?u=https%3A%2F%2Fwww.weiterbildungsmarkt.net%2Fmagazin%2Fbrauchen-fuehrungskraefte-coaching-und-wenn-ja-ist-dabei-wichtig%2F\" title=\"Bei Facebook teilen\" aria-label=\"Bei Facebook teilen\" role=\"button\" rel=\"nofollow\" class=\"shariff-link\" style=\"; background-color:#3b5998; color:#fff\" target=\"_blank\"><span class=\"shariff-icon\" style=\"\"><svg width=\"32px\" height=\"20px\" xmlns=\"http:\/\/www.w3.org\/2000\/svg\" viewBox=\"0 0 18 32\"><path fill=\"#3b5998\" d=\"M17.1 0.2v4.7h-2.8q-1.5 0-2.1 0.6t-0.5 1.9v3.4h5.2l-0.7 5.3h-4.5v13.6h-5.5v-13.6h-4.5v-5.3h4.5v-3.9q0-3.3 1.9-5.2t5-1.8q2.6 0 4.1 0.2z\"\/><\/svg><\/span><\/a><\/li><li class=\"shariff-button twitter shariff-nocustomcolor\" style=\"background-color:#595959\"><a href=\"https:\/\/twitter.com\/share?url=https%3A%2F%2Fwww.weiterbildungsmarkt.net%2Fmagazin%2Fbrauchen-fuehrungskraefte-coaching-und-wenn-ja-ist-dabei-wichtig%2F&text=Brauchen%20F%C3%BChrungskr%C3%A4fte%20Coaching%20und%20wenn%20ja%2C%20was%20ist%20dabei%20wichtig%3F\" title=\"Bei X teilen\" aria-label=\"Bei X teilen\" role=\"button\" rel=\"noopener nofollow\" class=\"shariff-link\" style=\"; background-color:#000; color:#fff\" target=\"_blank\"><span class=\"shariff-icon\" style=\"\"><svg width=\"32px\" height=\"20px\" xmlns=\"http:\/\/www.w3.org\/2000\/svg\" viewBox=\"0 0 24 24\"><path fill=\"#000\" d=\"M14.258 10.152L23.176 0h-2.113l-7.747 8.813L7.133 0H0l9.352 13.328L0 23.973h2.113l8.176-9.309 6.531 9.309h7.133zm-2.895 3.293l-.949-1.328L2.875 1.56h3.246l6.086 8.523.945 1.328 7.91 11.078h-3.246zm0 0\"\/><\/svg><\/span><\/a><\/li><li class=\"shariff-button xing shariff-nocustomcolor\" style=\"background-color:#29888a\"><a href=\"https:\/\/www.xing.com\/spi\/shares\/new?url=https%3A%2F%2Fwww.weiterbildungsmarkt.net%2Fmagazin%2Fbrauchen-fuehrungskraefte-coaching-und-wenn-ja-ist-dabei-wichtig%2F\" title=\"Bei XING teilen\" aria-label=\"Bei XING teilen\" role=\"button\" rel=\"noopener nofollow\" class=\"shariff-link\" style=\"; background-color:#126567; color:#fff\" target=\"_blank\"><span class=\"shariff-icon\" style=\"\"><svg width=\"32px\" height=\"20px\" xmlns=\"http:\/\/www.w3.org\/2000\/svg\" viewBox=\"0 0 25 32\"><path fill=\"#126567\" d=\"M10.7 11.9q-0.2 0.3-4.6 8.2-0.5 0.8-1.2 0.8h-4.3q-0.4 0-0.5-0.3t0-0.6l4.5-8q0 0 0 0l-2.9-5q-0.2-0.4 0-0.7 0.2-0.3 0.5-0.3h4.3q0.7 0 1.2 0.8zM25.1 0.4q0.2 0.3 0 0.7l-9.4 16.7 6 11q0.2 0.4 0 0.6-0.2 0.3-0.6 0.3h-4.3q-0.7 0-1.2-0.8l-6-11.1q0.3-0.6 9.5-16.8 0.4-0.8 1.2-0.8h4.3q0.4 0 0.5 0.3z\"\/><\/svg><\/span><\/a><\/li><li class=\"shariff-button linkedin shariff-nocustomcolor\" style=\"background-color:#1488bf\"><a href=\"https:\/\/www.linkedin.com\/sharing\/share-offsite\/?url=https%3A%2F%2Fwww.weiterbildungsmarkt.net%2Fmagazin%2Fbrauchen-fuehrungskraefte-coaching-und-wenn-ja-ist-dabei-wichtig%2F\" title=\"Bei LinkedIn teilen\" aria-label=\"Bei LinkedIn teilen\" role=\"button\" rel=\"noopener nofollow\" class=\"shariff-link\" style=\"; background-color:#0077b5; color:#fff\" target=\"_blank\"><span class=\"shariff-icon\" style=\"\"><svg width=\"32px\" height=\"20px\" xmlns=\"http:\/\/www.w3.org\/2000\/svg\" viewBox=\"0 0 27 32\"><path fill=\"#0077b5\" d=\"M6.2 11.2v17.7h-5.9v-17.7h5.9zM6.6 5.7q0 1.3-0.9 2.2t-2.4 0.9h0q-1.5 0-2.4-0.9t-0.9-2.2 0.9-2.2 2.4-0.9 2.4 0.9 0.9 2.2zM27.4 18.7v10.1h-5.9v-9.5q0-1.9-0.7-2.9t-2.3-1.1q-1.1 0-1.9 0.6t-1.2 1.5q-0.2 0.5-0.2 1.4v9.9h-5.9q0-7.1 0-11.6t0-5.3l0-0.9h5.9v2.6h0q0.4-0.6 0.7-1t1-0.9 1.6-0.8 2-0.3q3 0 4.9 2t1.9 6z\"\/><\/svg><\/span><\/a><\/li><li class=\"shariff-button whatsapp shariff-nocustomcolor\" style=\"background-color:#5cbe4a\"><a href=\"https:\/\/api.whatsapp.com\/send?text=https%3A%2F%2Fwww.weiterbildungsmarkt.net%2Fmagazin%2Fbrauchen-fuehrungskraefte-coaching-und-wenn-ja-ist-dabei-wichtig%2F%20Brauchen%20F%C3%BChrungskr%C3%A4fte%20Coaching%20und%20wenn%20ja%2C%20was%20ist%20dabei%20wichtig%3F\" title=\"Bei Whatsapp teilen\" aria-label=\"Bei Whatsapp teilen\" role=\"button\" rel=\"noopener nofollow\" class=\"shariff-link\" style=\"; background-color:#34af23; color:#fff\" target=\"_blank\"><span class=\"shariff-icon\" style=\"\"><svg width=\"32px\" height=\"20px\" xmlns=\"http:\/\/www.w3.org\/2000\/svg\" viewBox=\"0 0 32 32\"><path fill=\"#34af23\" d=\"M17.6 17.4q0.2 0 1.7 0.8t1.6 0.9q0 0.1 0 0.3 0 0.6-0.3 1.4-0.3 0.7-1.3 1.2t-1.8 0.5q-1 0-3.4-1.1-1.7-0.8-3-2.1t-2.6-3.3q-1.3-1.9-1.3-3.5v-0.1q0.1-1.6 1.3-2.8 0.4-0.4 0.9-0.4 0.1 0 0.3 0t0.3 0q0.3 0 0.5 0.1t0.3 0.5q0.1 0.4 0.6 1.6t0.4 1.3q0 0.4-0.6 1t-0.6 0.8q0 0.1 0.1 0.3 0.6 1.3 1.8 2.4 1 0.9 2.7 1.8 0.2 0.1 0.4 0.1 0.3 0 1-0.9t0.9-0.9zM14 26.9q2.3 0 4.3-0.9t3.6-2.4 2.4-3.6 0.9-4.3-0.9-4.3-2.4-3.6-3.6-2.4-4.3-0.9-4.3 0.9-3.6 2.4-2.4 3.6-0.9 4.3q0 3.6 2.1 6.6l-1.4 4.2 4.3-1.4q2.8 1.9 6.2 1.9zM14 2.2q2.7 0 5.2 1.1t4.3 2.9 2.9 4.3 1.1 5.2-1.1 5.2-2.9 4.3-4.3 2.9-5.2 1.1q-3.5 0-6.5-1.7l-7.4 2.4 2.4-7.2q-1.9-3.2-1.9-6.9 0-2.7 1.1-5.2t2.9-4.3 4.3-2.9 5.2-1.1z\"\/><\/svg><\/span><\/a><\/li><li class=\"shariff-button pinterest shariff-nocustomcolor\" style=\"background-color:#e70f18\"><a href=\"https:\/\/www.pinterest.com\/pin\/create\/link\/?url=https%3A%2F%2Fwww.weiterbildungsmarkt.net%2Fmagazin%2Fbrauchen-fuehrungskraefte-coaching-und-wenn-ja-ist-dabei-wichtig%2F&media=https%3A%2F%2Fwww.weiterbildungsmarkt.net%2Fmagazin%2Fwp-content%2Fuploads%2F2024%2F11%2Fcolored-pencils-2024-09-23-04-02-30-utc-scaled.jpg&description=Brauchen%20F%C3%BChrungskr%C3%A4fte%20Coaching%20und%20wenn%20ja%2C%20was%20ist%20dabei%20wichtig%3F\" title=\"Bei Pinterest pinnen\" aria-label=\"Bei Pinterest pinnen\" role=\"button\" rel=\"noopener nofollow\" class=\"shariff-link\" style=\"; background-color:#cb2027; color:#fff\" target=\"_blank\"><span class=\"shariff-icon\" style=\"\"><svg width=\"32px\" height=\"20px\" xmlns=\"http:\/\/www.w3.org\/2000\/svg\" viewBox=\"0 0 27 32\"><path fill=\"#cb2027\" d=\"M27.4 16q0 3.7-1.8 6.9t-5 5-6.9 1.9q-2 0-3.9-0.6 1.1-1.7 1.4-2.9 0.2-0.6 1-3.8 0.4 0.7 1.3 1.2t2 0.5q2.1 0 3.8-1.2t2.7-3.4 0.9-4.8q0-2-1.1-3.8t-3.1-2.9-4.5-1.2q-1.9 0-3.5 0.5t-2.8 1.4-2 2-1.2 2.3-0.4 2.4q0 1.9 0.7 3.3t2.1 2q0.5 0.2 0.7-0.4 0-0.1 0.1-0.5t0.2-0.5q0.1-0.4-0.2-0.8-0.9-1.1-0.9-2.7 0-2.7 1.9-4.6t4.9-2q2.7 0 4.2 1.5t1.5 3.8q0 3-1.2 5.2t-3.1 2.1q-1.1 0-1.7-0.8t-0.4-1.9q0.1-0.6 0.5-1.7t0.5-1.8 0.2-1.4q0-0.9-0.5-1.5t-1.4-0.6q-1.1 0-1.9 1t-0.8 2.6q0 1.3 0.4 2.2l-1.8 7.5q-0.3 1.2-0.2 3.2-3.7-1.6-6-5t-2.3-7.6q0-3.7 1.9-6.9t5-5 6.9-1.9 6.9 1.9 5 5 1.8 6.9z\"\/><\/svg><\/span><\/a><\/li><\/ul><\/div>","protected":false},"excerpt":{"rendered":"<p>Brauchen F\u00fchrungskr\u00e4fte Coaching? Um F\u00fchrungskraft zu werden, k\u00f6nnen Sie vieles im Vorfeld lernen und sich auf die zuk\u00fcnftigen Aufgaben vorbereiten. Sp\u00e4ter sind Sie jedoch als F\u00fchrungskraft selbst an der Spitze oft einsam. Es wird \u00a0von Ihnen \u201eerwartet\u201c, dass Sie das \u201erichtige\u201c tun. Unabh\u00e4ngig davon, welchen F\u00fchrungsstil Sie bevorzugen oder welche Methoden Sie anwenden, um Ihre [&hellip;]<\/p>\n","protected":false},"author":3,"featured_media":9749,"comment_status":"open","ping_status":"closed","sticky":false,"template":"","format":"standard","meta":{"_acf_changed":false,"footnotes":""},"categories":[5,32],"tags":[131,154,132],"class_list":["post-1647","post","type-post","status-publish","format-standard","has-post-thumbnail","hentry","category-coaching","category-fuehrungskraefteentwicklung","tag-coaching","tag-fuehrungskraefteentwicklung","tag-personalentwicklung"],"acf":[],"_links":{"self":[{"href":"https:\/\/www.weiterbildungsmarkt.net\/magazin\/wp-json\/wp\/v2\/posts\/1647","targetHints":{"allow":["GET"]}}],"collection":[{"href":"https:\/\/www.weiterbildungsmarkt.net\/magazin\/wp-json\/wp\/v2\/posts"}],"about":[{"href":"https:\/\/www.weiterbildungsmarkt.net\/magazin\/wp-json\/wp\/v2\/types\/post"}],"author":[{"embeddable":true,"href":"https:\/\/www.weiterbildungsmarkt.net\/magazin\/wp-json\/wp\/v2\/users\/3"}],"replies":[{"embeddable":true,"href":"https:\/\/www.weiterbildungsmarkt.net\/magazin\/wp-json\/wp\/v2\/comments?post=1647"}],"version-history":[{"count":9,"href":"https:\/\/www.weiterbildungsmarkt.net\/magazin\/wp-json\/wp\/v2\/posts\/1647\/revisions"}],"predecessor-version":[{"id":8776,"href":"https:\/\/www.weiterbildungsmarkt.net\/magazin\/wp-json\/wp\/v2\/posts\/1647\/revisions\/8776"}],"wp:featuredmedia":[{"embeddable":true,"href":"https:\/\/www.weiterbildungsmarkt.net\/magazin\/wp-json\/wp\/v2\/media\/9749"}],"wp:attachment":[{"href":"https:\/\/www.weiterbildungsmarkt.net\/magazin\/wp-json\/wp\/v2\/media?parent=1647"}],"wp:term":[{"taxonomy":"category","embeddable":true,"href":"https:\/\/www.weiterbildungsmarkt.net\/magazin\/wp-json\/wp\/v2\/categories?post=1647"},{"taxonomy":"post_tag","embeddable":true,"href":"https:\/\/www.weiterbildungsmarkt.net\/magazin\/wp-json\/wp\/v2\/tags?post=1647"}],"curies":[{"name":"wp","href":"https:\/\/api.w.org\/{rel}","templated":true}]}}