{"id":2145,"date":"2015-04-20T07:42:13","date_gmt":"2015-04-20T05:42:13","guid":{"rendered":"http:\/\/www.weiterbildungsmarkt.net\/magazin\/?p=2145"},"modified":"2023-02-03T17:01:46","modified_gmt":"2023-02-03T15:01:46","slug":"immunity-to-change-management","status":"publish","type":"post","link":"https:\/\/www.weiterbildungsmarkt.net\/magazin\/immunity-to-change-management\/","title":{"rendered":"Immunity to Change Management"},"content":{"rendered":"<p style=\"text-align: justify;\">Bei Ver\u00e4nderungsvorhaben wird die Phase der Stabilisierung des neuen Zustandes h\u00e4ufig untersch\u00e4tzt. Das gilt insbesondere, wenn die Ver\u00e4nderungen den betroffenen Menschen ein neues Selbstverst\u00e4ndnis abverlangen. Dann tritt die \u201eImmunity to change\u201c-Reaktion in Aktion und dagegen anzugehen bedeutet einen Kampf gegen Windm\u00fchlen \u2026<\/p>\n<h3 style=\"text-align: justify;\">Gibt es Alternativen?<\/h3>\n<p style=\"text-align: justify;\">Immer wieder wundern wir uns, wie schwierig schon \u201ekleine\u201c Ver\u00e4nderungen in Organisationen sein k\u00f6nnen. Wie oft aus den guten Absichten weitblickender Lenker (aus deren Sicht) ein t\u00e4glicher Frust bei den Betroffenen (aus deren Sicht) entsteht. Ich m\u00f6chte hier ein paar Unterscheidungen vorschlagen, die helfen sollen, diese Ph\u00e4nomene zu verstehen und konstruktiv damit umzugehen.<\/p>\n<h3 style=\"text-align: justify;\">Die Grundphasen der Ver\u00e4nderung<\/h3>\n<p style=\"text-align: justify;\">Bis heute beziehen sich alle Konzepte geplanter Ver\u00e4nderungen in Organisationen auf die Formulierung einer grundlegenden Erfahrung, die Kurt Lewin f\u00fcr uns getroffen hat: Ver\u00e4nderung besteht aus<\/p>\n<p style=\"text-align: justify;\">&#8211; auftauen (unfreeze) des bisherigen, stabilen Zustands,<\/p>\n<p style=\"text-align: justify;\">&#8211; der eigentlichen Ver\u00e4nderung (change) und<\/p>\n<p style=\"text-align: justify;\">&#8211; der Stabilisierung (freeze) des neuen Zustands.<\/p>\n<p style=\"text-align: justify;\">Ich m\u00f6chte mich hier auf die Phase der Stabilisierung konzentrieren. Da gibt es in vielen <a href=\"https:\/\/www.weiterbildungsmarkt.net\/change-management\/\">Change Projekten<\/a> gro\u00dfe \u00dcberraschungen: die Ver\u00e4nderung wird \u201er\u00fcckg\u00e4ngig gemacht\u201c, von den Mitarbeiterinnen einfach ignoriert, von der Last negativer Befindlichkeiten ausgebremst. Und manche F\u00fchrungsriege ist gedanklich bereits im n\u00e4chsten Change, mit vielen vern\u00fcnftigen Begr\u00fcndungen, aber letztendlich auch, weil der \u201eletzte Change\u201c sich \u201eso m\u00fchsam anf\u00fchlt\u201c \u2026\u2026\u2026<\/p>\n<h3 style=\"text-align: justify;\">Stabilisierung wir h\u00e4ufig untersch\u00e4tzt<\/h3>\n<p style=\"text-align: justify;\">These: die Wichtigkeit, durchgef\u00fchrte Ver\u00e4nderungen zu stabilisieren wird generell untersch\u00e4tzt. Der meiste konzeptionelle Aufwand wird betrieben, bis ein attraktiver Soll-Zustand formuliert ist &#8211; der Prozess dorthin wird h\u00e4ufig nicht ausreichend mitgedacht.<\/p>\n<p style=\"text-align: justify;\">Und schon gar nicht attraktiv ist der Gedanke, dass so ein Vorhaben eine l\u00e4ngere Phase der Stabilisierung braucht. \u201eIn dieser schnellen Zeit k\u00f6nnen wir uns l\u00e4ngere Phasen gar nicht mehr erlauben\u201c, h\u00f6re ich dann manchmal. Zugegeben. Ignorieren eines Zeitbedarfs verk\u00fcrzt diesen aber sicher nicht \u2026<\/p>\n<p style=\"text-align: justify;\">Versuchen wir das Ph\u00e4nomen also zu verstehen, um die ben\u00f6tigte Zeit zu minimieren!<\/p>\n<p style=\"text-align: justify;\">Warum reagieren Menschen manchmal so ablehnend gegen\u00fcber notwendigen Ver\u00e4nderungen? Einer Antwort n\u00e4hern wir uns, wenn wir Jean Piagets \u00dcberlegungen zu Lernen und Entwicklung erinnern: Lernen (oder assimilieren) bedeutet f\u00fcr Piaget, die Erweiterung der Erfahrungen, Kenntnisse und Kompetenzen bei Erhalt der vorhandenen Struktur. (Abb1)<\/p>\n<p style=\"text-align: justify;\"><img loading=\"lazy\" decoding=\"async\" class=\"aligncenter wp-image-2149 size-medium\" src=\"https:\/\/www.weiterbildungsmarkt.net\/magazin\/wp-content\/uploads\/2015\/04\/T\u00fcrk_Abb1-300x271.png\" alt=\"Erweiterung der Erfahrungen, Kenntnisse und Kompetenzen bei Erhalt der vorhandenen Struktur\" width=\"300\" height=\"271\" srcset=\"https:\/\/www.weiterbildungsmarkt.net\/magazin\/wp-content\/uploads\/2015\/04\/T\u00fcrk_Abb1-300x271.png 300w, https:\/\/www.weiterbildungsmarkt.net\/magazin\/wp-content\/uploads\/2015\/04\/T\u00fcrk_Abb1-700x632.png 700w, https:\/\/www.weiterbildungsmarkt.net\/magazin\/wp-content\/uploads\/2015\/04\/T\u00fcrk_Abb1-396x357.png 396w, https:\/\/www.weiterbildungsmarkt.net\/magazin\/wp-content\/uploads\/2015\/04\/T\u00fcrk_Abb1-535x483.png 535w, https:\/\/www.weiterbildungsmarkt.net\/magazin\/wp-content\/uploads\/2015\/04\/T\u00fcrk_Abb1.png 800w\" sizes=\"auto, (max-width: 300px) 100vw, 300px\" \/><\/p>\n<h3 style=\"text-align: justify;\">Lernen und Entwicklung unterscheiden<\/h3>\n<p style=\"text-align: justify;\">Entwicklung (oder <span class=\"label label-primary\">akkommodieren<\/span>) bedeutet im Unterschied dazu, dass sich w\u00e4hrend des Lernens auch die vorhandene Struktur ver\u00e4ndert. (Abb2) Solche Prozesse sind nicht einfach \u201emachbar\u201c, in jedem Fall aber aufwendiger und langsamer als jeder Lernprozess. Die Person muss innerlich \u201ebereit\u201c sein f\u00fcr die neue Struktur.<\/p>\n<p style=\"text-align: justify;\"><img loading=\"lazy\" decoding=\"async\" class=\"aligncenter wp-image-2150 size-medium\" src=\"https:\/\/www.weiterbildungsmarkt.net\/magazin\/wp-content\/uploads\/2015\/04\/T\u00fcrk_Abb2-300x261.png\" alt=\"neue Struktur\" width=\"300\" height=\"261\" srcset=\"https:\/\/www.weiterbildungsmarkt.net\/magazin\/wp-content\/uploads\/2015\/04\/T\u00fcrk_Abb2-300x261.png 300w, https:\/\/www.weiterbildungsmarkt.net\/magazin\/wp-content\/uploads\/2015\/04\/T\u00fcrk_Abb2-700x610.png 700w, https:\/\/www.weiterbildungsmarkt.net\/magazin\/wp-content\/uploads\/2015\/04\/T\u00fcrk_Abb2-410x357.png 410w, https:\/\/www.weiterbildungsmarkt.net\/magazin\/wp-content\/uploads\/2015\/04\/T\u00fcrk_Abb2-554x483.png 554w, https:\/\/www.weiterbildungsmarkt.net\/magazin\/wp-content\/uploads\/2015\/04\/T\u00fcrk_Abb2.png 799w\" sizes=\"auto, (max-width: 300px) 100vw, 300px\" \/><\/p>\n<p style=\"text-align: justify;\">Ein Beispiel dazu: ich kann im Rahmen einer Beratungsausbildung bestimmte Fragetechniken erlernen und \u00fcben; ein Selbstverst\u00e4ndnis als Beraterin werde ich erst langsam durch ausdauerndes Beraten entwickeln. Und irgendwann ist die erlernte Technik so verinnerlicht, dass ich sie \u201eaus mir heraus\u201c und nicht als Anwendung einer Methode erlebe.<\/p>\n<p style=\"text-align: justify;\">Der entscheidende Punkt: eine neue Struktur bedeutet immer eine ver\u00e4nderte Identit\u00e4t. Und eine ver\u00e4nderte Identit\u00e4t bedeutet immer den \u201eVerlust\u201c der alten! Als Menschen haben wir die brillante F\u00e4higkeit, unsere Identit\u00e4t zu erhalten &#8211; oder nach Robert Kegan, dem Entwicklungspsychologen: die F\u00e4higkeit alle neuen Erfahrungen ja doch wieder in den vertrauten Mustern zu verstehen.<\/p>\n<h3 style=\"text-align: justify;\">Der Preis der Entwicklung<\/h3>\n<p style=\"text-align: justify;\">Wenn eine pers\u00f6nliche Transformation im Rahmen einer organisationalen Ver\u00e4nderung verlangt wird, k\u00f6nnen Menschen daher ganz unterschiedlich reagieren: im g\u00fcnstigsten Fall bef\u00f6rdert der Ansto\u00df von au\u00dfen einen f\u00e4lligen Schritt und die betroffene Person wird positiv darauf reagieren. Vielleicht wird eine schon herausgebildete Identit\u00e4t dadurch sogar unterst\u00fctzt!<\/p>\n<p style=\"text-align: justify;\">H\u00e4ufiger wird die Infragestellung der bisherigen Identit\u00e4t krisenhaft erlebt und f\u00fchrt zu Abwehr &#8211; dem gut gemeinten Schutz des Bisherigen. Ausgedr\u00fcckt wird diese Abwehr dann vielleicht gegen die \u201evon oben verordnete Ver\u00e4nderung\u201c.<\/p>\n<p style=\"text-align: justify;\">Erlebt wird sie von den Betroffenen als Kampf gegen eine existentielle Bedrohung, von den Change-Architekten als \u201eImmunity to Change\u201c.<\/p>\n<h3 style=\"text-align: justify;\">Ein Beispiel aus dem Leben<\/h3>\n<p style=\"text-align: justify;\">Dazu ein Beispiel: In einer nicht n\u00e4her bezeichneten Schule in Mitteleuropa wird das p\u00e4dagogisch durchaus sinnvolle Konzept des \u201eTeam-Teachings\u201c eingef\u00fchrt: LehrerInnen unterrichten den Klassenverband gemeinsam als Team mit selbstbestimmter Aufgabenteilung.<\/p>\n<p style=\"text-align: justify;\">Das Problem: Team-Teaching ist nicht einfach ein anderes Unterrichtskonzept, sondern verlangt ein v\u00f6llig anderes Selbstverst\u00e4ndnis (Identit\u00e4t) der LehrerInnen: gemeinsames Suchen nach in der Situation passenden Angeboten f\u00fcr die konkreten Sch\u00fclerInnen ist etwas anderes als die einsame F\u00fchrung eines Klassenverbandes von \u201evorne\u201c.<\/p>\n<p style=\"text-align: justify;\">Die M\u00e4chtigkeit dieser Ver\u00e4nderung wird nicht erkannt bzw. nicht ernst genommen, in Folge erlebt die Schule eine Reihe von Ersch\u00fctterungen und diverser Konflikte: LehrerInnen gegen Direktion, LehrerInnengruppen gegeneinander, LehrerInnen gegen Eltern \u2026\u2026\u2026<\/p>\n<p style=\"text-align: justify;\">Eigentlich alles Abwehr gegen die Bedrohung der vertrauten und bekannten Rolle als LehrerIn.<\/p>\n<p style=\"text-align: justify;\">Die \u201eL\u00f6sung\u201c des Systems: einige LehrerInnen bekommen eine neue Ausbildung als \u201echange agents\u201c, um die Umsetzung des Konzeptes zu bef\u00f6rdern.<\/p>\n<p style=\"text-align: justify;\">Die kleine Gruppe bekommt in einem l\u00e4ngeren Prozess die Gelegenheit eine neue Identit\u00e4t (als interne OE-BeraterInnen, gleichzeitig eine der wenigen Aufstiegschancen im System) zu bilden, w\u00e4hrend der Gro\u00dfteil der LehrerInnen \u201eleer\u201c ausgeht &#8211; und sich im schlechtesten Fall die neue Identit\u00e4t als \u201eK\u00e4mpferIn gegen dieses unsinnige Teamteaching\u201c schafft.<\/p>\n<p style=\"text-align: justify;\">Um eines klarzustellen: ich betreibe hier nicht LehrerInnen-Bashing, sondern verurteile die naive Vorgabe einer organisationalen Ver\u00e4nderung mit Eingriff in das Identit\u00e4ts-Erleben der betroffenen Menschen ohne ausreichende Stabilisierung zur neuen Identit\u00e4tsfindung!<\/p>\n<h3 style=\"text-align: justify;\">Fragen, die m\u00f6glichst fr\u00fch zu stellen sind<\/h3>\n<p style=\"text-align: justify;\">Gibt es eine Alternative zum Kampf gegen die \u201eImmunity to change\u201c?<\/p>\n<p style=\"text-align: justify;\">Die Antwort ist ein klares Ja, wenn auch kein Versprechen einer \u201eeinfachen L\u00f6sung\u201c.<\/p>\n<p style=\"text-align: justify;\">Und nat\u00fcrlich meine ich nicht, auf Ver\u00e4nderungen zu verzichten, die Identit\u00e4ten der betroffenen Menschen ber\u00fchren k\u00f6nnten.<\/p>\n<p style=\"text-align: justify;\">Vielmehr sollten wir uns m\u00f6glichst fr\u00fch &#8211; und dann laufend &#8211; ein paar Fragen stellen:<\/p>\n<ul style=\"text-align: justify;\">\n<li>Wessen pers\u00f6nliches Selbstverst\u00e4ndnis ber\u00fchrt \/ ver\u00e4ndert das Ver\u00e4nderungsvorhaben?<\/li>\n<li>Wie kann ich Wertsch\u00e4tzung f\u00fcr die Zumutung der Entwicklung einer neuen Identit\u00e4t erlangen und glaubhaft kommunizieren?<\/li>\n<li>Wem bietet die Ver\u00e4nderung ein attraktives neues Selbstverst\u00e4ndnis?<\/li>\n<li>Wie lange gebe ich Zeit, um aktiv an diesen neuen Identit\u00e4ten zu arbeiten?<\/li>\n<li>Welche Rahmenbedingungen unterst\u00fctzen die Entwicklung der neuen Identit\u00e4ten \u2013 gibt es eine \u201ehaltende Umgebung\u201c?<\/li>\n<li>Wie stelle ich sicher, dass die alten Identit\u00e4ten als \u201egute und wichtige Schritte zum Neuen\u201c eine Hall of Fame bekommen?<\/li>\n<li>Wie erreiche ich selbst die Geduld, all diese Fragen schon fr\u00fch zu stellen und vielleicht erst recht sp\u00e4t beantworten zu k\u00f6nnen?<\/li>\n<\/ul>\n<h3 style=\"text-align: justify;\">Eine hilfreiche Haltung<\/h3>\n<p style=\"text-align: justify;\">Alle genannten Fragen helfen nur, wenn sie von einer bestimmten Grundhaltung getragen wird: dem grunds\u00e4tzlichen Verst\u00e4ndnis f\u00fcr die erlebte \u201eSchwere\u201c einer Ver\u00e4nderung der Identit\u00e4t. Dann werden auch \u201e\u00fcberraschende\u201c Konflikte in Ver\u00e4nderungsvorhaben eine hilfreiche Informationsquelle.<\/p>\n<p style=\"text-align: justify;\">Wenn etwas hei\u00df wird, mit dem ich trotz sorgf\u00e4ltiger Pr\u00fcfung nicht gerechnet habe, greift oftmals die Identit\u00e4ts-Hypothese: Hier reagiert jemand verst\u00e4ndlich auf den Verlust seines\/ihres bisherigen Selbstverst\u00e4ndnisses!<\/p>\n<h3 style=\"text-align: justify;\">\u00dcber den Autor:<\/h3>\n<p style=\"text-align: justify;\"><strong><img loading=\"lazy\" decoding=\"async\" class=\"alignleft size-thumbnail wp-image-2148\" src=\"https:\/\/www.weiterbildungsmarkt.net\/magazin\/wp-content\/uploads\/2015\/04\/ElmarT\u00fcrk-120x120.png\" alt=\"Elmar T\u00fcrk\" width=\"120\" height=\"120\" srcset=\"https:\/\/www.weiterbildungsmarkt.net\/magazin\/wp-content\/uploads\/2015\/04\/ElmarT\u00fcrk-120x120.png 120w, https:\/\/www.weiterbildungsmarkt.net\/magazin\/wp-content\/uploads\/2015\/04\/ElmarT\u00fcrk-210x210.png 210w\" sizes=\"auto, (max-width: 120px) 100vw, 120px\" \/>Elmar T\u00fcrk<\/strong> ist Berater in Wien und besch\u00e4ftigt sich mit Ver\u00e4nderungsvorhaben in Organisationen und der Entwicklungspsychologie erwachsener Menschen.<\/p>\n<p style=\"text-align: justify;\">Au\u00dferdem ist er Lehrtrainer f\u00fcr Mediation und das DiSG-Verhaltensprofil.<\/p>\n<p style=\"text-align: justify;\">Weitere Informationen \u00fcber <a title=\"http:\/\/www.weiterbildungsmarkt.net\/coach-wien-elmar-tuerk-1259\" href=\"https:\/\/www.weiterbildungsmarkt.net\/coach-wien-elmar-tuerk-1259\">Elmar T\u00fcrk<\/a><\/p>\n<div class=\"shariff shariff-align-left shariff-widget-align-left\"><ul class=\"shariff-buttons theme-round orientation-horizontal buttonsize-medium\"><li class=\"shariff-button facebook shariff-nocustomcolor\" style=\"background-color:#4273c8\"><a href=\"https:\/\/www.facebook.com\/sharer\/sharer.php?u=https%3A%2F%2Fwww.weiterbildungsmarkt.net%2Fmagazin%2Fimmunity-to-change-management%2F\" title=\"Bei Facebook teilen\" aria-label=\"Bei Facebook teilen\" role=\"button\" rel=\"nofollow\" class=\"shariff-link\" style=\"; background-color:#3b5998; color:#fff\" target=\"_blank\"><span class=\"shariff-icon\" style=\"\"><svg width=\"32px\" height=\"20px\" xmlns=\"http:\/\/www.w3.org\/2000\/svg\" viewBox=\"0 0 18 32\"><path fill=\"#3b5998\" d=\"M17.1 0.2v4.7h-2.8q-1.5 0-2.1 0.6t-0.5 1.9v3.4h5.2l-0.7 5.3h-4.5v13.6h-5.5v-13.6h-4.5v-5.3h4.5v-3.9q0-3.3 1.9-5.2t5-1.8q2.6 0 4.1 0.2z\"\/><\/svg><\/span><\/a><\/li><li class=\"shariff-button twitter shariff-nocustomcolor\" style=\"background-color:#595959\"><a href=\"https:\/\/twitter.com\/share?url=https%3A%2F%2Fwww.weiterbildungsmarkt.net%2Fmagazin%2Fimmunity-to-change-management%2F&text=Immunity%20to%20Change%20Management\" title=\"Bei X teilen\" aria-label=\"Bei X teilen\" role=\"button\" rel=\"noopener nofollow\" class=\"shariff-link\" style=\"; background-color:#000; color:#fff\" target=\"_blank\"><span class=\"shariff-icon\" style=\"\"><svg width=\"32px\" height=\"20px\" xmlns=\"http:\/\/www.w3.org\/2000\/svg\" viewBox=\"0 0 24 24\"><path fill=\"#000\" d=\"M14.258 10.152L23.176 0h-2.113l-7.747 8.813L7.133 0H0l9.352 13.328L0 23.973h2.113l8.176-9.309 6.531 9.309h7.133zm-2.895 3.293l-.949-1.328L2.875 1.56h3.246l6.086 8.523.945 1.328 7.91 11.078h-3.246zm0 0\"\/><\/svg><\/span><\/a><\/li><li class=\"shariff-button xing shariff-nocustomcolor\" style=\"background-color:#29888a\"><a href=\"https:\/\/www.xing.com\/spi\/shares\/new?url=https%3A%2F%2Fwww.weiterbildungsmarkt.net%2Fmagazin%2Fimmunity-to-change-management%2F\" title=\"Bei XING teilen\" aria-label=\"Bei XING teilen\" role=\"button\" rel=\"noopener nofollow\" class=\"shariff-link\" style=\"; background-color:#126567; color:#fff\" target=\"_blank\"><span class=\"shariff-icon\" style=\"\"><svg width=\"32px\" height=\"20px\" xmlns=\"http:\/\/www.w3.org\/2000\/svg\" viewBox=\"0 0 25 32\"><path fill=\"#126567\" d=\"M10.7 11.9q-0.2 0.3-4.6 8.2-0.5 0.8-1.2 0.8h-4.3q-0.4 0-0.5-0.3t0-0.6l4.5-8q0 0 0 0l-2.9-5q-0.2-0.4 0-0.7 0.2-0.3 0.5-0.3h4.3q0.7 0 1.2 0.8zM25.1 0.4q0.2 0.3 0 0.7l-9.4 16.7 6 11q0.2 0.4 0 0.6-0.2 0.3-0.6 0.3h-4.3q-0.7 0-1.2-0.8l-6-11.1q0.3-0.6 9.5-16.8 0.4-0.8 1.2-0.8h4.3q0.4 0 0.5 0.3z\"\/><\/svg><\/span><\/a><\/li><li class=\"shariff-button linkedin shariff-nocustomcolor\" style=\"background-color:#1488bf\"><a href=\"https:\/\/www.linkedin.com\/sharing\/share-offsite\/?url=https%3A%2F%2Fwww.weiterbildungsmarkt.net%2Fmagazin%2Fimmunity-to-change-management%2F\" title=\"Bei LinkedIn teilen\" aria-label=\"Bei LinkedIn teilen\" role=\"button\" rel=\"noopener nofollow\" class=\"shariff-link\" style=\"; background-color:#0077b5; color:#fff\" target=\"_blank\"><span class=\"shariff-icon\" style=\"\"><svg width=\"32px\" height=\"20px\" xmlns=\"http:\/\/www.w3.org\/2000\/svg\" viewBox=\"0 0 27 32\"><path fill=\"#0077b5\" d=\"M6.2 11.2v17.7h-5.9v-17.7h5.9zM6.6 5.7q0 1.3-0.9 2.2t-2.4 0.9h0q-1.5 0-2.4-0.9t-0.9-2.2 0.9-2.2 2.4-0.9 2.4 0.9 0.9 2.2zM27.4 18.7v10.1h-5.9v-9.5q0-1.9-0.7-2.9t-2.3-1.1q-1.1 0-1.9 0.6t-1.2 1.5q-0.2 0.5-0.2 1.4v9.9h-5.9q0-7.1 0-11.6t0-5.3l0-0.9h5.9v2.6h0q0.4-0.6 0.7-1t1-0.9 1.6-0.8 2-0.3q3 0 4.9 2t1.9 6z\"\/><\/svg><\/span><\/a><\/li><li class=\"shariff-button whatsapp shariff-nocustomcolor\" style=\"background-color:#5cbe4a\"><a href=\"https:\/\/api.whatsapp.com\/send?text=https%3A%2F%2Fwww.weiterbildungsmarkt.net%2Fmagazin%2Fimmunity-to-change-management%2F%20Immunity%20to%20Change%20Management\" title=\"Bei Whatsapp teilen\" aria-label=\"Bei Whatsapp teilen\" role=\"button\" rel=\"noopener nofollow\" class=\"shariff-link\" style=\"; background-color:#34af23; color:#fff\" target=\"_blank\"><span class=\"shariff-icon\" style=\"\"><svg width=\"32px\" height=\"20px\" xmlns=\"http:\/\/www.w3.org\/2000\/svg\" viewBox=\"0 0 32 32\"><path fill=\"#34af23\" d=\"M17.6 17.4q0.2 0 1.7 0.8t1.6 0.9q0 0.1 0 0.3 0 0.6-0.3 1.4-0.3 0.7-1.3 1.2t-1.8 0.5q-1 0-3.4-1.1-1.7-0.8-3-2.1t-2.6-3.3q-1.3-1.9-1.3-3.5v-0.1q0.1-1.6 1.3-2.8 0.4-0.4 0.9-0.4 0.1 0 0.3 0t0.3 0q0.3 0 0.5 0.1t0.3 0.5q0.1 0.4 0.6 1.6t0.4 1.3q0 0.4-0.6 1t-0.6 0.8q0 0.1 0.1 0.3 0.6 1.3 1.8 2.4 1 0.9 2.7 1.8 0.2 0.1 0.4 0.1 0.3 0 1-0.9t0.9-0.9zM14 26.9q2.3 0 4.3-0.9t3.6-2.4 2.4-3.6 0.9-4.3-0.9-4.3-2.4-3.6-3.6-2.4-4.3-0.9-4.3 0.9-3.6 2.4-2.4 3.6-0.9 4.3q0 3.6 2.1 6.6l-1.4 4.2 4.3-1.4q2.8 1.9 6.2 1.9zM14 2.2q2.7 0 5.2 1.1t4.3 2.9 2.9 4.3 1.1 5.2-1.1 5.2-2.9 4.3-4.3 2.9-5.2 1.1q-3.5 0-6.5-1.7l-7.4 2.4 2.4-7.2q-1.9-3.2-1.9-6.9 0-2.7 1.1-5.2t2.9-4.3 4.3-2.9 5.2-1.1z\"\/><\/svg><\/span><\/a><\/li><li class=\"shariff-button pinterest shariff-nocustomcolor\" style=\"background-color:#e70f18\"><a href=\"https:\/\/www.pinterest.com\/pin\/create\/link\/?url=https%3A%2F%2Fwww.weiterbildungsmarkt.net%2Fmagazin%2Fimmunity-to-change-management%2F&media=https%3A%2F%2Fwww.weiterbildungsmarkt.net%2Fmagazin%2Fwp-content%2Fuploads%2F2024%2F11%2Fcolored-pencils-2024-09-23-04-02-30-utc-scaled.jpg&description=Immunity%20to%20Change%20Management\" title=\"Bei Pinterest pinnen\" aria-label=\"Bei Pinterest pinnen\" role=\"button\" rel=\"noopener nofollow\" class=\"shariff-link\" style=\"; background-color:#cb2027; color:#fff\" target=\"_blank\"><span class=\"shariff-icon\" style=\"\"><svg width=\"32px\" height=\"20px\" xmlns=\"http:\/\/www.w3.org\/2000\/svg\" viewBox=\"0 0 27 32\"><path fill=\"#cb2027\" d=\"M27.4 16q0 3.7-1.8 6.9t-5 5-6.9 1.9q-2 0-3.9-0.6 1.1-1.7 1.4-2.9 0.2-0.6 1-3.8 0.4 0.7 1.3 1.2t2 0.5q2.1 0 3.8-1.2t2.7-3.4 0.9-4.8q0-2-1.1-3.8t-3.1-2.9-4.5-1.2q-1.9 0-3.5 0.5t-2.8 1.4-2 2-1.2 2.3-0.4 2.4q0 1.9 0.7 3.3t2.1 2q0.5 0.2 0.7-0.4 0-0.1 0.1-0.5t0.2-0.5q0.1-0.4-0.2-0.8-0.9-1.1-0.9-2.7 0-2.7 1.9-4.6t4.9-2q2.7 0 4.2 1.5t1.5 3.8q0 3-1.2 5.2t-3.1 2.1q-1.1 0-1.7-0.8t-0.4-1.9q0.1-0.6 0.5-1.7t0.5-1.8 0.2-1.4q0-0.9-0.5-1.5t-1.4-0.6q-1.1 0-1.9 1t-0.8 2.6q0 1.3 0.4 2.2l-1.8 7.5q-0.3 1.2-0.2 3.2-3.7-1.6-6-5t-2.3-7.6q0-3.7 1.9-6.9t5-5 6.9-1.9 6.9 1.9 5 5 1.8 6.9z\"\/><\/svg><\/span><\/a><\/li><\/ul><\/div>","protected":false},"excerpt":{"rendered":"<p>Bei Ver\u00e4nderungsvorhaben wird die Phase der Stabilisierung des neuen Zustandes h\u00e4ufig untersch\u00e4tzt. Das gilt insbesondere, wenn die Ver\u00e4nderungen den betroffenen Menschen ein neues Selbstverst\u00e4ndnis abverlangen. Dann tritt die \u201eImmunity to change\u201c-Reaktion in Aktion und dagegen anzugehen bedeutet einen Kampf gegen Windm\u00fchlen \u2026 Gibt es Alternativen? Immer wieder wundern wir uns, wie schwierig schon \u201ekleine\u201c Ver\u00e4nderungen [&hellip;]<\/p>\n","protected":false},"author":3,"featured_media":9749,"comment_status":"open","ping_status":"closed","sticky":false,"template":"","format":"standard","meta":{"_acf_changed":false,"footnotes":""},"categories":[61,5],"tags":[178,131,168],"class_list":["post-2145","post","type-post","status-publish","format-standard","has-post-thumbnail","hentry","category-change-management","category-coaching","tag-change-management","tag-coaching","tag-management"],"acf":[],"_links":{"self":[{"href":"https:\/\/www.weiterbildungsmarkt.net\/magazin\/wp-json\/wp\/v2\/posts\/2145","targetHints":{"allow":["GET"]}}],"collection":[{"href":"https:\/\/www.weiterbildungsmarkt.net\/magazin\/wp-json\/wp\/v2\/posts"}],"about":[{"href":"https:\/\/www.weiterbildungsmarkt.net\/magazin\/wp-json\/wp\/v2\/types\/post"}],"author":[{"embeddable":true,"href":"https:\/\/www.weiterbildungsmarkt.net\/magazin\/wp-json\/wp\/v2\/users\/3"}],"replies":[{"embeddable":true,"href":"https:\/\/www.weiterbildungsmarkt.net\/magazin\/wp-json\/wp\/v2\/comments?post=2145"}],"version-history":[{"count":10,"href":"https:\/\/www.weiterbildungsmarkt.net\/magazin\/wp-json\/wp\/v2\/posts\/2145\/revisions"}],"predecessor-version":[{"id":8898,"href":"https:\/\/www.weiterbildungsmarkt.net\/magazin\/wp-json\/wp\/v2\/posts\/2145\/revisions\/8898"}],"wp:featuredmedia":[{"embeddable":true,"href":"https:\/\/www.weiterbildungsmarkt.net\/magazin\/wp-json\/wp\/v2\/media\/9749"}],"wp:attachment":[{"href":"https:\/\/www.weiterbildungsmarkt.net\/magazin\/wp-json\/wp\/v2\/media?parent=2145"}],"wp:term":[{"taxonomy":"category","embeddable":true,"href":"https:\/\/www.weiterbildungsmarkt.net\/magazin\/wp-json\/wp\/v2\/categories?post=2145"},{"taxonomy":"post_tag","embeddable":true,"href":"https:\/\/www.weiterbildungsmarkt.net\/magazin\/wp-json\/wp\/v2\/tags?post=2145"}],"curies":[{"name":"wp","href":"https:\/\/api.w.org\/{rel}","templated":true}]}}