{"id":3021,"date":"2016-09-07T06:13:11","date_gmt":"2016-09-07T04:13:11","guid":{"rendered":"http:\/\/www.weiterbildungsmarkt.net\/magazin\/?p=3021"},"modified":"2023-01-18T11:20:25","modified_gmt":"2023-01-18T09:20:25","slug":"isabella-weindl-cmc-jedes-unternehmen-ist-nur-gut-wie-seine-mitarbeiterinnen-und-mitarbeiter","status":"publish","type":"post","link":"https:\/\/www.weiterbildungsmarkt.net\/magazin\/isabella-weindl-cmc-jedes-unternehmen-ist-nur-gut-wie-seine-mitarbeiterinnen-und-mitarbeiter\/","title":{"rendered":"Isabella Weindl CMC: &#8222;Jedes Unternehmen ist nur so gut, wie seine Mitarbeiterinnen und Mitarbeiter&#8220;"},"content":{"rendered":"<p style=\"text-align: justify;\"><strong>Isabella Weindl CMC<\/strong> <strong>ist Trainerin und Unternehmensberaterin in der Personal- und Organisationsentwicklung. Im Interview mit Weiterbildungsmarkt.at erkl\u00e4rt die Beraterin, wie es Unternehmen gelingt, die richtige Person am richtigen Platz zu haben und den Sinn f\u00fcr die eigene T\u00e4tigkeit zu erkennen.<\/strong><\/p>\n<p style=\"text-align: justify;\"><strong>Weiterbildungmarkt.at: Wie lange sind Sie bereits in der Weiterbildung t\u00e4tig? Was waren Ihre Beweggr\u00fcnde im Trainingsbereich zu arbeiten? <\/strong><\/p>\n<p style=\"text-align: justify;\"><strong>Isabella Weindl CMC:<\/strong>\u00a0 R\u00fcckblickend eine kurze Zeit, aber immerhin schon \u00fcber 20 Jahre bin ich im Training t\u00e4tig. Wie viele junge M\u00e4dchen wollte ich schon in der Schulzeit Lehrerin werden. Damals war das f\u00fcr mich als Linksh\u00e4nderin zumindest f\u00fcr den Volkschulbereich nicht m\u00f6glich. Heute bin ich sehr froh dar\u00fcber in einem gr\u00f6\u00dferen und weiteren Spektrum der Weiterbildung arbeiten zu k\u00f6nnen. Denn das Lernen h\u00f6rt nicht mit der Schule auf.<\/p>\n<p style=\"text-align: justify;\">W\u00e4hrend meiner unselbstst\u00e4ndigen Berufslaufbahn habe ich mich auch immer wieder selbst weitergebildet. Und fand den Umgang der Vortragenden mit uns Teilnehmenden sehr bereichernd und spannend. Das hat mich wieder, bzw. in einer ver\u00e4nderten Form, meinem fr\u00fcheren Berufswunsches n\u00e4hergebracht.<\/p>\n<p style=\"text-align: justify;\">Nachdem mir das Erkl\u00e4ren von teils schwierigen Inhalten und Zusammenh\u00e4ngen leicht f\u00e4llt, und ich in der Vergangenheit bei Fragen zur beruflichen Weiterentwicklung erfolgreich beraten habe, war es nur ein kleiner Schritt in die Selbstst\u00e4ndigkeit.<\/p>\n<p style=\"text-align: justify;\">Trainerin und Vortragende im Wirtschaftskontext zu sein, ist f\u00fcr mich auch Berufung. Es ist ein stetiges voneinander Lernen und Weiterentwickeln.<\/p>\n<p style=\"text-align: justify;\">Und ehrlich, wo sonst kommen Sie mit so vielen unterschiedlichen Berufen und Menschen zusammen?<\/p>\n<p style=\"text-align: justify;\"><strong>Weiterbildungmarkt.at: Ihr inhaltlicher Schwerpunkt liegt\u00a0in der Organisations- und Personalentwicklung. Welches Thema vermitteln Sie konkret in Ihren Trainings?<\/strong><\/p>\n<p style=\"text-align: justify;\"><strong>Isabella Weindl CMC: <\/strong>Nur ein Kernthema? Ich konzipiere gemeinsam mit den Auftrag Gebenden was n\u00fctzlich und sinnvoll ist. Aber wenn ich es in einem kurzen Satz sagen soll: Alles was n\u00f6tig ist um die richtige Person am richtigen Platz zu haben, bzw. zu halten.<\/p>\n<p style=\"text-align: justify;\">Im Vordergrund steht dabei immer der Mensch im System. Jedes Unternehmen ist nur so gut, wie seine Mitarbeiterinnen und Mitarbeiter sind. Das betrifft alle Ebenen. Egal, ob es jetzt die Personen am Empfang, in der Produktion oder Reinigung, im Service oder in den Fachabteilungen sind. Besonders spannend finde ich das Arbeiten mit Lehrlingen. Die liegen mir sehr am Herzen.<\/p>\n<p style=\"text-align: justify;\">Nachdem meine Trainings einen Bogen \u00fcber weite Teile des Unternehmens spannen, f\u00e4llt es mir schwer nur eine Essenz aus meinem Inhalt darzustellen. Sie erlauben wohl, dass ich jetzt ein bisschen mische?<\/p>\n<p style=\"text-align: justify;\">Wenn wir jetzt vom gro\u00dfen \u00dcberthema \u201edie richtige Person am richtigen Platz\u201c ausgehen, gibt es mehrere Bereiche, die bearbeitet und trainiert werden.<\/p>\n<p style=\"text-align: justify;\">So erarbeiten wir gemeinsam, dass es kaum Unterschiede zwischen Mitarbeitenden und Kunden gibt. \u00dcber die Unterscheidung von Effektivit\u00e4t und Effizienz kommen wir zu den \u201egef\u00e4hrlichen\u201c Fragen: Warum tue ich das \u00fcberhaupt, oder warum gerade ich?<\/p>\n<p style=\"text-align: justify;\">Ein Kunde, der den Nutzen einer Ware oder Dienstleistung nicht erkennt, wird nicht kaufen. Ebenso werden sich Angestellte, die sich die Sinnfrage stellen und nicht beantworten k\u00f6nnen, als hinderlich f\u00fcr den wirtschaftlichen Erfolg herausstellen.<\/p>\n<p style=\"text-align: justify;\">Hier ist der Ansatz die Gefahrenquelle \u201edie falschen Dinge richtig tun\u201c auszuschalten.<\/p>\n<p style=\"text-align: justify;\">Ratio und Emotio haben auch im beruflichen Alltag gleicherma\u00dfen Berechtigung. Es geht darum die richtige Balance zu schaffen. Rationalisieren hei\u00dft doch dar\u00fcber nachdenken, wie etwas anders, bzw. besser gehen k\u00f6nnte. Und ohne Emotionen werden wir uns die Frage, was hei\u00dft besser und f\u00fcr wen, nicht stellen.<\/p>\n<p style=\"text-align: justify;\">Besonders dann wenn Zeitdruck herrscht, ist es wichtig sich Zeit zu nehmen. Unterscheiden zu k\u00f6nnen zwischen wichtig und dringend ist genauso relevant wie die Unterscheidung zwischen wollen und m\u00fcssen.<\/p>\n<p style=\"text-align: justify;\">Da geht es um die St\u00e4rke \u201enein\u201c sagen zu k\u00f6nnen. Den Kollegen gegen\u00fcber, den Vorgesetzten und auch dem Kunden.<\/p>\n<p style=\"text-align: justify;\">Denn die Mitarbeiterinnen und Mitarbeiter k\u00f6nnen viel. Und sie k\u00f6nnen auch viel zum Unternehmenserfolg beitragen. Dazu braucht es auch einen entspannten Umgang in der F\u00fchrung. Ermutigung ist ein ausgezeichneter Zugang.<\/p>\n<p style=\"text-align: justify;\">Die besten Strategien und Ziele sind schwer umzusetzen, wenn es Quertreiber gibt. Diese k\u00f6nnen jedoch eine wertvolle Ressource sein. Im Training erfahren die Teilnehmenden wie sie dieser abholen und einladen k\u00f6nnen \u201emit an Bord\u201c zu kommen.<\/p>\n<p style=\"text-align: justify;\">Sie sehen, ein reines Fach-\/Sachtraining ist bei mir schwer zu finden.<\/p>\n<p style=\"text-align: justify;\"><strong>Weiterbildungmarkt.at: Was war in der letzten Zeit das Highlight in Ihrer T\u00e4tigkeit im Training?<\/strong><\/p>\n<p style=\"text-align: justify;\"><strong>Isabella Weindl CMC:<\/strong> Ich verwende in meinen Trainings oft Bilder und Ausschnitte aus Filmen (so diese zur Verwendung freigegeben sind!). Bilder l\u00f6sen unterschiedliche Reaktionen aus und diese k\u00f6nnen anschlie\u00dfend f\u00fcr die jeweilige Themenstellung herangezogen werden. Das erfordert hohe Flexibilit\u00e4t in der Umsetzung. Denn ich kann ja vorher nicht wissen, welche Emotionen und Reaktionen geweckt werden. Auch wenn ich eine gewisse Vorstellung von den M\u00f6glichkeiten habe.<\/p>\n<p style=\"text-align: justify;\">Das Highlight f\u00fcr meine T\u00e4tigkeit im Training haben mir am Kongress K3 in Graz die beiden Damen Manuela Grundner und Gudrun J\u00f6ller von \u201efilm-ab\u201c beschert.<\/p>\n<p style=\"text-align: justify;\">Die Herangehensweise f\u00fcr bestimmte Fragestellungen, ganz konkret Kurzfilme auszusuchen und damit die Ergebnisse vorhersehbar zu machen, hat mich sehr begeistert.<\/p>\n<p style=\"text-align: justify;\">F\u00fcr mein Verst\u00e4ndnis haben die beiden den 1. Platz beim Constantinus-Award in der Kategorie \u201ePersonal &amp; Training\u201c mehr als verdient.<\/p>\n<p style=\"text-align: justify;\">Aber mein ganz pers\u00f6nliches Highlight habe ich im Rahmen eines Lehrlingsseminars erfahren. Lehrlinge aus Industriebetrieben sind gewohnt sich am Arbeitsplatz zu behaupten und nicht immer wird einem Seminar mit Freude entgegen gesehen.<\/p>\n<p style=\"text-align: justify;\">Daher habe ich mich sehr \u00fcber die Worte eines jungen Mannes bei der Verabschiedung gefreut. Er meinte: \u201eEigentlich wollte ich nicht kommen und dachte hier geht es nur um Wischi-Waschi. Aber ich bin froh dabei gewesen zu sein. Es hat mir gut gefallen und mich zum Nachdenken gebracht.\u201c<\/p>\n<p style=\"text-align: justify;\">Was will ich dann noch mehr?<\/p>\n<p style=\"text-align: justify;\"><strong>Weiterbildungmarkt.at: Wo sehen Sie in Ihrem Gebiet noch Herausforderungen f\u00fcr die Zukunft, die es zu meistern gilt?<\/strong><\/p>\n<p style=\"text-align: justify;\"><strong>Isabella Weindl CMC:<\/strong> Die gro\u00dfe Herausforderung in der Zukunft ist IoT \u2013 Internet of Things, bzw. Industrie 4.0.<\/p>\n<p style=\"text-align: justify;\">Ich bin davon \u00fcberzeugt, dass gerade Wirtschaftstraining fit f\u00fcr die Zukunft machen kann und auch wird. Dabei geht es vor allem darum die Menschen auf m\u00f6gliche Szenarien vorzubereiten.<\/p>\n<p style=\"text-align: justify;\">Derzeit habe ich den Eindruck, dass der Fokus zu sehr auf die technischen L\u00f6sungen liegt. Aber wenn wir nicht alles dem \u201eComputer\u201c \u00fcberlassen wollen, braucht es gut vorbereitete Menschen, die diese Maschinen bedienen und kontrollieren k\u00f6nnen. Und die auch darauf vorbereitet sind Fragen zu stellen und damit manches infrage zu stellen.<\/p>\n<p style=\"text-align: justify;\">Da bin ich mit meinem Ansatz sehr gut aufgestellt. Obwohl oder gerade deshalb, weil ich mich sehr f\u00fcr das \u201eMenschliche\u201c und das Pr\u00e4senztraining einsetze.<\/p>\n<p style=\"text-align: justify;\"><strong>Weiterbildungmarkt.at: Wo geht es f\u00fcr Sie in Zukunft noch hin? Was wollen Sie in Ihrem Thema im Training noch erreichen?<\/strong><\/p>\n<p style=\"text-align: justify;\"><strong>Isabella Weindl CMC:<\/strong> Webinare, blended und e-learning sind gut und werden sicher vom Angebot her noch mehr werden. Auch ich \u00fcberlege, wie ich meine Themen und Trainings online-f\u00e4hig machen kann.<\/p>\n<p style=\"text-align: justify;\">Zumindest teilweise. Denn Gruppenarbeit und Rollenspiele funktionieren in \u201ereal life\u201c doch besser.<\/p>\n<p style=\"text-align: justify;\">Und wenn ich einen Wunsch f\u00fcr die Zukunft \u00e4u\u00dfern kann: Den Stellenwert von externen Trainings und Coaching so zu erh\u00f6hen, dass sich gar nicht mehr die Frage nach ob, sondern nur noch nach wann stellt.<\/p>\n<p style=\"text-align: justify;\"><strong>Weiterbildungsmarkt.at:<\/strong> Vielen Dank f\u00fcr das Interview!<\/p>\n<p style=\"text-align: justify;\"><img loading=\"lazy\" decoding=\"async\" class=\"alignleft size-thumbnail wp-image-1649\" src=\"https:\/\/www.weiterbildungsmarkt.net\/magazin\/wp-content\/uploads\/2014\/03\/weindl-02-03-120x120.jpg\" alt=\"Isabella Weindl\" width=\"120\" height=\"120\" srcset=\"https:\/\/www.weiterbildungsmarkt.net\/magazin\/wp-content\/uploads\/2014\/03\/weindl-02-03-120x120.jpg 120w, https:\/\/www.weiterbildungsmarkt.net\/magazin\/wp-content\/uploads\/2014\/03\/weindl-02-03-210x210.jpg 210w\" sizes=\"auto, (max-width: 120px) 100vw, 120px\" \/><\/p>\n<p style=\"text-align: justify;\">\u00a0<strong>Isabella Weindl CMC<\/strong><\/p>\n<p>&nbsp;<\/p>\n<div class=\"shariff shariff-align-left shariff-widget-align-left\"><ul class=\"shariff-buttons theme-round orientation-horizontal buttonsize-medium\"><li class=\"shariff-button facebook shariff-nocustomcolor\" style=\"background-color:#4273c8\"><a href=\"https:\/\/www.facebook.com\/sharer\/sharer.php?u=https%3A%2F%2Fwww.weiterbildungsmarkt.net%2Fmagazin%2Fisabella-weindl-cmc-jedes-unternehmen-ist-nur-gut-wie-seine-mitarbeiterinnen-und-mitarbeiter%2F\" title=\"Bei Facebook teilen\" aria-label=\"Bei Facebook teilen\" role=\"button\" rel=\"nofollow\" class=\"shariff-link\" style=\"; background-color:#3b5998; color:#fff\" target=\"_blank\"><span class=\"shariff-icon\" style=\"\"><svg width=\"32px\" height=\"20px\" xmlns=\"http:\/\/www.w3.org\/2000\/svg\" viewBox=\"0 0 18 32\"><path fill=\"#3b5998\" d=\"M17.1 0.2v4.7h-2.8q-1.5 0-2.1 0.6t-0.5 1.9v3.4h5.2l-0.7 5.3h-4.5v13.6h-5.5v-13.6h-4.5v-5.3h4.5v-3.9q0-3.3 1.9-5.2t5-1.8q2.6 0 4.1 0.2z\"\/><\/svg><\/span><\/a><\/li><li class=\"shariff-button twitter shariff-nocustomcolor\" style=\"background-color:#595959\"><a href=\"https:\/\/twitter.com\/share?url=https%3A%2F%2Fwww.weiterbildungsmarkt.net%2Fmagazin%2Fisabella-weindl-cmc-jedes-unternehmen-ist-nur-gut-wie-seine-mitarbeiterinnen-und-mitarbeiter%2F&text=Isabella%20Weindl%20CMC%3A%20%E2%80%9EJedes%20Unternehmen%20ist%20nur%20so%20gut%2C%20wie%20seine%20Mitarbeiterinnen%20und%20Mitarbeiter%E2%80%9C\" title=\"Bei X teilen\" aria-label=\"Bei X teilen\" role=\"button\" rel=\"noopener nofollow\" class=\"shariff-link\" style=\"; background-color:#000; color:#fff\" target=\"_blank\"><span class=\"shariff-icon\" style=\"\"><svg width=\"32px\" height=\"20px\" xmlns=\"http:\/\/www.w3.org\/2000\/svg\" viewBox=\"0 0 24 24\"><path fill=\"#000\" d=\"M14.258 10.152L23.176 0h-2.113l-7.747 8.813L7.133 0H0l9.352 13.328L0 23.973h2.113l8.176-9.309 6.531 9.309h7.133zm-2.895 3.293l-.949-1.328L2.875 1.56h3.246l6.086 8.523.945 1.328 7.91 11.078h-3.246zm0 0\"\/><\/svg><\/span><\/a><\/li><li class=\"shariff-button xing shariff-nocustomcolor\" style=\"background-color:#29888a\"><a href=\"https:\/\/www.xing.com\/spi\/shares\/new?url=https%3A%2F%2Fwww.weiterbildungsmarkt.net%2Fmagazin%2Fisabella-weindl-cmc-jedes-unternehmen-ist-nur-gut-wie-seine-mitarbeiterinnen-und-mitarbeiter%2F\" title=\"Bei XING teilen\" aria-label=\"Bei XING teilen\" role=\"button\" rel=\"noopener nofollow\" class=\"shariff-link\" style=\"; background-color:#126567; color:#fff\" target=\"_blank\"><span class=\"shariff-icon\" style=\"\"><svg width=\"32px\" height=\"20px\" xmlns=\"http:\/\/www.w3.org\/2000\/svg\" viewBox=\"0 0 25 32\"><path fill=\"#126567\" d=\"M10.7 11.9q-0.2 0.3-4.6 8.2-0.5 0.8-1.2 0.8h-4.3q-0.4 0-0.5-0.3t0-0.6l4.5-8q0 0 0 0l-2.9-5q-0.2-0.4 0-0.7 0.2-0.3 0.5-0.3h4.3q0.7 0 1.2 0.8zM25.1 0.4q0.2 0.3 0 0.7l-9.4 16.7 6 11q0.2 0.4 0 0.6-0.2 0.3-0.6 0.3h-4.3q-0.7 0-1.2-0.8l-6-11.1q0.3-0.6 9.5-16.8 0.4-0.8 1.2-0.8h4.3q0.4 0 0.5 0.3z\"\/><\/svg><\/span><\/a><\/li><li class=\"shariff-button linkedin shariff-nocustomcolor\" style=\"background-color:#1488bf\"><a href=\"https:\/\/www.linkedin.com\/sharing\/share-offsite\/?url=https%3A%2F%2Fwww.weiterbildungsmarkt.net%2Fmagazin%2Fisabella-weindl-cmc-jedes-unternehmen-ist-nur-gut-wie-seine-mitarbeiterinnen-und-mitarbeiter%2F\" title=\"Bei LinkedIn teilen\" aria-label=\"Bei LinkedIn teilen\" role=\"button\" rel=\"noopener nofollow\" class=\"shariff-link\" style=\"; background-color:#0077b5; color:#fff\" target=\"_blank\"><span class=\"shariff-icon\" style=\"\"><svg width=\"32px\" height=\"20px\" xmlns=\"http:\/\/www.w3.org\/2000\/svg\" viewBox=\"0 0 27 32\"><path fill=\"#0077b5\" d=\"M6.2 11.2v17.7h-5.9v-17.7h5.9zM6.6 5.7q0 1.3-0.9 2.2t-2.4 0.9h0q-1.5 0-2.4-0.9t-0.9-2.2 0.9-2.2 2.4-0.9 2.4 0.9 0.9 2.2zM27.4 18.7v10.1h-5.9v-9.5q0-1.9-0.7-2.9t-2.3-1.1q-1.1 0-1.9 0.6t-1.2 1.5q-0.2 0.5-0.2 1.4v9.9h-5.9q0-7.1 0-11.6t0-5.3l0-0.9h5.9v2.6h0q0.4-0.6 0.7-1t1-0.9 1.6-0.8 2-0.3q3 0 4.9 2t1.9 6z\"\/><\/svg><\/span><\/a><\/li><li class=\"shariff-button whatsapp shariff-nocustomcolor\" style=\"background-color:#5cbe4a\"><a href=\"https:\/\/api.whatsapp.com\/send?text=https%3A%2F%2Fwww.weiterbildungsmarkt.net%2Fmagazin%2Fisabella-weindl-cmc-jedes-unternehmen-ist-nur-gut-wie-seine-mitarbeiterinnen-und-mitarbeiter%2F%20Isabella%20Weindl%20CMC%3A%20%E2%80%9EJedes%20Unternehmen%20ist%20nur%20so%20gut%2C%20wie%20seine%20Mitarbeiterinnen%20und%20Mitarbeiter%E2%80%9C\" title=\"Bei Whatsapp teilen\" aria-label=\"Bei Whatsapp teilen\" role=\"button\" rel=\"noopener nofollow\" class=\"shariff-link\" style=\"; background-color:#34af23; color:#fff\" target=\"_blank\"><span class=\"shariff-icon\" style=\"\"><svg width=\"32px\" height=\"20px\" xmlns=\"http:\/\/www.w3.org\/2000\/svg\" viewBox=\"0 0 32 32\"><path fill=\"#34af23\" d=\"M17.6 17.4q0.2 0 1.7 0.8t1.6 0.9q0 0.1 0 0.3 0 0.6-0.3 1.4-0.3 0.7-1.3 1.2t-1.8 0.5q-1 0-3.4-1.1-1.7-0.8-3-2.1t-2.6-3.3q-1.3-1.9-1.3-3.5v-0.1q0.1-1.6 1.3-2.8 0.4-0.4 0.9-0.4 0.1 0 0.3 0t0.3 0q0.3 0 0.5 0.1t0.3 0.5q0.1 0.4 0.6 1.6t0.4 1.3q0 0.4-0.6 1t-0.6 0.8q0 0.1 0.1 0.3 0.6 1.3 1.8 2.4 1 0.9 2.7 1.8 0.2 0.1 0.4 0.1 0.3 0 1-0.9t0.9-0.9zM14 26.9q2.3 0 4.3-0.9t3.6-2.4 2.4-3.6 0.9-4.3-0.9-4.3-2.4-3.6-3.6-2.4-4.3-0.9-4.3 0.9-3.6 2.4-2.4 3.6-0.9 4.3q0 3.6 2.1 6.6l-1.4 4.2 4.3-1.4q2.8 1.9 6.2 1.9zM14 2.2q2.7 0 5.2 1.1t4.3 2.9 2.9 4.3 1.1 5.2-1.1 5.2-2.9 4.3-4.3 2.9-5.2 1.1q-3.5 0-6.5-1.7l-7.4 2.4 2.4-7.2q-1.9-3.2-1.9-6.9 0-2.7 1.1-5.2t2.9-4.3 4.3-2.9 5.2-1.1z\"\/><\/svg><\/span><\/a><\/li><li class=\"shariff-button pinterest shariff-nocustomcolor\" style=\"background-color:#e70f18\"><a href=\"https:\/\/www.pinterest.com\/pin\/create\/link\/?url=https%3A%2F%2Fwww.weiterbildungsmarkt.net%2Fmagazin%2Fisabella-weindl-cmc-jedes-unternehmen-ist-nur-gut-wie-seine-mitarbeiterinnen-und-mitarbeiter%2F&media=https%3A%2F%2Fwww.weiterbildungsmarkt.net%2Fmagazin%2Fwp-content%2Fuploads%2F2024%2F11%2Fcolored-pencils-2024-09-23-04-02-30-utc-scaled.jpg&description=Isabella%20Weindl%20CMC%3A%20%E2%80%9EJedes%20Unternehmen%20ist%20nur%20so%20gut%2C%20wie%20seine%20Mitarbeiterinnen%20und%20Mitarbeiter%E2%80%9C\" title=\"Bei Pinterest pinnen\" aria-label=\"Bei Pinterest pinnen\" role=\"button\" rel=\"noopener nofollow\" class=\"shariff-link\" style=\"; background-color:#cb2027; color:#fff\" target=\"_blank\"><span class=\"shariff-icon\" style=\"\"><svg width=\"32px\" height=\"20px\" xmlns=\"http:\/\/www.w3.org\/2000\/svg\" viewBox=\"0 0 27 32\"><path fill=\"#cb2027\" d=\"M27.4 16q0 3.7-1.8 6.9t-5 5-6.9 1.9q-2 0-3.9-0.6 1.1-1.7 1.4-2.9 0.2-0.6 1-3.8 0.4 0.7 1.3 1.2t2 0.5q2.1 0 3.8-1.2t2.7-3.4 0.9-4.8q0-2-1.1-3.8t-3.1-2.9-4.5-1.2q-1.9 0-3.5 0.5t-2.8 1.4-2 2-1.2 2.3-0.4 2.4q0 1.9 0.7 3.3t2.1 2q0.5 0.2 0.7-0.4 0-0.1 0.1-0.5t0.2-0.5q0.1-0.4-0.2-0.8-0.9-1.1-0.9-2.7 0-2.7 1.9-4.6t4.9-2q2.7 0 4.2 1.5t1.5 3.8q0 3-1.2 5.2t-3.1 2.1q-1.1 0-1.7-0.8t-0.4-1.9q0.1-0.6 0.5-1.7t0.5-1.8 0.2-1.4q0-0.9-0.5-1.5t-1.4-0.6q-1.1 0-1.9 1t-0.8 2.6q0 1.3 0.4 2.2l-1.8 7.5q-0.3 1.2-0.2 3.2-3.7-1.6-6-5t-2.3-7.6q0-3.7 1.9-6.9t5-5 6.9-1.9 6.9 1.9 5 5 1.8 6.9z\"\/><\/svg><\/span><\/a><\/li><\/ul><\/div>","protected":false},"excerpt":{"rendered":"<p>Isabella Weindl CMC ist Trainerin und Unternehmensberaterin in der Personal- und Organisationsentwicklung. Im Interview mit Weiterbildungsmarkt.at erkl\u00e4rt die Beraterin, wie es Unternehmen gelingt, die richtige Person am richtigen Platz zu haben und den Sinn f\u00fcr die eigene T\u00e4tigkeit zu erkennen. Weiterbildungmarkt.at: Wie lange sind Sie bereits in der Weiterbildung t\u00e4tig? Was waren Ihre Beweggr\u00fcnde im [&hellip;]<\/p>\n","protected":false},"author":14,"featured_media":9749,"comment_status":"open","ping_status":"closed","sticky":false,"template":"","format":"standard","meta":{"_acf_changed":false,"footnotes":""},"categories":[118,61,50,7],"tags":[170,168,132,10],"class_list":["post-3021","post","type-post","status-publish","format-standard","has-post-thumbnail","hentry","category-persoenlichkeiten-in-der-weiterbildung","category-change-management","category-human-resource-management","category-personalentwicklung","tag-human-resources","tag-management","tag-personalentwicklung","tag-weiterbildungen"],"acf":[],"_links":{"self":[{"href":"https:\/\/www.weiterbildungsmarkt.net\/magazin\/wp-json\/wp\/v2\/posts\/3021","targetHints":{"allow":["GET"]}}],"collection":[{"href":"https:\/\/www.weiterbildungsmarkt.net\/magazin\/wp-json\/wp\/v2\/posts"}],"about":[{"href":"https:\/\/www.weiterbildungsmarkt.net\/magazin\/wp-json\/wp\/v2\/types\/post"}],"author":[{"embeddable":true,"href":"https:\/\/www.weiterbildungsmarkt.net\/magazin\/wp-json\/wp\/v2\/users\/14"}],"replies":[{"embeddable":true,"href":"https:\/\/www.weiterbildungsmarkt.net\/magazin\/wp-json\/wp\/v2\/comments?post=3021"}],"version-history":[{"count":6,"href":"https:\/\/www.weiterbildungsmarkt.net\/magazin\/wp-json\/wp\/v2\/posts\/3021\/revisions"}],"predecessor-version":[{"id":8772,"href":"https:\/\/www.weiterbildungsmarkt.net\/magazin\/wp-json\/wp\/v2\/posts\/3021\/revisions\/8772"}],"wp:featuredmedia":[{"embeddable":true,"href":"https:\/\/www.weiterbildungsmarkt.net\/magazin\/wp-json\/wp\/v2\/media\/9749"}],"wp:attachment":[{"href":"https:\/\/www.weiterbildungsmarkt.net\/magazin\/wp-json\/wp\/v2\/media?parent=3021"}],"wp:term":[{"taxonomy":"category","embeddable":true,"href":"https:\/\/www.weiterbildungsmarkt.net\/magazin\/wp-json\/wp\/v2\/categories?post=3021"},{"taxonomy":"post_tag","embeddable":true,"href":"https:\/\/www.weiterbildungsmarkt.net\/magazin\/wp-json\/wp\/v2\/tags?post=3021"}],"curies":[{"name":"wp","href":"https:\/\/api.w.org\/{rel}","templated":true}]}}