{"id":3245,"date":"2016-10-27T06:05:00","date_gmt":"2016-10-27T04:05:00","guid":{"rendered":"http:\/\/www.weiterbildungsmarkt.net\/magazin\/?p=3245"},"modified":"2017-05-31T15:00:41","modified_gmt":"2017-05-31T13:00:41","slug":"psychosomatische-beschwerden-die-geisel-unserer-zeit","status":"publish","type":"post","link":"https:\/\/www.weiterbildungsmarkt.net\/magazin\/psychosomatische-beschwerden-die-geisel-unserer-zeit\/","title":{"rendered":"Psychosomatische Beschwerden \u2013 die Geisel unserer Zeit"},"content":{"rendered":"<p style=\"text-align: justify;\"><strong>Viele Menschen sind heute depressiv, f\u00fchlen sich \u00fcberlastet oder sind von psychosomatischen Beschwerden betroffen. In unserer leistungs- und konsumorientierten Gesellschaft bleibt die Entwicklung einer sinnerf\u00fcllten Lebensgestaltung oft auf der Strecke. Leistungsdruck, belastende Ereignisse, aber auch schwierige Lebensgeschichten, letztendlich ungel\u00f6ste Lebensthemen binden einen Gro\u00dfteil an Energie. Hinzu kommen allt\u00e4gliche Konflikte und Verletzungen. Irgendwann ist der Punkt erreicht, an dem die Psyche streikt und \u2013 als Folge \u2013 der K\u00f6rper ebenso. Auf Ersch\u00f6pfung folgt Erkrankung. <\/strong><\/p>\n<p style=\"text-align: justify;\">Trotz zahlreicher Bem\u00fchungen auf medizinischem und sozialem Sektor k\u00f6nnen einschneidende Ereignisse oder problembehaftete Lebenssituationen, letztendlich auch enorme Leistungsanspr\u00fcche zu hohen psychischen Belastungen f\u00fchren. Dauern diese Belastungen l\u00e4nger an, so k\u00f6nnen sie sich zu k\u00f6rperlichen Krankheiten, psychosomatischen Beschwerden, Depressionen und anderen \u00dcberlastungs-symptomen wie etwa Burnout ausweiten.<\/p>\n<p style=\"text-align: justify;\">Viele der Betroffenen befinden sich in \u00e4rztlicher Behandlung. Sie nehmen Medikamente, sind oder waren im Krankenstand und schaffen es trotz gro\u00dfer Anstrengung unseres Gesundheitssystems nicht, aus dem negativen Kreislauf herauszukommen. Auch Operationen bringen oft nur kurzfristige Linderung oder sind \u00fcberhaupt wirkungslos. Der K\u00f6rper versucht weiterhin mit unangenehmen Symptomen wie Bluthochdruck, Allergien, Hautausschl\u00e4gen, Kopf- oder Wirbels\u00e4ulenbeschwerden und anderen Qualen auf die \u201eSchieflage der Seele\u201c aufmerksam zu machen. Im schlechtesten Verlauf folgen Arbeitsverlust, Fr\u00fchpensionierung, Isolation und Ausgeschlossenheit aus den sozialen Strukturen unserer Gesellschaft. Manche Betroffene nehmen einen \u201eBehandlungs-Marathon\u201c auf sich und f\u00fchlen sich dennoch nicht erst genommen. Besonders bei somatoformen St\u00f6rungen \u2013 sogenannten Krankheiten ohne Befund \u2013 leiden die Menschen auch darunter, dass ihnen vermittelt wird, eingebildet krank oder sogar \u201everr\u00fcckt\u201c zu sein.<\/p>\n<p style=\"text-align: justify;\">Es ist ein offenes Geheimnis, dass psychosomatische Beschwerden \u2013 also leib-seelische Zusammenh\u00e4nge, die zu einer Symptomatik f\u00fchren \u2013 in unserem Gesundheitssystem schwer behandelbar sind. Manfred Stelzig, Neurologe, Psychotherapeut sowie Chefarzt der Abteilung f\u00fcr Psychosomatik an der Salzburger Uniklinik, schreibt dazu: \u201eEs sei deutlich sp\u00fcrbar, dass die Patienten Schutz, Geborgenheit, Klarheit, St\u00e4rke und Beistand suchen.\u201c Diese Art der umfassenden, ganzheitlichen Zuwendung kann aber das bestehende Gesundheitssystem nicht in dem Ma\u00df leisten, wie es gebraucht werden w\u00fcrde.<\/p>\n<h2 style=\"text-align: justify;\">Krankheit ohne Befund als \u201eLast\u201c f\u00fcr das Gesundheitssystem<\/h2>\n<p style=\"text-align: justify;\">Krankenst\u00e4nde, Arztbesuche und Klinikaufenthalte lassen bei den betroffenen Menschen hohe Kosten entstehen. Und sie belasten auch die Allgemeinheit. Mehr als die H\u00e4lfte der Krankenst\u00e4nde in der EU geht schon auf psychosomatische Beschwerden (man spricht auch von somatoformen St\u00f6rungen) oder psychische Erkrankungen wie Ersch\u00f6pfung, Panikattacken, Schlafst\u00f6rungen oder Burnout zur\u00fcck. F\u00fcnfzig bis sechzig Prozent aller Arbeitsunf\u00e4higkeitstage sind demnach durch psychosoziale Risiken bedingt. Neben hohen Kosten f\u00fcr das Sozialsystem entstehen auch den Unternehmen Produktivit\u00e4tseinbu\u00dfen durch krankheitsbedingte Abwesenheiten ihrer Mitarbeiter. Eine L\u00f6sung der Leiden ist aber auch nach station\u00e4ren Aufenthalten nicht immer abzusehen. Bei einigen Betroffenen kommt es zu R\u00fcckf\u00e4llen (oft mit Symptom-verst\u00e4rkung), da oft keine oder nur eine unzureichende Nachbegleitung angeboten bzw. in Anspruch genommen wird. Eine Ursache f\u00fcr Instabilit\u00e4t in der Phase danach, liegt wohl darin, dass der Betroffene durch eine Behandlung (z.B. einen Klinikaufenthalt anderswo) zur G\u00e4nze aus seinem sozialen Umfeld gerissen wurde. Nach dem Aufenthalt wird es dann umso schwieriger, sich wieder in das gesellschaftliche, allt\u00e4gliche System einzugliedern. L\u00f6sungen f\u00fcr das \u201eBelastende\u201c im Alltag k\u00f6nnen ohne Nachbegleitung kaum oder nur schwer erarbeitet, erprobt und verbessert werden.<\/p>\n<h2 style=\"text-align: justify;\">Vor- und Nachbegleitung als sinnvoller Weg<\/h2>\n<p style=\"text-align: justify;\">Menschen mit Depressionen, \u00dcberlastungssymptomen und psychosomatischen Beschwerden fehlt oft eine fundierte Vor- oder Nachbegleitung au\u00dferhalb von betreuten Einrichtungen. Hier k\u00f6nnen Lebensberater einen wesentlichen Beitrag zur Stabilisierung solcher Menschen vor und nach Aufenthalten in station\u00e4ren Einrichtungen leisten. Sie unterst\u00fctzen ihre Klienten bei der Stabilisierung und Kr\u00e4ftigung ihrer Ressourcen, Abgrenzungsf\u00e4higkeit, Selbstwert und innerer Ruhe. Damit schlie\u00dft die Berufsgruppe eine L\u00fccke im psychosozialen Versorgungsnetz. Das Halten im bzw. die Wiedereingliederung in den Arbeitsprozess wirkt in die Wirtschaftskreislauf. Neben einer direkten Kostenersparnis f\u00fcr das Sozialsystem (etwa wenn ein Krankenhausaufenthalt vermieden werden kann) werden auch Kostentr\u00e4ger wie AMS, Gemeinden und L\u00e4nder entlastet. Letztlich bleiben dem Sozialsystem Beitragszahler erhalten.<\/p>\n<h2 style=\"text-align: justify;\">Mit Leib und Seele krank oder gesund?<\/h2>\n<p style=\"text-align: justify;\">Gesund sein, gesund bleiben oder wieder gesund werden! Das ist uns allen ein gro\u00dfes Anliegen. Einerseits jedem einzelnen von uns, andererseits aber auch der Gesellschaft, den Politikern sowie den Arbeitgebern und den Vertretern der Wirtschaft. Tipps zum Thema Gesundheit gibt es zuhauf. Sie sind in Zeitungen, Zeitschriften, B\u00fcchern und nat\u00fcrlich im Internet zu finden und es fehlt auch nicht an Vortrags- und Workshopangeboten zu diesem Themenbereich. Was genau aber ist unter Gesundheit zu verstehen? Die Antwort darauf bleibt vielschichtig und h\u00e4ngt davon ab, wem man diese Frage stellt. Gesundheit bedeutete lange, k\u00f6rperlich weitgehend schmerzfrei zu sein und sich z.B. \u201edem Alter entsprechend\u201c bewegen zu k\u00f6nnen. Auch wenn im Lauf der Jahre da und dort kleinere Beschwerden und Einschr\u00e4nkungen auftreten (zum Beispiel Weitsichtigkeit), muss man sich keine Sorgen machen. Wie gesagt: das ist dem Alter entsprechend und es wird die passende Brille verschrieben und die Sache hat sich.<\/p>\n<p style=\"text-align: justify;\">Auch einem Gro\u00dfteil der Vertreter der Wirtschaft wagen wir zuzuschreiben, dass sie unter Gesundheit im Wesentlichen die k\u00f6rperliche Leistungsf\u00e4higkeit sehen. Wenn alle Arbeitnehmer morgens am Arbeitsplatz erscheinen und ihre T\u00e4tigkeiten ausf\u00fchren, herrscht bei den Vorgesetzten sowie den Kunden Zufriedenheit. F\u00fcr die Schulmedizin und die Krankenkassen ist man gesund, wenn keine ihrer Leistungen in Anspruch genommen werden \u2013 also keine Arztbesuche, keine Medikamente, keine Klinik- und Kuraufenthalte, usw..<\/p>\n<p style=\"text-align: justify;\">In den letzten Jahren aber hat sich der Blick auf bestimmte Beschwerden ver\u00e4ndert. Meistens handelt es sich um Beschwerden, die sich zwar in k\u00f6rperlichen Symptomen \u00e4u\u00dfern, aber nicht so einfach einem offensichtlichen k\u00f6rperlichen Leiden zugeordnet werden k\u00f6nnen. Der Patient ist \u201eorganisch\u201c gesund, hei\u00dft es dann. Aber er hat trotzdem Schmerzen, Hautausschl\u00e4ge, Schlafst\u00f6rungen, Allergien, Migr\u00e4ne, Ohrger\u00e4usche, Herzrasen oder Atemnot. In diesem Fall spricht man auch von \u201esomatoformen St\u00f6rungen\u201c, die bei vielen Menschen vor\u00fcbergehen. Bei einigen \u2013 und es werden immer mehr \u2013 chronifizieren sich diese Beschwerden und nehmen fortan eine zentrale Rolle in der Lebensf\u00fchrung ein.<\/p>\n<p style=\"text-align: justify;\">Oft ist es m\u00f6glich, die Symptome mit den entsprechenden schulmedizinischen Medikamenten zu lindern. Wenn jedoch eine psychische Ursache zugrunde liegt, dann l\u00e4sst sich die Krankheit auf die herk\u00f6mmliche Art nicht g\u00e4nzlich heilen. Letztendlich entsteht daraus ein chronisches bzw. immer wiederkehrendes Leiden. Es handelt sich um sogenannte \u201epsychosomatische Beschwerden\u201c. Das bedeutet, dass die Ursache der Krankheit sich haupts\u00e4chlich in der Psyche befindet und dann im K\u00f6rper als Symptom zum Ausdruck kommt (vgl. Jameda, 2014). Fr\u00fcher wurden Menschen mit psychosomatischen Beschwerden oftmals als \u201eeingebildet Kranke\u201c bezeichnet. Heute erfahren aber somatoforme bzw. psychosomatische Beschwerden eine breitere Akzeptanz; Gesundheit bzw. Krankheit werden von der Schulmedizin ohne Zweifel auch mit psychischen Komponenten in Verbindung gebracht. Die Methoden der Schulmedizin sind aber nicht ausreichend, um hier Abhilfe zu schaffen. Der Weg der Betroffenen f\u00fchrt daher oft genug in die Psychiatrie und Neurologie oder in psychotherapeutische Praxen.<\/p>\n<h2 style=\"text-align: justify;\">Chronische Schmerzen als Volkskrankheit<\/h2>\n<p style=\"text-align: justify;\">Frau Dr.<sup>in<\/sup> Hertha Mayr, Psychiaterin und Psychotherapeutin an der Landesnervenklinik Wagner-Jauregg in Linz wird in einem Artikel in den O\u00d6 Nachrichten vom 30. Juli 2014 zitiert: \u201eChronische Schmerzen haben immer eine k\u00f6rperliche und eine psychische Komponente. Von psychosomatischen Beschwerden sind oft jene Menschen betroffen, die ihre Gef\u00fchle nicht erkennen und zuordnen k\u00f6nnen. Denn Gef\u00fchle haben auch k\u00f6rperliche Auswirkungen.\u201c<\/p>\n<p style=\"text-align: justify;\">In Europa leiden 19% der Bev\u00f6lkerung unter chronischen Schmerzen oder somatoformen St\u00f6rungen, in \u00d6sterreich sind es sogar 21 Prozent. Von den Patientinnen und Patienten mit chronischen Schmerzen leiden 80 Prozent nach vier Jahren immer noch daran, obwohl viele von ihnen Therapie- und Behandlungsangebote n\u00fctzen. Es ist also h\u00e4ufig ein langer Weg von psychosomatischen Beschwerden zur\u00fcck zur Gesundheit.<\/p>\n<h2 style=\"text-align: justify;\">Krankheiten vorbeugen als K\u00f6nigsweg<\/h2>\n<p style=\"text-align: justify;\">In den letzten Jahren werden vermehrt Depressionen, Burnout und Angstst\u00f6rungen als ernsthafte Erkrankungen wahrgenommen, die entsprechend behandelt werden m\u00fcssen. Die Zeitschrift Forum Gesundheit 1\/2014 der Ober\u00f6sterreichischen Gebietskrankenkasse stellt fest, dass rund 17 bis 18 Prozent der Menschen im Laufe ihres Lebens an Depressionen leiden. Univ.-Doz. Dr. Christian Geretsegger berichtet in seinem Artikel, dass die Ursache einer Depression eine Entgleisung des Hirnstoffwechsels sei. Es handelt sich demnach nicht um eine seelische Erkrankung im engeren Sinn, sondern um eine \u201eGanzk\u00f6rperkrankheit\u201c. \u00dcber die Stoffwechselsysteme werden viele Funktionen des K\u00f6rpers gesteuert und beeinflusst. Deshalb beginnt auch der K\u00f6rper mit Symptomen zu reagieren. Die Auswirkungen freilich sind auch in der Seele zu sp\u00fcren, werden aber von den Betroffenen oftmals verdr\u00e4ngt. In diesem Artikel wird betont, wie wichtig es ist, fr\u00fchzeitig Hilfe zu suchen, auch wenn Menschen gar nicht merken, dass sie sich seelisch schlecht f\u00fchlen.<\/p>\n<p style=\"text-align: justify;\">Krankheiten vorzubeugen statt sie zu heilen, bleibt der K\u00f6nigsweg. Wir k\u00f6nnten uns dadurch nicht nur viel Leid, Sorgen und Schmerzen, sondern auch sehr viel Geld ersparen. Auf der Homepage der Initiative \u201eStressfrei\u201c gibt es dazu interessante Informationen. Laut Wifo und Donau-Uni-Krems kosten psychische Erkrankungen den Staat und die Wirtschaft j\u00e4hrlich ca. 3,3 Mrd. Euro. Dieser Betrag setzt sich aus medizinischen Betreuungskosten zusammen und den Kosten, die der Wirtschaft durch die Ausf\u00e4lle der Arbeitnehmer entstehen. Seit 1994 sollen sich die Krankenstandstage wegen psychischer Belastung fast verdreifacht haben.<\/p>\n<h2 style=\"text-align: justify;\">Vorbeugen ist immer g\u00fcnstiger \u2013 seelisch, k\u00f6rperlich und finanziell<\/h2>\n<p style=\"text-align: justify;\">Wegen seelischer Leiden nehmen j\u00e4hrlich 900.000 \u00d6sterreicher Leistungen der Krankenversicherung (wie Krankengeld, Medikamente und station\u00e4re Aufenthalte) in Anspruch. 840.000 Menschen in \u00d6sterreich erhalten vom Arzt Psychopharmaka verschrieben. Die Ausgaben f\u00fcr Psychopharmaka betragen in \u00d6sterreich j\u00e4hrlich 250 Mio., aber nur 70 Mio. Euro werden f\u00fcr Psychotherapie und klinisch-psychologische Diagnostik ausgegeben (vgl. Stressfrei, 2014).<\/p>\n<p style=\"text-align: justify;\">Die aktuelle Studie \u201eVolkswirtschaftliche Analyse eines rechtzeitigen Erkennens von Burnout\u201c wurde im Dezember 2013 von der Johannes-Kepler Universit\u00e4t publiziert (vgl. Schneider\/Dreer, 2013). Ziel der Studie war die Berechnung der volkswirtschaftlichen Kosten, die durch die Behandlung von Burnout anfallen. Anhand von drei Verlaufsszenarien von Burnout wurde gezeigt, wie stark die volkswirtschaftlichen Gesamtkosten vom Diagnosezeitpunkt abh\u00e4ngen und welche finanziellen Auswirkungen der Diagnose- und Behandlungszeitpunkt auf Klein- Mittel- und Gro\u00dfbetriebe hat.<\/p>\n<h2 style=\"text-align: justify;\">Ein Beispiel am Kostenfaktor \u201eBurnout\u201c:<\/h2>\n<p style=\"text-align: justify;\">Bei Fr\u00fcherkennung (Lebensberatung, Coachingbegleitung, pr\u00e4ventiven Ma\u00dfnahmen) verursacht ein Burnout-Betroffener Gesamtkosten in H\u00f6he von rund 1.500 bis 2.300 Euro. Bei zeitverz\u00f6gerter Diagnose (Behandlung mit Psychotherapie, Medikamente, \u00e4rztliche Betreuung) belaufen sich die Kosten f\u00fcr Behandlung und Krankenstand auf 12.400 bis 17.700 Euro. Bei sp\u00e4ter Diagnose (Spitalaufenthalt, Rehabilitation, Arbeitsausfall, Medikamente, \u00e4rztliche Betreuung, Reintegration am Arbeitsplatz) summieren sich die Kosten von Burnout auf Euro 94.000 bis Euro 131.000 pro Fall.<\/p>\n<p style=\"text-align: justify;\">Egal, ob eine Krankheit einen rein somatischen oder einen psychosomatischen Ursprung hat, jede und jeder kann den eigenen Heilungsprozess positiv beeinflussen (vgl. M\u00fccke, 2004, S 535ff). Voraussetzung daf\u00fcr sind die n\u00f6tigen Werkzeuge (Methodenvermittlung) sowie Begleitung. Lebensberater heilen keine Menschen sondern helfen ihnen, selbst Verantwortung f\u00fcr ihr k\u00f6rperliches und seelisches Wohlbefinden zu \u00fcbernehmen. Sie leisten damit einen wesentlichen Beitrag zur Vermeidung bzw. Abfederung von Burnout, psychosomatischen Erkrankungen, Depressionen, Angstzust\u00e4nden und anderen Beschwerden.<\/p>\n<h3 style=\"text-align: justify;\">Fazit:<\/h3>\n<p style=\"text-align: justify;\">Viele Betroffene nehmen einen \u201eBehandlungs-Marathon\u201c auf sich, f\u00fchlen sich aber trotzdem nicht gut oder klagen, dass k\u00f6rperliche Symptome trotz vieler Arzt- oder Krankenhausbesuche nicht zum Verschwinden gebracht werden. Sie stecken in anklagenden und verteidigenden Haltungsmustern fest. Die Anforderungen im Job werden zu Schwierigkeiten, die Gefahr, gek\u00fcndigt zu werden, erzeugt zus\u00e4tzlich Stress. Viele \u201efl\u00fcchten\u201c in Krankenst\u00e4nde und erleben die Nachteile der Arbeitslosigkeit als weniger belastend, als wenn sie im \u201ekrankmachenden\u201c Arbeitsprozess integriert w\u00e4ren.<\/p>\n<p style=\"text-align: justify;\">Zudem gibt es f\u00fcr die \u201eKrankheit ohne Befund\u201c, also psychosomatische Beschwerden keine Pille, die alles gut werden l\u00e4sst. Die Betroffenen sind selbst gefordert, Belastendes, Energie raubendes Verhalten aufzul\u00f6sen oder ihr Leben dahin zu ver\u00e4ndern, dass sie selbst wieder im Einklang mit ihren Lebenszielen stehen bzw. Perspektiven dahin entwickeln. Hier setzt die Begleitung der Lebensberater an.<\/p>\n<h3 style=\"text-align: justify;\">\u00dcber den Autor:<\/h3>\n<p style=\"text-align: justify;\"><strong><img loading=\"lazy\" decoding=\"async\" class=\"alignleft wp-image-2526 size-thumbnail\" src=\"https:\/\/www.weiterbildungsmarkt.net\/magazin\/wp-content\/uploads\/2015\/10\/Huemer-120x120.jpg\" alt=\"Huemer\" width=\"120\" height=\"120\" srcset=\"https:\/\/www.weiterbildungsmarkt.net\/magazin\/wp-content\/uploads\/2015\/10\/Huemer-120x120.jpg 120w, https:\/\/www.weiterbildungsmarkt.net\/magazin\/wp-content\/uploads\/2015\/10\/Huemer-210x210.jpg 210w\" sizes=\"auto, (max-width: 120px) 100vw, 120px\" \/><\/strong><\/p>\n<p style=\"text-align: justify;\">Gottfried Huemer leitet in Laakirchen\/Ober\u00f6sterreich ein Stresspr\u00e4ventionszentrum und Erwachsenenbildungsinstitut. Neben seiner T\u00e4tigkeit als F\u00fchrungskr\u00e4ftecoach und Lehrtrainer begleitet er seit 15 Jahren Menschen bei Lebensver\u00e4nderungskrisen und stressbedingten \u00dcberlastungssymptomen. Sein k\u00fcrzlich im Kreuz Verlag erschienenes Buch \u201eM\u00e4nner haben keine Depressionen\u201c kann bei Amazon bestellt werden.<\/p>\n<p style=\"text-align: justify;\">Weitere Informationen \u00fcber <strong><a href=\"https:\/\/www.weiterbildungsmarkt.net\/institut-oberoesterreich-institut-huemer-eu-stresspraevention-familien-erwachsenenbildung-817\">Gottfried Huemer<\/a><\/strong><\/p>\n<p>&nbsp;<\/p>\n<div class=\"shariff shariff-align-left shariff-widget-align-left\"><ul class=\"shariff-buttons theme-round orientation-horizontal buttonsize-medium\"><li class=\"shariff-button facebook shariff-nocustomcolor\" style=\"background-color:#4273c8\"><a href=\"https:\/\/www.facebook.com\/sharer\/sharer.php?u=https%3A%2F%2Fwww.weiterbildungsmarkt.net%2Fmagazin%2Fpsychosomatische-beschwerden-die-geisel-unserer-zeit%2F\" title=\"Bei Facebook teilen\" aria-label=\"Bei Facebook teilen\" role=\"button\" rel=\"nofollow\" class=\"shariff-link\" style=\"; background-color:#3b5998; color:#fff\" target=\"_blank\"><span class=\"shariff-icon\" style=\"\"><svg width=\"32px\" height=\"20px\" xmlns=\"http:\/\/www.w3.org\/2000\/svg\" viewBox=\"0 0 18 32\"><path fill=\"#3b5998\" d=\"M17.1 0.2v4.7h-2.8q-1.5 0-2.1 0.6t-0.5 1.9v3.4h5.2l-0.7 5.3h-4.5v13.6h-5.5v-13.6h-4.5v-5.3h4.5v-3.9q0-3.3 1.9-5.2t5-1.8q2.6 0 4.1 0.2z\"\/><\/svg><\/span><\/a><\/li><li class=\"shariff-button twitter shariff-nocustomcolor\" style=\"background-color:#595959\"><a href=\"https:\/\/twitter.com\/share?url=https%3A%2F%2Fwww.weiterbildungsmarkt.net%2Fmagazin%2Fpsychosomatische-beschwerden-die-geisel-unserer-zeit%2F&text=Psychosomatische%20Beschwerden%20%E2%80%93%20die%20Geisel%20unserer%20Zeit\" title=\"Bei X teilen\" aria-label=\"Bei X teilen\" role=\"button\" rel=\"noopener nofollow\" class=\"shariff-link\" style=\"; background-color:#000; color:#fff\" target=\"_blank\"><span class=\"shariff-icon\" style=\"\"><svg width=\"32px\" height=\"20px\" xmlns=\"http:\/\/www.w3.org\/2000\/svg\" viewBox=\"0 0 24 24\"><path fill=\"#000\" d=\"M14.258 10.152L23.176 0h-2.113l-7.747 8.813L7.133 0H0l9.352 13.328L0 23.973h2.113l8.176-9.309 6.531 9.309h7.133zm-2.895 3.293l-.949-1.328L2.875 1.56h3.246l6.086 8.523.945 1.328 7.91 11.078h-3.246zm0 0\"\/><\/svg><\/span><\/a><\/li><li class=\"shariff-button xing shariff-nocustomcolor\" style=\"background-color:#29888a\"><a href=\"https:\/\/www.xing.com\/spi\/shares\/new?url=https%3A%2F%2Fwww.weiterbildungsmarkt.net%2Fmagazin%2Fpsychosomatische-beschwerden-die-geisel-unserer-zeit%2F\" title=\"Bei XING teilen\" aria-label=\"Bei XING teilen\" role=\"button\" rel=\"noopener nofollow\" class=\"shariff-link\" style=\"; background-color:#126567; color:#fff\" target=\"_blank\"><span class=\"shariff-icon\" style=\"\"><svg width=\"32px\" height=\"20px\" xmlns=\"http:\/\/www.w3.org\/2000\/svg\" viewBox=\"0 0 25 32\"><path fill=\"#126567\" d=\"M10.7 11.9q-0.2 0.3-4.6 8.2-0.5 0.8-1.2 0.8h-4.3q-0.4 0-0.5-0.3t0-0.6l4.5-8q0 0 0 0l-2.9-5q-0.2-0.4 0-0.7 0.2-0.3 0.5-0.3h4.3q0.7 0 1.2 0.8zM25.1 0.4q0.2 0.3 0 0.7l-9.4 16.7 6 11q0.2 0.4 0 0.6-0.2 0.3-0.6 0.3h-4.3q-0.7 0-1.2-0.8l-6-11.1q0.3-0.6 9.5-16.8 0.4-0.8 1.2-0.8h4.3q0.4 0 0.5 0.3z\"\/><\/svg><\/span><\/a><\/li><li class=\"shariff-button linkedin shariff-nocustomcolor\" style=\"background-color:#1488bf\"><a href=\"https:\/\/www.linkedin.com\/sharing\/share-offsite\/?url=https%3A%2F%2Fwww.weiterbildungsmarkt.net%2Fmagazin%2Fpsychosomatische-beschwerden-die-geisel-unserer-zeit%2F\" title=\"Bei LinkedIn teilen\" aria-label=\"Bei LinkedIn teilen\" role=\"button\" rel=\"noopener nofollow\" class=\"shariff-link\" style=\"; background-color:#0077b5; color:#fff\" target=\"_blank\"><span class=\"shariff-icon\" style=\"\"><svg width=\"32px\" height=\"20px\" xmlns=\"http:\/\/www.w3.org\/2000\/svg\" viewBox=\"0 0 27 32\"><path fill=\"#0077b5\" d=\"M6.2 11.2v17.7h-5.9v-17.7h5.9zM6.6 5.7q0 1.3-0.9 2.2t-2.4 0.9h0q-1.5 0-2.4-0.9t-0.9-2.2 0.9-2.2 2.4-0.9 2.4 0.9 0.9 2.2zM27.4 18.7v10.1h-5.9v-9.5q0-1.9-0.7-2.9t-2.3-1.1q-1.1 0-1.9 0.6t-1.2 1.5q-0.2 0.5-0.2 1.4v9.9h-5.9q0-7.1 0-11.6t0-5.3l0-0.9h5.9v2.6h0q0.4-0.6 0.7-1t1-0.9 1.6-0.8 2-0.3q3 0 4.9 2t1.9 6z\"\/><\/svg><\/span><\/a><\/li><li class=\"shariff-button whatsapp shariff-nocustomcolor\" style=\"background-color:#5cbe4a\"><a href=\"https:\/\/api.whatsapp.com\/send?text=https%3A%2F%2Fwww.weiterbildungsmarkt.net%2Fmagazin%2Fpsychosomatische-beschwerden-die-geisel-unserer-zeit%2F%20Psychosomatische%20Beschwerden%20%E2%80%93%20die%20Geisel%20unserer%20Zeit\" title=\"Bei Whatsapp teilen\" aria-label=\"Bei Whatsapp teilen\" role=\"button\" rel=\"noopener nofollow\" class=\"shariff-link\" style=\"; background-color:#34af23; color:#fff\" target=\"_blank\"><span class=\"shariff-icon\" style=\"\"><svg width=\"32px\" height=\"20px\" xmlns=\"http:\/\/www.w3.org\/2000\/svg\" viewBox=\"0 0 32 32\"><path fill=\"#34af23\" d=\"M17.6 17.4q0.2 0 1.7 0.8t1.6 0.9q0 0.1 0 0.3 0 0.6-0.3 1.4-0.3 0.7-1.3 1.2t-1.8 0.5q-1 0-3.4-1.1-1.7-0.8-3-2.1t-2.6-3.3q-1.3-1.9-1.3-3.5v-0.1q0.1-1.6 1.3-2.8 0.4-0.4 0.9-0.4 0.1 0 0.3 0t0.3 0q0.3 0 0.5 0.1t0.3 0.5q0.1 0.4 0.6 1.6t0.4 1.3q0 0.4-0.6 1t-0.6 0.8q0 0.1 0.1 0.3 0.6 1.3 1.8 2.4 1 0.9 2.7 1.8 0.2 0.1 0.4 0.1 0.3 0 1-0.9t0.9-0.9zM14 26.9q2.3 0 4.3-0.9t3.6-2.4 2.4-3.6 0.9-4.3-0.9-4.3-2.4-3.6-3.6-2.4-4.3-0.9-4.3 0.9-3.6 2.4-2.4 3.6-0.9 4.3q0 3.6 2.1 6.6l-1.4 4.2 4.3-1.4q2.8 1.9 6.2 1.9zM14 2.2q2.7 0 5.2 1.1t4.3 2.9 2.9 4.3 1.1 5.2-1.1 5.2-2.9 4.3-4.3 2.9-5.2 1.1q-3.5 0-6.5-1.7l-7.4 2.4 2.4-7.2q-1.9-3.2-1.9-6.9 0-2.7 1.1-5.2t2.9-4.3 4.3-2.9 5.2-1.1z\"\/><\/svg><\/span><\/a><\/li><li class=\"shariff-button pinterest shariff-nocustomcolor\" style=\"background-color:#e70f18\"><a href=\"https:\/\/www.pinterest.com\/pin\/create\/link\/?url=https%3A%2F%2Fwww.weiterbildungsmarkt.net%2Fmagazin%2Fpsychosomatische-beschwerden-die-geisel-unserer-zeit%2F&media=https%3A%2F%2Fwww.weiterbildungsmarkt.net%2Fmagazin%2Fwp-content%2Fuploads%2F2024%2F11%2Fcolored-pencils-2024-09-23-04-02-30-utc-scaled.jpg&description=Psychosomatische%20Beschwerden%20%E2%80%93%20die%20Geisel%20unserer%20Zeit\" title=\"Bei Pinterest pinnen\" aria-label=\"Bei Pinterest pinnen\" role=\"button\" rel=\"noopener nofollow\" class=\"shariff-link\" style=\"; background-color:#cb2027; color:#fff\" target=\"_blank\"><span class=\"shariff-icon\" style=\"\"><svg width=\"32px\" height=\"20px\" xmlns=\"http:\/\/www.w3.org\/2000\/svg\" viewBox=\"0 0 27 32\"><path fill=\"#cb2027\" d=\"M27.4 16q0 3.7-1.8 6.9t-5 5-6.9 1.9q-2 0-3.9-0.6 1.1-1.7 1.4-2.9 0.2-0.6 1-3.8 0.4 0.7 1.3 1.2t2 0.5q2.1 0 3.8-1.2t2.7-3.4 0.9-4.8q0-2-1.1-3.8t-3.1-2.9-4.5-1.2q-1.9 0-3.5 0.5t-2.8 1.4-2 2-1.2 2.3-0.4 2.4q0 1.9 0.7 3.3t2.1 2q0.5 0.2 0.7-0.4 0-0.1 0.1-0.5t0.2-0.5q0.1-0.4-0.2-0.8-0.9-1.1-0.9-2.7 0-2.7 1.9-4.6t4.9-2q2.7 0 4.2 1.5t1.5 3.8q0 3-1.2 5.2t-3.1 2.1q-1.1 0-1.7-0.8t-0.4-1.9q0.1-0.6 0.5-1.7t0.5-1.8 0.2-1.4q0-0.9-0.5-1.5t-1.4-0.6q-1.1 0-1.9 1t-0.8 2.6q0 1.3 0.4 2.2l-1.8 7.5q-0.3 1.2-0.2 3.2-3.7-1.6-6-5t-2.3-7.6q0-3.7 1.9-6.9t5-5 6.9-1.9 6.9 1.9 5 5 1.8 6.9z\"\/><\/svg><\/span><\/a><\/li><\/ul><\/div>","protected":false},"excerpt":{"rendered":"<p>Viele Menschen sind heute depressiv, f\u00fchlen sich \u00fcberlastet oder sind von psychosomatischen Beschwerden betroffen. In unserer leistungs- und konsumorientierten Gesellschaft bleibt die Entwicklung einer sinnerf\u00fcllten Lebensgestaltung oft auf der Strecke. Leistungsdruck, belastende Ereignisse, aber auch schwierige Lebensgeschichten, letztendlich ungel\u00f6ste Lebensthemen binden einen Gro\u00dfteil an Energie. Hinzu kommen allt\u00e4gliche Konflikte und Verletzungen. Irgendwann ist der Punkt [&hellip;]<\/p>\n","protected":false},"author":3,"featured_media":9749,"comment_status":"open","ping_status":"closed","sticky":false,"template":"","format":"standard","meta":{"_acf_changed":false,"footnotes":""},"categories":[5,45,43,44],"tags":[165,131,164],"class_list":["post-3245","post","type-post","status-publish","format-standard","has-post-thumbnail","hentry","category-coaching","category-burnout","category-selbstmanagement","category-stressmanagement","tag-burnout","tag-coaching","tag-stressmanagement"],"acf":[],"_links":{"self":[{"href":"https:\/\/www.weiterbildungsmarkt.net\/magazin\/wp-json\/wp\/v2\/posts\/3245","targetHints":{"allow":["GET"]}}],"collection":[{"href":"https:\/\/www.weiterbildungsmarkt.net\/magazin\/wp-json\/wp\/v2\/posts"}],"about":[{"href":"https:\/\/www.weiterbildungsmarkt.net\/magazin\/wp-json\/wp\/v2\/types\/post"}],"author":[{"embeddable":true,"href":"https:\/\/www.weiterbildungsmarkt.net\/magazin\/wp-json\/wp\/v2\/users\/3"}],"replies":[{"embeddable":true,"href":"https:\/\/www.weiterbildungsmarkt.net\/magazin\/wp-json\/wp\/v2\/comments?post=3245"}],"version-history":[{"count":5,"href":"https:\/\/www.weiterbildungsmarkt.net\/magazin\/wp-json\/wp\/v2\/posts\/3245\/revisions"}],"predecessor-version":[{"id":4576,"href":"https:\/\/www.weiterbildungsmarkt.net\/magazin\/wp-json\/wp\/v2\/posts\/3245\/revisions\/4576"}],"wp:featuredmedia":[{"embeddable":true,"href":"https:\/\/www.weiterbildungsmarkt.net\/magazin\/wp-json\/wp\/v2\/media\/9749"}],"wp:attachment":[{"href":"https:\/\/www.weiterbildungsmarkt.net\/magazin\/wp-json\/wp\/v2\/media?parent=3245"}],"wp:term":[{"taxonomy":"category","embeddable":true,"href":"https:\/\/www.weiterbildungsmarkt.net\/magazin\/wp-json\/wp\/v2\/categories?post=3245"},{"taxonomy":"post_tag","embeddable":true,"href":"https:\/\/www.weiterbildungsmarkt.net\/magazin\/wp-json\/wp\/v2\/tags?post=3245"}],"curies":[{"name":"wp","href":"https:\/\/api.w.org\/{rel}","templated":true}]}}