{"id":3265,"date":"2016-11-09T12:14:14","date_gmt":"2016-11-09T10:14:14","guid":{"rendered":"http:\/\/www.weiterbildungsmarkt.net\/magazin\/?p=3265"},"modified":"2023-02-03T12:32:24","modified_gmt":"2023-02-03T10:32:24","slug":"gerhard-j-vater-menschen-machen-unternehmen-fuer-kunden-unentbehrlich","status":"publish","type":"post","link":"https:\/\/www.weiterbildungsmarkt.net\/magazin\/gerhard-j-vater-menschen-machen-unternehmen-fuer-kunden-unentbehrlich\/","title":{"rendered":"Gerhard J. Vater: &#8222;Menschen machen Unternehmen f\u00fcr Kunden unentbehrlich&#8220;"},"content":{"rendered":"<p style=\"text-align: justify;\">Gerhard J. Vater ist Experte f\u00fcr Kundenorientierung und Arbeitsfreude. Im Interview mit Weiterbildungsmarkt.at verr\u00e4t der Trainer und Speaker, welche Rolle die Einstellung und Arbeitsfreude auf eine erfolgreiche Kundenorientierung haben.<\/p>\n<p style=\"text-align: justify;\"><strong>Weiterbildungsmarkt.at: Wie lange sind Sie bereits in der Weiterbildung t\u00e4tig? Wie sind Sie in den Bereich gekommen?<br \/>\n<\/strong><\/p>\n<p class=\"Text\" style=\"text-align: justify;\"><strong>Gerhard J. Vater<\/strong>: <span lang=\"DE\">Eigentlich bin ich mein ganzes Berufsleben im Weiterbildungsbereich t\u00e4tig gewesen. Das hat Anfang der 80er-Jahre begonnen, als ich eine internationale Sprachschule in Wien geleitet habe. Damals war ich f\u00fcr den Verkauf und die Organisation von Sprachprogrammen f\u00fcr Firmen und Privatkunden verantwortlich. Da war ein hoher Beratungsanteil dabei und so bin ich dann in die Personalberatung gekommen. Dort war das Thema berufliche Aus- und Weiterbildung ein st\u00e4ndiger Begleiter, sowohl bei Kandidaten als auch bei Klienten. Anfang der 90er-Jahre habe ich mich dann selbst\u00e4ndig gemacht und einer Berater- und Trainergruppe als Kooperationspartner angeschlossen. Wenn die Selbst\u00e4ndigkeit der wesentliche Ankerpunkt f\u00fcr die Frage ist, dann bin ich seit \u00fcber 25 Jahren im Weiterbildungsmetier t\u00e4tig.<\/span><\/p>\n<p class=\"Text\" style=\"text-align: justify;\"><span lang=\"DE\">Mein Selbstverst\u00e4ndnis war immer das des Denkpartners und Prozessbegleiters. Training ist eine Interventionsart von mehreren in diesen Rollen.<\/span><\/p>\n<p style=\"text-align: justify;\"><strong>Weiterbildungsmarkt.at: Was sind Ihre Kernthemen und was vermitteln Sie in Ihren Trainings und Vortr\u00e4gen? <\/strong><\/p>\n<p class=\"Text\" style=\"text-align: justify;\"><strong>Gerhard J. Vater<\/strong>: <span lang=\"DE\">Vor der Selbst\u00e4ndigkeit waren es immer marktorientierte und verk\u00e4uferische Aufgaben mit hohem Beratungscharakter. Daher habe ich mich von Anfang an immer um Themen zur Servicekultur meiner Auftraggeber gek\u00fcmmert. Als Wirtssohn ist mir ehrliche Kundenorientierung von Kindheit an vertraut gewesen und in diesem Thema habe ich mich von Anfang wohlgef\u00fchlt. Auf Neudeutsch hei\u00dft das jetzt \u201eHostmanship\u201c. Die Schl\u00fcsselfrage lautet: \u201eWie m\u00fcssen wir sein, um f\u00fcr Kunden unentbehrlich zu werden?\u201c Das betrifft die Einstellung, das Verhalten und die Strukturen einer Organisation und ihrer Mitarbeiterinnen und Mitarbeiter. <\/span><\/p>\n<p class=\"Text\" style=\"text-align: justify;\"><span lang=\"DE\">\u00dcber die Jahre ist zur Thematik \u201eKundenorientierung\u201c das Thema \u201eArbeitsfreude\u201c dazugewachsen. Die Erfahrung hat n\u00e4mlich gezeigt, dass in vielen F\u00e4llen die Kundenorientierung nur Lippenbekenntnis war\/ist und durch die fehlende Arbeitsfreude f\u00fcr Kunden nicht erlebbar wurde. Wer mit mir zusammenarbeitet bekommt (wieder) \u201eLust auf Kunden\u201c und sch\u00e4rft seinen \u201eBlick f\u00fcr Kunden\u201c. Wie gesagt, Ziel ist es, f\u00fcr Kunden unentbehrlich zu werden.<\/span><\/p>\n<p style=\"text-align: justify;\"><strong>Weiterbildungsmarkt.at: Was war in der letzten Zeit das Highlight in Ihren Projekten?<\/strong><\/p>\n<p class=\"Text\" style=\"text-align: justify;\"><strong>Gerhard J. Vater<\/strong>: <span lang=\"DE\">Jedes Projekt hat immer gute Chancen, ein Highlight zu sein. Aktuell geht es um ein Entwicklungsprojekt \u201eVom Technikunternehmen zum Dienstleistungsunternehmen\u201c. Toller Auftraggeber mit klarer strategischer Neuausrichtung, Positionierung und Umorganisation. Die Aufgabe: Bereitschaft und F\u00e4higkeit der Menschen sichern, den neuen Weg auf dem Markt mitzugehen. So Dinge wie Dienstleistungsgesinnung und Servicekultur m\u00fcssen \u201eanders gesehen, gedacht und getan\u201c werden. Und es wird. Bei dieser Art von Projekten ist die von mir entwickelte &#8222;Vater-Methode&#8220; besonders wirksam.<\/span><\/p>\n<p style=\"text-align: justify;\"><strong>Weiterbildungsmarkt.at: Wo sehen Sie in Ihrem Thema noch Herausforderungen f\u00fcr die Zukunft, die es zu meistern gilt?<\/strong><\/p>\n<p class=\"Text\" style=\"text-align: justify;\"><strong>Gerhard J. Vater<\/strong>: <span lang=\"DE\">Die modernen Informations- und Kommunikationstechnologien bergen die Gefahr, dass sich die Unternehmen von Ihren Kunden entfernen. Maschinenintelligenz soll Menschenintelligenz ersetzen. Im Kundenkontakt wird die Rolle der Menschen aber immer wichtiger. Die Routinen machen die Maschinen, doch sie m\u00fcssen von Menschen bedient werden. Die Schl\u00fcsselsituationen f\u00fcr erlebbare Kundenorientierung machen weiterhin Menschen. Diese Strukturen und Abl\u00e4ufe erfordern andere Einstellung und anderes Verhalten. Die erfolgreichen Unternehmen haben das schon verinnerlicht. Sie verlassen sich nicht <span class=\"label label-primary\">ausschlie\u00dflich<\/span> auf das, was man \u201eIndustrie 4.0\u201c nennt. Menschen machen Unternehmen f\u00fcr Kunden unentbehrlich. Alles andere ist kopierbar. <\/span><\/p>\n<p style=\"text-align: justify;\"><strong>Weiterbildungsmarkt.at: Wo geht es f\u00fcr Sie noch hin? Was wollen Sie in Ihrer T\u00e4tigkeit im Training noch erreichen?<\/strong><\/p>\n<p style=\"text-align: justify;\"><strong>Gerhard J. Vater<\/strong>: Mut und Zuversicht fallen nicht vom Himmel. Gerade die heutige Arbeitswelt nimmt den Menschen zu oft den Glauben an ihre Selbstwirksamkeit. Ich m\u00f6chte einen Beitrag dazu leisten, das Menschen (wieder) echte Freude an der Betreuung von Kunden bekommen. Dass sie merken, wie wichtig und unentbehrlich sie f\u00fcr andere sind, wenn sie Sinnvolles bewirken. Dazu habe ich auch ein Buch geschrieben: \u201eWie aus Arbeit Freude wird \u2013\u00a0Wechseln Sie die Perspektive, nicht den Job\u201c. Dieses Buch ist ein Baustein dazu, Menschen Lust auf Kunden zu machen. Es wird nicht der letzte bleiben.<\/p>\n<p style=\"text-align: justify;\"><strong>Weiterbildungsmarkt.at:<\/strong> Vielen Dank f\u00fcr das Interview!<\/p>\n<p style=\"text-align: justify;\"><strong><img loading=\"lazy\" decoding=\"async\" class=\"alignleft size-thumbnail wp-image-3269\" src=\"https:\/\/www.weiterbildungsmarkt.net\/magazin\/wp-content\/uploads\/2016\/10\/GJV-120x120.png\" alt=\"Gerhard J. Vater\" width=\"120\" height=\"120\" \/>\u00a0<\/strong><\/p>\n<p style=\"text-align: justify;\">Weitere Informationen \u00fcber <a href=\"https:\/\/www.weiterbildungsmarkt.net\/speaker-wien-gerhard-j-vater-417\"><strong>Gerhard J. Vater<\/strong><\/a><\/p>\n<div class=\"shariff shariff-align-flex-start shariff-widget-align-flex-start\"><ul class=\"shariff-buttons theme-round orientation-horizontal buttonsize-medium\"><li class=\"shariff-button facebook shariff-nocustomcolor\" style=\"background-color:#4273c8\"><a href=\"https:\/\/www.facebook.com\/sharer\/sharer.php?u=https%3A%2F%2Fwww.weiterbildungsmarkt.net%2Fmagazin%2Fgerhard-j-vater-menschen-machen-unternehmen-fuer-kunden-unentbehrlich%2F\" title=\"Bei Facebook teilen\" aria-label=\"Bei Facebook teilen\" role=\"button\" rel=\"nofollow\" class=\"shariff-link\" style=\"; background-color:#3b5998; color:#fff\" target=\"_blank\"><span class=\"shariff-icon\" style=\"\"><svg width=\"32px\" height=\"20px\" xmlns=\"http:\/\/www.w3.org\/2000\/svg\" viewBox=\"0 0 18 32\"><path fill=\"#3b5998\" d=\"M17.1 0.2v4.7h-2.8q-1.5 0-2.1 0.6t-0.5 1.9v3.4h5.2l-0.7 5.3h-4.5v13.6h-5.5v-13.6h-4.5v-5.3h4.5v-3.9q0-3.3 1.9-5.2t5-1.8q2.6 0 4.1 0.2z\"\/><\/svg><\/span><\/a><\/li><li class=\"shariff-button twitter shariff-nocustomcolor\" style=\"background-color:#595959\"><a href=\"https:\/\/twitter.com\/share?url=https%3A%2F%2Fwww.weiterbildungsmarkt.net%2Fmagazin%2Fgerhard-j-vater-menschen-machen-unternehmen-fuer-kunden-unentbehrlich%2F&text=Gerhard%20J.%20Vater%3A%20%E2%80%9EMenschen%20machen%20Unternehmen%20f%C3%BCr%20Kunden%20unentbehrlich%E2%80%9C\" title=\"Bei X teilen\" aria-label=\"Bei X teilen\" role=\"button\" rel=\"noopener nofollow\" class=\"shariff-link\" style=\"; background-color:#000; color:#fff\" target=\"_blank\"><span class=\"shariff-icon\" style=\"\"><svg width=\"32px\" height=\"20px\" xmlns=\"http:\/\/www.w3.org\/2000\/svg\" viewBox=\"0 0 24 24\"><path fill=\"#000\" d=\"M14.258 10.152L23.176 0h-2.113l-7.747 8.813L7.133 0H0l9.352 13.328L0 23.973h2.113l8.176-9.309 6.531 9.309h7.133zm-2.895 3.293l-.949-1.328L2.875 1.56h3.246l6.086 8.523.945 1.328 7.91 11.078h-3.246zm0 0\"\/><\/svg><\/span><\/a><\/li><li class=\"shariff-button xing shariff-nocustomcolor\" style=\"background-color:#29888a\"><a href=\"https:\/\/www.xing.com\/spi\/shares\/new?url=https%3A%2F%2Fwww.weiterbildungsmarkt.net%2Fmagazin%2Fgerhard-j-vater-menschen-machen-unternehmen-fuer-kunden-unentbehrlich%2F\" title=\"Bei XING teilen\" aria-label=\"Bei XING teilen\" role=\"button\" rel=\"noopener nofollow\" class=\"shariff-link\" style=\"; background-color:#126567; color:#fff\" target=\"_blank\"><span class=\"shariff-icon\" style=\"\"><svg width=\"32px\" height=\"20px\" xmlns=\"http:\/\/www.w3.org\/2000\/svg\" viewBox=\"0 0 25 32\"><path fill=\"#126567\" d=\"M10.7 11.9q-0.2 0.3-4.6 8.2-0.5 0.8-1.2 0.8h-4.3q-0.4 0-0.5-0.3t0-0.6l4.5-8q0 0 0 0l-2.9-5q-0.2-0.4 0-0.7 0.2-0.3 0.5-0.3h4.3q0.7 0 1.2 0.8zM25.1 0.4q0.2 0.3 0 0.7l-9.4 16.7 6 11q0.2 0.4 0 0.6-0.2 0.3-0.6 0.3h-4.3q-0.7 0-1.2-0.8l-6-11.1q0.3-0.6 9.5-16.8 0.4-0.8 1.2-0.8h4.3q0.4 0 0.5 0.3z\"\/><\/svg><\/span><\/a><\/li><li class=\"shariff-button linkedin shariff-nocustomcolor\" style=\"background-color:#1488bf\"><a href=\"https:\/\/www.linkedin.com\/sharing\/share-offsite\/?url=https%3A%2F%2Fwww.weiterbildungsmarkt.net%2Fmagazin%2Fgerhard-j-vater-menschen-machen-unternehmen-fuer-kunden-unentbehrlich%2F\" title=\"Bei LinkedIn teilen\" aria-label=\"Bei LinkedIn teilen\" role=\"button\" rel=\"noopener nofollow\" class=\"shariff-link\" style=\"; background-color:#0077b5; color:#fff\" target=\"_blank\"><span class=\"shariff-icon\" style=\"\"><svg width=\"32px\" height=\"20px\" xmlns=\"http:\/\/www.w3.org\/2000\/svg\" viewBox=\"0 0 27 32\"><path fill=\"#0077b5\" d=\"M6.2 11.2v17.7h-5.9v-17.7h5.9zM6.6 5.7q0 1.3-0.9 2.2t-2.4 0.9h0q-1.5 0-2.4-0.9t-0.9-2.2 0.9-2.2 2.4-0.9 2.4 0.9 0.9 2.2zM27.4 18.7v10.1h-5.9v-9.5q0-1.9-0.7-2.9t-2.3-1.1q-1.1 0-1.9 0.6t-1.2 1.5q-0.2 0.5-0.2 1.4v9.9h-5.9q0-7.1 0-11.6t0-5.3l0-0.9h5.9v2.6h0q0.4-0.6 0.7-1t1-0.9 1.6-0.8 2-0.3q3 0 4.9 2t1.9 6z\"\/><\/svg><\/span><\/a><\/li><li class=\"shariff-button whatsapp shariff-nocustomcolor\" style=\"background-color:#5cbe4a\"><a href=\"https:\/\/api.whatsapp.com\/send?text=https%3A%2F%2Fwww.weiterbildungsmarkt.net%2Fmagazin%2Fgerhard-j-vater-menschen-machen-unternehmen-fuer-kunden-unentbehrlich%2F%20Gerhard%20J.%20Vater%3A%20%E2%80%9EMenschen%20machen%20Unternehmen%20f%C3%BCr%20Kunden%20unentbehrlich%E2%80%9C\" title=\"Bei Whatsapp teilen\" aria-label=\"Bei Whatsapp teilen\" role=\"button\" rel=\"noopener nofollow\" class=\"shariff-link\" style=\"; background-color:#34af23; color:#fff\" target=\"_blank\"><span class=\"shariff-icon\" style=\"\"><svg width=\"32px\" height=\"20px\" xmlns=\"http:\/\/www.w3.org\/2000\/svg\" viewBox=\"0 0 32 32\"><path fill=\"#34af23\" d=\"M17.6 17.4q0.2 0 1.7 0.8t1.6 0.9q0 0.1 0 0.3 0 0.6-0.3 1.4-0.3 0.7-1.3 1.2t-1.8 0.5q-1 0-3.4-1.1-1.7-0.8-3-2.1t-2.6-3.3q-1.3-1.9-1.3-3.5v-0.1q0.1-1.6 1.3-2.8 0.4-0.4 0.9-0.4 0.1 0 0.3 0t0.3 0q0.3 0 0.5 0.1t0.3 0.5q0.1 0.4 0.6 1.6t0.4 1.3q0 0.4-0.6 1t-0.6 0.8q0 0.1 0.1 0.3 0.6 1.3 1.8 2.4 1 0.9 2.7 1.8 0.2 0.1 0.4 0.1 0.3 0 1-0.9t0.9-0.9zM14 26.9q2.3 0 4.3-0.9t3.6-2.4 2.4-3.6 0.9-4.3-0.9-4.3-2.4-3.6-3.6-2.4-4.3-0.9-4.3 0.9-3.6 2.4-2.4 3.6-0.9 4.3q0 3.6 2.1 6.6l-1.4 4.2 4.3-1.4q2.8 1.9 6.2 1.9zM14 2.2q2.7 0 5.2 1.1t4.3 2.9 2.9 4.3 1.1 5.2-1.1 5.2-2.9 4.3-4.3 2.9-5.2 1.1q-3.5 0-6.5-1.7l-7.4 2.4 2.4-7.2q-1.9-3.2-1.9-6.9 0-2.7 1.1-5.2t2.9-4.3 4.3-2.9 5.2-1.1z\"\/><\/svg><\/span><\/a><\/li><li class=\"shariff-button pinterest shariff-nocustomcolor\" style=\"background-color:#e70f18\"><a href=\"https:\/\/www.pinterest.com\/pin\/create\/link\/?url=https%3A%2F%2Fwww.weiterbildungsmarkt.net%2Fmagazin%2Fgerhard-j-vater-menschen-machen-unternehmen-fuer-kunden-unentbehrlich%2F&media=https%3A%2F%2Fwww.weiterbildungsmarkt.net%2Fmagazin%2Fwp-content%2Fuploads%2F2024%2F11%2Fcolored-pencils-2024-09-23-04-02-30-utc-scaled.jpg&description=Gerhard%20J.%20Vater%3A%20%E2%80%9EMenschen%20machen%20Unternehmen%20f%C3%BCr%20Kunden%20unentbehrlich%E2%80%9C\" title=\"Bei Pinterest pinnen\" aria-label=\"Bei Pinterest pinnen\" role=\"button\" rel=\"noopener nofollow\" class=\"shariff-link\" style=\"; background-color:#cb2027; color:#fff\" target=\"_blank\"><span class=\"shariff-icon\" style=\"\"><svg width=\"32px\" height=\"20px\" xmlns=\"http:\/\/www.w3.org\/2000\/svg\" viewBox=\"0 0 27 32\"><path fill=\"#cb2027\" d=\"M27.4 16q0 3.7-1.8 6.9t-5 5-6.9 1.9q-2 0-3.9-0.6 1.1-1.7 1.4-2.9 0.2-0.6 1-3.8 0.4 0.7 1.3 1.2t2 0.5q2.1 0 3.8-1.2t2.7-3.4 0.9-4.8q0-2-1.1-3.8t-3.1-2.9-4.5-1.2q-1.9 0-3.5 0.5t-2.8 1.4-2 2-1.2 2.3-0.4 2.4q0 1.9 0.7 3.3t2.1 2q0.5 0.2 0.7-0.4 0-0.1 0.1-0.5t0.2-0.5q0.1-0.4-0.2-0.8-0.9-1.1-0.9-2.7 0-2.7 1.9-4.6t4.9-2q2.7 0 4.2 1.5t1.5 3.8q0 3-1.2 5.2t-3.1 2.1q-1.1 0-1.7-0.8t-0.4-1.9q0.1-0.6 0.5-1.7t0.5-1.8 0.2-1.4q0-0.9-0.5-1.5t-1.4-0.6q-1.1 0-1.9 1t-0.8 2.6q0 1.3 0.4 2.2l-1.8 7.5q-0.3 1.2-0.2 3.2-3.7-1.6-6-5t-2.3-7.6q0-3.7 1.9-6.9t5-5 6.9-1.9 6.9 1.9 5 5 1.8 6.9z\"\/><\/svg><\/span><\/a><\/li><\/ul><\/div>","protected":false},"excerpt":{"rendered":"<p>Gerhard J. Vater ist Experte f\u00fcr Kundenorientierung und Arbeitsfreude. Im Interview mit Weiterbildungsmarkt.at verr\u00e4t der Trainer und Speaker, welche Rolle die Einstellung und Arbeitsfreude auf eine erfolgreiche Kundenorientierung haben. Weiterbildungsmarkt.at: Wie lange sind Sie bereits in der Weiterbildung t\u00e4tig? Wie sind Sie in den Bereich gekommen? Gerhard J. Vater: Eigentlich bin ich mein ganzes Berufsleben [&hellip;]<\/p>\n","protected":false},"author":14,"featured_media":9749,"comment_status":"open","ping_status":"closed","sticky":false,"template":"","format":"standard","meta":{"_acf_changed":false,"footnotes":""},"categories":[118,62,1],"tags":[179,168,180,67,133],"class_list":["post-3265","post","type-post","status-publish","format-standard","has-post-thumbnail","hentry","category-persoenlichkeiten-in-der-weiterbildung","category-kundenorientierung","category-weiterbildung","tag-kundenorientierung","tag-management","tag-serviceorientierung","tag-verkaufsgespraech","tag-verkaufstraining"],"acf":[],"_links":{"self":[{"href":"https:\/\/www.weiterbildungsmarkt.net\/magazin\/wp-json\/wp\/v2\/posts\/3265","targetHints":{"allow":["GET"]}}],"collection":[{"href":"https:\/\/www.weiterbildungsmarkt.net\/magazin\/wp-json\/wp\/v2\/posts"}],"about":[{"href":"https:\/\/www.weiterbildungsmarkt.net\/magazin\/wp-json\/wp\/v2\/types\/post"}],"author":[{"embeddable":true,"href":"https:\/\/www.weiterbildungsmarkt.net\/magazin\/wp-json\/wp\/v2\/users\/14"}],"replies":[{"embeddable":true,"href":"https:\/\/www.weiterbildungsmarkt.net\/magazin\/wp-json\/wp\/v2\/comments?post=3265"}],"version-history":[{"count":7,"href":"https:\/\/www.weiterbildungsmarkt.net\/magazin\/wp-json\/wp\/v2\/posts\/3265\/revisions"}],"predecessor-version":[{"id":8813,"href":"https:\/\/www.weiterbildungsmarkt.net\/magazin\/wp-json\/wp\/v2\/posts\/3265\/revisions\/8813"}],"wp:featuredmedia":[{"embeddable":true,"href":"https:\/\/www.weiterbildungsmarkt.net\/magazin\/wp-json\/wp\/v2\/media\/9749"}],"wp:attachment":[{"href":"https:\/\/www.weiterbildungsmarkt.net\/magazin\/wp-json\/wp\/v2\/media?parent=3265"}],"wp:term":[{"taxonomy":"category","embeddable":true,"href":"https:\/\/www.weiterbildungsmarkt.net\/magazin\/wp-json\/wp\/v2\/categories?post=3265"},{"taxonomy":"post_tag","embeddable":true,"href":"https:\/\/www.weiterbildungsmarkt.net\/magazin\/wp-json\/wp\/v2\/tags?post=3265"}],"curies":[{"name":"wp","href":"https:\/\/api.w.org\/{rel}","templated":true}]}}