{"id":4544,"date":"2017-08-24T08:13:49","date_gmt":"2017-08-24T06:13:49","guid":{"rendered":"https:\/\/www.weiterbildungsmarkt.net\/magazin\/?p=4544"},"modified":"2017-05-23T17:41:10","modified_gmt":"2017-05-23T15:41:10","slug":"fuehrung-entscheidet-im-digitalen-zeitalter","status":"publish","type":"post","link":"https:\/\/www.weiterbildungsmarkt.net\/magazin\/fuehrung-entscheidet-im-digitalen-zeitalter\/","title":{"rendered":"F\u00fchrung entscheidet im digitalen Zeitalter"},"content":{"rendered":"<p style=\"text-align: justify;\"><strong>F\u00fchrung wird im digitalen Zeitalter immer wichtiger \u2013 denn je <\/strong><strong>instabiler sowie von Ver\u00e4nderung gepr\u00e4gter das Umfeld der Unternehmen ist, umso mehr sehnen sich ihre Mitarbeiter nach Halt und Orientierung.<\/strong><\/p>\n<p style=\"text-align: justify;\">In den Unternehmen ver\u00e4ndert sich zurzeit aufgrund der sogenannten digitalen Transformation sehr viel, doch eines nicht: der Mensch Mitarbeiter. Er w\u00fcnscht sich weiterhin Halt und Orientierung \u2013 und zwar umso mehr je diffuser, instabiler und von Ver\u00e4nderung gepr\u00e4gter das Umfeld der Unternehmen ist.<\/p>\n<p style=\"text-align: justify;\">Doch wer soll dem Mensch Mitarbeiter dieses Gef\u00fchl vermitteln, wenn im Unternehmen alles permanent auf dem Pr\u00fcfstand steht? Letztlich k\u00f6nnen dies nur die F\u00fchrungskr\u00e4fte sein. Deshalb ist die These nicht gewagt: F\u00fchrung wird im digitalen Zeitalter immer wichtiger \u2013 gerade weil es im Unternehmenskontext sonst nichts mehr gibt, worauf man als Mitarbeiter bauen und vertrauen kann.<\/p>\n<h2 style=\"text-align: justify;\">F\u00fchrung muss und wird sich ver\u00e4ndern<\/h2>\n<p style=\"text-align: justify;\">Zugleich muss und wird sich F\u00fchrung im digitalen Zeitalter jedoch radikal ver\u00e4ndern \u2013 unter anderem, weil die f\u00fcr den Unternehmenserfolg relevanten Leistungen zunehmend von bereichs- und oft sogar unternehmens\u00fcbergreifenden Teams erbracht werden. Deshalb haben die F\u00fchrungskr\u00e4fte seltener einen uneingeschr\u00e4nkten Zugriff auf ihre Mitarbeiter und ihr Tun. Sie m\u00fcssen diese zunehmend an der langen Leine f\u00fchren und auf ihre Loyalit\u00e4t, Integrit\u00e4t und Kompetenz vertrauen. Au\u00dferdem m\u00fcssen sie st\u00e4rker mit den anderen F\u00fchrungskr\u00e4ften kooperieren und mit ihnen die Arbeit der Mitarbeiter koordinieren. Zudem setzen die f\u00fcr die externen oder internen Kunden erbrachten L\u00f6sungen stets mehr Spezialwissen voraus, das die F\u00fchrungskr\u00e4fte selbst nicht haben. Deshalb haben die F\u00fchrungskr\u00e4fte seltener einen Wissens- und Erfahrungsvorsprung vor ihren Mitarbeitern. Sie sind beim Erbringen der gew\u00fcnschten Leistung \u2013 auch weil sie und ihre Bereiche immer h\u00e4ufiger vor Herausforderungen stehen, f\u00fcr die sie noch keine L\u00f6sung haben. Darum k\u00f6nnen die F\u00fchrungskr\u00e4fte ihren Mitarbeitern seltener sagen \u201eTue dies oder tue das, dann haben wir Erfolg\u201c. Sie m\u00fcssen vielmehr mit ihnen kleine Versuchsballons starten, was k\u00f6nnte die richtige L\u00f6sung sein, und dann im Prozess ermitteln, was zielf\u00fchrend ist.<\/p>\n<h2 style=\"text-align: justify;\">F\u00fchrungskr\u00e4fte werden Beziehungsmanager<\/h2>\n<p style=\"text-align: justify;\">Wie ist in einem solchen Umfeld erfolgreiche F\u00fchrung m\u00f6glich? Der einzig m\u00f6gliche L\u00f6sungsweg ist: Die F\u00fchrungskr\u00e4fte m\u00fcssen sich als Beziehungsmanager verstehen, deren Kernaufgabe es ist, die Beziehungen im sozialen System Unternehmen so zu gestalten, dass die Mitarbeiter effektiv zusammenarbeiten k\u00f6nnen; au\u00dferdem als emotionale Leader, deren Aufgabe es ist, ihre Mitarbeiter zu inspirieren, so dass diese sich freiwillig f\u00fcr das Erreichen der gemeinsamen Ziele engagieren.<\/p>\n<p style=\"text-align: justify;\">Viele F\u00fchrungskr\u00e4fte haben das in der Vergangenheit schon getan, meist jedoch nur bezogen auf die ihnen unterstellten Mitarbeiter. In den Unternehmen der Zukunft (und in vielen High-Performance-Unternehmen bereits heute) sind ihre Bereiche jedoch eng mit den anderen Bereichen verwoben \u2013 au\u00dferdem mit der Umwelt. Auch weil die meisten Unternehmen heute eine Vielzahl externer Dienstleister besch\u00e4ftigen, die f\u00fcr sie wichtige Teilaufgaben erledigen. Diese verf\u00fcgen oft \u00fcber Kompetenzen, ohne die ihre Auftraggeber gar nicht marktf\u00e4hig w\u00e4ren. Also gilt es auch diese Dienstleister zu integrieren und zu f\u00fchren \u2013 unabh\u00e4ngig davon, ob es sich hierbei um Organisationen oder Einzelpersonen handelt.<\/p>\n<p style=\"text-align: justify;\">F\u00fchrungskr\u00e4fte m\u00fcssen also ein stets komplexeres Netzwerk f\u00fchren \u2013 auch weil die Belegschaften und Beziehungsnetzwerke in den Unternehmen heterogener werden: \u201edigital natives\u201c m\u00fcssen mit \u201edigital immigrants\u201c kooperieren, Westeurop\u00e4er mit Chinesen, festangestellte Mitarbeiter mit Freelancern, reiche Erben, die prim\u00e4r Erf\u00fcllung im Job suchen, mit jungen Familienv\u00e4tern, die Karriere machen m\u00f6chten, weil sie ihre Eigenheim-Kredite abbezahlen m\u00fcssen. Und all diese Individuen soll die arme F\u00fchrungskraft f\u00fchren und inspirieren \u2013 und zwar in einem Umfeld, das von permanenter Ver\u00e4nderung gepr\u00e4gt ist und in dem letztlich niemand wei\u00df, was die Zukunft bringt.<\/p>\n<h2 style=\"text-align: justify;\">F\u00fchrungskr\u00e4fte brauchen neue Kompetenzen<\/h2>\n<p style=\"text-align: justify;\">Das F\u00e4higkeitenb\u00fcndel, \u00fcber das eine F\u00fchrungskraft hierf\u00fcr verf\u00fcgen muss, hat das IFIDZ in einer mit dem F.A.Z.-Institut durchgef\u00fchrten Studie mit dem Begriff \u201eAlpha Intelligence\u201c belegt, da dieses B\u00fcndel aus seiner Warte die Alpha-Tiere der Zukunft auszeichnet \u2013 also die Personen in den Unternehmen, die etwas bewirken m\u00f6chten und denen andere Menschen aufgrund ihrer Pers\u00f6nlichkeit und Kompetenz gerne folgen.<\/p>\n<p style=\"text-align: justify;\">Hierbei lassen sich drei Kompetenzbereiche unterscheiden. Der Erste ist die sogenannte Pers\u00f6nlichkeitsintelligenz. Er umfasst prim\u00e4r die Ebene des eigenen Selbstverst\u00e4ndnisses. Dieses ist bei einer alpha-intelligenten Pers\u00f6nlichkeit dadurch gepr\u00e4gt, dass sie keinen Allmachts-Phantasien huldigt, sondern sich als Lernender versteht. Sie hinterfragt also regelm\u00e4\u00dfig ihr Verhalten und dessen Wirkung und entwickelt sich als Person weiter. Eng verkn\u00fcpft damit sind solche Eigenschaften wie Neugier und Bereitschaft zur Ver\u00e4nderung sowie der Mut, die hierf\u00fcr n\u00f6tigen Schritte zu ergreifen. Der zweite Kompetenzbereich ist die Beziehungsintelligenz. Er umfasst die F\u00e4higkeiten, die zum Auf- und Ausbau tragf\u00e4higer Beziehungen erforderlich sind. Von zentraler Bedeutung sind hierbei die Empathie \u2013 also das Einf\u00fchlungsverm\u00f6gen in andere Personen und Konstellationen \u2013 sowie der wertsch\u00e4tzende Umgang mit den pers\u00f6nlichen W\u00fcnschen, Bed\u00fcrfnissen und Interessen der Netzwerkpartner.<\/p>\n<h2 style=\"text-align: justify;\">Ziel: Ein emotionaler Leader werden<\/h2>\n<p style=\"text-align: justify;\">Der dritte Kompetenzbereich ist die Digitalintelligenz. Ein zentrales Element hierbei ist der Zukunftsblick. Hierzu z\u00e4hlt neben einer Vision, wohin der gemeinsame Weg f\u00fchren soll, das Bewusstsein, dass der technische Fortschritt neue Probleml\u00f6sungen erm\u00f6glicht, und es die hieraus sich ergebenden Chancen aktiv zu nutzen gilt. Das setzt neben einem interdisziplin\u00e4ren Denken eine gewisse Digitalkompetenz voraus, weil die moderne Informations- und Kommunikationstechnologie in den meisten Branchen der zentrale Ver\u00e4nderungstreiber ist.<\/p>\n<p style=\"text-align: justify;\">Diese Kompetenz zeigt sich nicht darin, dass eine F\u00fchrungskraft beispielsweise der beste Programmierer ist. Sie zeigt sich vielmehr darin, dass sich die betreffende Person \u2013 alleine oder mit Expertenunterst\u00fctzung \u2013 ein fundiertes Urteil dar\u00fcber bilden kann, welche Chancen und Risiken sich aus dem technischen Fortschritt ergeben und somit entscheidungs- und handlungsf\u00e4hig ist. F\u00fchrungskr\u00e4fte, die \u00fcber die genannten F\u00e4higkeiten und Eigenschaften verf\u00fcgen, k\u00f6nnen sich zu den emotionalen Leadern entwickeln, nach denen sich Menschen in einem von Instabilit\u00e4t und Ver\u00e4nderung gepr\u00e4gten Umfeld sehnen. Sie k\u00f6nnen sozusagen Pers\u00f6nlichkeitsmarken werden, denen ihre Mitarbeiter und Netzwerkpartner gerne folgen, weil sie ihnen vertrauen.<strong>\u00a0<\/strong><\/p>\n<h2 style=\"text-align: justify;\">Als Person erkennbar f\u00fcr bestimmte Werte stehen<\/h2>\n<p style=\"text-align: justify;\">Eine Marke kennzeichnen zwei Faktoren. Erstens: Sie ist aufgrund ihres Auftritts beziehungsweise Erscheinungsbilds wiedererkennbar. Und zweitens: Sie gibt den Kunden ein klares Leistungsversprechen. So wie zum Beispiel das Unternehmen Audi seinen Kunden mit dem Slogan \u201eVorsprung durch Technik\u201c oder das Unternehmen BMW mit seinem Slogan \u201eFreude am Fahren\u201c. \u00c4hnlich verh\u00e4lt es sich mit F\u00fchrungskr\u00e4ften, die aus Sicht ihrer Kontaktpersonen eine Pers\u00f6nlichkeitsmarke sind. Auch sie stehen erkennbar f\u00fcr konkrete Werte und \u00dcberzeugungen, die sich in ihrem Verhalten zeigen. Also lautet die erste Anforderung an F\u00fchrungskr\u00e4fte, die sich zu einer Pers\u00f6nlichkeitsmarke entwickeln m\u00f6chten: Sie m\u00fcssen sich ihrer Werte und \u00dcberzeugungen sowie St\u00e4rken und Schw\u00e4chen bewusst werden; denn erst aus dem Bewusstsein hierf\u00fcr erw\u00e4chst das erforderliche Selbstverst\u00e4ndnis f\u00fcr unsere m\u00f6gliche Wirkung. Dieses hilft F\u00fchrungskr\u00e4ften wiederum nicht nur an Sch\u00f6nwetter-Tagen, sondern auch, wenn es im Unternehmen oder Markt \u201est\u00fcrmt und schneit\u201c, eine souver\u00e4ne Haltung einzunehmen und zu zeigen. Und dies ist ein deutliches Signal f\u00fcr ihre Umwelt: Dieser Marke beziehungsweise Person kannst du vertrauen.<\/p>\n<h2 style=\"text-align: justify;\">Glaubw\u00fcrdig, berechenbar und zuverl\u00e4ssig sein<\/h2>\n<p style=\"text-align: justify;\">F\u00fcr den F\u00fchrungserfolg ist in der von Ver\u00e4nderung gepr\u00e4gten VUCA-Welt Vertrauen sehr wichtig.<\/p>\n<p style=\"text-align: justify;\">Deshalb sollten alle F\u00fchrungskr\u00e4fte daran arbeiten, dass sie f\u00fcr ihre Mitarbeiter und die Mitglieder ihres Beziehungsnetzwerks eine Marke werden, der man vertrauen kann, weil sie glaubw\u00fcrdig, berechenbar und zuverl\u00e4ssig ist. Dann ist ihr F\u00fchrungserfolg im digitalen Zeitalter gesichert.<\/p>\n<h3 style=\"text-align: justify;\">\u00dcber die\u00a0Autorin:<\/h3>\n<p style=\"text-align: justify;\"><strong><img loading=\"lazy\" decoding=\"async\" class=\"alignleft size-thumbnail wp-image-666\" src=\"https:\/\/www.weiterbildungsmarkt.net\/magazin\/wp-content\/uploads\/2013\/08\/Liebermeister-Barbara-120x120.jpg\" alt=\"Liebermeister, Barbara\" width=\"120\" height=\"120\" srcset=\"https:\/\/www.weiterbildungsmarkt.net\/magazin\/wp-content\/uploads\/2013\/08\/Liebermeister-Barbara-120x120.jpg 120w, https:\/\/www.weiterbildungsmarkt.net\/magazin\/wp-content\/uploads\/2013\/08\/Liebermeister-Barbara-210x210.jpg 210w\" sizes=\"auto, (max-width: 120px) 100vw, 120px\" \/>Barbara Liebermeister<\/strong> leitet das Institut f\u00fcr F\u00fchrungskultur im digitalen Zeitalter (IFIDZ), Frankfurt (www.ifidz.de). Anfang M\u00e4rz erschien im Gabal-Verlag ihr neues Buch \u201eDigital ist egal: Mensch bleibt Mensch \u2013 F\u00fchrung entscheidet\u201c.<\/p>\n<div class=\"shariff shariff-align-left shariff-widget-align-left\"><ul class=\"shariff-buttons theme-round orientation-horizontal buttonsize-medium\"><li class=\"shariff-button facebook shariff-nocustomcolor\" style=\"background-color:#4273c8\"><a href=\"https:\/\/www.facebook.com\/sharer\/sharer.php?u=https%3A%2F%2Fwww.weiterbildungsmarkt.net%2Fmagazin%2Ffuehrung-entscheidet-im-digitalen-zeitalter%2F\" title=\"Bei Facebook teilen\" aria-label=\"Bei Facebook teilen\" role=\"button\" rel=\"nofollow\" class=\"shariff-link\" style=\"; background-color:#3b5998; color:#fff\" target=\"_blank\"><span class=\"shariff-icon\" style=\"\"><svg width=\"32px\" height=\"20px\" xmlns=\"http:\/\/www.w3.org\/2000\/svg\" viewBox=\"0 0 18 32\"><path fill=\"#3b5998\" d=\"M17.1 0.2v4.7h-2.8q-1.5 0-2.1 0.6t-0.5 1.9v3.4h5.2l-0.7 5.3h-4.5v13.6h-5.5v-13.6h-4.5v-5.3h4.5v-3.9q0-3.3 1.9-5.2t5-1.8q2.6 0 4.1 0.2z\"\/><\/svg><\/span><\/a><\/li><li class=\"shariff-button twitter shariff-nocustomcolor\" style=\"background-color:#595959\"><a href=\"https:\/\/twitter.com\/share?url=https%3A%2F%2Fwww.weiterbildungsmarkt.net%2Fmagazin%2Ffuehrung-entscheidet-im-digitalen-zeitalter%2F&text=F%C3%BChrung%20entscheidet%20im%20digitalen%20Zeitalter\" title=\"Bei X teilen\" aria-label=\"Bei X teilen\" role=\"button\" rel=\"noopener nofollow\" class=\"shariff-link\" style=\"; background-color:#000; color:#fff\" target=\"_blank\"><span class=\"shariff-icon\" style=\"\"><svg width=\"32px\" height=\"20px\" xmlns=\"http:\/\/www.w3.org\/2000\/svg\" viewBox=\"0 0 24 24\"><path fill=\"#000\" d=\"M14.258 10.152L23.176 0h-2.113l-7.747 8.813L7.133 0H0l9.352 13.328L0 23.973h2.113l8.176-9.309 6.531 9.309h7.133zm-2.895 3.293l-.949-1.328L2.875 1.56h3.246l6.086 8.523.945 1.328 7.91 11.078h-3.246zm0 0\"\/><\/svg><\/span><\/a><\/li><li class=\"shariff-button xing shariff-nocustomcolor\" style=\"background-color:#29888a\"><a href=\"https:\/\/www.xing.com\/spi\/shares\/new?url=https%3A%2F%2Fwww.weiterbildungsmarkt.net%2Fmagazin%2Ffuehrung-entscheidet-im-digitalen-zeitalter%2F\" title=\"Bei XING teilen\" aria-label=\"Bei XING teilen\" role=\"button\" rel=\"noopener nofollow\" class=\"shariff-link\" style=\"; background-color:#126567; color:#fff\" target=\"_blank\"><span class=\"shariff-icon\" style=\"\"><svg width=\"32px\" height=\"20px\" xmlns=\"http:\/\/www.w3.org\/2000\/svg\" viewBox=\"0 0 25 32\"><path fill=\"#126567\" d=\"M10.7 11.9q-0.2 0.3-4.6 8.2-0.5 0.8-1.2 0.8h-4.3q-0.4 0-0.5-0.3t0-0.6l4.5-8q0 0 0 0l-2.9-5q-0.2-0.4 0-0.7 0.2-0.3 0.5-0.3h4.3q0.7 0 1.2 0.8zM25.1 0.4q0.2 0.3 0 0.7l-9.4 16.7 6 11q0.2 0.4 0 0.6-0.2 0.3-0.6 0.3h-4.3q-0.7 0-1.2-0.8l-6-11.1q0.3-0.6 9.5-16.8 0.4-0.8 1.2-0.8h4.3q0.4 0 0.5 0.3z\"\/><\/svg><\/span><\/a><\/li><li class=\"shariff-button linkedin shariff-nocustomcolor\" style=\"background-color:#1488bf\"><a href=\"https:\/\/www.linkedin.com\/sharing\/share-offsite\/?url=https%3A%2F%2Fwww.weiterbildungsmarkt.net%2Fmagazin%2Ffuehrung-entscheidet-im-digitalen-zeitalter%2F\" title=\"Bei LinkedIn teilen\" aria-label=\"Bei LinkedIn teilen\" role=\"button\" rel=\"noopener nofollow\" class=\"shariff-link\" style=\"; background-color:#0077b5; color:#fff\" target=\"_blank\"><span class=\"shariff-icon\" style=\"\"><svg width=\"32px\" height=\"20px\" xmlns=\"http:\/\/www.w3.org\/2000\/svg\" viewBox=\"0 0 27 32\"><path fill=\"#0077b5\" d=\"M6.2 11.2v17.7h-5.9v-17.7h5.9zM6.6 5.7q0 1.3-0.9 2.2t-2.4 0.9h0q-1.5 0-2.4-0.9t-0.9-2.2 0.9-2.2 2.4-0.9 2.4 0.9 0.9 2.2zM27.4 18.7v10.1h-5.9v-9.5q0-1.9-0.7-2.9t-2.3-1.1q-1.1 0-1.9 0.6t-1.2 1.5q-0.2 0.5-0.2 1.4v9.9h-5.9q0-7.1 0-11.6t0-5.3l0-0.9h5.9v2.6h0q0.4-0.6 0.7-1t1-0.9 1.6-0.8 2-0.3q3 0 4.9 2t1.9 6z\"\/><\/svg><\/span><\/a><\/li><li class=\"shariff-button whatsapp shariff-nocustomcolor\" style=\"background-color:#5cbe4a\"><a href=\"https:\/\/api.whatsapp.com\/send?text=https%3A%2F%2Fwww.weiterbildungsmarkt.net%2Fmagazin%2Ffuehrung-entscheidet-im-digitalen-zeitalter%2F%20F%C3%BChrung%20entscheidet%20im%20digitalen%20Zeitalter\" title=\"Bei Whatsapp teilen\" aria-label=\"Bei Whatsapp teilen\" role=\"button\" rel=\"noopener nofollow\" class=\"shariff-link\" style=\"; background-color:#34af23; color:#fff\" target=\"_blank\"><span class=\"shariff-icon\" style=\"\"><svg width=\"32px\" height=\"20px\" xmlns=\"http:\/\/www.w3.org\/2000\/svg\" viewBox=\"0 0 32 32\"><path fill=\"#34af23\" d=\"M17.6 17.4q0.2 0 1.7 0.8t1.6 0.9q0 0.1 0 0.3 0 0.6-0.3 1.4-0.3 0.7-1.3 1.2t-1.8 0.5q-1 0-3.4-1.1-1.7-0.8-3-2.1t-2.6-3.3q-1.3-1.9-1.3-3.5v-0.1q0.1-1.6 1.3-2.8 0.4-0.4 0.9-0.4 0.1 0 0.3 0t0.3 0q0.3 0 0.5 0.1t0.3 0.5q0.1 0.4 0.6 1.6t0.4 1.3q0 0.4-0.6 1t-0.6 0.8q0 0.1 0.1 0.3 0.6 1.3 1.8 2.4 1 0.9 2.7 1.8 0.2 0.1 0.4 0.1 0.3 0 1-0.9t0.9-0.9zM14 26.9q2.3 0 4.3-0.9t3.6-2.4 2.4-3.6 0.9-4.3-0.9-4.3-2.4-3.6-3.6-2.4-4.3-0.9-4.3 0.9-3.6 2.4-2.4 3.6-0.9 4.3q0 3.6 2.1 6.6l-1.4 4.2 4.3-1.4q2.8 1.9 6.2 1.9zM14 2.2q2.7 0 5.2 1.1t4.3 2.9 2.9 4.3 1.1 5.2-1.1 5.2-2.9 4.3-4.3 2.9-5.2 1.1q-3.5 0-6.5-1.7l-7.4 2.4 2.4-7.2q-1.9-3.2-1.9-6.9 0-2.7 1.1-5.2t2.9-4.3 4.3-2.9 5.2-1.1z\"\/><\/svg><\/span><\/a><\/li><li class=\"shariff-button pinterest shariff-nocustomcolor\" style=\"background-color:#e70f18\"><a href=\"https:\/\/www.pinterest.com\/pin\/create\/link\/?url=https%3A%2F%2Fwww.weiterbildungsmarkt.net%2Fmagazin%2Ffuehrung-entscheidet-im-digitalen-zeitalter%2F&media=https%3A%2F%2Fwww.weiterbildungsmarkt.net%2Fmagazin%2Fwp-content%2Fuploads%2F2024%2F11%2Fcolored-pencils-2024-09-23-04-02-30-utc-scaled.jpg&description=F%C3%BChrung%20entscheidet%20im%20digitalen%20Zeitalter\" title=\"Bei Pinterest pinnen\" aria-label=\"Bei Pinterest pinnen\" role=\"button\" rel=\"noopener nofollow\" class=\"shariff-link\" style=\"; background-color:#cb2027; color:#fff\" target=\"_blank\"><span class=\"shariff-icon\" style=\"\"><svg width=\"32px\" height=\"20px\" xmlns=\"http:\/\/www.w3.org\/2000\/svg\" viewBox=\"0 0 27 32\"><path fill=\"#cb2027\" d=\"M27.4 16q0 3.7-1.8 6.9t-5 5-6.9 1.9q-2 0-3.9-0.6 1.1-1.7 1.4-2.9 0.2-0.6 1-3.8 0.4 0.7 1.3 1.2t2 0.5q2.1 0 3.8-1.2t2.7-3.4 0.9-4.8q0-2-1.1-3.8t-3.1-2.9-4.5-1.2q-1.9 0-3.5 0.5t-2.8 1.4-2 2-1.2 2.3-0.4 2.4q0 1.9 0.7 3.3t2.1 2q0.5 0.2 0.7-0.4 0-0.1 0.1-0.5t0.2-0.5q0.1-0.4-0.2-0.8-0.9-1.1-0.9-2.7 0-2.7 1.9-4.6t4.9-2q2.7 0 4.2 1.5t1.5 3.8q0 3-1.2 5.2t-3.1 2.1q-1.1 0-1.7-0.8t-0.4-1.9q0.1-0.6 0.5-1.7t0.5-1.8 0.2-1.4q0-0.9-0.5-1.5t-1.4-0.6q-1.1 0-1.9 1t-0.8 2.6q0 1.3 0.4 2.2l-1.8 7.5q-0.3 1.2-0.2 3.2-3.7-1.6-6-5t-2.3-7.6q0-3.7 1.9-6.9t5-5 6.9-1.9 6.9 1.9 5 5 1.8 6.9z\"\/><\/svg><\/span><\/a><\/li><\/ul><\/div>","protected":false},"excerpt":{"rendered":"<p>F\u00fchrung wird im digitalen Zeitalter immer wichtiger \u2013 denn je instabiler sowie von Ver\u00e4nderung gepr\u00e4gter das Umfeld der Unternehmen ist, umso mehr sehnen sich ihre Mitarbeiter nach Halt und Orientierung. In den Unternehmen ver\u00e4ndert sich zurzeit aufgrund der sogenannten digitalen Transformation sehr viel, doch eines nicht: der Mensch Mitarbeiter. Er w\u00fcnscht sich weiterhin Halt und [&hellip;]<\/p>\n","protected":false},"author":3,"featured_media":9749,"comment_status":"open","ping_status":"closed","sticky":false,"template":"","format":"standard","meta":{"_acf_changed":false,"footnotes":""},"categories":[48,61,32,33],"tags":[178,154,153,170,78,168],"class_list":["post-4544","post","type-post","status-publish","format-standard","has-post-thumbnail","hentry","category-management","category-change-management","category-fuehrungskraefteentwicklung","category-leadership","tag-change-management","tag-fuehrungskraefteentwicklung","tag-fuehrungskraeftetraining","tag-human-resources","tag-leadership-2","tag-management"],"acf":[],"_links":{"self":[{"href":"https:\/\/www.weiterbildungsmarkt.net\/magazin\/wp-json\/wp\/v2\/posts\/4544","targetHints":{"allow":["GET"]}}],"collection":[{"href":"https:\/\/www.weiterbildungsmarkt.net\/magazin\/wp-json\/wp\/v2\/posts"}],"about":[{"href":"https:\/\/www.weiterbildungsmarkt.net\/magazin\/wp-json\/wp\/v2\/types\/post"}],"author":[{"embeddable":true,"href":"https:\/\/www.weiterbildungsmarkt.net\/magazin\/wp-json\/wp\/v2\/users\/3"}],"replies":[{"embeddable":true,"href":"https:\/\/www.weiterbildungsmarkt.net\/magazin\/wp-json\/wp\/v2\/comments?post=4544"}],"version-history":[{"count":2,"href":"https:\/\/www.weiterbildungsmarkt.net\/magazin\/wp-json\/wp\/v2\/posts\/4544\/revisions"}],"predecessor-version":[{"id":4564,"href":"https:\/\/www.weiterbildungsmarkt.net\/magazin\/wp-json\/wp\/v2\/posts\/4544\/revisions\/4564"}],"wp:featuredmedia":[{"embeddable":true,"href":"https:\/\/www.weiterbildungsmarkt.net\/magazin\/wp-json\/wp\/v2\/media\/9749"}],"wp:attachment":[{"href":"https:\/\/www.weiterbildungsmarkt.net\/magazin\/wp-json\/wp\/v2\/media?parent=4544"}],"wp:term":[{"taxonomy":"category","embeddable":true,"href":"https:\/\/www.weiterbildungsmarkt.net\/magazin\/wp-json\/wp\/v2\/categories?post=4544"},{"taxonomy":"post_tag","embeddable":true,"href":"https:\/\/www.weiterbildungsmarkt.net\/magazin\/wp-json\/wp\/v2\/tags?post=4544"}],"curies":[{"name":"wp","href":"https:\/\/api.w.org\/{rel}","templated":true}]}}