{"id":4547,"date":"2017-08-22T07:58:11","date_gmt":"2017-08-22T05:58:11","guid":{"rendered":"https:\/\/www.weiterbildungsmarkt.net\/magazin\/?p=4547"},"modified":"2017-11-09T19:15:02","modified_gmt":"2017-11-09T17:15:02","slug":"change-management-den-projekt-charakter-ermitteln","status":"publish","type":"post","link":"https:\/\/www.weiterbildungsmarkt.net\/magazin\/change-management-den-projekt-charakter-ermitteln\/","title":{"rendered":"Change Management: Den Projekt-Charakter ermitteln"},"content":{"rendered":"<p style=\"text-align: justify;\"><strong>Welchen Charakter hat unser Projekt? Das fragen sich Unternehmen vor Ver\u00e4nderungsvorhaben oft nicht ausreichend. Das erschwert ihnen das Planen, Managen und Steuern der Projekte.<\/strong><\/p>\n<p style=\"text-align: justify;\">Zu einem professionellen Projekt- und Change-<a href=\"https:\/\/www.weiterbildungsmarkt.net\/management\/\">Management <\/a>geh\u00f6rt eine Risikoanalyse im Vorfeld des Projekts. Hierbei werden die mit einem Ver\u00e4nderungsvorhaben verbundenen Risiken erfasst und hinsichtlich ihrer Wahrscheinlichkeit sowie der betriebswirtschaftlichen Folgen ihres Eintretens bewertet \u2013 um anschlie\u00dfend gegebenenfalls Pr\u00e4ventionsma\u00dfnahmen zu ergriffen.<\/p>\n<p style=\"text-align: justify;\">Im Unternehmensalltag beschr\u00e4nkt sich die Risikoanalyse oft auf die operativen Risiken struktureller Natur. Kulturelle Faktoren, wie zum Beispiel Akzeptanzprobleme bei Umstrukturierungen, werden hingegen vernachl\u00e4ssigt. Die Folgen hiervon k\u00f6nnen gravierend sein \u2013 zum Beispiel weil Reibungsverluste auftreten und somit Zusatzkosten entstehen. Oder weil sich die geplanten positiven Effekte der Ver\u00e4nderung versp\u00e4tet oder gar nicht einstellen.<\/p>\n<p style=\"text-align: justify;\">Ver\u00e4nderungen wirken stets mehrdimensional. Deshalb ist das Ausma\u00df der Ver\u00e4nderung auf den verschiedenen Ebenen von Projekt zu Projekt verschieden. Projekte lassen sich jedoch hinsichtlich des Ausma\u00dfes der durch sie verursachten strukturellen und kulturellen Ver\u00e4nderungen klassifizieren. Das erleichtert es, die mit ihnen verbundenen Risiken zu identifizieren und passende Change-Ma\u00dfnahmen abzuleiten.<\/p>\n<h2 style=\"text-align: justify;\">Die vier Projekt-Typen<\/h2>\n<p style=\"text-align: justify;\">Folgende Projektarten lassen sich unterscheiden.<\/p>\n<h3 style=\"text-align: justify;\">Routineprojekte<\/h3>\n<p style=\"text-align: justify;\">Hierbei handelt es sich um \u00a0Ma\u00dfnahmen wie zum Beispiel Vertriebsprojekte oder Verkaufskampagnen. Sie haben zwar den Charakter von Projekten im Sinne von zeitlicher Begrenzung und bereichs\u00fcbergreifender Beteiligung, doch sie ver\u00e4ndern die strukturellen und kulturellen Grundlagen der Organisation h\u00f6chstens punktuell. Typisch f\u00fcr Routineprojekte sind Review-Workshops zum Abschluss, die auf eine strukturelle Optimierung des Prozesses (Standardisierung), auf eine Professionalisierung der Zusammenarbeit (Feedback-Kultur) und somit auf eine Reduzierung der kulturellen Risiken abzielen.<\/p>\n<h3 style=\"text-align: justify;\">Innovationsprojekte<\/h3>\n<p style=\"text-align: justify;\">Sie dienen in der Regel der Weiterentwicklung oder Erneuerung von organisatorischen oder technischen Strukturen innerhalb der bestehenden strategischen Ausrichtung. Bei solchen Projekten liegt der Fokus der Begleitung meist auf dem Herstellen der sachlichen Handlungskompetenz der Betroffenen (Schulungen, Trainings). Wenn hierbei aber beispielsweise die beteiligten Multiplikatoren lernen, den Widerstand gegen Neues als typisches Verhaltensmuster der Betroffenen zu verstehen und angemessen hiermit umzugehen, dann reduziert dies das Risiko von Friktionen, die aus Frust entstehen.<\/p>\n<h3 style=\"text-align: justify;\">Akzeptanzprojekte<\/h3>\n<p style=\"text-align: justify;\">Ihr Gestaltungsschwerpunkt liegt auf der kulturellen Ebene und ihr Erfolg manifestiert sich als echte Verhaltens\u00e4nderung der Betroffenen \u2013 zum Beispiel, indem ein Zielvereinbarungs- oder Leistungsbeurteilungssystem als verbindlicher struktureller Rahmen f\u00fcr einen fairen Dialog zwischen F\u00fchrungskr\u00e4ften und Mitarbeitern verstanden und tats\u00e4chlich genutzt wird. Bei solchen Projekten sind Ma\u00dfnahmen wichtig, die fr\u00fchzeitig Klarheit schaffen, permanent R\u00fcckkopplungsm\u00f6glichkeiten aus der Organisation erm\u00f6glichen und geeignet sind, einflussreiche Verb\u00fcndete als Multiplikatoren zu gewinnen.<\/p>\n<h3 style=\"text-align: justify;\">Wandel- oder Changeprojekte<\/h3>\n<p style=\"text-align: justify;\">So bezeichnet man tiefgreifende Ver\u00e4nderungsprozesse mit sp\u00fcrbaren Auswirkungen auf allen Ebenen, wie sie zum Beispiel bei Fusionen oder der grundlegenden strategischen Neuausrichtung eines Unternehmens auftreten. In solchen Projekten geht es nicht selten um existenzielle Fragen auf allen Ebenen. Deshalb ist bei der Gestaltung des Ver\u00e4nderungsprozesses eine hohe Komplexit\u00e4t zu erwarten. Das sollte sich bereits in der Besetzung der Projektleitung niederschlagen. Solche Projekte erfordern einen echten Change-Manager, der sich aller Facetten seiner Aufgabe bewusst ist.<\/p>\n<h2 style=\"text-align: justify;\">Charakter \u00e4ndert sich im Verlauf von Projekten<\/h2>\n<p style=\"text-align: justify;\">Die obige Klassifizierung von Projekten erleichtert eine integrierte Sicht auf die strukturellen und kulturellen Risiken \u2013 unabh\u00e4ngig davon, ob ein Ver\u00e4nderungsprozess in seinem Verlauf die Merkmale eines Projekttyps beibeh\u00e4lt oder sich sein Charakter (was oft der Fall ist) im Laufe der einzelnen Phasen ver\u00e4ndert.<\/p>\n<p style=\"text-align: justify;\">Ein Projekt kann zum Beispiel als Innovationsvorhaben beginnen und in seinem Verlauf deutliche Z\u00fcge eines Akzeptanzprojekts annehmen, weil die Implementierung einer neuen technischen Infrastruktur die Reorganisation ganzer Unternehmensbereiche erfordert. Oder eine Vertriebsoffensive, die \u00fcblicherweise den Charakter eines Routineprojekts hat, wird dadurch zum Wandel- beziehungsweise Changeprojekt, dass auch ein neuer Vertriebskanal erschlossen werden soll.<\/p>\n<p style=\"text-align: justify;\">Deshalb ist es wichtig, in den einzelnen Phasen des Wandels eine integrierte Sicht auf die Risiken beizubehalten und alle Ma\u00dfnahmen unter Rentabilit\u00e4tsaspekten laufend zu \u00fcberpr\u00fcfen und, sofern n\u00f6tig, anzupassen.<\/p>\n<h3 style=\"text-align: justify;\">\u00dcber den Autor:<\/h3>\n<p style=\"text-align: justify;\"><strong><img loading=\"lazy\" decoding=\"async\" class=\"alignleft size-thumbnail wp-image-662\" src=\"https:\/\/www.weiterbildungsmarkt.net\/magazin\/wp-content\/uploads\/2013\/08\/Kraus-Georg-Dr-ohne-Brille-2007-120x120.jpg\" alt=\"Georg Kraus\" width=\"120\" height=\"120\" srcset=\"https:\/\/www.weiterbildungsmarkt.net\/magazin\/wp-content\/uploads\/2013\/08\/Kraus-Georg-Dr-ohne-Brille-2007-120x120.jpg 120w, https:\/\/www.weiterbildungsmarkt.net\/magazin\/wp-content\/uploads\/2013\/08\/Kraus-Georg-Dr-ohne-Brille-2007-210x210.jpg 210w\" sizes=\"auto, (max-width: 120px) 100vw, 120px\" \/>Dr. Georg Kraus<\/strong> ist Gesch\u00e4ftsf\u00fchrer der Unternehmensberatung Dr. Kraus &amp; Partner, Bruchsal. Er ist Mit-Herausgeber des \u201eHandbuch Change-Management\u201c (Cornelsen Verlag).<\/p>\n<div class=\"shariff shariff-align-left shariff-widget-align-left\"><ul class=\"shariff-buttons theme-round orientation-horizontal buttonsize-medium\"><li class=\"shariff-button facebook shariff-nocustomcolor\" style=\"background-color:#4273c8\"><a href=\"https:\/\/www.facebook.com\/sharer\/sharer.php?u=https%3A%2F%2Fwww.weiterbildungsmarkt.net%2Fmagazin%2Fchange-management-den-projekt-charakter-ermitteln%2F\" title=\"Bei Facebook teilen\" aria-label=\"Bei Facebook teilen\" role=\"button\" rel=\"nofollow\" class=\"shariff-link\" style=\"; background-color:#3b5998; color:#fff\" target=\"_blank\"><span class=\"shariff-icon\" style=\"\"><svg width=\"32px\" height=\"20px\" xmlns=\"http:\/\/www.w3.org\/2000\/svg\" viewBox=\"0 0 18 32\"><path fill=\"#3b5998\" d=\"M17.1 0.2v4.7h-2.8q-1.5 0-2.1 0.6t-0.5 1.9v3.4h5.2l-0.7 5.3h-4.5v13.6h-5.5v-13.6h-4.5v-5.3h4.5v-3.9q0-3.3 1.9-5.2t5-1.8q2.6 0 4.1 0.2z\"\/><\/svg><\/span><\/a><\/li><li class=\"shariff-button twitter shariff-nocustomcolor\" style=\"background-color:#595959\"><a href=\"https:\/\/twitter.com\/share?url=https%3A%2F%2Fwww.weiterbildungsmarkt.net%2Fmagazin%2Fchange-management-den-projekt-charakter-ermitteln%2F&text=Change%20Management%3A%20Den%20Projekt-Charakter%20ermitteln\" title=\"Bei X teilen\" aria-label=\"Bei X teilen\" role=\"button\" rel=\"noopener nofollow\" class=\"shariff-link\" style=\"; background-color:#000; color:#fff\" target=\"_blank\"><span class=\"shariff-icon\" style=\"\"><svg width=\"32px\" height=\"20px\" xmlns=\"http:\/\/www.w3.org\/2000\/svg\" viewBox=\"0 0 24 24\"><path fill=\"#000\" d=\"M14.258 10.152L23.176 0h-2.113l-7.747 8.813L7.133 0H0l9.352 13.328L0 23.973h2.113l8.176-9.309 6.531 9.309h7.133zm-2.895 3.293l-.949-1.328L2.875 1.56h3.246l6.086 8.523.945 1.328 7.91 11.078h-3.246zm0 0\"\/><\/svg><\/span><\/a><\/li><li class=\"shariff-button xing shariff-nocustomcolor\" style=\"background-color:#29888a\"><a href=\"https:\/\/www.xing.com\/spi\/shares\/new?url=https%3A%2F%2Fwww.weiterbildungsmarkt.net%2Fmagazin%2Fchange-management-den-projekt-charakter-ermitteln%2F\" title=\"Bei XING teilen\" aria-label=\"Bei XING teilen\" role=\"button\" rel=\"noopener nofollow\" class=\"shariff-link\" style=\"; background-color:#126567; color:#fff\" target=\"_blank\"><span class=\"shariff-icon\" style=\"\"><svg width=\"32px\" height=\"20px\" xmlns=\"http:\/\/www.w3.org\/2000\/svg\" viewBox=\"0 0 25 32\"><path fill=\"#126567\" d=\"M10.7 11.9q-0.2 0.3-4.6 8.2-0.5 0.8-1.2 0.8h-4.3q-0.4 0-0.5-0.3t0-0.6l4.5-8q0 0 0 0l-2.9-5q-0.2-0.4 0-0.7 0.2-0.3 0.5-0.3h4.3q0.7 0 1.2 0.8zM25.1 0.4q0.2 0.3 0 0.7l-9.4 16.7 6 11q0.2 0.4 0 0.6-0.2 0.3-0.6 0.3h-4.3q-0.7 0-1.2-0.8l-6-11.1q0.3-0.6 9.5-16.8 0.4-0.8 1.2-0.8h4.3q0.4 0 0.5 0.3z\"\/><\/svg><\/span><\/a><\/li><li class=\"shariff-button linkedin shariff-nocustomcolor\" style=\"background-color:#1488bf\"><a href=\"https:\/\/www.linkedin.com\/sharing\/share-offsite\/?url=https%3A%2F%2Fwww.weiterbildungsmarkt.net%2Fmagazin%2Fchange-management-den-projekt-charakter-ermitteln%2F\" title=\"Bei LinkedIn teilen\" aria-label=\"Bei LinkedIn teilen\" role=\"button\" rel=\"noopener nofollow\" class=\"shariff-link\" style=\"; background-color:#0077b5; color:#fff\" target=\"_blank\"><span class=\"shariff-icon\" style=\"\"><svg width=\"32px\" height=\"20px\" xmlns=\"http:\/\/www.w3.org\/2000\/svg\" viewBox=\"0 0 27 32\"><path fill=\"#0077b5\" d=\"M6.2 11.2v17.7h-5.9v-17.7h5.9zM6.6 5.7q0 1.3-0.9 2.2t-2.4 0.9h0q-1.5 0-2.4-0.9t-0.9-2.2 0.9-2.2 2.4-0.9 2.4 0.9 0.9 2.2zM27.4 18.7v10.1h-5.9v-9.5q0-1.9-0.7-2.9t-2.3-1.1q-1.1 0-1.9 0.6t-1.2 1.5q-0.2 0.5-0.2 1.4v9.9h-5.9q0-7.1 0-11.6t0-5.3l0-0.9h5.9v2.6h0q0.4-0.6 0.7-1t1-0.9 1.6-0.8 2-0.3q3 0 4.9 2t1.9 6z\"\/><\/svg><\/span><\/a><\/li><li class=\"shariff-button whatsapp shariff-nocustomcolor\" style=\"background-color:#5cbe4a\"><a href=\"https:\/\/api.whatsapp.com\/send?text=https%3A%2F%2Fwww.weiterbildungsmarkt.net%2Fmagazin%2Fchange-management-den-projekt-charakter-ermitteln%2F%20Change%20Management%3A%20Den%20Projekt-Charakter%20ermitteln\" title=\"Bei Whatsapp teilen\" aria-label=\"Bei Whatsapp teilen\" role=\"button\" rel=\"noopener nofollow\" class=\"shariff-link\" style=\"; background-color:#34af23; color:#fff\" target=\"_blank\"><span class=\"shariff-icon\" style=\"\"><svg width=\"32px\" height=\"20px\" xmlns=\"http:\/\/www.w3.org\/2000\/svg\" viewBox=\"0 0 32 32\"><path fill=\"#34af23\" d=\"M17.6 17.4q0.2 0 1.7 0.8t1.6 0.9q0 0.1 0 0.3 0 0.6-0.3 1.4-0.3 0.7-1.3 1.2t-1.8 0.5q-1 0-3.4-1.1-1.7-0.8-3-2.1t-2.6-3.3q-1.3-1.9-1.3-3.5v-0.1q0.1-1.6 1.3-2.8 0.4-0.4 0.9-0.4 0.1 0 0.3 0t0.3 0q0.3 0 0.5 0.1t0.3 0.5q0.1 0.4 0.6 1.6t0.4 1.3q0 0.4-0.6 1t-0.6 0.8q0 0.1 0.1 0.3 0.6 1.3 1.8 2.4 1 0.9 2.7 1.8 0.2 0.1 0.4 0.1 0.3 0 1-0.9t0.9-0.9zM14 26.9q2.3 0 4.3-0.9t3.6-2.4 2.4-3.6 0.9-4.3-0.9-4.3-2.4-3.6-3.6-2.4-4.3-0.9-4.3 0.9-3.6 2.4-2.4 3.6-0.9 4.3q0 3.6 2.1 6.6l-1.4 4.2 4.3-1.4q2.8 1.9 6.2 1.9zM14 2.2q2.7 0 5.2 1.1t4.3 2.9 2.9 4.3 1.1 5.2-1.1 5.2-2.9 4.3-4.3 2.9-5.2 1.1q-3.5 0-6.5-1.7l-7.4 2.4 2.4-7.2q-1.9-3.2-1.9-6.9 0-2.7 1.1-5.2t2.9-4.3 4.3-2.9 5.2-1.1z\"\/><\/svg><\/span><\/a><\/li><li class=\"shariff-button pinterest shariff-nocustomcolor\" style=\"background-color:#e70f18\"><a href=\"https:\/\/www.pinterest.com\/pin\/create\/link\/?url=https%3A%2F%2Fwww.weiterbildungsmarkt.net%2Fmagazin%2Fchange-management-den-projekt-charakter-ermitteln%2F&media=https%3A%2F%2Fwww.weiterbildungsmarkt.net%2Fmagazin%2Fwp-content%2Fuploads%2F2024%2F11%2Fcolored-pencils-2024-09-23-04-02-30-utc-scaled.jpg&description=Change%20Management%3A%20Den%20Projekt-Charakter%20ermitteln\" title=\"Bei Pinterest pinnen\" aria-label=\"Bei Pinterest pinnen\" role=\"button\" rel=\"noopener nofollow\" class=\"shariff-link\" style=\"; background-color:#cb2027; color:#fff\" target=\"_blank\"><span class=\"shariff-icon\" style=\"\"><svg width=\"32px\" height=\"20px\" xmlns=\"http:\/\/www.w3.org\/2000\/svg\" viewBox=\"0 0 27 32\"><path fill=\"#cb2027\" d=\"M27.4 16q0 3.7-1.8 6.9t-5 5-6.9 1.9q-2 0-3.9-0.6 1.1-1.7 1.4-2.9 0.2-0.6 1-3.8 0.4 0.7 1.3 1.2t2 0.5q2.1 0 3.8-1.2t2.7-3.4 0.9-4.8q0-2-1.1-3.8t-3.1-2.9-4.5-1.2q-1.9 0-3.5 0.5t-2.8 1.4-2 2-1.2 2.3-0.4 2.4q0 1.9 0.7 3.3t2.1 2q0.5 0.2 0.7-0.4 0-0.1 0.1-0.5t0.2-0.5q0.1-0.4-0.2-0.8-0.9-1.1-0.9-2.7 0-2.7 1.9-4.6t4.9-2q2.7 0 4.2 1.5t1.5 3.8q0 3-1.2 5.2t-3.1 2.1q-1.1 0-1.7-0.8t-0.4-1.9q0.1-0.6 0.5-1.7t0.5-1.8 0.2-1.4q0-0.9-0.5-1.5t-1.4-0.6q-1.1 0-1.9 1t-0.8 2.6q0 1.3 0.4 2.2l-1.8 7.5q-0.3 1.2-0.2 3.2-3.7-1.6-6-5t-2.3-7.6q0-3.7 1.9-6.9t5-5 6.9-1.9 6.9 1.9 5 5 1.8 6.9z\"\/><\/svg><\/span><\/a><\/li><\/ul><\/div>","protected":false},"excerpt":{"rendered":"<p>Welchen Charakter hat unser Projekt? Das fragen sich Unternehmen vor Ver\u00e4nderungsvorhaben oft nicht ausreichend. Das erschwert ihnen das Planen, Managen und Steuern der Projekte. Zu einem professionellen Projekt- und Change-Management geh\u00f6rt eine Risikoanalyse im Vorfeld des Projekts. Hierbei werden die mit einem Ver\u00e4nderungsvorhaben verbundenen Risiken erfasst und hinsichtlich ihrer Wahrscheinlichkeit sowie der betriebswirtschaftlichen Folgen ihres [&hellip;]<\/p>\n","protected":false},"author":3,"featured_media":9749,"comment_status":"open","ping_status":"closed","sticky":false,"template":"","format":"standard","meta":{"_acf_changed":false,"footnotes":""},"categories":[48,61,58,130],"tags":[178,154,153,78,168,101],"class_list":["post-4547","post","type-post","status-publish","format-standard","has-post-thumbnail","hentry","category-management","category-change-management","category-innovationsmanagement","category-projektmanagement","tag-change-management","tag-fuehrungskraefteentwicklung","tag-fuehrungskraeftetraining","tag-leadership-2","tag-management","tag-projektmanagement"],"acf":[],"_links":{"self":[{"href":"https:\/\/www.weiterbildungsmarkt.net\/magazin\/wp-json\/wp\/v2\/posts\/4547","targetHints":{"allow":["GET"]}}],"collection":[{"href":"https:\/\/www.weiterbildungsmarkt.net\/magazin\/wp-json\/wp\/v2\/posts"}],"about":[{"href":"https:\/\/www.weiterbildungsmarkt.net\/magazin\/wp-json\/wp\/v2\/types\/post"}],"author":[{"embeddable":true,"href":"https:\/\/www.weiterbildungsmarkt.net\/magazin\/wp-json\/wp\/v2\/users\/3"}],"replies":[{"embeddable":true,"href":"https:\/\/www.weiterbildungsmarkt.net\/magazin\/wp-json\/wp\/v2\/comments?post=4547"}],"version-history":[{"count":4,"href":"https:\/\/www.weiterbildungsmarkt.net\/magazin\/wp-json\/wp\/v2\/posts\/4547\/revisions"}],"predecessor-version":[{"id":4992,"href":"https:\/\/www.weiterbildungsmarkt.net\/magazin\/wp-json\/wp\/v2\/posts\/4547\/revisions\/4992"}],"wp:featuredmedia":[{"embeddable":true,"href":"https:\/\/www.weiterbildungsmarkt.net\/magazin\/wp-json\/wp\/v2\/media\/9749"}],"wp:attachment":[{"href":"https:\/\/www.weiterbildungsmarkt.net\/magazin\/wp-json\/wp\/v2\/media?parent=4547"}],"wp:term":[{"taxonomy":"category","embeddable":true,"href":"https:\/\/www.weiterbildungsmarkt.net\/magazin\/wp-json\/wp\/v2\/categories?post=4547"},{"taxonomy":"post_tag","embeddable":true,"href":"https:\/\/www.weiterbildungsmarkt.net\/magazin\/wp-json\/wp\/v2\/tags?post=4547"}],"curies":[{"name":"wp","href":"https:\/\/api.w.org\/{rel}","templated":true}]}}