{"id":4555,"date":"2017-08-31T08:06:48","date_gmt":"2017-08-31T06:06:48","guid":{"rendered":"https:\/\/www.weiterbildungsmarkt.net\/magazin\/?p=4555"},"modified":"2017-11-09T19:46:26","modified_gmt":"2017-11-09T17:46:26","slug":"karrierefalle-unklare-projektauftraege","status":"publish","type":"post","link":"https:\/\/www.weiterbildungsmarkt.net\/magazin\/karrierefalle-unklare-projektauftraege\/","title":{"rendered":"Karrierefalle \u201eunklare Projektauftr\u00e4ge\u201c"},"content":{"rendered":"<p style=\"text-align: justify;\"><strong>Viele Projekte nehmen nicht den (vom Auftraggeber) gew\u00fcnschten Verlauf, weil die Beteiligten zu Beginn nicht sauber kl\u00e4ren: Was ist der konkrete Auftrag? Und: Welche Ziele sollen erreicht werden?<\/strong><\/p>\n<p style=\"text-align: justify;\">Montagmorgen, bei einem mittelst\u00e4ndischen Maschinenbauer. Der Leiter der Konstruktionsabteilung Meier trifft Gesch\u00e4ftsf\u00fchrer Huber im Foyer. Huber sagt zu Meier: \u201eGut, dass ich Sie treffe. Am Wochenende hatte ich eine Idee f\u00fcr ein neues Produkt, das&#8230;. Ich wei\u00df zwar noch nicht genau, wie&#8230;. doch wir sollten da was entwickeln. Bitte k\u00fcmmern Sie sich darum, dass \u2026.\u201c Danach verschwindet Gesch\u00e4ftsf\u00fchrer Huber in seinem B\u00fcro. Und Maschinenbauingenieur Meier? Er engagiert sich nach dem Gespr\u00e4ch sogleich pflichtbewusst f\u00fcr ein <a href=\"https:\/\/www.weiterbildungsmarkt.net\/projektmanagement\/\">qualifiziertes Projektteam<\/a> und nach einigem Hin und Her hat er es auch zusammen. Schlie\u00dflich kam der Arbeitsauftrag ja von ganz oben.<\/p>\n<p style=\"text-align: justify;\">Das neu formierte Team startet seine Arbeit lehrbuchm\u00e4\u00dfig mit einem Projekt-Kick-Off, in dem es erste grobe Meilensteine der Produktentwicklung diskutiert. Danach beginnt das Team das Thema zu bearbeiten. Gemeinsam versuchen die Beteiligten umzusetzen, was Herr Meier in dem kurzen Gespr\u00e4ch mit dem Gesch\u00e4ftsf\u00fchrer im Foyer verstand. So richtig begriffen, was es zu tun gilt, hat er zwar nicht \u2013 also kann er dies auch nicht seine Kollegen sagen. Doch dumme Fragen stellt man in solchen Situationen dem \u201eChef\u201c nicht, und schon gar nicht \u00e4u\u00dfert man Zweifel \u2013 zum Beispiel bez\u00fcglich der Machbarkeit.<\/p>\n<p style=\"text-align: justify;\">Drei Monate sp\u00e4ter. Der anf\u00e4ngliche Elan ist mittlerweile einer allgemeinen Lustlosigkeit und tiefen Frustration gewichen. Denn das Projekt schreitet nicht wie erhofft voran. Und trotz lehrbuchm\u00e4\u00dfigem Vorgehen werden die gew\u00fcnschten Ergebnisse nicht erzielt. Zumindest signalisiert dies die Gesch\u00e4ftsleitung Projektleiter Meier immer wieder.<\/p>\n<h2 style=\"text-align: justify;\">Nicht vorschnell ja sagen<\/h2>\n<p style=\"text-align: justify;\">Solche Prozesse beobachtet man in Unternehmen regelm\u00e4\u00dfig. Immer wieder werfen in ihnen Auftraggeber irgendwelche Projekte als erste Idee \u00fcber den Zaun. Und h\u00e4ufig f\u00e4ngt ein noch unerfahrener Projektleiter die nebul\u00f6se Projektwolke auf und legt, ohne nachzufragen, los. Die Folge: Er wird fortan seines (Projekt-)Lebens nicht mehr froh \u2013 unter anderem weil seinem Auftraggeber die pr\u00e4sentierten L\u00f6sungsideen oder bereits umgesetzten L\u00f6sungen nie zusagen. \u201eSo hatte ich mir das nicht vorgestellt \u2026\u201c<\/p>\n<p style=\"text-align: justify;\">Deshalb gilt vor einem offiziellen Projektbeginn und der \u00dcbernahme einer Projektleiterfunktion die Maxime: Kein Projektstart ohne ausf\u00fchrliche Ziel- und Auftragskl\u00e4rung. Denn f\u00fcr ein Schiff, das seinen Zielhafen nicht kennt, weht kein Wind g\u00fcnstig und ist keine Route richtig. Nachfolgend einige Tipps, wie Sie solche Pannen vermeiden, wenn Ihnen ein Projektauftrag erteilt wird.<\/p>\n<ol style=\"text-align: justify;\">\n<li>\n<h3>Bitten Sie Ihren Auftraggeber um ein Auftragskl\u00e4rungsgespr\u00e4ch.<\/h3>\n<\/li>\n<\/ol>\n<p style=\"text-align: justify;\">Nehmen Sie keinen Auftrag zwischen T\u00fcr und Angel an. Bestehen Sie auf ein ausf\u00fchrliches pers\u00f6nliches Gespr\u00e4ch mit Ihrem Auftraggeber, in dem er ihnen seine Ideen und Vorstellungen erl\u00e4utert.<\/p>\n<ol style=\"text-align: justify;\" start=\"2\">\n<li>\n<h3>Lassen Sie sich die Hintergr\u00fcnde und Ausl\u00f6ser schildern.<\/h3>\n<\/li>\n<\/ol>\n<p style=\"text-align: justify;\">In dem pers\u00f6nlichen Gespr\u00e4ch sollten Sie auch die Beweggr\u00fcnde f\u00fcr das geplante Projekt sowie den Kontext, in dem es steht, erkunden. Denn so erhalten Sie wichtige Infos \u00fcber die Rahmenbedingungen und m\u00f6gliche externe Einflussfaktoren.<\/p>\n<ol style=\"text-align: justify;\" start=\"3\">\n<li>\n<h3>Definieren Sie mit dem Auftraggeber messbare Ziele.<\/h3>\n<\/li>\n<\/ol>\n<p style=\"text-align: justify;\">Ein Projekt ist erst beendet, wenn die Projektziele erreicht sind und der Auftraggeber den Projektleiter von seinen Aufgaben entbindet. Also ist es n\u00f6tig, zu Beginn die Ziele zu definieren \u2013 auch damit Sie wissen, was von Ihnen konkret erwartet wird. Achten Sie auf eindeutige und messbare Zieldefinitionen. Denn nur dann kann am Ende \u00fcberpr\u00fcft werden, ob Sie die Ziele erreicht haben.<\/p>\n<ol style=\"text-align: justify;\" start=\"4\">\n<li>\n<h3>Legen Sie gemeinsam fest, was nicht zum Projekt geh\u00f6rt.<\/h3>\n<\/li>\n<\/ol>\n<p style=\"text-align: justify;\">Mindestens ebenso wichtig wie die Projektzieldefinition ist eine detaillierte Absprache dar\u00fcber: Was ist nicht Inhalt und Ziel des Projekts? Was sind seine \u201eGrenzen\u201c?<\/p>\n<ol style=\"text-align: justify;\" start=\"5\">\n<li>\n<h3>Dokumentieren Sie das Vorhaben in einem Projektideensteckbrief.<\/h3>\n<\/li>\n<\/ol>\n<p style=\"text-align: justify;\">Wer schreibt, der bleibt! Diese Regel gilt auch in Projekten. Halten Sie die unter 1. bis 4. diskutierten Ergebnisse fest. Dies hilft Ihnen zu \u201echecken\u201c, ob Sie alle wichtigen Infos haben. Au\u00dferdem ist dies eine einfache Methode, um mit dem Auftraggeber zu pr\u00fcfen, ob Sie den Auftrag wirklich verstanden haben. Lassen Sie sich den Projektideensteckbrief oder das Antragsformular vom Auftraggeber unterschreiben. So versichern beide Seiten, dass sie zu den festgehaltenen Infos stehen.<\/p>\n<ol style=\"text-align: justify;\" start=\"6\">\n<li>\n<h3>Legen Sie regelm\u00e4\u00dfige Abstimmungsrunden mit dem Auftraggeber fest.<\/h3>\n<\/li>\n<\/ol>\n<p style=\"text-align: justify;\">\u00c4nderungen und neue Erkenntnisse sind in Projekten an der Tagesordnung. Entsprechend oft \u201everalten\u201c die im Projektideensteckbrief oder -antragsformular urspr\u00fcnglich gesammelten Informationen und ist eine Aktualisierung n\u00f6tig. Sorgen Sie deshalb daf\u00fcr, dass Sie auch nach dem Initialgespr\u00e4ch in enger pers\u00f6nlicher Abstimmung mit Ihrem Auftraggeber sind, um Missverst\u00e4ndnisse zu vermeiden.<\/p>\n<p style=\"text-align: justify;\">Erst wenn die oben genannten Punkte \u201eabgehakt\u201c sind, sollten Sie sich solchen Themen wie dem Erstellen einer Risikoanalyse und Machbarkeitsstudie oder dem Planen des Projekt-Kick-Offs zuwenden.<\/p>\n<p style=\"text-align: justify;\"><strong>Und noch ein Tipp:<\/strong> Beherzigen Sie die obigen Tipps auch aus Eigeninteresse. Denn wenn ein von Ihnen geleitetes Projekt nicht den von den Auftragsgebern erhofften Verlauf nimmt, sagt niemand am Schluss: \u201eDas Projekt fuhr an die Wand, weil wir zu Beginn den Auftrag und die Ziele nicht sauber gekl\u00e4rt haben.\u201c Nein, es wird hei\u00dfen: \u201eDer M\u00fcller (oder die Wagner) hat einen schlechten Job gemacht.\u201c<\/p>\n<h3 style=\"text-align: justify;\">\u00dcber den\u00a0Autor:<\/h3>\n<p style=\"text-align: justify;\"><strong><img loading=\"lazy\" decoding=\"async\" class=\"alignleft size-thumbnail wp-image-662\" src=\"https:\/\/www.weiterbildungsmarkt.net\/magazin\/wp-content\/uploads\/2013\/08\/Kraus-Georg-Dr-ohne-Brille-2007-120x120.jpg\" alt=\"Georg Kraus\" width=\"120\" height=\"120\" srcset=\"https:\/\/www.weiterbildungsmarkt.net\/magazin\/wp-content\/uploads\/2013\/08\/Kraus-Georg-Dr-ohne-Brille-2007-120x120.jpg 120w, https:\/\/www.weiterbildungsmarkt.net\/magazin\/wp-content\/uploads\/2013\/08\/Kraus-Georg-Dr-ohne-Brille-2007-210x210.jpg 210w\" sizes=\"auto, (max-width: 120px) 100vw, 120px\" \/>Dr. Georg Kraus<\/strong> ist Inhaber der Unternehmensberatung Dr. Kraus &amp; Partner, Bruchsal. Er ist Autor des \u201eChange Management Handbuch\u201c (Cornelsen Verlag) sowie zahlreicher Projektmanagement-B\u00fccher.<\/p>\n<div class=\"shariff shariff-align-left shariff-widget-align-left\"><ul class=\"shariff-buttons theme-round orientation-horizontal buttonsize-medium\"><li class=\"shariff-button facebook shariff-nocustomcolor\" style=\"background-color:#4273c8\"><a href=\"https:\/\/www.facebook.com\/sharer\/sharer.php?u=https%3A%2F%2Fwww.weiterbildungsmarkt.net%2Fmagazin%2Fkarrierefalle-unklare-projektauftraege%2F\" title=\"Bei Facebook teilen\" aria-label=\"Bei Facebook teilen\" role=\"button\" rel=\"nofollow\" class=\"shariff-link\" style=\"; background-color:#3b5998; color:#fff\" target=\"_blank\"><span class=\"shariff-icon\" style=\"\"><svg width=\"32px\" height=\"20px\" xmlns=\"http:\/\/www.w3.org\/2000\/svg\" viewBox=\"0 0 18 32\"><path fill=\"#3b5998\" d=\"M17.1 0.2v4.7h-2.8q-1.5 0-2.1 0.6t-0.5 1.9v3.4h5.2l-0.7 5.3h-4.5v13.6h-5.5v-13.6h-4.5v-5.3h4.5v-3.9q0-3.3 1.9-5.2t5-1.8q2.6 0 4.1 0.2z\"\/><\/svg><\/span><\/a><\/li><li class=\"shariff-button twitter shariff-nocustomcolor\" style=\"background-color:#595959\"><a href=\"https:\/\/twitter.com\/share?url=https%3A%2F%2Fwww.weiterbildungsmarkt.net%2Fmagazin%2Fkarrierefalle-unklare-projektauftraege%2F&text=Karrierefalle%20%E2%80%9Eunklare%20Projektauftr%C3%A4ge%E2%80%9C\" title=\"Bei X teilen\" aria-label=\"Bei X teilen\" role=\"button\" rel=\"noopener nofollow\" class=\"shariff-link\" style=\"; background-color:#000; color:#fff\" target=\"_blank\"><span class=\"shariff-icon\" style=\"\"><svg width=\"32px\" height=\"20px\" xmlns=\"http:\/\/www.w3.org\/2000\/svg\" viewBox=\"0 0 24 24\"><path fill=\"#000\" d=\"M14.258 10.152L23.176 0h-2.113l-7.747 8.813L7.133 0H0l9.352 13.328L0 23.973h2.113l8.176-9.309 6.531 9.309h7.133zm-2.895 3.293l-.949-1.328L2.875 1.56h3.246l6.086 8.523.945 1.328 7.91 11.078h-3.246zm0 0\"\/><\/svg><\/span><\/a><\/li><li class=\"shariff-button xing shariff-nocustomcolor\" style=\"background-color:#29888a\"><a href=\"https:\/\/www.xing.com\/spi\/shares\/new?url=https%3A%2F%2Fwww.weiterbildungsmarkt.net%2Fmagazin%2Fkarrierefalle-unklare-projektauftraege%2F\" title=\"Bei XING teilen\" aria-label=\"Bei XING teilen\" role=\"button\" rel=\"noopener nofollow\" class=\"shariff-link\" style=\"; background-color:#126567; color:#fff\" target=\"_blank\"><span class=\"shariff-icon\" style=\"\"><svg width=\"32px\" height=\"20px\" xmlns=\"http:\/\/www.w3.org\/2000\/svg\" viewBox=\"0 0 25 32\"><path fill=\"#126567\" d=\"M10.7 11.9q-0.2 0.3-4.6 8.2-0.5 0.8-1.2 0.8h-4.3q-0.4 0-0.5-0.3t0-0.6l4.5-8q0 0 0 0l-2.9-5q-0.2-0.4 0-0.7 0.2-0.3 0.5-0.3h4.3q0.7 0 1.2 0.8zM25.1 0.4q0.2 0.3 0 0.7l-9.4 16.7 6 11q0.2 0.4 0 0.6-0.2 0.3-0.6 0.3h-4.3q-0.7 0-1.2-0.8l-6-11.1q0.3-0.6 9.5-16.8 0.4-0.8 1.2-0.8h4.3q0.4 0 0.5 0.3z\"\/><\/svg><\/span><\/a><\/li><li class=\"shariff-button linkedin shariff-nocustomcolor\" style=\"background-color:#1488bf\"><a href=\"https:\/\/www.linkedin.com\/sharing\/share-offsite\/?url=https%3A%2F%2Fwww.weiterbildungsmarkt.net%2Fmagazin%2Fkarrierefalle-unklare-projektauftraege%2F\" title=\"Bei LinkedIn teilen\" aria-label=\"Bei LinkedIn teilen\" role=\"button\" rel=\"noopener nofollow\" class=\"shariff-link\" style=\"; background-color:#0077b5; color:#fff\" target=\"_blank\"><span class=\"shariff-icon\" style=\"\"><svg width=\"32px\" height=\"20px\" xmlns=\"http:\/\/www.w3.org\/2000\/svg\" viewBox=\"0 0 27 32\"><path fill=\"#0077b5\" d=\"M6.2 11.2v17.7h-5.9v-17.7h5.9zM6.6 5.7q0 1.3-0.9 2.2t-2.4 0.9h0q-1.5 0-2.4-0.9t-0.9-2.2 0.9-2.2 2.4-0.9 2.4 0.9 0.9 2.2zM27.4 18.7v10.1h-5.9v-9.5q0-1.9-0.7-2.9t-2.3-1.1q-1.1 0-1.9 0.6t-1.2 1.5q-0.2 0.5-0.2 1.4v9.9h-5.9q0-7.1 0-11.6t0-5.3l0-0.9h5.9v2.6h0q0.4-0.6 0.7-1t1-0.9 1.6-0.8 2-0.3q3 0 4.9 2t1.9 6z\"\/><\/svg><\/span><\/a><\/li><li class=\"shariff-button whatsapp shariff-nocustomcolor\" style=\"background-color:#5cbe4a\"><a href=\"https:\/\/api.whatsapp.com\/send?text=https%3A%2F%2Fwww.weiterbildungsmarkt.net%2Fmagazin%2Fkarrierefalle-unklare-projektauftraege%2F%20Karrierefalle%20%E2%80%9Eunklare%20Projektauftr%C3%A4ge%E2%80%9C\" title=\"Bei Whatsapp teilen\" aria-label=\"Bei Whatsapp teilen\" role=\"button\" rel=\"noopener nofollow\" class=\"shariff-link\" style=\"; background-color:#34af23; color:#fff\" target=\"_blank\"><span class=\"shariff-icon\" style=\"\"><svg width=\"32px\" height=\"20px\" xmlns=\"http:\/\/www.w3.org\/2000\/svg\" viewBox=\"0 0 32 32\"><path fill=\"#34af23\" d=\"M17.6 17.4q0.2 0 1.7 0.8t1.6 0.9q0 0.1 0 0.3 0 0.6-0.3 1.4-0.3 0.7-1.3 1.2t-1.8 0.5q-1 0-3.4-1.1-1.7-0.8-3-2.1t-2.6-3.3q-1.3-1.9-1.3-3.5v-0.1q0.1-1.6 1.3-2.8 0.4-0.4 0.9-0.4 0.1 0 0.3 0t0.3 0q0.3 0 0.5 0.1t0.3 0.5q0.1 0.4 0.6 1.6t0.4 1.3q0 0.4-0.6 1t-0.6 0.8q0 0.1 0.1 0.3 0.6 1.3 1.8 2.4 1 0.9 2.7 1.8 0.2 0.1 0.4 0.1 0.3 0 1-0.9t0.9-0.9zM14 26.9q2.3 0 4.3-0.9t3.6-2.4 2.4-3.6 0.9-4.3-0.9-4.3-2.4-3.6-3.6-2.4-4.3-0.9-4.3 0.9-3.6 2.4-2.4 3.6-0.9 4.3q0 3.6 2.1 6.6l-1.4 4.2 4.3-1.4q2.8 1.9 6.2 1.9zM14 2.2q2.7 0 5.2 1.1t4.3 2.9 2.9 4.3 1.1 5.2-1.1 5.2-2.9 4.3-4.3 2.9-5.2 1.1q-3.5 0-6.5-1.7l-7.4 2.4 2.4-7.2q-1.9-3.2-1.9-6.9 0-2.7 1.1-5.2t2.9-4.3 4.3-2.9 5.2-1.1z\"\/><\/svg><\/span><\/a><\/li><li class=\"shariff-button pinterest shariff-nocustomcolor\" style=\"background-color:#e70f18\"><a href=\"https:\/\/www.pinterest.com\/pin\/create\/link\/?url=https%3A%2F%2Fwww.weiterbildungsmarkt.net%2Fmagazin%2Fkarrierefalle-unklare-projektauftraege%2F&media=https%3A%2F%2Fwww.weiterbildungsmarkt.net%2Fmagazin%2Fwp-content%2Fuploads%2F2024%2F11%2Fcolored-pencils-2024-09-23-04-02-30-utc-scaled.jpg&description=Karrierefalle%20%E2%80%9Eunklare%20Projektauftr%C3%A4ge%E2%80%9C\" title=\"Bei Pinterest pinnen\" aria-label=\"Bei Pinterest pinnen\" role=\"button\" rel=\"noopener nofollow\" class=\"shariff-link\" style=\"; background-color:#cb2027; color:#fff\" target=\"_blank\"><span class=\"shariff-icon\" style=\"\"><svg width=\"32px\" height=\"20px\" xmlns=\"http:\/\/www.w3.org\/2000\/svg\" viewBox=\"0 0 27 32\"><path fill=\"#cb2027\" d=\"M27.4 16q0 3.7-1.8 6.9t-5 5-6.9 1.9q-2 0-3.9-0.6 1.1-1.7 1.4-2.9 0.2-0.6 1-3.8 0.4 0.7 1.3 1.2t2 0.5q2.1 0 3.8-1.2t2.7-3.4 0.9-4.8q0-2-1.1-3.8t-3.1-2.9-4.5-1.2q-1.9 0-3.5 0.5t-2.8 1.4-2 2-1.2 2.3-0.4 2.4q0 1.9 0.7 3.3t2.1 2q0.5 0.2 0.7-0.4 0-0.1 0.1-0.5t0.2-0.5q0.1-0.4-0.2-0.8-0.9-1.1-0.9-2.7 0-2.7 1.9-4.6t4.9-2q2.7 0 4.2 1.5t1.5 3.8q0 3-1.2 5.2t-3.1 2.1q-1.1 0-1.7-0.8t-0.4-1.9q0.1-0.6 0.5-1.7t0.5-1.8 0.2-1.4q0-0.9-0.5-1.5t-1.4-0.6q-1.1 0-1.9 1t-0.8 2.6q0 1.3 0.4 2.2l-1.8 7.5q-0.3 1.2-0.2 3.2-3.7-1.6-6-5t-2.3-7.6q0-3.7 1.9-6.9t5-5 6.9-1.9 6.9 1.9 5 5 1.8 6.9z\"\/><\/svg><\/span><\/a><\/li><\/ul><\/div>","protected":false},"excerpt":{"rendered":"<p>Viele Projekte nehmen nicht den (vom Auftraggeber) gew\u00fcnschten Verlauf, weil die Beteiligten zu Beginn nicht sauber kl\u00e4ren: Was ist der konkrete Auftrag? Und: Welche Ziele sollen erreicht werden? Montagmorgen, bei einem mittelst\u00e4ndischen Maschinenbauer. Der Leiter der Konstruktionsabteilung Meier trifft Gesch\u00e4ftsf\u00fchrer Huber im Foyer. Huber sagt zu Meier: \u201eGut, dass ich Sie treffe. Am Wochenende hatte [&hellip;]<\/p>\n","protected":false},"author":3,"featured_media":9749,"comment_status":"open","ping_status":"closed","sticky":false,"template":"","format":"standard","meta":{"_acf_changed":false,"footnotes":""},"categories":[48,130],"tags":[178,91,168,101],"class_list":["post-4555","post","type-post","status-publish","format-standard","has-post-thumbnail","hentry","category-management","category-projektmanagement","tag-change-management","tag-karriere","tag-management","tag-projektmanagement"],"acf":[],"_links":{"self":[{"href":"https:\/\/www.weiterbildungsmarkt.net\/magazin\/wp-json\/wp\/v2\/posts\/4555","targetHints":{"allow":["GET"]}}],"collection":[{"href":"https:\/\/www.weiterbildungsmarkt.net\/magazin\/wp-json\/wp\/v2\/posts"}],"about":[{"href":"https:\/\/www.weiterbildungsmarkt.net\/magazin\/wp-json\/wp\/v2\/types\/post"}],"author":[{"embeddable":true,"href":"https:\/\/www.weiterbildungsmarkt.net\/magazin\/wp-json\/wp\/v2\/users\/3"}],"replies":[{"embeddable":true,"href":"https:\/\/www.weiterbildungsmarkt.net\/magazin\/wp-json\/wp\/v2\/comments?post=4555"}],"version-history":[{"count":3,"href":"https:\/\/www.weiterbildungsmarkt.net\/magazin\/wp-json\/wp\/v2\/posts\/4555\/revisions"}],"predecessor-version":[{"id":5016,"href":"https:\/\/www.weiterbildungsmarkt.net\/magazin\/wp-json\/wp\/v2\/posts\/4555\/revisions\/5016"}],"wp:featuredmedia":[{"embeddable":true,"href":"https:\/\/www.weiterbildungsmarkt.net\/magazin\/wp-json\/wp\/v2\/media\/9749"}],"wp:attachment":[{"href":"https:\/\/www.weiterbildungsmarkt.net\/magazin\/wp-json\/wp\/v2\/media?parent=4555"}],"wp:term":[{"taxonomy":"category","embeddable":true,"href":"https:\/\/www.weiterbildungsmarkt.net\/magazin\/wp-json\/wp\/v2\/categories?post=4555"},{"taxonomy":"post_tag","embeddable":true,"href":"https:\/\/www.weiterbildungsmarkt.net\/magazin\/wp-json\/wp\/v2\/tags?post=4555"}],"curies":[{"name":"wp","href":"https:\/\/api.w.org\/{rel}","templated":true}]}}