{"id":4760,"date":"2017-12-12T08:23:11","date_gmt":"2017-12-12T06:23:11","guid":{"rendered":"https:\/\/www.weiterbildungsmarkt.net\/magazin\/?p=4760"},"modified":"2017-09-04T20:28:01","modified_gmt":"2017-09-04T18:28:01","slug":"fuehren-im-digitalen-zeitalter-12-thesen","status":"publish","type":"post","link":"https:\/\/www.weiterbildungsmarkt.net\/magazin\/fuehren-im-digitalen-zeitalter-12-thesen\/","title":{"rendered":"F\u00fchren im digitalen Zeitalter \u2013 12 Thesen"},"content":{"rendered":"<p style=\"text-align: justify;\"><strong>Digitalisierung hin oder her: Auch k\u00fcnftig werden F\u00fchrungskr\u00e4fte Menschen \u2013 und keine Maschinen und Algorithmen \u2013 f\u00fchren. Das sollten sich F\u00fchrungskr\u00e4fte immer wieder ins Bewusstsein rufen. Dann gelingt ihnen auch das F\u00fchren im digitalen Zeitalter.<\/strong><\/p>\n<h2 style=\"text-align: justify;\">These 1: Pers\u00f6nlichkeit l\u00e4sst sich nicht digitalisieren!<\/h2>\n<p style=\"text-align: justify;\">Menschen bleiben Menschen \u2013 daran \u00e4ndern die innovativsten Informations- und Kommunikationstechnologien nichts. Deshalb erfordert die zunehmende Digitalisierung sogar mehr Sozialkompetenz und Empathie seitens der F\u00fchrungskr\u00e4fte in den Unternehmen \u2013 denn den Mitarbeitern fehlen in der von permanenter Ver\u00e4nderung und geringer Planbarkeit gepr\u00e4gten VUCA-Welt zunehmend der gew\u00fcnschte Halt und die ben\u00f6tigte Orientierung.<\/p>\n<h2 style=\"text-align: justify;\">These 2: Menschen k\u00f6nnen nur durch Menschen gef\u00fchrt werden!<\/h2>\n<p style=\"text-align: justify;\">Skype, iPhone und Co vereinfachen zwar h\u00e4ufig unser Leben \u2013 kein Computerprogramm der Welt ersetzt jedoch agile F\u00fchrungspers\u00f6nlichkeiten, die f\u00fcr die Menschen in ihrem Umfeld Impuls- und Ideengeber sowie Motivatoren sind.<\/p>\n<h2 style=\"text-align: justify;\">These 3: F\u00fchrungskraft \u2013 lieber Menschenkenner als Fachexperte!<\/h2>\n<p style=\"text-align: justify;\">F\u00fchrungskr\u00e4fte haben immer h\u00e4ufiger keinen Wissensvorsprung vor ihren Mitarbeitern. Also m\u00fcssen sie sie deren Expertise (und Loyalit\u00e4t) vertrauen. Es wird zunehmend zu einer Kernaufgabe von F\u00fchrung, Spezialisten beziehungsweise Mitarbeiter mit Spezialwissen in Teams einzubinden und deren individuelle St\u00e4rken zu f\u00f6rdern.<\/p>\n<h2 style=\"text-align: justify;\">These 4: Kreativit\u00e4t ist nicht programmierbar!<\/h2>\n<p style=\"text-align: justify;\">Kreativit\u00e4t ist eine Voraussetzung f\u00fcr Innovation und eine der zentralen F\u00e4higkeiten, die uns Menschen von Maschinen unterscheidet. \u201eTeamspirit entwickeln\u201c, \u201eKonflikte l\u00f6sen\u201c und \u201eIdentifikation mit dem Job schaffen\u201c \u2013 bei diesen Aufgaben helfen nur agile F\u00fchrungspers\u00f6nlichkeiten und keine Nullen und Einsen.<\/p>\n<h2 style=\"text-align: justify;\">These 5: Das Prinzip von Befehl und Gehorsam hat ausgedient!<\/h2>\n<p style=\"text-align: justify;\">Moderne F\u00fchrungskr\u00e4fte sind keine Alles-besser-Wisser \u2013 und Anweisungen wie \u201eTue dies, dann haben wir Erfolg\u201c sind heutzutage nicht mehr zielf\u00fchrend. F\u00fchrungskr\u00e4fte und ihre Mitarbeiter m\u00fcssen sich vielmehr auf Augenh\u00f6he begegnen und gemeinsam im Prozess ermitteln, welche L\u00f6sungen zielf\u00fchrend sind.<\/p>\n<h2 style=\"text-align: justify;\">These 6: Die Antwort auf die Technisierung lautet mehr emotionale Intelligenz!<\/h2>\n<p style=\"text-align: justify;\">Je mehr emotions- und seelenlose Technik in den Unternehmen zum Einsatz kommt, umso bewusster m\u00fcssen wir den pers\u00f6nlichen, emotionalen Umgang miteinander suchen und gestalten. Deshalb steigt die Bedeutung von emotionaler Intelligenz f\u00fcr den F\u00fchrungserfolg.<\/p>\n<h2 style=\"text-align: justify;\">These 7: F\u00fchrung muss Orientierung, Halt und Sicherheit geben!<\/h2>\n<p style=\"text-align: justify;\">Je diffuser, instabiler und von Ver\u00e4nderung gepr\u00e4gter das Unternehmensumfeld ist, desto st\u00e4rker sehnen sich die Mitarbeiter nach Orientierung, Halt und Sicherheit. Dieses Bed\u00fcrfnis k\u00f6nnen letztlich nur ihre F\u00fchrungskr\u00e4fte befriedigen, wenn sonst alles im Umfeld \u201eschwankt\u201c. Das setzt einen vertrauensvollen und wertsch\u00e4tzenden Umgang miteinander voraus.<\/p>\n<h2 style=\"text-align: justify;\">These 8: F\u00fchrung ist Beziehung \u2013 Leader aus Fleisch und Blut sind gefordert!<\/h2>\n<p style=\"text-align: justify;\">Sich als Chef Zeit nehmen, sich zusammensetzen und Probleme und Verbesserungsvorschl\u00e4ge gemeinsam er\u00f6rtern, ist allemal besser als eine emotionslose E-Mail zu senden \u2013 denn hierbei ist die F\u00fchrungskraft (und der Mitarbeiter) nicht als Mensch erfahrbar. K\u00f6rpersprache und Tonalit\u00e4t, Mimik und Gestik gehen verloren. Missverst\u00e4nde sind somit vorprogrammiert, die sich negativ auf die Beziehung auswirken.<\/p>\n<h2 style=\"text-align: justify;\">These 9: F\u00fchrung hei\u00dft, Menschen erreichen und Sinn stiften!<\/h2>\n<p style=\"text-align: justify;\">Die \u201edigital natives\u201c der Generation Y lassen sich durch die Aussicht auf Prestige und Status im Job kaum beeindrucken und emotional binden. Vielmehr stehen f\u00fcr die Leistungstr\u00e4ger von morgen Sinnsuche und Selbstverwirklichung im Vordergrund. \u00c4hnlich ist dies bei den Leistungstr\u00e4ger von heute, die oft \u201edigital immigrants\u201c sind. Auch sie wollen bei Vorhaben wissen \u201eWarum?\u201c und fragen sich \u201eWas bedeutet das f\u00fcr mich?\u201c. Gefragt sind deshalb kreative F\u00fchrungsmethoden, die die individuellen, pers\u00f6nlichen Bed\u00fcrfnisse ber\u00fccksichtigen.<\/p>\n<h2 style=\"text-align: justify;\">These 10: Empathie schafft die Erfolgsvoraussetzungen!<\/h2>\n<p style=\"text-align: justify;\">Sich in die Gef\u00fchlswelt des Gegen\u00fcbers hineinzuversetzen, ist ein enorm wichtiges F\u00fchrungsinstrument. Denn wenn die Mitarbeiter positiv gestimmt sind, weil sie sich wohl und gewertsch\u00e4tzt f\u00fchlen, sind sie auch bereit, sich zu engagieren \u2013 und somit ist die wichtigste Voraussetzung auch f\u00fcr Innovation erf\u00fcllt.<\/p>\n<h2 style=\"text-align: justify;\">These 11: F\u00fchrungskr\u00e4fte m\u00fcssen zu einer \u201eMarke\u201c werden!<\/h2>\n<p style=\"text-align: justify;\">F\u00fchrungskr\u00e4fte sollten sich ihrer Werte, \u00dcberzeugungen und St\u00e4rken bewusst sein und diese kommunizieren, damit sie f\u00fcr ihre Mitarbeiter zu einer unverwechselbaren \u201eMarke\u201c werden. Denn nur wer authentisch ist und erkennbar zu seinen Werten und \u00dcberzeugungen steht, gewinnt das Vertrauen von Menschen \u2013 also auch das der Mitarbeiter.<\/p>\n<h2 style=\"text-align: justify;\">These 12: Ohne Vernetzung l\u00e4uft nichts!<\/h2>\n<p style=\"text-align: justify;\">1000 Facebook-Freunde kann jeder haben (&#8230; und notfalls kaufen). Sich offline zu vernetzen, ist aufwendiger, jedoch erfolgsentscheidend. Kontakte und Beziehungen k\u00f6nnen zwar online angebahnt werden, doch Vertrauen setzt pers\u00f6nliche Begegnung voraus. Professionelles Netzwerken erfordert das Beste aus beiden Welten.<\/p>\n<h3 style=\"text-align: justify;\">\u00dcber die Autorin:<\/h3>\n<p style=\"text-align: justify;\"><strong><img loading=\"lazy\" decoding=\"async\" class=\"wp-image-666 size-thumbnail alignleft\" src=\"https:\/\/www.weiterbildungsmarkt.net\/magazin\/wp-content\/uploads\/2013\/08\/Liebermeister-Barbara-120x120.jpg\" alt=\"Liebermeister, Barbara\" width=\"120\" height=\"120\" srcset=\"https:\/\/www.weiterbildungsmarkt.net\/magazin\/wp-content\/uploads\/2013\/08\/Liebermeister-Barbara-120x120.jpg 120w, https:\/\/www.weiterbildungsmarkt.net\/magazin\/wp-content\/uploads\/2013\/08\/Liebermeister-Barbara-210x210.jpg 210w\" sizes=\"auto, (max-width: 120px) 100vw, 120px\" \/>Barbara Liebermeister<\/strong> leitet das Institut f\u00fcr F\u00fchrungskultur im digitalen Zeitalter (IFIDZ), Frankfurt, das Unternehmen dabei unterst\u00fctzt, ihren Mitarbeitern die Kompetenzen zu vermitteln, die sie im digitalen Zeitalter brauchen. Im April erschien im Gabal-Verlag ihr neues Buch \u201eDigital ist egal: Mensch bleibt Mensch \u2013 F\u00fchrung entscheidet\u201c.<\/p>\n<div class=\"shariff shariff-align-left shariff-widget-align-left\"><ul class=\"shariff-buttons theme-round orientation-horizontal buttonsize-medium\"><li class=\"shariff-button facebook shariff-nocustomcolor\" style=\"background-color:#4273c8\"><a href=\"https:\/\/www.facebook.com\/sharer\/sharer.php?u=https%3A%2F%2Fwww.weiterbildungsmarkt.net%2Fmagazin%2Ffuehren-im-digitalen-zeitalter-12-thesen%2F\" title=\"Bei Facebook teilen\" aria-label=\"Bei Facebook teilen\" role=\"button\" rel=\"nofollow\" class=\"shariff-link\" style=\"; background-color:#3b5998; color:#fff\" target=\"_blank\"><span class=\"shariff-icon\" style=\"\"><svg width=\"32px\" height=\"20px\" xmlns=\"http:\/\/www.w3.org\/2000\/svg\" viewBox=\"0 0 18 32\"><path fill=\"#3b5998\" d=\"M17.1 0.2v4.7h-2.8q-1.5 0-2.1 0.6t-0.5 1.9v3.4h5.2l-0.7 5.3h-4.5v13.6h-5.5v-13.6h-4.5v-5.3h4.5v-3.9q0-3.3 1.9-5.2t5-1.8q2.6 0 4.1 0.2z\"\/><\/svg><\/span><\/a><\/li><li class=\"shariff-button twitter shariff-nocustomcolor\" style=\"background-color:#595959\"><a href=\"https:\/\/twitter.com\/share?url=https%3A%2F%2Fwww.weiterbildungsmarkt.net%2Fmagazin%2Ffuehren-im-digitalen-zeitalter-12-thesen%2F&text=F%C3%BChren%20im%20digitalen%20Zeitalter%20%E2%80%93%2012%20Thesen\" title=\"Bei X teilen\" aria-label=\"Bei X teilen\" role=\"button\" rel=\"noopener nofollow\" class=\"shariff-link\" style=\"; background-color:#000; color:#fff\" target=\"_blank\"><span class=\"shariff-icon\" style=\"\"><svg width=\"32px\" height=\"20px\" xmlns=\"http:\/\/www.w3.org\/2000\/svg\" viewBox=\"0 0 24 24\"><path fill=\"#000\" d=\"M14.258 10.152L23.176 0h-2.113l-7.747 8.813L7.133 0H0l9.352 13.328L0 23.973h2.113l8.176-9.309 6.531 9.309h7.133zm-2.895 3.293l-.949-1.328L2.875 1.56h3.246l6.086 8.523.945 1.328 7.91 11.078h-3.246zm0 0\"\/><\/svg><\/span><\/a><\/li><li class=\"shariff-button xing shariff-nocustomcolor\" style=\"background-color:#29888a\"><a href=\"https:\/\/www.xing.com\/spi\/shares\/new?url=https%3A%2F%2Fwww.weiterbildungsmarkt.net%2Fmagazin%2Ffuehren-im-digitalen-zeitalter-12-thesen%2F\" title=\"Bei XING teilen\" aria-label=\"Bei XING teilen\" role=\"button\" rel=\"noopener nofollow\" class=\"shariff-link\" style=\"; background-color:#126567; color:#fff\" target=\"_blank\"><span class=\"shariff-icon\" style=\"\"><svg width=\"32px\" height=\"20px\" xmlns=\"http:\/\/www.w3.org\/2000\/svg\" viewBox=\"0 0 25 32\"><path fill=\"#126567\" d=\"M10.7 11.9q-0.2 0.3-4.6 8.2-0.5 0.8-1.2 0.8h-4.3q-0.4 0-0.5-0.3t0-0.6l4.5-8q0 0 0 0l-2.9-5q-0.2-0.4 0-0.7 0.2-0.3 0.5-0.3h4.3q0.7 0 1.2 0.8zM25.1 0.4q0.2 0.3 0 0.7l-9.4 16.7 6 11q0.2 0.4 0 0.6-0.2 0.3-0.6 0.3h-4.3q-0.7 0-1.2-0.8l-6-11.1q0.3-0.6 9.5-16.8 0.4-0.8 1.2-0.8h4.3q0.4 0 0.5 0.3z\"\/><\/svg><\/span><\/a><\/li><li class=\"shariff-button linkedin shariff-nocustomcolor\" style=\"background-color:#1488bf\"><a href=\"https:\/\/www.linkedin.com\/sharing\/share-offsite\/?url=https%3A%2F%2Fwww.weiterbildungsmarkt.net%2Fmagazin%2Ffuehren-im-digitalen-zeitalter-12-thesen%2F\" title=\"Bei LinkedIn teilen\" aria-label=\"Bei LinkedIn teilen\" role=\"button\" rel=\"noopener nofollow\" class=\"shariff-link\" style=\"; background-color:#0077b5; color:#fff\" target=\"_blank\"><span class=\"shariff-icon\" style=\"\"><svg width=\"32px\" height=\"20px\" xmlns=\"http:\/\/www.w3.org\/2000\/svg\" viewBox=\"0 0 27 32\"><path fill=\"#0077b5\" d=\"M6.2 11.2v17.7h-5.9v-17.7h5.9zM6.6 5.7q0 1.3-0.9 2.2t-2.4 0.9h0q-1.5 0-2.4-0.9t-0.9-2.2 0.9-2.2 2.4-0.9 2.4 0.9 0.9 2.2zM27.4 18.7v10.1h-5.9v-9.5q0-1.9-0.7-2.9t-2.3-1.1q-1.1 0-1.9 0.6t-1.2 1.5q-0.2 0.5-0.2 1.4v9.9h-5.9q0-7.1 0-11.6t0-5.3l0-0.9h5.9v2.6h0q0.4-0.6 0.7-1t1-0.9 1.6-0.8 2-0.3q3 0 4.9 2t1.9 6z\"\/><\/svg><\/span><\/a><\/li><li class=\"shariff-button whatsapp shariff-nocustomcolor\" style=\"background-color:#5cbe4a\"><a href=\"https:\/\/api.whatsapp.com\/send?text=https%3A%2F%2Fwww.weiterbildungsmarkt.net%2Fmagazin%2Ffuehren-im-digitalen-zeitalter-12-thesen%2F%20F%C3%BChren%20im%20digitalen%20Zeitalter%20%E2%80%93%2012%20Thesen\" title=\"Bei Whatsapp teilen\" aria-label=\"Bei Whatsapp teilen\" role=\"button\" rel=\"noopener nofollow\" class=\"shariff-link\" style=\"; background-color:#34af23; color:#fff\" target=\"_blank\"><span class=\"shariff-icon\" style=\"\"><svg width=\"32px\" height=\"20px\" xmlns=\"http:\/\/www.w3.org\/2000\/svg\" viewBox=\"0 0 32 32\"><path fill=\"#34af23\" d=\"M17.6 17.4q0.2 0 1.7 0.8t1.6 0.9q0 0.1 0 0.3 0 0.6-0.3 1.4-0.3 0.7-1.3 1.2t-1.8 0.5q-1 0-3.4-1.1-1.7-0.8-3-2.1t-2.6-3.3q-1.3-1.9-1.3-3.5v-0.1q0.1-1.6 1.3-2.8 0.4-0.4 0.9-0.4 0.1 0 0.3 0t0.3 0q0.3 0 0.5 0.1t0.3 0.5q0.1 0.4 0.6 1.6t0.4 1.3q0 0.4-0.6 1t-0.6 0.8q0 0.1 0.1 0.3 0.6 1.3 1.8 2.4 1 0.9 2.7 1.8 0.2 0.1 0.4 0.1 0.3 0 1-0.9t0.9-0.9zM14 26.9q2.3 0 4.3-0.9t3.6-2.4 2.4-3.6 0.9-4.3-0.9-4.3-2.4-3.6-3.6-2.4-4.3-0.9-4.3 0.9-3.6 2.4-2.4 3.6-0.9 4.3q0 3.6 2.1 6.6l-1.4 4.2 4.3-1.4q2.8 1.9 6.2 1.9zM14 2.2q2.7 0 5.2 1.1t4.3 2.9 2.9 4.3 1.1 5.2-1.1 5.2-2.9 4.3-4.3 2.9-5.2 1.1q-3.5 0-6.5-1.7l-7.4 2.4 2.4-7.2q-1.9-3.2-1.9-6.9 0-2.7 1.1-5.2t2.9-4.3 4.3-2.9 5.2-1.1z\"\/><\/svg><\/span><\/a><\/li><li class=\"shariff-button pinterest shariff-nocustomcolor\" style=\"background-color:#e70f18\"><a href=\"https:\/\/www.pinterest.com\/pin\/create\/link\/?url=https%3A%2F%2Fwww.weiterbildungsmarkt.net%2Fmagazin%2Ffuehren-im-digitalen-zeitalter-12-thesen%2F&media=https%3A%2F%2Fwww.weiterbildungsmarkt.net%2Fmagazin%2Fwp-content%2Fuploads%2F2024%2F11%2Fcolored-pencils-2024-09-23-04-02-30-utc-scaled.jpg&description=F%C3%BChren%20im%20digitalen%20Zeitalter%20%E2%80%93%2012%20Thesen\" title=\"Bei Pinterest pinnen\" aria-label=\"Bei Pinterest pinnen\" role=\"button\" rel=\"noopener nofollow\" class=\"shariff-link\" style=\"; background-color:#cb2027; color:#fff\" target=\"_blank\"><span class=\"shariff-icon\" style=\"\"><svg width=\"32px\" height=\"20px\" xmlns=\"http:\/\/www.w3.org\/2000\/svg\" viewBox=\"0 0 27 32\"><path fill=\"#cb2027\" d=\"M27.4 16q0 3.7-1.8 6.9t-5 5-6.9 1.9q-2 0-3.9-0.6 1.1-1.7 1.4-2.9 0.2-0.6 1-3.8 0.4 0.7 1.3 1.2t2 0.5q2.1 0 3.8-1.2t2.7-3.4 0.9-4.8q0-2-1.1-3.8t-3.1-2.9-4.5-1.2q-1.9 0-3.5 0.5t-2.8 1.4-2 2-1.2 2.3-0.4 2.4q0 1.9 0.7 3.3t2.1 2q0.5 0.2 0.7-0.4 0-0.1 0.1-0.5t0.2-0.5q0.1-0.4-0.2-0.8-0.9-1.1-0.9-2.7 0-2.7 1.9-4.6t4.9-2q2.7 0 4.2 1.5t1.5 3.8q0 3-1.2 5.2t-3.1 2.1q-1.1 0-1.7-0.8t-0.4-1.9q0.1-0.6 0.5-1.7t0.5-1.8 0.2-1.4q0-0.9-0.5-1.5t-1.4-0.6q-1.1 0-1.9 1t-0.8 2.6q0 1.3 0.4 2.2l-1.8 7.5q-0.3 1.2-0.2 3.2-3.7-1.6-6-5t-2.3-7.6q0-3.7 1.9-6.9t5-5 6.9-1.9 6.9 1.9 5 5 1.8 6.9z\"\/><\/svg><\/span><\/a><\/li><\/ul><\/div>","protected":false},"excerpt":{"rendered":"<p>Digitalisierung hin oder her: Auch k\u00fcnftig werden F\u00fchrungskr\u00e4fte Menschen \u2013 und keine Maschinen und Algorithmen \u2013 f\u00fchren. Das sollten sich F\u00fchrungskr\u00e4fte immer wieder ins Bewusstsein rufen. Dann gelingt ihnen auch das F\u00fchren im digitalen Zeitalter. These 1: Pers\u00f6nlichkeit l\u00e4sst sich nicht digitalisieren! Menschen bleiben Menschen \u2013 daran \u00e4ndern die innovativsten Informations- und Kommunikationstechnologien nichts. Deshalb [&hellip;]<\/p>\n","protected":false},"author":3,"featured_media":9749,"comment_status":"open","ping_status":"closed","sticky":false,"template":"","format":"standard","meta":{"_acf_changed":false,"footnotes":""},"categories":[48,61],"tags":[178,154,153,78,168],"class_list":["post-4760","post","type-post","status-publish","format-standard","has-post-thumbnail","hentry","category-management","category-change-management","tag-change-management","tag-fuehrungskraefteentwicklung","tag-fuehrungskraeftetraining","tag-leadership-2","tag-management"],"acf":[],"_links":{"self":[{"href":"https:\/\/www.weiterbildungsmarkt.net\/magazin\/wp-json\/wp\/v2\/posts\/4760","targetHints":{"allow":["GET"]}}],"collection":[{"href":"https:\/\/www.weiterbildungsmarkt.net\/magazin\/wp-json\/wp\/v2\/posts"}],"about":[{"href":"https:\/\/www.weiterbildungsmarkt.net\/magazin\/wp-json\/wp\/v2\/types\/post"}],"author":[{"embeddable":true,"href":"https:\/\/www.weiterbildungsmarkt.net\/magazin\/wp-json\/wp\/v2\/users\/3"}],"replies":[{"embeddable":true,"href":"https:\/\/www.weiterbildungsmarkt.net\/magazin\/wp-json\/wp\/v2\/comments?post=4760"}],"version-history":[{"count":1,"href":"https:\/\/www.weiterbildungsmarkt.net\/magazin\/wp-json\/wp\/v2\/posts\/4760\/revisions"}],"predecessor-version":[{"id":4761,"href":"https:\/\/www.weiterbildungsmarkt.net\/magazin\/wp-json\/wp\/v2\/posts\/4760\/revisions\/4761"}],"wp:featuredmedia":[{"embeddable":true,"href":"https:\/\/www.weiterbildungsmarkt.net\/magazin\/wp-json\/wp\/v2\/media\/9749"}],"wp:attachment":[{"href":"https:\/\/www.weiterbildungsmarkt.net\/magazin\/wp-json\/wp\/v2\/media?parent=4760"}],"wp:term":[{"taxonomy":"category","embeddable":true,"href":"https:\/\/www.weiterbildungsmarkt.net\/magazin\/wp-json\/wp\/v2\/categories?post=4760"},{"taxonomy":"post_tag","embeddable":true,"href":"https:\/\/www.weiterbildungsmarkt.net\/magazin\/wp-json\/wp\/v2\/tags?post=4760"}],"curies":[{"name":"wp","href":"https:\/\/api.w.org\/{rel}","templated":true}]}}