{"id":4873,"date":"2017-10-10T09:17:16","date_gmt":"2017-10-10T07:17:16","guid":{"rendered":"https:\/\/www.weiterbildungsmarkt.net\/magazin\/?p=4873"},"modified":"2017-10-03T13:51:43","modified_gmt":"2017-10-03T11:51:43","slug":"bildungs-und-berufsberaterinnen-brauchen-weitblick","status":"publish","type":"post","link":"https:\/\/www.weiterbildungsmarkt.net\/magazin\/bildungs-und-berufsberaterinnen-brauchen-weitblick\/","title":{"rendered":"Bildungs- und BerufsberaterInnen brauchen Weitblick"},"content":{"rendered":"<p style=\"text-align: justify;\"><strong>Wer \u00fcberblickt heute noch die sich schnell \u00e4ndernden und\u00a0 wachsenden Bildungs- und Berufsm\u00f6glichkeiten? Gut ausgebildeten Bildungs- und BerufsberaterInnen er\u00f6ffnet sich ein spannendes und forderndes Arbeitsfeld, und sie werden gesucht.\u00a0 <\/strong><\/p>\n<h2 style=\"text-align: justify;\">Bildungs- und Berufsberatung wird immer wichtiger<\/h2>\n<p style=\"text-align: justify;\">Die Berufswelt ist von wachsender Dynamik gepr\u00e4gt. Spezialisierungen nehmen zu, neue Berufe entstehen. Traditionelle Berufe verlieren an Bedeutung. Alle Berufe stellen neue Anforderungen, vor allem durch die Digitalisierung der Prozesse, durch die Entwicklung neuer \u00a0Produkte und durch das Entstehen neuer Dienstleistungen.<\/p>\n<p style=\"text-align: justify;\">Das Berufslexikon des AMS beschreibt 1800 Berufe, der Studienf\u00fchrer f\u00fcr \u00d6sterreich weist, unter Einbeziehung aller Universit\u00e4ten und Fachhochschulen, \u00fcber 2000 Studieng\u00e4nge aus. Zudem gibt es vermehrt alternative Bildungswege, um zu einem beruflichen Abschluss zu kommen. Wer hat da noch den \u00dcberblick?<\/p>\n<p style=\"text-align: justify;\">Bildungs- und BerufsberaterInnen sollen in dieser Situation Durchblick verschaffen. Sie sind nicht nur SpezialistInnen f\u00fcr Bildungswege und Berufsfelder, sondern auch f\u00fcr effektive Suchstrategien und klientenzentrierte Beratung.\u00a0 Mit Einf\u00fchlungsverm\u00f6gen geben sie den Ratsuchenden durch Gespr\u00e4che die M\u00f6glichkeit, ihr pers\u00f6nliches Potenzial und ihre Zukunftsvisionen hinsichtlich Bildung und Beruf \u00a0zu pr\u00e4zisieren. Damit unterst\u00fctzen sie individuelle Entscheidungen zur Bildungs- und\u00a0 Berufswahl.<\/p>\n<p style=\"text-align: justify;\">Vieles deutet darauf hin, dass in \u00d6sterreich ein gro\u00dfer Bedarf f\u00fcr professionelle Bildungs- und Berufsberatung gegeben ist. Zu h\u00e4ufig wirkt nur der n\u00e4here Umkreis, also Familie und Freunde, auf Bildungs- und Berufsentscheidungen ein. Die Statistik Austria kommt in ihrem Bericht \u201eBildung in Zahlen 2013\/14\u201c (2015, S. 36) zu dem Schluss: \u201eDie Schulbildung der Eltern und ihre Stellung im Beruf wirken sich erheblich auf die Bildungslaufbahn aus.\u201c Professionelle Bildungs- und BerufsberaterInnen haben dagegen eine \u201eAu\u00dfensicht\u201c und einen wesentlich gr\u00f6\u00dferen \u00dcberblick \u00fcber Bildungswege, Berufsfelder sowie \u00fcber Berufschancen am Arbeitsmarkt.<\/p>\n<h2 style=\"text-align: justify;\">Gefragt ist \u00a0Professionalit\u00e4t: Welche Kompetenzen sind n\u00f6tig?<\/h2>\n<p style=\"text-align: justify;\">Es \u00fcberrascht, dass es in \u00d6sterreich keine verbindlichen Vorschriften zur Ausbildung von Bildungs- und BerufsberaterInnen gibt. Der Beruf\u00a0 hat sich aus dem Bedarf entwickelt. Durch Selbstlernprozesse und Reflexion von Erfahrungswissen wurden\u00a0 notwendige Kompetenzen aufgebaut.<\/p>\n<p style=\"text-align: justify;\">Inzwischen hat sich ein breites und professionelles T\u00e4tigkeitsfeld f\u00fcr Bildungs- und Berufsberatung herausgebildet. Bildungs- und BerufsberaterInnen arbeiten z.B. in Schulen und sind hier speziell ausgebildete LehrerInnen, die f\u00fcr Information, Orientierungshilfe, Entscheidungsvorbereitung sowie individuelle Beratung zur Verf\u00fcgung stehen. Auch das Arbeitsmarktservice, Arbeiterkammer und Wirtschaftskammer sowie Einrichtungen der Erwachsenenbildung bieten Bildungs- und Berufsberatung an und zunehmend immer mehr selbstst\u00e4ndige, spezialisierte BeraterInnen. Die Qualifizierung der in diesen Bereichen t\u00e4tigen BeraterInnen erfolgt autodidaktisch, durch interne Weiterbildungen der Organisationen, f\u00fcr die sie arbeiten, und durch Kursangebote von Weiterbildungseinrichtungen. Es handelt sich also um non-formale oder informelle Bildungsangebote. Nur im Schulbereich hat sich eine formale Ausbildung f\u00fcr BeratungslehrerInnen herausgebildet.<\/p>\n<p style=\"text-align: justify;\">Zusammengefasst kann festgestellt werden, dass ein gro\u00dfer Bedarf an Bildungs- und Berufsberatung gegeben ist, dass das Berufsfeld w\u00e4chst und immer wichtiger wird.<\/p>\n<h3 style=\"text-align: justify;\">Es gibt europ\u00e4ische Kompetenzmodelle und Standards f\u00fcr Bildungs- und BerufsberaterInnen<\/h3>\n<p style=\"text-align: justify;\">Bildungs- und BerufsberaterInnen tragen hohe Verantwortung. Deswegen wurden auf europ\u00e4ischer Ebene, in Projekten, die die Europ\u00e4ische Kommission gef\u00f6rdert hat, Kompetenzmodelle und \u2013standards f\u00fcr Bildungs- und BerufsberaterInnen erarbeitet.<\/p>\n<p style=\"text-align: justify;\">Eines dieser Modelle ist\u00a0 <a href=\"http:\/\/mevoc.net\/DE\/htm\/fs_standards.htm\" target=\"_blank\" rel=\"noopener\"><strong>MEVOC<\/strong><\/a>. Ziel des Projekts war es ein praxisorientiertes, interaktives Onlineinstrument zu entwickeln, mit dem hochqualitative Beratung identifiziert und gef\u00f6rdert werden kann. Mit diesem Instrument k\u00f6nnen Bildungs- und BerufsberaterInnen ihre eigenen Beratungsleistungen evaluieren, Defizite identifizieren und angeleitet werden, wie fehlende Kompetenzen erworben werden k\u00f6nnen. MEVOC definiert die Anforderungen f\u00fcr Bildungs- und BerusberaterInnen in Bezug auf Wissen, Fertigkeiten und Kompetenzen, und zwar in den Feldern: Aus- und Weiterbildung, Arbeitsdynamik und Berufswelt, Kommunikation mit KlientInnen, Coaching, Assessment, Jobsuche und Stellenvermittlung, Ethik und BeraterInnenprofil.<\/p>\n<p style=\"text-align: justify;\">Aufbauend auf den Kompetenzstandards von MEVOC\u00a0 wurde in einem zweiten EU-gef\u00f6rderten Projekt, unter der Bezeichnung <strong><a href=\"http:\/\/ecgc.at\/index.php?option=com_content&amp;task=view&amp;id=1&amp;Itemid=2&amp;lang=german\" target=\"_blank\" rel=\"noopener\">ECGC <\/a><\/strong>das Europ\u00e4ische Zertifikat f\u00fcr Bildungs- und BerufsberaterInnen entwickelt. Damit k\u00f6nnen sowohl non-formal als auch informell erworbene Kenntnisse, Fertigkeiten und Kompetenzen von Bildungs- und BerufsberaterInnen zertifiziert werden. Diese Zertifizierung kann integrativer Bestandteil\u00a0 von Ausbildungs- und Trainingsangeboten f\u00fcr Bildungs- und \u00a0BerufsberaterInnen sein.<\/p>\n<p style=\"text-align: justify;\">Dieses Projekt wurde vom Institut f\u00fcr Bildungsforschung der Wirtschaft koordiniert, die Donau-Universit\u00e4t Krems war Partner in diesem Projekt. Das ECGC-Zertifikat wurde zum Bestandteil des Postgradualen Universit\u00e4ts-Lehrgangs \u201eBildungs- und Berufsberatung\u201c, den die Donau-Universit\u00e4t Krems seit 2011 anbietet.<\/p>\n<h3 style=\"text-align: justify;\">Der Universit\u00e4ts-Lehrgang \u201eBildungs- und Berufsberatung\u201c der Donau-Universit\u00e4t Krems<\/h3>\n<p style=\"text-align: justify;\">Die Donau-Universit\u00e4t Krems hat die Standards von MEVOC und ECGC aufgegriffen und einen Lehrgang mit akademischem Abschluss geschaffen. Eine akademische Ausbildung entspricht der hohen Verantwortung von Bildungs- und BerufsberaterInnen.<\/p>\n<p style=\"text-align: justify;\">Zielgruppen sind jene Personen, die bereits Erfahrungen in der Bildungs- und Berufsberatung oder in einem verwandten Feld (z.B. Coaching) nachweisen k\u00f6nnen.<\/p>\n<p style=\"text-align: justify;\">Die Studierenden haben die M\u00f6glichkeit \u00a0zwischen zwei Niveaustufen zu w\u00e4hlen: Akademischer Experte\/Akademische Expertin und Master of Arts.<\/p>\n<p style=\"text-align: justify;\">Die folgende Grafik zeigt den Aufbau des Studienprogramms:<\/p>\n<p><img loading=\"lazy\" decoding=\"async\" class=\"aligncenter size-full wp-image-4874\" src=\"https:\/\/www.weiterbildungsmarkt.net\/magazin\/wp-content\/uploads\/2017\/10\/DUK-BBB.png\" alt=\"DUK BBB\" width=\"530\" height=\"467\" srcset=\"https:\/\/www.weiterbildungsmarkt.net\/magazin\/wp-content\/uploads\/2017\/10\/DUK-BBB.png 530w, https:\/\/www.weiterbildungsmarkt.net\/magazin\/wp-content\/uploads\/2017\/10\/DUK-BBB-300x264.png 300w, https:\/\/www.weiterbildungsmarkt.net\/magazin\/wp-content\/uploads\/2017\/10\/DUK-BBB-477x420.png 477w\" sizes=\"auto, (max-width: 530px) 100vw, 530px\" \/><\/p>\n<p style=\"text-align: justify;\">45 Credits (ECTS) werden durch Pr\u00fcfverfahren noch vor Beginn des Pr\u00e4senzstudiums erreicht. Das Pr\u00fcfverfahren besteht aus Online-Test (15 ECTS) und Assessment Center (30 ECTS, 1-t\u00e4tig).<\/p>\n<p style=\"text-align: justify;\">Im Rahmen von Pr\u00e4senzmodulen und schriftlichen, praxisbezogenen und wissenschaftlich fundierten Arbeiten werden berufsfeldbezogene Inhalte weiter reflektiert und wissenschaftliche aufgearbeitet.<\/p>\n<p style=\"text-align: justify;\">(F\u00fcr weitere <a href=\"https:\/\/www.weiterbildungsmarkt.net\/institut-niederoesterreich-duk-zentrum-fuer-kompetenz-und-organisationsentwicklung-2264\">Informationen<\/a>)<\/p>\n<p style=\"text-align: justify;\"><strong>Welche Alleinstellungsmerkmale hat das von der Donau-Universit\u00e4t Krems angebotene Studienprogramm und welche pers\u00f6nlichen \u201eBenefits\u201c bringt es den Studierenden? <\/strong><\/p>\n<ul style=\"text-align: justify;\">\n<li>Er erm\u00f6glicht als einziges Angebot in \u00d6sterreich einen akademischen Studienabschluss f\u00fcr Bildungs- und Berufsberatung.<\/li>\n<li>Durch die Integration des ECGC-Zertifikats in das Studium verk\u00fcrzt sich die Studiendauer um ein Semester. Damit werden bereits non-formal oder informell erworbene Kompetenzen bei positiver Absolvierung von Online-Test und Assessment-Center anerkannt.<\/li>\n<li>In zwei akademischen Arbeiten \u2013Thema nach eigener Wahl! \u2013 setzen sich die Studierenden in die Tiefe gehend mit ihrem Berufsfeld und ihren Berufsaufgaben auseinander. Dabei tragen sie neue Ideen und innovative Ans\u00e4tze in ihr Arbeitsfeld hinein.<\/li>\n<li>Die pers\u00f6nlichen Erfolgserlebnisse der Teilnehmenden w\u00e4hrend des Studiums erh\u00f6hten ihr Selbstbewusstsein, sie geben gr\u00f6\u00dfere professionelle Sicherheit und steigern die Motivation.<\/li>\n<li>Durch die Pr\u00e4senzmodule erfolgt ein Wissens-, Gedanken- und Erfahrungsaustausch unter den Studierenden, die in der Regel aus den verschiedensten Arbeitsfeldern der Bildungs- und Berufsberatung kommen.<\/li>\n<li>Die Karrierechancen der Teilnehmenden, auch in F\u00fchrungspositionen, erh\u00f6hen sich.<\/li>\n<li>Der Universit\u00e4ts-Lehrgang \u201eBildungs- und Berufsberatung\u201c an der Donau-Universit\u00e4t Krems ist Mitglied eines Europ\u00e4ischen Netzwerks von Universit\u00e4ten, die eine Ausbildung zum\/zur Bildungs- und BerufsberaterIn auf akademischem Niveau anbieten. Dadurch entstehen viele internationale Kooperationschancen.<strong><br \/>\n<\/strong><\/li>\n<\/ul>\n<h3 style=\"text-align: justify;\">\u00dcber die Autorin:<\/h3>\n<p style=\"text-align: justify;\"><strong><img loading=\"lazy\" decoding=\"async\" class=\"alignleft size-thumbnail wp-image-2118\" src=\"https:\/\/www.weiterbildungsmarkt.net\/magazin\/wp-content\/uploads\/2015\/03\/Petermandl-Portrait-Foto-Februar-2012-2-120x120.jpg\" alt=\"Petermandl\" width=\"120\" height=\"120\" srcset=\"https:\/\/www.weiterbildungsmarkt.net\/magazin\/wp-content\/uploads\/2015\/03\/Petermandl-Portrait-Foto-Februar-2012-2-120x120.jpg 120w, https:\/\/www.weiterbildungsmarkt.net\/magazin\/wp-content\/uploads\/2015\/03\/Petermandl-Portrait-Foto-Februar-2012-2-210x210.jpg 210w\" sizes=\"auto, (max-width: 120px) 100vw, 120px\" \/>Univ.-Prof.in Dr.in Monika Petermandl<\/strong> hat die wissenschaftliche Programmverantwortung \u00fcber den Universit\u00e4ts-Lehrgangs \u201eBildungs- und Berufsberatung\u201c an der Donau-Universit\u00e4t Krems.<\/p>\n<p style=\"text-align: justify;\">Weitere Informationen \u00fcber die <a href=\"https:\/\/www.weiterbildungsmarkt.net\/institut-niederoesterreich-duk-zentrum-fuer-kompetenz-und-organisationsentwicklung-2264\">Donau-Universit\u00e4t Krems<\/a><\/p>\n<div class=\"shariff shariff-align-left shariff-widget-align-left\"><ul class=\"shariff-buttons theme-round orientation-horizontal buttonsize-medium\"><li class=\"shariff-button facebook shariff-nocustomcolor\" style=\"background-color:#4273c8\"><a href=\"https:\/\/www.facebook.com\/sharer\/sharer.php?u=https%3A%2F%2Fwww.weiterbildungsmarkt.net%2Fmagazin%2Fbildungs-und-berufsberaterinnen-brauchen-weitblick%2F\" title=\"Bei Facebook teilen\" aria-label=\"Bei Facebook teilen\" role=\"button\" rel=\"nofollow\" class=\"shariff-link\" style=\"; background-color:#3b5998; color:#fff\" target=\"_blank\"><span class=\"shariff-icon\" style=\"\"><svg width=\"32px\" height=\"20px\" xmlns=\"http:\/\/www.w3.org\/2000\/svg\" viewBox=\"0 0 18 32\"><path fill=\"#3b5998\" d=\"M17.1 0.2v4.7h-2.8q-1.5 0-2.1 0.6t-0.5 1.9v3.4h5.2l-0.7 5.3h-4.5v13.6h-5.5v-13.6h-4.5v-5.3h4.5v-3.9q0-3.3 1.9-5.2t5-1.8q2.6 0 4.1 0.2z\"\/><\/svg><\/span><\/a><\/li><li class=\"shariff-button twitter shariff-nocustomcolor\" style=\"background-color:#595959\"><a href=\"https:\/\/twitter.com\/share?url=https%3A%2F%2Fwww.weiterbildungsmarkt.net%2Fmagazin%2Fbildungs-und-berufsberaterinnen-brauchen-weitblick%2F&text=Bildungs-%20und%20BerufsberaterInnen%20brauchen%20Weitblick\" title=\"Bei X teilen\" aria-label=\"Bei X teilen\" role=\"button\" rel=\"noopener nofollow\" class=\"shariff-link\" style=\"; background-color:#000; color:#fff\" target=\"_blank\"><span class=\"shariff-icon\" style=\"\"><svg width=\"32px\" height=\"20px\" xmlns=\"http:\/\/www.w3.org\/2000\/svg\" viewBox=\"0 0 24 24\"><path fill=\"#000\" d=\"M14.258 10.152L23.176 0h-2.113l-7.747 8.813L7.133 0H0l9.352 13.328L0 23.973h2.113l8.176-9.309 6.531 9.309h7.133zm-2.895 3.293l-.949-1.328L2.875 1.56h3.246l6.086 8.523.945 1.328 7.91 11.078h-3.246zm0 0\"\/><\/svg><\/span><\/a><\/li><li class=\"shariff-button xing shariff-nocustomcolor\" style=\"background-color:#29888a\"><a href=\"https:\/\/www.xing.com\/spi\/shares\/new?url=https%3A%2F%2Fwww.weiterbildungsmarkt.net%2Fmagazin%2Fbildungs-und-berufsberaterinnen-brauchen-weitblick%2F\" title=\"Bei XING teilen\" aria-label=\"Bei XING teilen\" role=\"button\" rel=\"noopener nofollow\" class=\"shariff-link\" style=\"; background-color:#126567; color:#fff\" target=\"_blank\"><span class=\"shariff-icon\" style=\"\"><svg width=\"32px\" height=\"20px\" xmlns=\"http:\/\/www.w3.org\/2000\/svg\" viewBox=\"0 0 25 32\"><path fill=\"#126567\" d=\"M10.7 11.9q-0.2 0.3-4.6 8.2-0.5 0.8-1.2 0.8h-4.3q-0.4 0-0.5-0.3t0-0.6l4.5-8q0 0 0 0l-2.9-5q-0.2-0.4 0-0.7 0.2-0.3 0.5-0.3h4.3q0.7 0 1.2 0.8zM25.1 0.4q0.2 0.3 0 0.7l-9.4 16.7 6 11q0.2 0.4 0 0.6-0.2 0.3-0.6 0.3h-4.3q-0.7 0-1.2-0.8l-6-11.1q0.3-0.6 9.5-16.8 0.4-0.8 1.2-0.8h4.3q0.4 0 0.5 0.3z\"\/><\/svg><\/span><\/a><\/li><li class=\"shariff-button linkedin shariff-nocustomcolor\" style=\"background-color:#1488bf\"><a href=\"https:\/\/www.linkedin.com\/sharing\/share-offsite\/?url=https%3A%2F%2Fwww.weiterbildungsmarkt.net%2Fmagazin%2Fbildungs-und-berufsberaterinnen-brauchen-weitblick%2F\" title=\"Bei LinkedIn teilen\" aria-label=\"Bei LinkedIn teilen\" role=\"button\" rel=\"noopener nofollow\" class=\"shariff-link\" style=\"; background-color:#0077b5; color:#fff\" target=\"_blank\"><span class=\"shariff-icon\" style=\"\"><svg width=\"32px\" height=\"20px\" xmlns=\"http:\/\/www.w3.org\/2000\/svg\" viewBox=\"0 0 27 32\"><path fill=\"#0077b5\" d=\"M6.2 11.2v17.7h-5.9v-17.7h5.9zM6.6 5.7q0 1.3-0.9 2.2t-2.4 0.9h0q-1.5 0-2.4-0.9t-0.9-2.2 0.9-2.2 2.4-0.9 2.4 0.9 0.9 2.2zM27.4 18.7v10.1h-5.9v-9.5q0-1.9-0.7-2.9t-2.3-1.1q-1.1 0-1.9 0.6t-1.2 1.5q-0.2 0.5-0.2 1.4v9.9h-5.9q0-7.1 0-11.6t0-5.3l0-0.9h5.9v2.6h0q0.4-0.6 0.7-1t1-0.9 1.6-0.8 2-0.3q3 0 4.9 2t1.9 6z\"\/><\/svg><\/span><\/a><\/li><li class=\"shariff-button whatsapp shariff-nocustomcolor\" style=\"background-color:#5cbe4a\"><a href=\"https:\/\/api.whatsapp.com\/send?text=https%3A%2F%2Fwww.weiterbildungsmarkt.net%2Fmagazin%2Fbildungs-und-berufsberaterinnen-brauchen-weitblick%2F%20Bildungs-%20und%20BerufsberaterInnen%20brauchen%20Weitblick\" title=\"Bei Whatsapp teilen\" aria-label=\"Bei Whatsapp teilen\" role=\"button\" rel=\"noopener nofollow\" class=\"shariff-link\" style=\"; background-color:#34af23; color:#fff\" target=\"_blank\"><span class=\"shariff-icon\" style=\"\"><svg width=\"32px\" height=\"20px\" xmlns=\"http:\/\/www.w3.org\/2000\/svg\" viewBox=\"0 0 32 32\"><path fill=\"#34af23\" d=\"M17.6 17.4q0.2 0 1.7 0.8t1.6 0.9q0 0.1 0 0.3 0 0.6-0.3 1.4-0.3 0.7-1.3 1.2t-1.8 0.5q-1 0-3.4-1.1-1.7-0.8-3-2.1t-2.6-3.3q-1.3-1.9-1.3-3.5v-0.1q0.1-1.6 1.3-2.8 0.4-0.4 0.9-0.4 0.1 0 0.3 0t0.3 0q0.3 0 0.5 0.1t0.3 0.5q0.1 0.4 0.6 1.6t0.4 1.3q0 0.4-0.6 1t-0.6 0.8q0 0.1 0.1 0.3 0.6 1.3 1.8 2.4 1 0.9 2.7 1.8 0.2 0.1 0.4 0.1 0.3 0 1-0.9t0.9-0.9zM14 26.9q2.3 0 4.3-0.9t3.6-2.4 2.4-3.6 0.9-4.3-0.9-4.3-2.4-3.6-3.6-2.4-4.3-0.9-4.3 0.9-3.6 2.4-2.4 3.6-0.9 4.3q0 3.6 2.1 6.6l-1.4 4.2 4.3-1.4q2.8 1.9 6.2 1.9zM14 2.2q2.7 0 5.2 1.1t4.3 2.9 2.9 4.3 1.1 5.2-1.1 5.2-2.9 4.3-4.3 2.9-5.2 1.1q-3.5 0-6.5-1.7l-7.4 2.4 2.4-7.2q-1.9-3.2-1.9-6.9 0-2.7 1.1-5.2t2.9-4.3 4.3-2.9 5.2-1.1z\"\/><\/svg><\/span><\/a><\/li><li class=\"shariff-button pinterest shariff-nocustomcolor\" style=\"background-color:#e70f18\"><a href=\"https:\/\/www.pinterest.com\/pin\/create\/link\/?url=https%3A%2F%2Fwww.weiterbildungsmarkt.net%2Fmagazin%2Fbildungs-und-berufsberaterinnen-brauchen-weitblick%2F&media=https%3A%2F%2Fwww.weiterbildungsmarkt.net%2Fmagazin%2Fwp-content%2Fuploads%2F2024%2F11%2Fcolored-pencils-2024-09-23-04-02-30-utc-scaled.jpg&description=Bildungs-%20und%20BerufsberaterInnen%20brauchen%20Weitblick\" title=\"Bei Pinterest pinnen\" aria-label=\"Bei Pinterest pinnen\" role=\"button\" rel=\"noopener nofollow\" class=\"shariff-link\" style=\"; background-color:#cb2027; color:#fff\" target=\"_blank\"><span class=\"shariff-icon\" style=\"\"><svg width=\"32px\" height=\"20px\" xmlns=\"http:\/\/www.w3.org\/2000\/svg\" viewBox=\"0 0 27 32\"><path fill=\"#cb2027\" d=\"M27.4 16q0 3.7-1.8 6.9t-5 5-6.9 1.9q-2 0-3.9-0.6 1.1-1.7 1.4-2.9 0.2-0.6 1-3.8 0.4 0.7 1.3 1.2t2 0.5q2.1 0 3.8-1.2t2.7-3.4 0.9-4.8q0-2-1.1-3.8t-3.1-2.9-4.5-1.2q-1.9 0-3.5 0.5t-2.8 1.4-2 2-1.2 2.3-0.4 2.4q0 1.9 0.7 3.3t2.1 2q0.5 0.2 0.7-0.4 0-0.1 0.1-0.5t0.2-0.5q0.1-0.4-0.2-0.8-0.9-1.1-0.9-2.7 0-2.7 1.9-4.6t4.9-2q2.7 0 4.2 1.5t1.5 3.8q0 3-1.2 5.2t-3.1 2.1q-1.1 0-1.7-0.8t-0.4-1.9q0.1-0.6 0.5-1.7t0.5-1.8 0.2-1.4q0-0.9-0.5-1.5t-1.4-0.6q-1.1 0-1.9 1t-0.8 2.6q0 1.3 0.4 2.2l-1.8 7.5q-0.3 1.2-0.2 3.2-3.7-1.6-6-5t-2.3-7.6q0-3.7 1.9-6.9t5-5 6.9-1.9 6.9 1.9 5 5 1.8 6.9z\"\/><\/svg><\/span><\/a><\/li><\/ul><\/div>","protected":false},"excerpt":{"rendered":"<p>Wer \u00fcberblickt heute noch die sich schnell \u00e4ndernden und\u00a0 wachsenden Bildungs- und Berufsm\u00f6glichkeiten? Gut ausgebildeten Bildungs- und BerufsberaterInnen er\u00f6ffnet sich ein spannendes und forderndes Arbeitsfeld, und sie werden gesucht.\u00a0 Bildungs- und Berufsberatung wird immer wichtiger Die Berufswelt ist von wachsender Dynamik gepr\u00e4gt. Spezialisierungen nehmen zu, neue Berufe entstehen. Traditionelle Berufe verlieren an Bedeutung. Alle Berufe [&hellip;]<\/p>\n","protected":false},"author":3,"featured_media":9749,"comment_status":"open","ping_status":"closed","sticky":false,"template":"","format":"standard","meta":{"_acf_changed":false,"footnotes":""},"categories":[5,11,1],"tags":[134,131,219,91,136,73,10],"class_list":["post-4873","post","type-post","status-publish","format-standard","has-post-thumbnail","hentry","category-coaching","category-ausbildung","category-weiterbildung","tag-ausbildung","tag-coaching","tag-fortbildung","tag-karriere","tag-kurse","tag-masterlehrgang","tag-weiterbildungen"],"acf":[],"_links":{"self":[{"href":"https:\/\/www.weiterbildungsmarkt.net\/magazin\/wp-json\/wp\/v2\/posts\/4873","targetHints":{"allow":["GET"]}}],"collection":[{"href":"https:\/\/www.weiterbildungsmarkt.net\/magazin\/wp-json\/wp\/v2\/posts"}],"about":[{"href":"https:\/\/www.weiterbildungsmarkt.net\/magazin\/wp-json\/wp\/v2\/types\/post"}],"author":[{"embeddable":true,"href":"https:\/\/www.weiterbildungsmarkt.net\/magazin\/wp-json\/wp\/v2\/users\/3"}],"replies":[{"embeddable":true,"href":"https:\/\/www.weiterbildungsmarkt.net\/magazin\/wp-json\/wp\/v2\/comments?post=4873"}],"version-history":[{"count":4,"href":"https:\/\/www.weiterbildungsmarkt.net\/magazin\/wp-json\/wp\/v2\/posts\/4873\/revisions"}],"predecessor-version":[{"id":4876,"href":"https:\/\/www.weiterbildungsmarkt.net\/magazin\/wp-json\/wp\/v2\/posts\/4873\/revisions\/4876"}],"wp:featuredmedia":[{"embeddable":true,"href":"https:\/\/www.weiterbildungsmarkt.net\/magazin\/wp-json\/wp\/v2\/media\/9749"}],"wp:attachment":[{"href":"https:\/\/www.weiterbildungsmarkt.net\/magazin\/wp-json\/wp\/v2\/media?parent=4873"}],"wp:term":[{"taxonomy":"category","embeddable":true,"href":"https:\/\/www.weiterbildungsmarkt.net\/magazin\/wp-json\/wp\/v2\/categories?post=4873"},{"taxonomy":"post_tag","embeddable":true,"href":"https:\/\/www.weiterbildungsmarkt.net\/magazin\/wp-json\/wp\/v2\/tags?post=4873"}],"curies":[{"name":"wp","href":"https:\/\/api.w.org\/{rel}","templated":true}]}}