{"id":5133,"date":"2018-02-15T09:15:30","date_gmt":"2018-02-15T07:15:30","guid":{"rendered":"https:\/\/www.weiterbildungsmarkt.net\/magazin\/?p=5133"},"modified":"2018-02-15T12:33:59","modified_gmt":"2018-02-15T10:33:59","slug":"lebensbalance-als-herausforderung","status":"publish","type":"post","link":"https:\/\/www.weiterbildungsmarkt.net\/magazin\/lebensbalance-als-herausforderung\/","title":{"rendered":"Lebensbalance als Herausforderung"},"content":{"rendered":"<p style=\"text-align: justify;\"><strong>Das nerv\u00f6se \u201eKeine-Zeit-Karussell\u201c scheint sich immer schneller zu drehen. Umso gr\u00f6\u00dfer die Herausforderung, all die multiplen Bed\u00fcrfnisse und Anspr\u00fcche so unter einen Hut zu bekommen, dass unterm Strich eine gesunde Lebensbalance m\u00f6glich wird. Jedenfalls eine, die subjektiv positiv besetzt ist und zufrieden macht. Intentionen wie Strategien sind dabei h\u00f6chst variabel.<br \/>\nAnmerkungen und Anregungen zu einem widerspr\u00fcchlichen Lebensthema. <\/strong><\/p>\n<p style=\"text-align: justify;\">\u201eBalance\u201c als Begriff ist nicht nur diffus, sondern auch strittig. F\u00fcr die einen ist sie ein attraktives \u201eMust-have\u201c, f\u00fcr andere per se eine Illusion oder gar Nonsens. Und f\u00fcr manche kaum erstrebenswert, zumal sie lieber in Extremen als in Ausgewogenheit leben.<\/p>\n<p style=\"text-align: justify;\">Gleichzeitig rotiert das \u201eZeit-Karussell\u201c nicht nur immer schneller, sondern sp\u00fclt auch unentwegt neue L\u00f6sungen auf den Markt. Gegenrezepte zwischen Hyper-Flexibilisierung oder herk\u00f6mmlichen \u201e9to5\u201c-Modellen taugen nur bedingt. Sie gleichen einer Flucht nach vorne oder enden in Verweigerung.<\/p>\n<p style=\"text-align: justify;\">Ebenso wenig \u00fcberrascht, dass die perfekte Work-Life-Balance wohl kaum jemand auf die Reihe kriegt. Denn Lebensqualit\u00e4t bedeutet nicht Statusoptimierung auf immer h\u00f6herem Niveau \u00e0 la: mehr Karriere, mehr Freizeit, mehr Familie. Das Leben ist kein Fleischladen nach der \u201eMore-more-Devise\u201c: Darf\u2018s ein bisschen mehr sein?<\/p>\n<p style=\"text-align: justify;\">Auch Work-Life-Integration scheint nicht alle zu begl\u00fccken. Ebenso eine \u201eWork-Work-Balance\u201c, deren Lebenssinn sich ausschlie\u00dflich in Arbeit manifestiert. Irgendwie plausibel, haben doch widerspr\u00fcchliche Lebensansichten eine lange Tradition: <em>\u201eDer Mensch ist zur Arbeit geboren wie der Vogel zum Fliegen\u201c<\/em>, so schon Martin Luther. Konterkarierend dazu Sokrates: \u201eDie Mu\u00dfe ist eine Schwester der Freiheit.\u201c Und Zeitforscher Karlheinz Geissler postuliert heute: <em>\u201eArbeiten ist leichter als leben.\u201c<\/em><\/p>\n<h2 style=\"text-align: justify;\">Work &amp; Life \u2013 (k)ein Widerspruch?<\/h2>\n<p style=\"text-align: justify;\">Arbeit und Leistung \u2013 freiwillig oder unfreiwillig auf sich genommen \u2013 scheinen einerseits elementare menschliche Grundkategorien zu sein. Ob aus purer Notwendigkeit, das (\u00dcber-)Leben zu sichern oder um Anerkennung und Status zu erwerben. Andererseits wurde in der Antike (v. a. k\u00f6rperliche) Erwerbsarbeit als etwas betrachtet, das des Menschen unw\u00fcrdig sei. Zumal sie nur etwas f\u00fcr H\u00f6rige und Sklaven, nichts aber f\u00fcr freie Menschen sei.<\/p>\n<p style=\"text-align: justify;\">Aristoteles wiederum differenzierte zwischen einer <em>\u201evita activa\u201c<\/em> und <em>\u201evita contemplativa\u201c:<\/em> Erstere als eine Zeit des Arbeitens und Leistens im Sinne eines k\u00f6rperlichen, materiellen Schaffens gemeint. Zweitere als eine Zeit des unentgeltlichen, immateriell ausgerichteten Lebens im Dienste der \u201epolis\u201c (der Gemeinde) und der Philosophie.<\/p>\n<p style=\"text-align: justify;\">Im Mittelalter gab es noch 190 Feiertage, die freie Zeit galt v. a. der Religion. Hingegen f\u00fchrte die neuzeitliche Entwicklung hin zum <em>\u201eanimal laborans\u201c<\/em> (dem \u201earbeitenden Tier\u201c) bzw. zum <em>\u201ehomo faber\u201c<\/em> (dem \u201eschaffenden Mensch\u201c). Arbeit wurde besonders in Verbindung mit dem Calvinismus zur ehrbaren Pflicht, bedeutete aber auch Dienst an Gott. Der Protestantismus erkor Arbeit und Flei\u00df zum zentralen Lebenssinn. Der wirtschaftliche und finanzielle Erfolg wurde zum Ma\u00dfstab f\u00fcr den g\u00f6ttlichen Segen.<\/p>\n<p style=\"text-align: justify;\">Dieses Ideal einer religi\u00f6sen Arbeitsgesellschaft, gekoppelt mit Flei\u00df, Disziplin und bescheidener Lebensf\u00fchrung, pr\u00e4gte in s\u00e4kularisierter Form die n\u00e4chsten Jahrhunderte. Arbeit wird bis herauf zum industriellen Zeitalter mehr denn je zum vorrangigen Lebenssinn. Bei gleichzeitiger Verabscheuung der Mu\u00dfe als etwas Unsittliches. Denn <em>\u201eMu\u00dfe ist aller Laster Anfang<\/em>\u201c. Eine Maxime, die im Turbo-Kapitalismus zus\u00e4tzlich befl\u00fcgelt wird. Jetzt quasi gottlos, daf\u00fcr umso gewinnorientierter.<\/p>\n<p style=\"text-align: justify;\">Und heute? Alles multi, divers, disruptiv. Im diffusen 4.0-Kontext scheinen alte Muster \u00fcberholt und eindeutige Lebens-, Wertekonzepte pass\u00e9. Das gilt auch f\u00fcr den widerspr\u00fcchlichen \u201eWork &amp; Life\u201c-Diskurs. Begleitet von wuchernden Begriffen im smarten Anglo-Jargon: Work-Life-Balance, Life-Energy-Balance, Work-Tide-Balance, Work-Life-Blending, Work-Life-Integration, Work-Life-Dynamik oder Bleisure als Symbiose von Business und Leisure. Flankiert von New Work, Anti-Work, Co-Working, Hard Work, Smart Work, Slow Business, Flexicurity, usw.<\/p>\n<p><img loading=\"lazy\" decoding=\"async\" class=\"aligncenter size-full wp-image-5137\" src=\"https:\/\/www.weiterbildungsmarkt.net\/magazin\/wp-content\/uploads\/2018\/02\/Lebensbalance_Schweifer.png\" alt=\"Lebensbalance_Schweifer\" width=\"479\" height=\"255\" srcset=\"https:\/\/www.weiterbildungsmarkt.net\/magazin\/wp-content\/uploads\/2018\/02\/Lebensbalance_Schweifer.png 479w, https:\/\/www.weiterbildungsmarkt.net\/magazin\/wp-content\/uploads\/2018\/02\/Lebensbalance_Schweifer-300x160.png 300w\" sizes=\"auto, (max-width: 479px) 100vw, 479px\" \/><\/p>\n<h2 style=\"text-align: justify;\">Und was nun?<\/h2>\n<p style=\"text-align: justify;\">Fazit: Es gibt wohl keine allgemeing\u00fcltige, \u201erichtige\u201c Wahrheit. Auch nicht in der goldenen Mitte oder am Rande vermeintlicher Lebenspole. Sie muss im jeweiligen Lebenskontext immer wieder neu ausverhandelt und gesucht werden. Dabei kann eine menschliche Erkenntnis tr\u00f6stlich wie hilfreich sein: <em>\u201eYou can\u00b4t make everyone happy \u2013 you\u00b4re not a pizza!\u201c<\/em><\/p>\n<p style=\"text-align: justify;\"><a href=\"https:\/\/www.weiterbildungsmarkt.net\/magazin\/lebensbalance-als-herausforderung-teil-2\/\">Der 2. Teil<\/a> beleuchtet den umstrittenen Begriff \u201eWork-Life-Balance\u201c und erl\u00e4utert das Modell der <strong><em>\u201e4 Qualit\u00e4ten des Lebens\u201c<\/em><\/strong>. Erg\u00e4nzt durch Anregungen f\u00fcr die Praxis.<\/p>\n<p style=\"text-align: justify;\"><strong>*<\/strong><\/p>\n<p style=\"text-align: justify;\">Hinweis: Der Artikel ist ein Auszug aus <strong>\u201eWork &amp; Life\u201c<\/strong>, dem OaseLetter Nr. 21 der ManagementOASE. Abrufbar unter www.managementoase.at \/ OaseLetter.<\/p>\n<h3 style=\"text-align: justify;\">\u00dcber den Autor:<\/h3>\n<p style=\"text-align: justify;\"><strong><img loading=\"lazy\" decoding=\"async\" class=\"alignleft size-thumbnail wp-image-4199\" src=\"https:\/\/www.weiterbildungsmarkt.net\/magazin\/wp-content\/uploads\/2017\/02\/Foto-FJ-Schweifer_neu-120x120.jpg\" alt=\"FJ Schweifer\" width=\"120\" height=\"120\" \/>Mag. Dr. Franz J. Schweifer<\/strong> ist Gesch\u00e4ftsf\u00fchrer des Beratungsinstituts \u201e<strong>Die Management<em>OASE<\/em><\/strong> \u2013 Schweifer &amp; Partner, Coaching. Training. Consulting.\u201c in M\u00f6dling b. Wien. Als Temposoph, Zeitforscher, FH-Lektor, Managementtrainer &amp; Coach mit \u00fcber 20 Jahren Beratungserfahrung hat er sich v.a. auf ZEIT-spezifische Themen und Widerspr\u00fcche spezialisiert. Und das auf gesellschaftlicher, unternehmerischer wie pers\u00f6nlicher Ebene.<\/p>\n<p style=\"text-align: justify;\">Aktuelle Publikation: <em><strong>(1)<\/strong><\/em><a href=\"https:\/\/www.amazon.de\/gp\/product\/3830092881\/ref=as_li_tl?ie=UTF8&amp;camp=1638&amp;creative=6742&amp;creativeASIN=3830092881&amp;linkCode=as2&amp;tag=diebildun-21\" target=\"_blank\" rel=\"noopener\"><strong><em> Tempo all\u00b4arrabbiata<\/em><\/strong><\/a> <em><strong>(2)<\/strong><\/em> <a href=\"https:\/\/www.amazon.de\/gp\/product\/3830081278\/ref=as_li_tl?ie=UTF8&amp;camp=1638&amp;creative=6742&amp;creativeASIN=3830081278&amp;linkCode=as2&amp;tag=diebildun-21\" target=\"_blank\" rel=\"noopener\"><em><strong>Ach du liebe Zeit<\/strong><\/em><\/a><em><strong> (3) <\/strong><\/em><a href=\"https:\/\/www.amazon.de\/gp\/product\/3830061749\/ref=as_li_tl?ie=UTF8&amp;camp=1638&amp;creative=6742&amp;creativeASIN=3830061749&amp;linkCode=as2&amp;tag=diebildun-21\" target=\"_blank\" rel=\"noopener\"><em><strong>Zeit \u2013 Macht \u2013 Ohnmacht<\/strong><\/em><\/a><\/p>\n<p style=\"text-align: justify;\">Weitere Informationen \u00fcber <a href=\"https:\/\/www.weiterbildungsmarkt.net\/trainer-niederoesterreich-franz-j-schweifer-1365\">Franz J. Schweifer<\/a><\/p>\n<div class=\"shariff shariff-align-left shariff-widget-align-left\"><ul class=\"shariff-buttons theme-round orientation-horizontal buttonsize-medium\"><li class=\"shariff-button facebook shariff-nocustomcolor\" style=\"background-color:#4273c8\"><a href=\"https:\/\/www.facebook.com\/sharer\/sharer.php?u=https%3A%2F%2Fwww.weiterbildungsmarkt.net%2Fmagazin%2Flebensbalance-als-herausforderung%2F\" title=\"Bei Facebook teilen\" aria-label=\"Bei Facebook teilen\" role=\"button\" rel=\"nofollow\" class=\"shariff-link\" style=\"; background-color:#3b5998; color:#fff\" target=\"_blank\"><span class=\"shariff-icon\" style=\"\"><svg width=\"32px\" height=\"20px\" xmlns=\"http:\/\/www.w3.org\/2000\/svg\" viewBox=\"0 0 18 32\"><path fill=\"#3b5998\" d=\"M17.1 0.2v4.7h-2.8q-1.5 0-2.1 0.6t-0.5 1.9v3.4h5.2l-0.7 5.3h-4.5v13.6h-5.5v-13.6h-4.5v-5.3h4.5v-3.9q0-3.3 1.9-5.2t5-1.8q2.6 0 4.1 0.2z\"\/><\/svg><\/span><\/a><\/li><li class=\"shariff-button twitter shariff-nocustomcolor\" style=\"background-color:#595959\"><a href=\"https:\/\/twitter.com\/share?url=https%3A%2F%2Fwww.weiterbildungsmarkt.net%2Fmagazin%2Flebensbalance-als-herausforderung%2F&text=Lebensbalance%20als%20Herausforderung\" title=\"Bei X teilen\" aria-label=\"Bei X teilen\" role=\"button\" rel=\"noopener nofollow\" class=\"shariff-link\" style=\"; background-color:#000; color:#fff\" target=\"_blank\"><span class=\"shariff-icon\" style=\"\"><svg width=\"32px\" height=\"20px\" xmlns=\"http:\/\/www.w3.org\/2000\/svg\" viewBox=\"0 0 24 24\"><path fill=\"#000\" d=\"M14.258 10.152L23.176 0h-2.113l-7.747 8.813L7.133 0H0l9.352 13.328L0 23.973h2.113l8.176-9.309 6.531 9.309h7.133zm-2.895 3.293l-.949-1.328L2.875 1.56h3.246l6.086 8.523.945 1.328 7.91 11.078h-3.246zm0 0\"\/><\/svg><\/span><\/a><\/li><li class=\"shariff-button xing shariff-nocustomcolor\" style=\"background-color:#29888a\"><a href=\"https:\/\/www.xing.com\/spi\/shares\/new?url=https%3A%2F%2Fwww.weiterbildungsmarkt.net%2Fmagazin%2Flebensbalance-als-herausforderung%2F\" title=\"Bei XING teilen\" aria-label=\"Bei XING teilen\" role=\"button\" rel=\"noopener nofollow\" class=\"shariff-link\" style=\"; background-color:#126567; color:#fff\" target=\"_blank\"><span class=\"shariff-icon\" style=\"\"><svg width=\"32px\" height=\"20px\" xmlns=\"http:\/\/www.w3.org\/2000\/svg\" viewBox=\"0 0 25 32\"><path fill=\"#126567\" d=\"M10.7 11.9q-0.2 0.3-4.6 8.2-0.5 0.8-1.2 0.8h-4.3q-0.4 0-0.5-0.3t0-0.6l4.5-8q0 0 0 0l-2.9-5q-0.2-0.4 0-0.7 0.2-0.3 0.5-0.3h4.3q0.7 0 1.2 0.8zM25.1 0.4q0.2 0.3 0 0.7l-9.4 16.7 6 11q0.2 0.4 0 0.6-0.2 0.3-0.6 0.3h-4.3q-0.7 0-1.2-0.8l-6-11.1q0.3-0.6 9.5-16.8 0.4-0.8 1.2-0.8h4.3q0.4 0 0.5 0.3z\"\/><\/svg><\/span><\/a><\/li><li class=\"shariff-button linkedin shariff-nocustomcolor\" style=\"background-color:#1488bf\"><a href=\"https:\/\/www.linkedin.com\/sharing\/share-offsite\/?url=https%3A%2F%2Fwww.weiterbildungsmarkt.net%2Fmagazin%2Flebensbalance-als-herausforderung%2F\" title=\"Bei LinkedIn teilen\" aria-label=\"Bei LinkedIn teilen\" role=\"button\" rel=\"noopener nofollow\" class=\"shariff-link\" style=\"; background-color:#0077b5; color:#fff\" target=\"_blank\"><span class=\"shariff-icon\" style=\"\"><svg width=\"32px\" height=\"20px\" xmlns=\"http:\/\/www.w3.org\/2000\/svg\" viewBox=\"0 0 27 32\"><path fill=\"#0077b5\" d=\"M6.2 11.2v17.7h-5.9v-17.7h5.9zM6.6 5.7q0 1.3-0.9 2.2t-2.4 0.9h0q-1.5 0-2.4-0.9t-0.9-2.2 0.9-2.2 2.4-0.9 2.4 0.9 0.9 2.2zM27.4 18.7v10.1h-5.9v-9.5q0-1.9-0.7-2.9t-2.3-1.1q-1.1 0-1.9 0.6t-1.2 1.5q-0.2 0.5-0.2 1.4v9.9h-5.9q0-7.1 0-11.6t0-5.3l0-0.9h5.9v2.6h0q0.4-0.6 0.7-1t1-0.9 1.6-0.8 2-0.3q3 0 4.9 2t1.9 6z\"\/><\/svg><\/span><\/a><\/li><li class=\"shariff-button whatsapp shariff-nocustomcolor\" style=\"background-color:#5cbe4a\"><a href=\"https:\/\/api.whatsapp.com\/send?text=https%3A%2F%2Fwww.weiterbildungsmarkt.net%2Fmagazin%2Flebensbalance-als-herausforderung%2F%20Lebensbalance%20als%20Herausforderung\" title=\"Bei Whatsapp teilen\" aria-label=\"Bei Whatsapp teilen\" role=\"button\" rel=\"noopener nofollow\" class=\"shariff-link\" style=\"; background-color:#34af23; color:#fff\" target=\"_blank\"><span class=\"shariff-icon\" style=\"\"><svg width=\"32px\" height=\"20px\" xmlns=\"http:\/\/www.w3.org\/2000\/svg\" viewBox=\"0 0 32 32\"><path fill=\"#34af23\" d=\"M17.6 17.4q0.2 0 1.7 0.8t1.6 0.9q0 0.1 0 0.3 0 0.6-0.3 1.4-0.3 0.7-1.3 1.2t-1.8 0.5q-1 0-3.4-1.1-1.7-0.8-3-2.1t-2.6-3.3q-1.3-1.9-1.3-3.5v-0.1q0.1-1.6 1.3-2.8 0.4-0.4 0.9-0.4 0.1 0 0.3 0t0.3 0q0.3 0 0.5 0.1t0.3 0.5q0.1 0.4 0.6 1.6t0.4 1.3q0 0.4-0.6 1t-0.6 0.8q0 0.1 0.1 0.3 0.6 1.3 1.8 2.4 1 0.9 2.7 1.8 0.2 0.1 0.4 0.1 0.3 0 1-0.9t0.9-0.9zM14 26.9q2.3 0 4.3-0.9t3.6-2.4 2.4-3.6 0.9-4.3-0.9-4.3-2.4-3.6-3.6-2.4-4.3-0.9-4.3 0.9-3.6 2.4-2.4 3.6-0.9 4.3q0 3.6 2.1 6.6l-1.4 4.2 4.3-1.4q2.8 1.9 6.2 1.9zM14 2.2q2.7 0 5.2 1.1t4.3 2.9 2.9 4.3 1.1 5.2-1.1 5.2-2.9 4.3-4.3 2.9-5.2 1.1q-3.5 0-6.5-1.7l-7.4 2.4 2.4-7.2q-1.9-3.2-1.9-6.9 0-2.7 1.1-5.2t2.9-4.3 4.3-2.9 5.2-1.1z\"\/><\/svg><\/span><\/a><\/li><li class=\"shariff-button pinterest shariff-nocustomcolor\" style=\"background-color:#e70f18\"><a href=\"https:\/\/www.pinterest.com\/pin\/create\/link\/?url=https%3A%2F%2Fwww.weiterbildungsmarkt.net%2Fmagazin%2Flebensbalance-als-herausforderung%2F&media=https%3A%2F%2Fwww.weiterbildungsmarkt.net%2Fmagazin%2Fwp-content%2Fuploads%2F2024%2F11%2Fcolored-pencils-2024-09-23-04-02-30-utc-scaled.jpg&description=Lebensbalance%20als%20Herausforderung\" title=\"Bei Pinterest pinnen\" aria-label=\"Bei Pinterest pinnen\" role=\"button\" rel=\"noopener nofollow\" class=\"shariff-link\" style=\"; background-color:#cb2027; color:#fff\" target=\"_blank\"><span class=\"shariff-icon\" style=\"\"><svg width=\"32px\" height=\"20px\" xmlns=\"http:\/\/www.w3.org\/2000\/svg\" viewBox=\"0 0 27 32\"><path fill=\"#cb2027\" d=\"M27.4 16q0 3.7-1.8 6.9t-5 5-6.9 1.9q-2 0-3.9-0.6 1.1-1.7 1.4-2.9 0.2-0.6 1-3.8 0.4 0.7 1.3 1.2t2 0.5q2.1 0 3.8-1.2t2.7-3.4 0.9-4.8q0-2-1.1-3.8t-3.1-2.9-4.5-1.2q-1.9 0-3.5 0.5t-2.8 1.4-2 2-1.2 2.3-0.4 2.4q0 1.9 0.7 3.3t2.1 2q0.5 0.2 0.7-0.4 0-0.1 0.1-0.5t0.2-0.5q0.1-0.4-0.2-0.8-0.9-1.1-0.9-2.7 0-2.7 1.9-4.6t4.9-2q2.7 0 4.2 1.5t1.5 3.8q0 3-1.2 5.2t-3.1 2.1q-1.1 0-1.7-0.8t-0.4-1.9q0.1-0.6 0.5-1.7t0.5-1.8 0.2-1.4q0-0.9-0.5-1.5t-1.4-0.6q-1.1 0-1.9 1t-0.8 2.6q0 1.3 0.4 2.2l-1.8 7.5q-0.3 1.2-0.2 3.2-3.7-1.6-6-5t-2.3-7.6q0-3.7 1.9-6.9t5-5 6.9-1.9 6.9 1.9 5 5 1.8 6.9z\"\/><\/svg><\/span><\/a><\/li><\/ul><\/div>","protected":false},"excerpt":{"rendered":"<p>Das nerv\u00f6se \u201eKeine-Zeit-Karussell\u201c scheint sich immer schneller zu drehen. Umso gr\u00f6\u00dfer die Herausforderung, all die multiplen Bed\u00fcrfnisse und Anspr\u00fcche so unter einen Hut zu bekommen, dass unterm Strich eine gesunde Lebensbalance m\u00f6glich wird. Jedenfalls eine, die subjektiv positiv besetzt ist und zufrieden macht. Intentionen wie Strategien sind dabei h\u00f6chst variabel. Anmerkungen und Anregungen zu einem [&hellip;]<\/p>\n","protected":false},"author":3,"featured_media":9749,"comment_status":"open","ping_status":"closed","sticky":false,"template":"","format":"standard","meta":{"_acf_changed":false,"footnotes":""},"categories":[5,43,191],"tags":[131,163,102],"class_list":["post-5133","post","type-post","status-publish","format-standard","has-post-thumbnail","hentry","category-coaching","category-selbstmanagement","category-work-life-balance","tag-coaching","tag-selbstmanagement","tag-zeitmanagement"],"acf":[],"_links":{"self":[{"href":"https:\/\/www.weiterbildungsmarkt.net\/magazin\/wp-json\/wp\/v2\/posts\/5133","targetHints":{"allow":["GET"]}}],"collection":[{"href":"https:\/\/www.weiterbildungsmarkt.net\/magazin\/wp-json\/wp\/v2\/posts"}],"about":[{"href":"https:\/\/www.weiterbildungsmarkt.net\/magazin\/wp-json\/wp\/v2\/types\/post"}],"author":[{"embeddable":true,"href":"https:\/\/www.weiterbildungsmarkt.net\/magazin\/wp-json\/wp\/v2\/users\/3"}],"replies":[{"embeddable":true,"href":"https:\/\/www.weiterbildungsmarkt.net\/magazin\/wp-json\/wp\/v2\/comments?post=5133"}],"version-history":[{"count":4,"href":"https:\/\/www.weiterbildungsmarkt.net\/magazin\/wp-json\/wp\/v2\/posts\/5133\/revisions"}],"predecessor-version":[{"id":5259,"href":"https:\/\/www.weiterbildungsmarkt.net\/magazin\/wp-json\/wp\/v2\/posts\/5133\/revisions\/5259"}],"wp:featuredmedia":[{"embeddable":true,"href":"https:\/\/www.weiterbildungsmarkt.net\/magazin\/wp-json\/wp\/v2\/media\/9749"}],"wp:attachment":[{"href":"https:\/\/www.weiterbildungsmarkt.net\/magazin\/wp-json\/wp\/v2\/media?parent=5133"}],"wp:term":[{"taxonomy":"category","embeddable":true,"href":"https:\/\/www.weiterbildungsmarkt.net\/magazin\/wp-json\/wp\/v2\/categories?post=5133"},{"taxonomy":"post_tag","embeddable":true,"href":"https:\/\/www.weiterbildungsmarkt.net\/magazin\/wp-json\/wp\/v2\/tags?post=5133"}],"curies":[{"name":"wp","href":"https:\/\/api.w.org\/{rel}","templated":true}]}}