{"id":5414,"date":"2018-06-13T09:36:55","date_gmt":"2018-06-13T07:36:55","guid":{"rendered":"https:\/\/www.weiterbildungsmarkt.net\/magazin\/?p=5414"},"modified":"2018-04-18T15:52:20","modified_gmt":"2018-04-18T13:52:20","slug":"leadership-meets-yoga","status":"publish","type":"post","link":"https:\/\/www.weiterbildungsmarkt.net\/magazin\/leadership-meets-yoga\/","title":{"rendered":"Leadership meets Yoga"},"content":{"rendered":"<p style=\"text-align: justify;\"><strong>In der von hoher Ver\u00e4nderung und geringer Planbarkeit gepr\u00e4gten VUCA-Welt ben\u00f6tigen F\u00fchrungskr\u00e4fte zunehmend die F\u00e4higkeit, sich und ihr Verhalten zu reflektieren und dieses neu zu justieren. Yoga f\u00f6rdert die Selbstwahrung und den achtsamen Umgang mit sich selbst und der eigenen Umwelt.<\/strong><\/p>\n<p style=\"text-align: justify;\">Vielleicht fragen Sie sich: Was hat Yoga mit \u201eguter F\u00fchrung\u201c zu tun? Denn auf den ersten Blick haben diese beiden Themen nichts miteinander gemein. Geht es doch beim einen Thema um k\u00f6rperliche Ert\u00fcchtigung und einem Zu-sich-finden und beim anderen um eine verantwortungsvolle Aufgabe, die Weitsicht erfordert und deren Ziel es ist, einen Betrieb am Laufen zu halten. Oder gibt es vielleicht eine Schnittmenge zwischen diesen beiden Themen? Oder erg\u00e4nzen sie sich eventuell sogar?<\/p>\n<h2 style=\"text-align: justify;\">Was \u201egute F\u00fchrung\u201c ist, hat sich ver\u00e4ndert<\/h2>\n<p style=\"text-align: justify;\">Fr\u00fcher beinhaltete das \u201egut\u201c beim F\u00fchren ein klares Top-down. Und der F\u00fchrungsanspruch gegen\u00fcber den Mitarbeitern? Er legitimierte sich aus einem Vorsprung an Fachwissen und Information. Heute hingegen, also im digitalen Zeitalter verschwimmt dieses Hoheitsverh\u00e4ltnis. Neue agile Arbeitsmethoden wie Scrum zeigen: Die Qualit\u00e4t von F\u00fchrung entsteht heute eher aus einer hohen Kompetenz im Bereich Selbstorganisation und Beziehungsmanagement; au\u00dferdem aus einer ausgepr\u00e4gten F\u00e4higkeit zur (Selbst-)Reflexion und regelm\u00e4\u00dfigen Besch\u00e4ftigung mit der Frage: Wie kann ich, wie k\u00f6nnen wir unsere St\u00e4rken leben?<\/p>\n<p style=\"text-align: justify;\">Doch genau diese Kompetenzen laufen wir Gefahr, in der digitalen Welt zu verlieren. Denn in ihr f\u00fchlen wir nicht mehr selbst unseren Puls, sondern fragen unser Handy, wie es uns gerade geht, wie fit wir sind und wann wir wieder etwas trinken sollten. Fragen wir bald auch unser Handy, wann wir als F\u00fchrungskr\u00e4fte unsere Mitarbeiter loben, ihnen zuh\u00f6ren, ihnen vertrauen sollten?<\/p>\n<p style=\"text-align: justify;\">Die F\u00fchrungskraft von heute f\u00fchrt weniger von oben: Sie steht dem Team und den Mitarbeitern beratend zur Seite. Dieses neue F\u00fchrungsverst\u00e4ndnis ist gekennzeichnet durch Schlagworte wie Selbstorganisation, Diversit\u00e4tsmanagement, kollektive Intelligenz, Innovationsmanagement und Sinnstiftung. Doch welche Kompetenzen erfordert dieser Paradigmenwechsel konkret?<\/p>\n<h2 style=\"text-align: justify;\">Selbst- und Beziehungsmanagement werden wichtiger<\/h2>\n<p style=\"text-align: justify;\">Untersuchungen zeigen: Die F\u00e4higkeit zur Selbstf\u00fchrung und zum Managen von Beziehungen werden f\u00fcr \u201egute F\u00fchrung\u201c immer wichtiger. Michael Schwalbach schreibt in seinem Buch \u201eGute F\u00fchrung durch Yoga und Meditation\u201c, dass es zum Bew\u00e4ltigen der genannten Ver\u00e4nderungen unter anderem solcher Kompetenzen wie Mut, Vertrauen, Selbstwahrnehmung und Intuition bedarf.<\/p>\n<p><img loading=\"lazy\" decoding=\"async\" class=\"aligncenter size-full wp-image-5417\" src=\"https:\/\/www.weiterbildungsmarkt.net\/magazin\/wp-content\/uploads\/2018\/06\/yoga.jpg\" alt=\"yoga\" width=\"648\" height=\"698\" srcset=\"https:\/\/www.weiterbildungsmarkt.net\/magazin\/wp-content\/uploads\/2018\/06\/yoga.jpg 648w, https:\/\/www.weiterbildungsmarkt.net\/magazin\/wp-content\/uploads\/2018\/06\/yoga-279x300.jpg 279w, https:\/\/www.weiterbildungsmarkt.net\/magazin\/wp-content\/uploads\/2018\/06\/yoga-390x420.jpg 390w\" sizes=\"auto, (max-width: 648px) 100vw, 648px\" \/><\/p>\n<p style=\"text-align: justify;\">Fragen Sie sich einmal auf einer Skala von 1 bis 5 (1 = kaum vorhanden, 5 = sehr stark ausgepr\u00e4gt), inwieweit Sie \u00fcber diese Kompetenzen bereits verf\u00fcgen? Hand aufs Herz, bei welchen Kompetenzen sagen Sie \u201eJa, diese Kompetenz ist bei mir voll ausgepr\u00e4gt\u201c, und bei welcher m\u00fcssen Sie sich eingestehen: \u201eDa d\u00fcrfte es etwas mehr sein?\u201c Fragen Sie sich im zweiten Schritt, wie Ihre Mitarbeiter oder Ihr bester Freund\/Ihre beste Freundin Sie diesbez\u00fcglich einsch\u00e4tzen w\u00fcrden und ob sich da Unterschiede auftun?<\/p>\n<p style=\"text-align: justify;\">Ein \u201eVordenker\u201c auf dem Gebiet dieses Paradigmenwechsels ist Otto Scharmer mit seiner \u201eTheory U\u201c. Er ist der Auffassung, dass es den meisten F\u00fchrungskr\u00e4ften nicht an Fachwissen und Fachkompetenzen mangelt; vielmehr besteht bei ihnen eine Wissensl\u00fccke bez\u00fcglich der inneren Qualit\u00e4ten und ein Defizit bei deren Gebrauch. Dieses Feld auszulassen, bedeutet auch, eine der wichtigsten Ressourcen au\u00dfer Acht zu lassen: n\u00e4mlich die eigene Intuition.<\/p>\n<h2 style=\"text-align: justify;\">F\u00e4higkeit, sich zu \u00f6ffnen und Neues zu wagen<\/h2>\n<p style=\"text-align: justify;\">Laut Scharmer sind Menschen leistungsf\u00e4higer und erzeugen bessere Ergebnisse, wenn sie sich vorurteilsfrei einer Frage oder Aufgabe stellen und diese mit neuen Augen betrachten. Das erfordert auch ein Loslassen alter und bekannter Vorstellungen. Scharmer nennt dieses Vorgehen \u201eSensing\u201c: die F\u00e4higkeit, sich zu \u00f6ffnen und bei sich und seiner Umwelt etwas Neues zu erleben. Hierdurch entsteht, so sein Credo, eine neue Form des Miteinanders, und es er\u00f6ffnet sich die M\u00f6glichkeit, ganz neue Antworten zu finden.<\/p>\n<p style=\"text-align: justify;\">Das Unternehmen Aetna, eines der 100 umsatzst\u00e4rksten Unternehmen in den USA, bietet seit L\u00e4ngerem f\u00fcr seine Fach- und F\u00fchrungskr\u00e4fte Meditations- und Yogakurse an. Das Feedback der Mitarbeiter lautet: weniger k\u00f6rperliche Schmerzen und ein geringeres Stressempfinden sowie eine deutliche Verbesserung der Schlafqualit\u00e4t. Zudem gewinnen die F\u00fchrungskr\u00e4fte eine neue Haltung zu sich und ihrer Umwelt und vertrauen wieder st\u00e4rker auf ihr Bauchgef\u00fchl und ihre Intuition.<\/p>\n<h2 style=\"text-align: justify;\">Streben nach Selbsterkenntnis und Achtsamkeit<\/h2>\n<p style=\"text-align: justify;\">Ein zentrales Anliegen beim Yoga ist das Streben nach Selbsterkenntnis, einer Art effektiver (Selbst-)F\u00fchrung von innen. Dazu geh\u00f6rt auch, dass der Geist, unser sogenannter \u201eMonkey-mind\u201c, zur Ruhe kommt. Zudem bedarf es wie beim Coaching der Freiwilligkeit und Einsicht in die Notwendigkeit. Die K\u00f6rper\u00fcbungen, die sogenannten \u201eAsanas\u201c, sind nur ein Teil der Yoga-Praxis. Achtsamkeits\u00fcbungen und Meditation komplettieren diese.<\/p>\n<p style=\"text-align: justify;\">Die Frage an dieser Stelle lautet: Wie schafft Yoga die Br\u00fccke zu den genannten F\u00e4higkeiten wie Selbstf\u00fchrung und Beziehungsf\u00e4higkeit? Beim Yoga lernt man sich zu konzentrieren und fokussieren. Der Atem steht oftmals in Verbindung mit den \u00dcbungen, was den charmanten Effekt hat: Unser \u201e\u00c4ffchen\u201c ist besch\u00e4ftigt. Da es im Yoga nicht um ein H\u00f6her-schneller-weiter geht, sondern darum, achtsam wahrzunehmen, wo die eigenen k\u00f6rperlichen und mentalen Grenzen zum gegenw\u00e4rtigen Zeitpunkt liegen, werden wir mit der Methode der Wertfreiheit vertraut.<\/p>\n<h2 style=\"text-align: justify;\">Die inneren Ressourcen ersp\u00fcren und aktivieren<\/h2>\n<p style=\"text-align: justify;\">W\u00fcrden wir uns st\u00e4ndig mit anderen vergleichen und bewerten, w\u00fcrde uns das im Alltag viel Kraft und Energie kosten, die wir effektiver einsetzen k\u00f6nnten. Und genau dies ist ein wesentlicher Bestandteil des Yogas:<\/p>\n<ul style=\"text-align: justify;\">\n<li>Ein urteilsfreies Wahrnehmen,<\/li>\n<li>ein Loslassen der Gedanken, die uns hindern, zu uns zu finden und weiterzukommen, und<\/li>\n<li>ein Sich-konzentrieren auf den gegenw\u00e4rtigen Moment<\/li>\n<\/ul>\n<p style=\"text-align: justify;\">schaffen Klarheit.<\/p>\n<p style=\"text-align: justify;\">All dies unterst\u00fctzt uns dabei, auf Menschen, also beispielsweise Mitarbeiter und Kunden, offen zuzugehen und richtig hinzuh\u00f6ren; also uns auf das zu konzentrieren, was im Moment passiert, und nicht das Gef\u00fchl der inneren Zerrissenheit aufkommen zu lassen.<\/p>\n<p style=\"text-align: justify;\">Es unterst\u00fctzt uns dabei, uns nicht selbst mit unseren Gedanken zu sabotieren, indem wir zum Beispiel \u201eWorst-case-Szenarien\u201c erschaffen, was bei dem Projekt alles schiefgehen kann, und wer uns im Unternehmen unseren Platz streitig machen k\u00f6nnte.<\/p>\n<p style=\"text-align: justify;\">F\u00fchrungskr\u00e4fte, die wachsen m\u00f6chten, sollten sich auf ihre St\u00e4rken und inneren Ressourcen konzentrieren. Diese au\u00dfen vor zu lassen, w\u00e4re so, wie einen Sportwagen zu fahren und maximal in dessen dritten Gang zu schalten. Yoga und F\u00fchrung treffen sich gerade in den Bereichen Selbstf\u00fchrung und Beziehungskompetenz und bilden somit eine unschlagbare Symbiose.<\/p>\n<h2 style=\"text-align: justify;\">Yoga-Einheiten in F\u00fchrungstrainings integrieren<\/h2>\n<p style=\"text-align: justify;\">Seit einiger Zeit integrieren wir bei ifsm in ausgew\u00e4hlte (F\u00fchrungskr\u00e4fte-)Workshops auch Yoga-Einheiten und haben hiermit positive Erfahrungen gesammelt. So veranstalten wir zum Beispiel Anfang kommenden Jahres erneut (wie dieses Jahr) einen Workshop mit dem Titel \u201eHell yeah, it\u2019s 2019\u201c. Sein Ziel ist es, den Teilnehmern die M\u00f6glichkeit zu bieten, unter anderem ihr (F\u00fchrungs-) Verhalten im alten Arbeitsjahr zu reflektieren und sich auf die Ziele und Herausforderungen im neuen Jahr einzustimmen. Dieses Loslassen und Fokussieren wird mit Einheiten aus Coaching und Yoga unterst\u00fctzt.<\/p>\n<p style=\"text-align: justify;\">Solche Formate, die F\u00fchrungskr\u00e4ften die M\u00f6glichkeit bieten, sich und ihr Verhalten zu reflektieren und neu zu justieren, gewinnen in der heutigen Zeit an Bedeutung. Denken Sie einmal \u00fcber entsprechende Designs nach.<\/p>\n<h3 style=\"text-align: justify;\">\u00dcber die Autorin:<\/h3>\n<p style=\"text-align: justify;\"><img loading=\"lazy\" decoding=\"async\" class=\"alignleft size-thumbnail wp-image-5418\" src=\"https:\/\/www.weiterbildungsmarkt.net\/magazin\/wp-content\/uploads\/2018\/06\/Bastian-Lisa-120x120.jpg\" alt=\"Bastian, Lisa\" width=\"120\" height=\"120\" \/>Die Diplom-P\u00e4dagogin <strong>Lisa Bastian<\/strong> arbeitet als Personalentwicklerin, Beraterin und Coach f\u00fcr das ifsm &#8211; Institut f\u00fcr Sales und Managementberatung, in Urbar bei Koblenz.<\/p>\n<div class=\"shariff shariff-align-left shariff-widget-align-left\"><ul class=\"shariff-buttons theme-round orientation-horizontal buttonsize-medium\"><li class=\"shariff-button facebook shariff-nocustomcolor\" style=\"background-color:#4273c8\"><a href=\"https:\/\/www.facebook.com\/sharer\/sharer.php?u=https%3A%2F%2Fwww.weiterbildungsmarkt.net%2Fmagazin%2Fleadership-meets-yoga%2F\" title=\"Bei Facebook teilen\" aria-label=\"Bei Facebook teilen\" role=\"button\" rel=\"nofollow\" class=\"shariff-link\" style=\"; background-color:#3b5998; color:#fff\" target=\"_blank\"><span class=\"shariff-icon\" style=\"\"><svg width=\"32px\" height=\"20px\" xmlns=\"http:\/\/www.w3.org\/2000\/svg\" viewBox=\"0 0 18 32\"><path fill=\"#3b5998\" d=\"M17.1 0.2v4.7h-2.8q-1.5 0-2.1 0.6t-0.5 1.9v3.4h5.2l-0.7 5.3h-4.5v13.6h-5.5v-13.6h-4.5v-5.3h4.5v-3.9q0-3.3 1.9-5.2t5-1.8q2.6 0 4.1 0.2z\"\/><\/svg><\/span><\/a><\/li><li class=\"shariff-button twitter shariff-nocustomcolor\" style=\"background-color:#595959\"><a href=\"https:\/\/twitter.com\/share?url=https%3A%2F%2Fwww.weiterbildungsmarkt.net%2Fmagazin%2Fleadership-meets-yoga%2F&text=Leadership%20meets%20Yoga\" title=\"Bei X teilen\" aria-label=\"Bei X teilen\" role=\"button\" rel=\"noopener nofollow\" class=\"shariff-link\" style=\"; background-color:#000; color:#fff\" target=\"_blank\"><span class=\"shariff-icon\" style=\"\"><svg width=\"32px\" height=\"20px\" xmlns=\"http:\/\/www.w3.org\/2000\/svg\" viewBox=\"0 0 24 24\"><path fill=\"#000\" d=\"M14.258 10.152L23.176 0h-2.113l-7.747 8.813L7.133 0H0l9.352 13.328L0 23.973h2.113l8.176-9.309 6.531 9.309h7.133zm-2.895 3.293l-.949-1.328L2.875 1.56h3.246l6.086 8.523.945 1.328 7.91 11.078h-3.246zm0 0\"\/><\/svg><\/span><\/a><\/li><li class=\"shariff-button xing shariff-nocustomcolor\" style=\"background-color:#29888a\"><a href=\"https:\/\/www.xing.com\/spi\/shares\/new?url=https%3A%2F%2Fwww.weiterbildungsmarkt.net%2Fmagazin%2Fleadership-meets-yoga%2F\" title=\"Bei XING teilen\" aria-label=\"Bei XING teilen\" role=\"button\" rel=\"noopener nofollow\" class=\"shariff-link\" style=\"; background-color:#126567; color:#fff\" target=\"_blank\"><span class=\"shariff-icon\" style=\"\"><svg width=\"32px\" height=\"20px\" xmlns=\"http:\/\/www.w3.org\/2000\/svg\" viewBox=\"0 0 25 32\"><path fill=\"#126567\" d=\"M10.7 11.9q-0.2 0.3-4.6 8.2-0.5 0.8-1.2 0.8h-4.3q-0.4 0-0.5-0.3t0-0.6l4.5-8q0 0 0 0l-2.9-5q-0.2-0.4 0-0.7 0.2-0.3 0.5-0.3h4.3q0.7 0 1.2 0.8zM25.1 0.4q0.2 0.3 0 0.7l-9.4 16.7 6 11q0.2 0.4 0 0.6-0.2 0.3-0.6 0.3h-4.3q-0.7 0-1.2-0.8l-6-11.1q0.3-0.6 9.5-16.8 0.4-0.8 1.2-0.8h4.3q0.4 0 0.5 0.3z\"\/><\/svg><\/span><\/a><\/li><li class=\"shariff-button linkedin shariff-nocustomcolor\" style=\"background-color:#1488bf\"><a href=\"https:\/\/www.linkedin.com\/sharing\/share-offsite\/?url=https%3A%2F%2Fwww.weiterbildungsmarkt.net%2Fmagazin%2Fleadership-meets-yoga%2F\" title=\"Bei LinkedIn teilen\" aria-label=\"Bei LinkedIn teilen\" role=\"button\" rel=\"noopener nofollow\" class=\"shariff-link\" style=\"; background-color:#0077b5; color:#fff\" target=\"_blank\"><span class=\"shariff-icon\" style=\"\"><svg width=\"32px\" height=\"20px\" xmlns=\"http:\/\/www.w3.org\/2000\/svg\" viewBox=\"0 0 27 32\"><path fill=\"#0077b5\" d=\"M6.2 11.2v17.7h-5.9v-17.7h5.9zM6.6 5.7q0 1.3-0.9 2.2t-2.4 0.9h0q-1.5 0-2.4-0.9t-0.9-2.2 0.9-2.2 2.4-0.9 2.4 0.9 0.9 2.2zM27.4 18.7v10.1h-5.9v-9.5q0-1.9-0.7-2.9t-2.3-1.1q-1.1 0-1.9 0.6t-1.2 1.5q-0.2 0.5-0.2 1.4v9.9h-5.9q0-7.1 0-11.6t0-5.3l0-0.9h5.9v2.6h0q0.4-0.6 0.7-1t1-0.9 1.6-0.8 2-0.3q3 0 4.9 2t1.9 6z\"\/><\/svg><\/span><\/a><\/li><li class=\"shariff-button whatsapp shariff-nocustomcolor\" style=\"background-color:#5cbe4a\"><a href=\"https:\/\/api.whatsapp.com\/send?text=https%3A%2F%2Fwww.weiterbildungsmarkt.net%2Fmagazin%2Fleadership-meets-yoga%2F%20Leadership%20meets%20Yoga\" title=\"Bei Whatsapp teilen\" aria-label=\"Bei Whatsapp teilen\" role=\"button\" rel=\"noopener nofollow\" class=\"shariff-link\" style=\"; background-color:#34af23; color:#fff\" target=\"_blank\"><span class=\"shariff-icon\" style=\"\"><svg width=\"32px\" height=\"20px\" xmlns=\"http:\/\/www.w3.org\/2000\/svg\" viewBox=\"0 0 32 32\"><path fill=\"#34af23\" d=\"M17.6 17.4q0.2 0 1.7 0.8t1.6 0.9q0 0.1 0 0.3 0 0.6-0.3 1.4-0.3 0.7-1.3 1.2t-1.8 0.5q-1 0-3.4-1.1-1.7-0.8-3-2.1t-2.6-3.3q-1.3-1.9-1.3-3.5v-0.1q0.1-1.6 1.3-2.8 0.4-0.4 0.9-0.4 0.1 0 0.3 0t0.3 0q0.3 0 0.5 0.1t0.3 0.5q0.1 0.4 0.6 1.6t0.4 1.3q0 0.4-0.6 1t-0.6 0.8q0 0.1 0.1 0.3 0.6 1.3 1.8 2.4 1 0.9 2.7 1.8 0.2 0.1 0.4 0.1 0.3 0 1-0.9t0.9-0.9zM14 26.9q2.3 0 4.3-0.9t3.6-2.4 2.4-3.6 0.9-4.3-0.9-4.3-2.4-3.6-3.6-2.4-4.3-0.9-4.3 0.9-3.6 2.4-2.4 3.6-0.9 4.3q0 3.6 2.1 6.6l-1.4 4.2 4.3-1.4q2.8 1.9 6.2 1.9zM14 2.2q2.7 0 5.2 1.1t4.3 2.9 2.9 4.3 1.1 5.2-1.1 5.2-2.9 4.3-4.3 2.9-5.2 1.1q-3.5 0-6.5-1.7l-7.4 2.4 2.4-7.2q-1.9-3.2-1.9-6.9 0-2.7 1.1-5.2t2.9-4.3 4.3-2.9 5.2-1.1z\"\/><\/svg><\/span><\/a><\/li><li class=\"shariff-button pinterest shariff-nocustomcolor\" style=\"background-color:#e70f18\"><a href=\"https:\/\/www.pinterest.com\/pin\/create\/link\/?url=https%3A%2F%2Fwww.weiterbildungsmarkt.net%2Fmagazin%2Fleadership-meets-yoga%2F&media=https%3A%2F%2Fwww.weiterbildungsmarkt.net%2Fmagazin%2Fwp-content%2Fuploads%2F2024%2F11%2Fcolored-pencils-2024-09-23-04-02-30-utc-scaled.jpg&description=Leadership%20meets%20Yoga\" title=\"Bei Pinterest pinnen\" aria-label=\"Bei Pinterest pinnen\" role=\"button\" rel=\"noopener nofollow\" class=\"shariff-link\" style=\"; background-color:#cb2027; color:#fff\" target=\"_blank\"><span class=\"shariff-icon\" style=\"\"><svg width=\"32px\" height=\"20px\" xmlns=\"http:\/\/www.w3.org\/2000\/svg\" viewBox=\"0 0 27 32\"><path fill=\"#cb2027\" d=\"M27.4 16q0 3.7-1.8 6.9t-5 5-6.9 1.9q-2 0-3.9-0.6 1.1-1.7 1.4-2.9 0.2-0.6 1-3.8 0.4 0.7 1.3 1.2t2 0.5q2.1 0 3.8-1.2t2.7-3.4 0.9-4.8q0-2-1.1-3.8t-3.1-2.9-4.5-1.2q-1.9 0-3.5 0.5t-2.8 1.4-2 2-1.2 2.3-0.4 2.4q0 1.9 0.7 3.3t2.1 2q0.5 0.2 0.7-0.4 0-0.1 0.1-0.5t0.2-0.5q0.1-0.4-0.2-0.8-0.9-1.1-0.9-2.7 0-2.7 1.9-4.6t4.9-2q2.7 0 4.2 1.5t1.5 3.8q0 3-1.2 5.2t-3.1 2.1q-1.1 0-1.7-0.8t-0.4-1.9q0.1-0.6 0.5-1.7t0.5-1.8 0.2-1.4q0-0.9-0.5-1.5t-1.4-0.6q-1.1 0-1.9 1t-0.8 2.6q0 1.3 0.4 2.2l-1.8 7.5q-0.3 1.2-0.2 3.2-3.7-1.6-6-5t-2.3-7.6q0-3.7 1.9-6.9t5-5 6.9-1.9 6.9 1.9 5 5 1.8 6.9z\"\/><\/svg><\/span><\/a><\/li><\/ul><\/div>","protected":false},"excerpt":{"rendered":"<p>In der von hoher Ver\u00e4nderung und geringer Planbarkeit gepr\u00e4gten VUCA-Welt ben\u00f6tigen F\u00fchrungskr\u00e4fte zunehmend die F\u00e4higkeit, sich und ihr Verhalten zu reflektieren und dieses neu zu justieren. Yoga f\u00f6rdert die Selbstwahrung und den achtsamen Umgang mit sich selbst und der eigenen Umwelt. Vielleicht fragen Sie sich: Was hat Yoga mit \u201eguter F\u00fchrung\u201c zu tun? Denn auf [&hellip;]<\/p>\n","protected":false},"author":3,"featured_media":9749,"comment_status":"open","ping_status":"closed","sticky":false,"template":"","format":"standard","meta":{"_acf_changed":false,"footnotes":""},"categories":[5,32,31,33],"tags":[178,154,153,78,168,10],"class_list":["post-5414","post","type-post","status-publish","format-standard","has-post-thumbnail","hentry","category-coaching","category-fuehrungskraefteentwicklung","category-fuehrungskraeftetraining","category-leadership","tag-change-management","tag-fuehrungskraefteentwicklung","tag-fuehrungskraeftetraining","tag-leadership-2","tag-management","tag-weiterbildungen"],"acf":[],"_links":{"self":[{"href":"https:\/\/www.weiterbildungsmarkt.net\/magazin\/wp-json\/wp\/v2\/posts\/5414","targetHints":{"allow":["GET"]}}],"collection":[{"href":"https:\/\/www.weiterbildungsmarkt.net\/magazin\/wp-json\/wp\/v2\/posts"}],"about":[{"href":"https:\/\/www.weiterbildungsmarkt.net\/magazin\/wp-json\/wp\/v2\/types\/post"}],"author":[{"embeddable":true,"href":"https:\/\/www.weiterbildungsmarkt.net\/magazin\/wp-json\/wp\/v2\/users\/3"}],"replies":[{"embeddable":true,"href":"https:\/\/www.weiterbildungsmarkt.net\/magazin\/wp-json\/wp\/v2\/comments?post=5414"}],"version-history":[{"count":3,"href":"https:\/\/www.weiterbildungsmarkt.net\/magazin\/wp-json\/wp\/v2\/posts\/5414\/revisions"}],"predecessor-version":[{"id":5416,"href":"https:\/\/www.weiterbildungsmarkt.net\/magazin\/wp-json\/wp\/v2\/posts\/5414\/revisions\/5416"}],"wp:featuredmedia":[{"embeddable":true,"href":"https:\/\/www.weiterbildungsmarkt.net\/magazin\/wp-json\/wp\/v2\/media\/9749"}],"wp:attachment":[{"href":"https:\/\/www.weiterbildungsmarkt.net\/magazin\/wp-json\/wp\/v2\/media?parent=5414"}],"wp:term":[{"taxonomy":"category","embeddable":true,"href":"https:\/\/www.weiterbildungsmarkt.net\/magazin\/wp-json\/wp\/v2\/categories?post=5414"},{"taxonomy":"post_tag","embeddable":true,"href":"https:\/\/www.weiterbildungsmarkt.net\/magazin\/wp-json\/wp\/v2\/tags?post=5414"}],"curies":[{"name":"wp","href":"https:\/\/api.w.org\/{rel}","templated":true}]}}