{"id":543,"date":"2013-03-14T16:38:02","date_gmt":"2013-03-14T14:38:02","guid":{"rendered":"http:\/\/www.weiterbildungsmarkt.net\/magazin\/?p=543"},"modified":"2023-02-03T16:39:09","modified_gmt":"2023-02-03T14:39:09","slug":"personalentwicklung-im-mittelstand-firmeninterne-berater-ausbilden","status":"publish","type":"post","link":"https:\/\/www.weiterbildungsmarkt.net\/magazin\/personalentwicklung-im-mittelstand-firmeninterne-berater-ausbilden\/","title":{"rendered":"Personalentwicklung im Mittelstand:  Firmeninterne Berater ausbilden"},"content":{"rendered":"<p style=\"text-align: justify;\">Wie k\u00f6nnen wir den Ver\u00e4nderungsbedarf in unserer Organisation meistern \u2013 ohne dass unsere Leistungstr\u00e4ger ausbrennen? Vor dieser Frage stehen viele Mittelst\u00e4ndler. Ein m\u00f6glicher L\u00f6sungsweg ist: ausgew\u00e4te F\u00fchrungskr\u00e4fte und erfahrene Mitarbeiter zu Changeberatern und -unterst\u00fctzern ausbilden.<\/p>\n<p style=\"text-align: justify;\">Die M\u00e4rkte der meisten Unternehmen ver\u00e4ndern sich immer schneller. Deshalb m\u00fcssen sie in k\u00fcrzeren Zeitabst\u00e4nden ihr Handeln \u00fcberdenken und au\u00dfer ihren Strategien auch ihre Gesch\u00e4ftsprozesse sowie ihre Art, Aufgaben zu l\u00f6sen, den ge\u00e4nderten Rahmenbedingungen anpassen. Hieraus resultiert ein enormer Changebedarf. Diesen zu bew\u00e4ltigen, f\u00e4llt fast allen Unternehmen schwer \u2013 auch weil die geplanten Ver\u00e4nderungen oft einen Kulturwandel erfordern und hiermit ein enormer Lernbedarf bei den Mitarbeitern einher geht.<\/p>\n<h3 style=\"text-align: justify;\">Herausforderung: den Wandel meistern<\/h3>\n<p style=\"text-align: justify;\">Eine besondere Herausforderung stellt der angestrebte Wandel und die erforderliche Innovation f\u00fcr viele Mittelst\u00e4ndler dar \u2013 auch weil ihre personellen und finanziellen Ressourcen \u00a0geringer als die von Konzernen sind. Hinzu kommt: Bei den Changema\u00dfnahmen muss der Mittelstand stets darauf achten, dass er seine typischen St\u00e4rken nicht verliert, sondern ausbaut. Hierzu z\u00e4hlt unter anderem die Kompetenz,<\/p>\n<ul style=\"text-align: justify;\">\n<li>auf ver\u00e4nderte Rahmenbedingungen und Kundenw\u00fcnsche schnell und flexibel zu reagieren,<\/li>\n<li>Chancen entschlossen zu ergreifen,<\/li>\n<li>Ideen und Vorhaben rasch und konsequent umzusetzen und<\/li>\n<li>die begrenzten Ressourcen effektiv zu nutzen.<\/li>\n<\/ul>\n<p style=\"text-align: justify;\">Diese Herausforderung zu meistern, f\u00e4llt vielen Mittelst\u00e4ndlern zunehmend schwer \u2013 vor allem, weil die Innovationsprojekte und Reorganisationsma\u00dfnahmen in der Regel parallel zum Tagesgesch\u00e4ft gestemmt werden m\u00fcssen. Hieraus resultiert eine Mehrbelastung der gesamten Organisation. Die Folge: Die Mitarbeiter und insbesondere die F\u00fchrungskr\u00e4fte sto\u00dfen immer h\u00e4ufiger physisch und psychisch an ihre Belastungsgrenzen \u2013 nicht nur aufgrund der Flut von Aufgaben, sondern auch weil sie keine Experten in Sachen Changemanagement und Strategieumsetzung sind. Entsprechend gro\u00df ist die Gefahr, dass die Leistungstr\u00e4ger ausbrennen und Vorhaben versanden \u2013 sofern insbesondere das F\u00fchrungspersonal nicht die erforderliche Unterst\u00fctzung erf\u00e4hrt. Das haben viele Mittelst\u00e4ndler erkannt. Deshalb besch\u00e4ftigen sie sich verst\u00e4rkt mit der Frage: Wie k\u00f6nnen wir unsere Leistungstr\u00e4ger entlasten und zugleich die Innovationskraft und -geschwindigkeit unserer Organisation und somit auch ihre Wettbewerbsf\u00e4higkeit erh\u00f6hen?<\/p>\n<p style=\"text-align: justify;\">Der klassische Weg, um Mitarbeitern und F\u00fchrungskr\u00e4ften sowie Abteilungen und Bereichen bei Ver\u00e4nderungsvorhaben zu unterst\u00fctzen, ist das Engagieren externer Berater. Heute ist der Changebedarf bei vielen Mittelst\u00e4ndlern aber so gro\u00df, dass er mit externen Consultants alleine \u2013 zumindest zeitnah \u2013 nicht mehr gedeckt werden kann. Weitere Nachteile externer Berater sind:<\/p>\n<ul style=\"text-align: justify;\">\n<li>Ihr Dauereinsatz ist teuer.<\/li>\n<li>Sie kennen die Kultur, \u201eHistorie\u201c und Arbeitsabl\u00e4ufe in der Organisation nicht und m\u00fcssen erst \u201eeingearbeitet\u201c werden.<\/li>\n<li>Sie sind in der Organisation nicht verankert und verf\u00fcgen \u00fcber kein firmeninternes Netzwerk.<\/li>\n<li>Sie sind bei akuten \u201eProblemen\u201c (oft) nicht sofort erreichbar und ansprechbar. Und:<\/li>\n<li>Sie sind \u201eExterne\u201c, zu denen die Betroffenen (meist) weniger Vertrauen als zu Kollegen haben.<\/li>\n<\/ul>\n<h3 style=\"text-align: justify;\">St\u00e4rker auf die eigene Kompetenz bauen<\/h3>\n<p style=\"text-align: justify;\">Vor diesem Hintergrund denkt eine wachsende Zahl von Mittelst\u00e4ndlern dar\u00fcber nach: W\u00e4re es, statt regelm\u00e4\u00dfig externe Berater zu engagieren, nicht langfristig zielf\u00fchrendere, die Kompetenz in Sachen Changemanagement und Strategieumsetzung unserer F\u00fchrungskr\u00e4fte zu erh\u00f6hen? Doch nicht nur dies! Einige haben zwischenzeitlich entschieden, ausgew\u00e4hlte F\u00fchrungskr\u00e4fte und erfahrene Mitarbeiter zu Changeberatern und -unterst\u00fctzern auszubilden, die<\/p>\n<ul style=\"text-align: justify;\">\n<li>das Management beim Weiterentwickeln der Strategie und des Gesch\u00e4ftsmodells des Unternehmens unterst\u00fctzen und beraten,<\/li>\n<li>die erforderlichen Konzepte f\u00fcr das Umsetzen der strategischen Entscheidungen auf der Bereichs- und Mitarbeiterebene entwerfen,<\/li>\n<li>die F\u00fchrungskr\u00e4fte bei der Strategieumsetzung in ihren Bereichen unterst\u00fctzen und beraten und<\/li>\n<li>das Gesamtprojekt steuern.<\/li>\n<\/ul>\n<p style=\"text-align: justify;\">Das war und ist eine kluge Entscheidung, denn hierdurch erh\u00f6ht sich die Kompetenz der Organisation in Sachen Strategieumsetzung. Zudem erh\u00f6ht sich die Sicherheit bei der Strategieumsetzung auf der operativen Ebene. Und was ebenso bedeutsam ist: Das Unternehmen macht einen wichtigen Entwicklungsschritt in Richtung \u201elernende Organisation\u201c. Das ist vor allem deshalb wichtig, weil sich heute das Unternehmensumfeld \u2013 anders als fr\u00fcher \u2013 eigentlich permanent wandelt. Also sehen sich die Unternehmen auch fortlaufend mit neuen Herausforderungen konfrontiert. Deshalb entwickelt sich die F\u00e4higkeit, schnell und pro-aktiv auf Ver\u00e4nderungen zu reagieren, zu einer Schl\u00fcsselkompetenz von Unternehmen<\/p>\n<h3 style=\"text-align: justify;\">Die Unterst\u00fctzer auf ihre Aufgaben vorbereiten<\/h3>\n<p style=\"text-align: justify;\">Damit die ausgew\u00e4hlten Mitarbeiter ihre Funktion als (Part- oder Fulltime-)Berater sowie Umsetzungsbegleiter und -unterst\u00fctzer erf\u00fcllen k\u00f6nnen, m\u00fcssen sie jedoch das erforderliche Know-how haben. Sie m\u00fcssen unter anderem Strategieumsetzungs- und Ver\u00e4nderungsprozesse planen, gestalten, managen und steuern k\u00f6nnen und die hierf\u00fcr erforderlichen Methoden und Tools kennen.<\/p>\n<p style=\"text-align: justify;\">Dieses Know-how und die f\u00fcr ihre praktische Arbeit erforderlichen Kompetenzen gilt es den ausgew\u00e4hlten Mitarbeitern in einer Beraterausbildung zu vermitteln. Diese muss ein anderes Design als eine Ausbildung f\u00fcr externe Berater haben, da firmeninterne Berater unter teils anderen Pr\u00e4missen als Externe arbeiten. Sie operieren zum Beispiel als Mitglieder der Organisation stets in dem Spannungsfeld einerseits Unterst\u00fctzer der Unternehmensf\u00fchrung und andererseits Unterst\u00fctzer der F\u00fchrungskr\u00e4fte und Mitarbeiter zu sein. Folglich muss ihnen die Ausbildung auch das erforderliche Selbstverst\u00e4ndnis, Standing und Know-how vermitteln, um in dieser Zwitterrolle stets souver\u00e4n und professionell zu agieren.<\/p>\n<h3 style=\"text-align: justify;\">Den Beratern das n\u00f6tige Know-how vermitteln<\/h3>\n<p style=\"text-align: justify;\">Entsprechend sollte die Beraterausbildung konzipiert sein. Sie sollte den Teilnehmer unter anderem das erforderliche Know-how vermitteln, wie<\/p>\n<ul style=\"text-align: justify;\">\n<li>Ver\u00e4nderungsprozesse in sozialen Systemen wie Unternehmen sowie bei Personen verlaufen,<\/li>\n<li>mit welchen Problemen und Widerst\u00e4nden man in den verschiedenen Phasen eines Ver\u00e4nderungsprozesses rechnen muss und wie man diese vermeiden und aufl\u00f6sen kann und<\/li>\n<li>wie die von den Ver\u00e4nderungen direkt oder indirekt betroffenen Personen und Bereiche als Mitstreiter gewonnen werden k\u00f6nnen und die Ver\u00e4nderungsenergie im Projektverlauf hoch gehalten werden kann.<\/li>\n<\/ul>\n<p style=\"text-align: justify;\">Dabei m\u00fcssen den Teilnehmern aber auch die erforderlichen Tools an die Hand gegeben werden, damit sie ihre Aufgaben als firmeninterne Berater und Umsetzungsbegleiter professionell wahrnehmen k\u00f6nnen. Das hei\u00dft, die Ausbildung sollte ihnen auch das Handwerkszeug vermitteln, um beispielsweise<\/p>\n<ul style=\"text-align: justify;\">\n<li>strategische Ziele auf die Bereichs- und Mitarbeiterebene herunter zu brechen,<\/li>\n<li>Ma\u00dfnahmenpl\u00e4ne f\u00fcr deren Umsetzung zu entwerfen,<\/li>\n<li>die Umsetzung zu steuern,<\/li>\n<li>die F\u00fchrungskr\u00e4fte in fordernden Entscheidungs- und F\u00fchrungssituationen und die Mitarbeiter bei der Umsetzung im Betriebsalltag zu coachen,<\/li>\n<li>Risiken, aus denen Probleme werden k\u00f6nnen, fr\u00fchzeitig zu erkennen und<\/li>\n<li>(Interessen-)Konflikte, die sich im Rahmen von Changeprojekten stets ergeben, zu managen oder zu l\u00f6sen.<\/li>\n<\/ul>\n<h3 style=\"text-align: justify;\">Entwicklung erfordert Zeit<\/h3>\n<p style=\"text-align: justify;\">All diese Kompetenzen zu entwickeln, erfordert Zeit. Denn wissen bedeutet nicht k\u00f6nnen. Deshalb sollte die Ausbildung modular aufgebaut sein und sich \u00fcber einen Zeitraum von mindestens einem Jahr erstrecken. Das hat den Vorteil, dass nach den einzelnen Modulen die gelernten Inhalte in der betrieblichen Praxis ausprobiert und einge\u00fcbt werden k\u00f6nnen. Im folgenden Baustein kann dann in der Lerngruppe reflektiert werden: Was hat sich in der Praxis (nicht) bew\u00e4hrt? Wo tauchten Schwierigkeiten auf? Und wo w\u00e4re eventuell ein ver\u00e4ndertes Vorgehen sinnvoll?<\/p>\n<p style=\"text-align: justify;\">Diese Reflexion im Team ist auch wichtig, damit bei den angehenden firmeninternen Beratern die Verhaltenssicherheit entsteht, die sie bei ihrer Arbeit in Changeprojekten brauchen. Denn in Changeprozessen prallen stets unterschiedliche Einsch\u00e4tzungen und Interessen aufeinander. Zudem regt sich regelm\u00e4\u00dfig Widerstand, da es in Changeprojekten au\u00dfer Gewinnern stets auch Personen und\/oder Bereiche gibt, die sich zumindest als Verlierer empfinden. Folglich muss der Berater ein starkes Standing oder \u201eR\u00fcckgrat\u201c haben, damit er nicht vom Kurs abweicht und sich zum Beispiel nicht von einzelnen Interessengruppen vereinnahmen l\u00e4sst.<\/p>\n<p style=\"text-align: justify;\">Solche starken Pers\u00f6nlichkeiten fallen nicht vom Himmel. Sie entwickeln sich allm\u00e4hlich. Auch deshalb muss sich die Beraterausbildung \u00fcber einen l\u00e4ngeren Zeitraum erstrecken \u2013 unter anderem damit den k\u00fcnftigen firmeninternen Beratern mit der Lerngruppe ein \u201eForum\u201c zur Verf\u00fcgung steht, das ihnen in ihrer Entwicklungsphase den R\u00fccken st\u00e4rkt.<\/p>\n<h3 style=\"text-align: justify;\">\u00dcber den Autor:<\/h3>\n<p style=\"text-align: justify;\"><img loading=\"lazy\" decoding=\"async\" class=\"alignleft size-thumbnail wp-image-656\" src=\"https:\/\/www.weiterbildungsmarkt.net\/magazin\/wp-content\/uploads\/2013\/08\/Holzl-Hubert-Portrait-neu-120x120.jpg\" alt=\"Holzl, Hubert - Portrait neu\" width=\"120\" height=\"120\" srcset=\"https:\/\/www.weiterbildungsmarkt.net\/magazin\/wp-content\/uploads\/2013\/08\/Holzl-Hubert-Portrait-neu-120x120.jpg 120w, https:\/\/www.weiterbildungsmarkt.net\/magazin\/wp-content\/uploads\/2013\/08\/Holzl-Hubert-Portrait-neu-210x210.jpg 210w\" sizes=\"auto, (max-width: 120px) 100vw, 120px\" \/>Hubert H\u00f6lzl ist Inhaber des auf den produzierenden Mittelstand spezialisierten Trainings- und Beratungsunternehmens H\u00f6lzl &amp; Partner, Lindau, das 2012 als \u201eTop Consultant\u201cf\u00fcr den Mittelstand ausgezeichnet wurde.<\/p>\n<div class=\"shariff shariff-align-left shariff-widget-align-left\"><ul class=\"shariff-buttons theme-round orientation-horizontal buttonsize-medium\"><li class=\"shariff-button facebook shariff-nocustomcolor\" style=\"background-color:#4273c8\"><a href=\"https:\/\/www.facebook.com\/sharer\/sharer.php?u=https%3A%2F%2Fwww.weiterbildungsmarkt.net%2Fmagazin%2Fpersonalentwicklung-im-mittelstand-firmeninterne-berater-ausbilden%2F\" title=\"Bei Facebook teilen\" aria-label=\"Bei Facebook teilen\" role=\"button\" rel=\"nofollow\" class=\"shariff-link\" style=\"; background-color:#3b5998; color:#fff\" target=\"_blank\"><span class=\"shariff-icon\" style=\"\"><svg width=\"32px\" height=\"20px\" xmlns=\"http:\/\/www.w3.org\/2000\/svg\" viewBox=\"0 0 18 32\"><path fill=\"#3b5998\" d=\"M17.1 0.2v4.7h-2.8q-1.5 0-2.1 0.6t-0.5 1.9v3.4h5.2l-0.7 5.3h-4.5v13.6h-5.5v-13.6h-4.5v-5.3h4.5v-3.9q0-3.3 1.9-5.2t5-1.8q2.6 0 4.1 0.2z\"\/><\/svg><\/span><\/a><\/li><li class=\"shariff-button twitter shariff-nocustomcolor\" style=\"background-color:#595959\"><a href=\"https:\/\/twitter.com\/share?url=https%3A%2F%2Fwww.weiterbildungsmarkt.net%2Fmagazin%2Fpersonalentwicklung-im-mittelstand-firmeninterne-berater-ausbilden%2F&text=Personalentwicklung%20im%20Mittelstand%3A%20%20Firmeninterne%20Berater%20ausbilden\" title=\"Bei X teilen\" aria-label=\"Bei X teilen\" role=\"button\" rel=\"noopener nofollow\" class=\"shariff-link\" style=\"; background-color:#000; color:#fff\" target=\"_blank\"><span class=\"shariff-icon\" style=\"\"><svg width=\"32px\" height=\"20px\" xmlns=\"http:\/\/www.w3.org\/2000\/svg\" viewBox=\"0 0 24 24\"><path fill=\"#000\" d=\"M14.258 10.152L23.176 0h-2.113l-7.747 8.813L7.133 0H0l9.352 13.328L0 23.973h2.113l8.176-9.309 6.531 9.309h7.133zm-2.895 3.293l-.949-1.328L2.875 1.56h3.246l6.086 8.523.945 1.328 7.91 11.078h-3.246zm0 0\"\/><\/svg><\/span><\/a><\/li><li class=\"shariff-button xing shariff-nocustomcolor\" style=\"background-color:#29888a\"><a href=\"https:\/\/www.xing.com\/spi\/shares\/new?url=https%3A%2F%2Fwww.weiterbildungsmarkt.net%2Fmagazin%2Fpersonalentwicklung-im-mittelstand-firmeninterne-berater-ausbilden%2F\" title=\"Bei XING teilen\" aria-label=\"Bei XING teilen\" role=\"button\" rel=\"noopener nofollow\" class=\"shariff-link\" style=\"; background-color:#126567; color:#fff\" target=\"_blank\"><span class=\"shariff-icon\" style=\"\"><svg width=\"32px\" height=\"20px\" xmlns=\"http:\/\/www.w3.org\/2000\/svg\" viewBox=\"0 0 25 32\"><path fill=\"#126567\" d=\"M10.7 11.9q-0.2 0.3-4.6 8.2-0.5 0.8-1.2 0.8h-4.3q-0.4 0-0.5-0.3t0-0.6l4.5-8q0 0 0 0l-2.9-5q-0.2-0.4 0-0.7 0.2-0.3 0.5-0.3h4.3q0.7 0 1.2 0.8zM25.1 0.4q0.2 0.3 0 0.7l-9.4 16.7 6 11q0.2 0.4 0 0.6-0.2 0.3-0.6 0.3h-4.3q-0.7 0-1.2-0.8l-6-11.1q0.3-0.6 9.5-16.8 0.4-0.8 1.2-0.8h4.3q0.4 0 0.5 0.3z\"\/><\/svg><\/span><\/a><\/li><li class=\"shariff-button linkedin shariff-nocustomcolor\" style=\"background-color:#1488bf\"><a href=\"https:\/\/www.linkedin.com\/sharing\/share-offsite\/?url=https%3A%2F%2Fwww.weiterbildungsmarkt.net%2Fmagazin%2Fpersonalentwicklung-im-mittelstand-firmeninterne-berater-ausbilden%2F\" title=\"Bei LinkedIn teilen\" aria-label=\"Bei LinkedIn teilen\" role=\"button\" rel=\"noopener nofollow\" class=\"shariff-link\" style=\"; background-color:#0077b5; color:#fff\" target=\"_blank\"><span class=\"shariff-icon\" style=\"\"><svg width=\"32px\" height=\"20px\" xmlns=\"http:\/\/www.w3.org\/2000\/svg\" viewBox=\"0 0 27 32\"><path fill=\"#0077b5\" d=\"M6.2 11.2v17.7h-5.9v-17.7h5.9zM6.6 5.7q0 1.3-0.9 2.2t-2.4 0.9h0q-1.5 0-2.4-0.9t-0.9-2.2 0.9-2.2 2.4-0.9 2.4 0.9 0.9 2.2zM27.4 18.7v10.1h-5.9v-9.5q0-1.9-0.7-2.9t-2.3-1.1q-1.1 0-1.9 0.6t-1.2 1.5q-0.2 0.5-0.2 1.4v9.9h-5.9q0-7.1 0-11.6t0-5.3l0-0.9h5.9v2.6h0q0.4-0.6 0.7-1t1-0.9 1.6-0.8 2-0.3q3 0 4.9 2t1.9 6z\"\/><\/svg><\/span><\/a><\/li><li class=\"shariff-button whatsapp shariff-nocustomcolor\" style=\"background-color:#5cbe4a\"><a href=\"https:\/\/api.whatsapp.com\/send?text=https%3A%2F%2Fwww.weiterbildungsmarkt.net%2Fmagazin%2Fpersonalentwicklung-im-mittelstand-firmeninterne-berater-ausbilden%2F%20Personalentwicklung%20im%20Mittelstand%3A%20%20Firmeninterne%20Berater%20ausbilden\" title=\"Bei Whatsapp teilen\" aria-label=\"Bei Whatsapp teilen\" role=\"button\" rel=\"noopener nofollow\" class=\"shariff-link\" style=\"; background-color:#34af23; color:#fff\" target=\"_blank\"><span class=\"shariff-icon\" style=\"\"><svg width=\"32px\" height=\"20px\" xmlns=\"http:\/\/www.w3.org\/2000\/svg\" viewBox=\"0 0 32 32\"><path fill=\"#34af23\" d=\"M17.6 17.4q0.2 0 1.7 0.8t1.6 0.9q0 0.1 0 0.3 0 0.6-0.3 1.4-0.3 0.7-1.3 1.2t-1.8 0.5q-1 0-3.4-1.1-1.7-0.8-3-2.1t-2.6-3.3q-1.3-1.9-1.3-3.5v-0.1q0.1-1.6 1.3-2.8 0.4-0.4 0.9-0.4 0.1 0 0.3 0t0.3 0q0.3 0 0.5 0.1t0.3 0.5q0.1 0.4 0.6 1.6t0.4 1.3q0 0.4-0.6 1t-0.6 0.8q0 0.1 0.1 0.3 0.6 1.3 1.8 2.4 1 0.9 2.7 1.8 0.2 0.1 0.4 0.1 0.3 0 1-0.9t0.9-0.9zM14 26.9q2.3 0 4.3-0.9t3.6-2.4 2.4-3.6 0.9-4.3-0.9-4.3-2.4-3.6-3.6-2.4-4.3-0.9-4.3 0.9-3.6 2.4-2.4 3.6-0.9 4.3q0 3.6 2.1 6.6l-1.4 4.2 4.3-1.4q2.8 1.9 6.2 1.9zM14 2.2q2.7 0 5.2 1.1t4.3 2.9 2.9 4.3 1.1 5.2-1.1 5.2-2.9 4.3-4.3 2.9-5.2 1.1q-3.5 0-6.5-1.7l-7.4 2.4 2.4-7.2q-1.9-3.2-1.9-6.9 0-2.7 1.1-5.2t2.9-4.3 4.3-2.9 5.2-1.1z\"\/><\/svg><\/span><\/a><\/li><li class=\"shariff-button pinterest shariff-nocustomcolor\" style=\"background-color:#e70f18\"><a href=\"https:\/\/www.pinterest.com\/pin\/create\/link\/?url=https%3A%2F%2Fwww.weiterbildungsmarkt.net%2Fmagazin%2Fpersonalentwicklung-im-mittelstand-firmeninterne-berater-ausbilden%2F&media=https%3A%2F%2Fwww.weiterbildungsmarkt.net%2Fmagazin%2Fwp-content%2Fuploads%2F2024%2F11%2Fcolored-pencils-2024-09-23-04-02-30-utc-scaled.jpg&description=Personalentwicklung%20im%20Mittelstand%3A%20%20Firmeninterne%20Berater%20ausbilden\" title=\"Bei Pinterest pinnen\" aria-label=\"Bei Pinterest pinnen\" role=\"button\" rel=\"noopener nofollow\" class=\"shariff-link\" style=\"; background-color:#cb2027; color:#fff\" target=\"_blank\"><span class=\"shariff-icon\" style=\"\"><svg width=\"32px\" height=\"20px\" xmlns=\"http:\/\/www.w3.org\/2000\/svg\" viewBox=\"0 0 27 32\"><path fill=\"#cb2027\" d=\"M27.4 16q0 3.7-1.8 6.9t-5 5-6.9 1.9q-2 0-3.9-0.6 1.1-1.7 1.4-2.9 0.2-0.6 1-3.8 0.4 0.7 1.3 1.2t2 0.5q2.1 0 3.8-1.2t2.7-3.4 0.9-4.8q0-2-1.1-3.8t-3.1-2.9-4.5-1.2q-1.9 0-3.5 0.5t-2.8 1.4-2 2-1.2 2.3-0.4 2.4q0 1.9 0.7 3.3t2.1 2q0.5 0.2 0.7-0.4 0-0.1 0.1-0.5t0.2-0.5q0.1-0.4-0.2-0.8-0.9-1.1-0.9-2.7 0-2.7 1.9-4.6t4.9-2q2.7 0 4.2 1.5t1.5 3.8q0 3-1.2 5.2t-3.1 2.1q-1.1 0-1.7-0.8t-0.4-1.9q0.1-0.6 0.5-1.7t0.5-1.8 0.2-1.4q0-0.9-0.5-1.5t-1.4-0.6q-1.1 0-1.9 1t-0.8 2.6q0 1.3 0.4 2.2l-1.8 7.5q-0.3 1.2-0.2 3.2-3.7-1.6-6-5t-2.3-7.6q0-3.7 1.9-6.9t5-5 6.9-1.9 6.9 1.9 5 5 1.8 6.9z\"\/><\/svg><\/span><\/a><\/li><\/ul><\/div>","protected":false},"excerpt":{"rendered":"<p>Wie k\u00f6nnen wir den Ver\u00e4nderungsbedarf in unserer Organisation meistern \u2013 ohne dass unsere Leistungstr\u00e4ger ausbrennen? Vor dieser Frage stehen viele Mittelst\u00e4ndler. Ein m\u00f6glicher L\u00f6sungsweg ist: ausgew\u00e4te F\u00fchrungskr\u00e4fte und erfahrene Mitarbeiter zu Changeberatern und -unterst\u00fctzern ausbilden. Die M\u00e4rkte der meisten Unternehmen ver\u00e4ndern sich immer schneller. Deshalb m\u00fcssen sie in k\u00fcrzeren Zeitabst\u00e4nden ihr Handeln \u00fcberdenken und au\u00dfer [&hellip;]<\/p>\n","protected":false},"author":3,"featured_media":9749,"comment_status":"open","ping_status":"closed","sticky":false,"template":"","format":"standard","meta":{"_acf_changed":false,"footnotes":""},"categories":[50,7,51],"tags":[170,132,171],"class_list":["post-543","post","type-post","status-publish","format-standard","has-post-thumbnail","hentry","category-human-resource-management","category-personalentwicklung","category-personalmanagement","tag-human-resources","tag-personalentwicklung","tag-personalmanagement"],"acf":[],"_links":{"self":[{"href":"https:\/\/www.weiterbildungsmarkt.net\/magazin\/wp-json\/wp\/v2\/posts\/543","targetHints":{"allow":["GET"]}}],"collection":[{"href":"https:\/\/www.weiterbildungsmarkt.net\/magazin\/wp-json\/wp\/v2\/posts"}],"about":[{"href":"https:\/\/www.weiterbildungsmarkt.net\/magazin\/wp-json\/wp\/v2\/types\/post"}],"author":[{"embeddable":true,"href":"https:\/\/www.weiterbildungsmarkt.net\/magazin\/wp-json\/wp\/v2\/users\/3"}],"replies":[{"embeddable":true,"href":"https:\/\/www.weiterbildungsmarkt.net\/magazin\/wp-json\/wp\/v2\/comments?post=543"}],"version-history":[{"count":8,"href":"https:\/\/www.weiterbildungsmarkt.net\/magazin\/wp-json\/wp\/v2\/posts\/543\/revisions"}],"predecessor-version":[{"id":8880,"href":"https:\/\/www.weiterbildungsmarkt.net\/magazin\/wp-json\/wp\/v2\/posts\/543\/revisions\/8880"}],"wp:featuredmedia":[{"embeddable":true,"href":"https:\/\/www.weiterbildungsmarkt.net\/magazin\/wp-json\/wp\/v2\/media\/9749"}],"wp:attachment":[{"href":"https:\/\/www.weiterbildungsmarkt.net\/magazin\/wp-json\/wp\/v2\/media?parent=543"}],"wp:term":[{"taxonomy":"category","embeddable":true,"href":"https:\/\/www.weiterbildungsmarkt.net\/magazin\/wp-json\/wp\/v2\/categories?post=543"},{"taxonomy":"post_tag","embeddable":true,"href":"https:\/\/www.weiterbildungsmarkt.net\/magazin\/wp-json\/wp\/v2\/tags?post=543"}],"curies":[{"name":"wp","href":"https:\/\/api.w.org\/{rel}","templated":true}]}}