{"id":573,"date":"2013-04-08T17:50:22","date_gmt":"2013-04-08T15:50:22","guid":{"rendered":"http:\/\/www.weiterbildungsmarkt.net\/magazin\/?p=573"},"modified":"2013-08-06T16:30:40","modified_gmt":"2013-08-06T14:30:40","slug":"aeltere-mitarbeiter-als-trainer-oder-coaches-qualifizieren","status":"publish","type":"post","link":"https:\/\/www.weiterbildungsmarkt.net\/magazin\/aeltere-mitarbeiter-als-trainer-oder-coaches-qualifizieren\/","title":{"rendered":"\u00c4ltere Mitarbeiter als Trainer oder Coaches qualifizieren"},"content":{"rendered":"<p style=\"text-align: justify;\"><strong>Das Alter der Belegschaften in den Unternehmen steigt. Also stehen die Betriebe vor der Herausforderung, auch ihren \u00e4lteren Mitarbeitern eine Entwicklungsperspektive zu bieten \u2013 zum Beispiel als Trainer oder Coach ihrer Kollegen.<\/strong><\/p>\n<p style=\"text-align: justify;\">Bis 2020 steigt der Anteil der \u00fcber 50-j\u00e4hrigen an den Erwerbst\u00e4tigen in der Europ\u00e4ischen Union auf fast 35 Prozent. Zwar schwanken die prognostizierten Zahlen, doch einig sind sich alle Studien: Die Belegschaften der Unternehmen werden \u00e4lter. Fragw\u00fcrdig wird damit auch die Personalstrategie, die viele Betriebe noch heute bezogen auf ihre \u00e4lteren Mitarbeiter praktizieren: Sie lassen diese in den letzten zehn, 15 Jahren ihrer Berufst\u00e4tigkeit sozusagen nur noch \u201emitlaufen\u201c, ohne weiterhin in deren Entwicklung zu investieren. Diesen \u201eLuxus\u201c k\u00f6nnen sich die Betriebe k\u00fcnftig aufgrund des demografischen Wandels nicht mehr erlauben. Denn mit jungen Mitarbeitern allein k\u00f6nnen sie ihren Bedarf an Arbeitskr\u00e4ften nicht decken.<\/p>\n<h3 style=\"text-align: justify;\"><strong>Umdenken ist angesagt<\/strong><\/h3>\n<p style=\"text-align: justify;\">Die Unternehmen m\u00fcssen sich also darauf einstellen, dass ihre Belegschaften \u201eergrauen\u201c. Damit gewinnen auch andere Personalthemen an Bedeutung \u2013 beispielsweise der Erhalt der k\u00f6rperlichen Leistungsf\u00e4higkeit. Autohersteller wie BMW haben bereits die ersten altersgerechten Flie\u00dfb\u00e4nder eingef\u00fchrt. Doch auch die geistige Frische und Leistungskraft gilt es zu bewahren. Deshalb denken immer mehr Betriebe \u00fcber spezielle Weiterbildungsprogramme f\u00fcr ihre berufserfahrenen Mitarbeiter nach, die \u2013 auch wegen des gestiegenen Renteneintrittsalters \u2013 noch zehn, 15 oder gar 20 Jahre Berufsleben vor sich haben.<\/p>\n<p style=\"text-align: justify;\">Zunehmend erkennen die Betriebe: Die beruflichen und sozialen Kompetenzen, die unsere \u00e4lteren Mitarbeiter in ihrer Laufbahn erworben haben, sind ein wertvolles Kapital. So gehen \u00e4ltere Arbeitnehmer aufgrund ihrer Erfahrung zum Beispiel Probleme, die sich im Arbeitsalltag stellen, meist strukturierter und relaxter an. Sie geraten nicht so schnell in Panik. Sie erkennen zudem oft schneller, welcher L\u00f6sungsweg zielf\u00fchrend ist. Sie haben h\u00e4ufig auch st\u00e4rker als ihre jungen Kollegen das gro\u00dfe Ganze vor Augen. Und weil das Thema \u201eKarriere machen\u201c f\u00fcr sie nicht mehr im Fokus steht, geben sie ihr Fach- und Erfahrungswissen bereitwillig weiter.<\/p>\n<h3 style=\"text-align: justify;\"><strong>Das Potenzial der erfahrenen Mitarbeiter nutzen<\/strong><\/h3>\n<p style=\"text-align: justify;\">Was liegt also n\u00e4her, als dieses Potenzial f\u00fcr den Erfolg zu nutzen? Einige Firmen tun dies bereits. Zum Beispiel in Form von Mentoren-Programmen, bei denen erfahrene Mitarbeiter ihren j\u00fcngeren Kollegen als individuelle Ansprechpartner mit Rat und Tat zur Seite stehen. Eine wachsende Zahl von Unternehmen geht zudem dazu \u00fcber, \u00e4ltere Mitarbeiter als firmeninterne Trainer, Berater oder Coaches f\u00fcr ihre Kollegen einzusetzen \u2013 Full- oder Parttime.<\/p>\n<p style=\"text-align: justify;\">Eine Ursache hierf\u00fcr ist: Aufgrund des sich immer rascher \u00e4ndernden Unternehmensumfelds ist der Change- und somit Lernbedarf in den Unternehmen gestiegen. Au\u00dferdem wird der Lern- und Entwicklungsbedarf stets individueller. So ben\u00f6tigt zum Beispiel nicht jeder B\u00fcroarbeiter eine Excel-Schulung oder nicht jeder Verk\u00e4ufer ein Training in Sachen Einwandbehandlung. Und wenn doch? Dann gilt zunehmend: Das Vorwissen der Mitarbeiter oder die beruflichen Anforderungen an sie sind sehr verschieden. Also ben\u00f6tigen sie auch eine unterschiedliche Unterst\u00fctzung.<\/p>\n<p style=\"text-align: justify;\">Allen Mitarbeitern ist jedoch gemeinsam: Sie m\u00fcssen aufgrund des Ver\u00e4nderungsdruck zunehmend die Kompetenz erwerben, selbst zu erkennen, wo bei ihnen ein Lern- und Entwicklungsbedarf besteht und diesen entweder selbst oder mit selbstorganisierter Unterst\u00fctzung zu befriedigen. Auch beim Entwickeln dieser Kompetenz ben\u00f6tigen sie Unterst\u00fctzung, weshalb eine wachsende Zahl von Unternehmen erfahrene Mitarbeiter als Coachs ausbildet.<\/p>\n<h3 style=\"text-align: justify;\"><strong>Entwicklungsperspektive Trainer, Berater oder Coach<\/strong><\/h3>\n<p style=\"text-align: justify;\">Dabei gilt es jedoch zu beachten: Nicht jeder berufserfahrene Mitarbeiter eignet sich als Trainer oder Coach. Denn sowohl f\u00fcr angehende firmeninterne Trainer als auch Coachs gilt: Sie m\u00fcssen Lust auf den Kontakt mit Menschen und ein Gesp\u00fcr f\u00fcr Menschen haben. So muss zum Beispiel ein Trainer in einem Seminar auf verschiedene Typen zu- und eingehen k\u00f6nnen. Und ein Coach? Er muss mit Menschen eine so innige Vertrauensbeziehung aufbauen k\u00f6nnen, dass diese mit ihm auch \u00fcber berufliche Probleme und Barrieren sprechen, die ihre Wurzeln in ihrer Pers\u00f6nlichkeit haben.<\/p>\n<p style=\"text-align: justify;\">Eine Voraussetzung hierf\u00fcr ist eine wertsch\u00e4tzende Haltung gegen\u00fcber anderen Menschen. Denn akzeptiert und respektiert ein Coach oder Trainer andere Wertvorstellungen und Einstellungen nicht, kann er auch keine von Vertrauen gepr\u00e4gte Beziehung zu seinem Gegen\u00fcber aufbauen. Folglich kann er ihn auch nicht zu Einstellungs- oder Verhaltens\u00e4nderungen motivieren.<\/p>\n<p style=\"text-align: justify;\">Eine weitere Grundanforderung an Trainer und insbesondere Coachs ist: Sie m\u00fcssen sich als Person zur\u00fccknehmen k\u00f6nnen. Denn ihre Funktion ist es nicht, sich zu profilieren, sondern andere Menschen in ihrer Entwicklung zu unterst\u00fctzen und zu begleiten.<\/p>\n<p style=\"text-align: justify;\">Sind diese Grundvoraussetzungen erf\u00fcllt, gilt es den angehenden Trainern und Coaches die Kompetenzen zu vermitteln, die sie f\u00fcr ihre k\u00fcnftigen Aufgaben brauchen. Ein Trainer muss zum Beispiel wissen, wie Lernprozesse bei Menschen verlaufen, und er muss diese gestalten und strukturieren k\u00f6nnen. Au\u00dferdem ben\u00f6tigt er gruppendynamisches Know-how. Er sollte zum Beispiel wissen: Wie motiviere ich Menschen zum Lernen und wie gehe ich mit Konflikten innerhalb von Gruppen um? \u00c4hnlich verh\u00e4lt es sich bei einem Coach. Da er jedoch prim\u00e4r mit Einzelpersonen arbeitet und mit ihnen auch \u00fcber Themen spricht, die deren Pers\u00f6nlichkeit tangieren, ben\u00f6tigt er auch ein hohes Einf\u00fchlungsverm\u00f6gen und ein fundiertes psychologisches Know-how.<\/p>\n<h3 style=\"text-align: justify;\"><strong>Interne Trainer und Coaches haben viele Vorz\u00fcge<\/strong><\/h3>\n<p style=\"text-align: justify;\">In vielen Unternehmen ist der Change- und Lernbedarf so gro\u00df, dass sie ihn mit externen Trainern, Beratern und Coaches allein nicht mehr decken k\u00f6nnen \u2013 auch weil diese gegen\u00fcber firmeninternen folgende Nachteile haben:<\/p>\n<ul style=\"text-align: justify;\">\n<li>Sie kennen die Kultur, \u201eHistorie\u201c und Arbeitsabl\u00e4ufe in der Organisation nicht und m\u00fcssen erst \u201eeingearbeitet\u201c werden.<\/li>\n<li>Sie sind in der Organisation nicht verankert und verf\u00fcgen \u00fcber kein firmeninternes Netzwerk.<\/li>\n<li>Sie sind bei akuten \u201eProblemen\u201c (oft) nicht sofort erreichbar und ansprechbar. Und:<\/li>\n<li>Sie sind \u201eExterne\u201c, zu denen die Betroffenen unter Umst\u00e4nden weniger Vertrauen als zu Kollegen haben.<\/li>\n<\/ul>\n<p style=\"text-align: justify;\">Deshalb empfiehlt sich \u2013 gerade, wenn es um die Strategieumsetzung auf der Bereichs- und Mitarbeiterebene geht \u2013 oft der (erg\u00e4nzende) Einsatz firmeninterner Trainer, Berater und Coaches. Diese Funktion k\u00f6nnten auch j\u00fcngere Mitarbeiter \u00fcbernehmen, doch einiges spricht f\u00fcr ihre \u00e4lteren Kollegen \u2013 beispielsweise ihre in der Regel h\u00f6here Gelassenheit, wenn Probleme und Widerst\u00e4nde auftauchen. Oder ihre aus Erfahrung resultierende F\u00e4higkeit, das Wesentliche oder Erfolgsrelevante schneller zu erkennen.<\/p>\n<p style=\"text-align: justify;\">Hinzu kommt: Mit der Ausbildung zum firmeninternen Berater, Trainer oder Coach er\u00f6ffnet sich Unternehmen die Chance, ihren \u00e4lteren Mitarbeitern, die noch zehn, 15 oder gar zwanzig Jahre Berufst\u00e4tigkeit vor sich haben, eine Entwicklungsperspektive jenseits der F\u00fchrungslaufbahn aufzuzeigen. Das sorgt f\u00fcr einen Motivationsschub bei ihnen, da ihnen nicht das Gef\u00fchl vermittelt wird, allm\u00e4hlich aufs Abstellgleis geschoben zu werden, sondern weiterhin einen wertvollen Beitrag zur Entwicklung des Unternehmens zu leisten.<\/p>\n<h3 style=\"text-align: justify;\"><strong>Schritt in Richtung \u201elernende Organisation\u201c<\/strong><\/h3>\n<p style=\"text-align: justify;\">Der Einsatz \u00e4lterer Mitarbeiter als firmeninterne Coaches, Berater oder Trainer stellt zudem sicher, dass wertvolles Erfahrungswissen an die j\u00fcngere Generation weitergegeben wird. Dadurch entwickelt sich das Unternehmen in Richtung lernende Organisation. Das hei\u00dft: In der Organisation etabliert sich allm\u00e4hlich eine Kultur des Lernens und der Ver\u00e4nderung \u2013 eine Grundvoraussetzung, um als Unternehmen in einem dynamischen Umfeld erfolgreich zu sein.<\/p>\n<div class=\"shariff shariff-align-flex-start shariff-widget-align-flex-start\"><ul class=\"shariff-buttons theme-round orientation-horizontal buttonsize-medium\"><li class=\"shariff-button facebook shariff-nocustomcolor\" style=\"background-color:#4273c8\"><a href=\"https:\/\/www.facebook.com\/sharer\/sharer.php?u=https%3A%2F%2Fwww.weiterbildungsmarkt.net%2Fmagazin%2Faeltere-mitarbeiter-als-trainer-oder-coaches-qualifizieren%2F\" title=\"Bei Facebook teilen\" aria-label=\"Bei Facebook teilen\" role=\"button\" rel=\"nofollow\" class=\"shariff-link\" style=\"; background-color:#3b5998; color:#fff\" target=\"_blank\"><span class=\"shariff-icon\" style=\"\"><svg width=\"32px\" height=\"20px\" xmlns=\"http:\/\/www.w3.org\/2000\/svg\" viewBox=\"0 0 18 32\"><path fill=\"#3b5998\" d=\"M17.1 0.2v4.7h-2.8q-1.5 0-2.1 0.6t-0.5 1.9v3.4h5.2l-0.7 5.3h-4.5v13.6h-5.5v-13.6h-4.5v-5.3h4.5v-3.9q0-3.3 1.9-5.2t5-1.8q2.6 0 4.1 0.2z\"\/><\/svg><\/span><\/a><\/li><li class=\"shariff-button twitter shariff-nocustomcolor\" style=\"background-color:#595959\"><a href=\"https:\/\/twitter.com\/share?url=https%3A%2F%2Fwww.weiterbildungsmarkt.net%2Fmagazin%2Faeltere-mitarbeiter-als-trainer-oder-coaches-qualifizieren%2F&text=%C3%84ltere%20Mitarbeiter%20als%20Trainer%20oder%20Coaches%20qualifizieren\" title=\"Bei X teilen\" aria-label=\"Bei X teilen\" role=\"button\" rel=\"noopener nofollow\" class=\"shariff-link\" style=\"; background-color:#000; color:#fff\" target=\"_blank\"><span class=\"shariff-icon\" style=\"\"><svg width=\"32px\" height=\"20px\" xmlns=\"http:\/\/www.w3.org\/2000\/svg\" viewBox=\"0 0 24 24\"><path fill=\"#000\" d=\"M14.258 10.152L23.176 0h-2.113l-7.747 8.813L7.133 0H0l9.352 13.328L0 23.973h2.113l8.176-9.309 6.531 9.309h7.133zm-2.895 3.293l-.949-1.328L2.875 1.56h3.246l6.086 8.523.945 1.328 7.91 11.078h-3.246zm0 0\"\/><\/svg><\/span><\/a><\/li><li class=\"shariff-button xing shariff-nocustomcolor\" style=\"background-color:#29888a\"><a href=\"https:\/\/www.xing.com\/spi\/shares\/new?url=https%3A%2F%2Fwww.weiterbildungsmarkt.net%2Fmagazin%2Faeltere-mitarbeiter-als-trainer-oder-coaches-qualifizieren%2F\" title=\"Bei XING teilen\" aria-label=\"Bei XING teilen\" role=\"button\" rel=\"noopener nofollow\" class=\"shariff-link\" style=\"; background-color:#126567; color:#fff\" target=\"_blank\"><span class=\"shariff-icon\" style=\"\"><svg width=\"32px\" height=\"20px\" xmlns=\"http:\/\/www.w3.org\/2000\/svg\" viewBox=\"0 0 25 32\"><path fill=\"#126567\" d=\"M10.7 11.9q-0.2 0.3-4.6 8.2-0.5 0.8-1.2 0.8h-4.3q-0.4 0-0.5-0.3t0-0.6l4.5-8q0 0 0 0l-2.9-5q-0.2-0.4 0-0.7 0.2-0.3 0.5-0.3h4.3q0.7 0 1.2 0.8zM25.1 0.4q0.2 0.3 0 0.7l-9.4 16.7 6 11q0.2 0.4 0 0.6-0.2 0.3-0.6 0.3h-4.3q-0.7 0-1.2-0.8l-6-11.1q0.3-0.6 9.5-16.8 0.4-0.8 1.2-0.8h4.3q0.4 0 0.5 0.3z\"\/><\/svg><\/span><\/a><\/li><li class=\"shariff-button linkedin shariff-nocustomcolor\" style=\"background-color:#1488bf\"><a href=\"https:\/\/www.linkedin.com\/sharing\/share-offsite\/?url=https%3A%2F%2Fwww.weiterbildungsmarkt.net%2Fmagazin%2Faeltere-mitarbeiter-als-trainer-oder-coaches-qualifizieren%2F\" title=\"Bei LinkedIn teilen\" aria-label=\"Bei LinkedIn teilen\" role=\"button\" rel=\"noopener nofollow\" class=\"shariff-link\" style=\"; background-color:#0077b5; color:#fff\" target=\"_blank\"><span class=\"shariff-icon\" style=\"\"><svg width=\"32px\" height=\"20px\" xmlns=\"http:\/\/www.w3.org\/2000\/svg\" viewBox=\"0 0 27 32\"><path fill=\"#0077b5\" d=\"M6.2 11.2v17.7h-5.9v-17.7h5.9zM6.6 5.7q0 1.3-0.9 2.2t-2.4 0.9h0q-1.5 0-2.4-0.9t-0.9-2.2 0.9-2.2 2.4-0.9 2.4 0.9 0.9 2.2zM27.4 18.7v10.1h-5.9v-9.5q0-1.9-0.7-2.9t-2.3-1.1q-1.1 0-1.9 0.6t-1.2 1.5q-0.2 0.5-0.2 1.4v9.9h-5.9q0-7.1 0-11.6t0-5.3l0-0.9h5.9v2.6h0q0.4-0.6 0.7-1t1-0.9 1.6-0.8 2-0.3q3 0 4.9 2t1.9 6z\"\/><\/svg><\/span><\/a><\/li><li class=\"shariff-button whatsapp shariff-nocustomcolor\" style=\"background-color:#5cbe4a\"><a href=\"https:\/\/api.whatsapp.com\/send?text=https%3A%2F%2Fwww.weiterbildungsmarkt.net%2Fmagazin%2Faeltere-mitarbeiter-als-trainer-oder-coaches-qualifizieren%2F%20%C3%84ltere%20Mitarbeiter%20als%20Trainer%20oder%20Coaches%20qualifizieren\" title=\"Bei Whatsapp teilen\" aria-label=\"Bei Whatsapp teilen\" role=\"button\" rel=\"noopener nofollow\" class=\"shariff-link\" style=\"; background-color:#34af23; color:#fff\" target=\"_blank\"><span class=\"shariff-icon\" style=\"\"><svg width=\"32px\" height=\"20px\" xmlns=\"http:\/\/www.w3.org\/2000\/svg\" viewBox=\"0 0 32 32\"><path fill=\"#34af23\" d=\"M17.6 17.4q0.2 0 1.7 0.8t1.6 0.9q0 0.1 0 0.3 0 0.6-0.3 1.4-0.3 0.7-1.3 1.2t-1.8 0.5q-1 0-3.4-1.1-1.7-0.8-3-2.1t-2.6-3.3q-1.3-1.9-1.3-3.5v-0.1q0.1-1.6 1.3-2.8 0.4-0.4 0.9-0.4 0.1 0 0.3 0t0.3 0q0.3 0 0.5 0.1t0.3 0.5q0.1 0.4 0.6 1.6t0.4 1.3q0 0.4-0.6 1t-0.6 0.8q0 0.1 0.1 0.3 0.6 1.3 1.8 2.4 1 0.9 2.7 1.8 0.2 0.1 0.4 0.1 0.3 0 1-0.9t0.9-0.9zM14 26.9q2.3 0 4.3-0.9t3.6-2.4 2.4-3.6 0.9-4.3-0.9-4.3-2.4-3.6-3.6-2.4-4.3-0.9-4.3 0.9-3.6 2.4-2.4 3.6-0.9 4.3q0 3.6 2.1 6.6l-1.4 4.2 4.3-1.4q2.8 1.9 6.2 1.9zM14 2.2q2.7 0 5.2 1.1t4.3 2.9 2.9 4.3 1.1 5.2-1.1 5.2-2.9 4.3-4.3 2.9-5.2 1.1q-3.5 0-6.5-1.7l-7.4 2.4 2.4-7.2q-1.9-3.2-1.9-6.9 0-2.7 1.1-5.2t2.9-4.3 4.3-2.9 5.2-1.1z\"\/><\/svg><\/span><\/a><\/li><li class=\"shariff-button pinterest shariff-nocustomcolor\" style=\"background-color:#e70f18\"><a href=\"https:\/\/www.pinterest.com\/pin\/create\/link\/?url=https%3A%2F%2Fwww.weiterbildungsmarkt.net%2Fmagazin%2Faeltere-mitarbeiter-als-trainer-oder-coaches-qualifizieren%2F&media=https%3A%2F%2Fwww.weiterbildungsmarkt.net%2Fmagazin%2Fwp-content%2Fuploads%2F2024%2F11%2Fcolored-pencils-2024-09-23-04-02-30-utc-scaled.jpg&description=%C3%84ltere%20Mitarbeiter%20als%20Trainer%20oder%20Coaches%20qualifizieren\" title=\"Bei Pinterest pinnen\" aria-label=\"Bei Pinterest pinnen\" role=\"button\" rel=\"noopener nofollow\" class=\"shariff-link\" style=\"; background-color:#cb2027; color:#fff\" target=\"_blank\"><span class=\"shariff-icon\" style=\"\"><svg width=\"32px\" height=\"20px\" xmlns=\"http:\/\/www.w3.org\/2000\/svg\" viewBox=\"0 0 27 32\"><path fill=\"#cb2027\" d=\"M27.4 16q0 3.7-1.8 6.9t-5 5-6.9 1.9q-2 0-3.9-0.6 1.1-1.7 1.4-2.9 0.2-0.6 1-3.8 0.4 0.7 1.3 1.2t2 0.5q2.1 0 3.8-1.2t2.7-3.4 0.9-4.8q0-2-1.1-3.8t-3.1-2.9-4.5-1.2q-1.9 0-3.5 0.5t-2.8 1.4-2 2-1.2 2.3-0.4 2.4q0 1.9 0.7 3.3t2.1 2q0.5 0.2 0.7-0.4 0-0.1 0.1-0.5t0.2-0.5q0.1-0.4-0.2-0.8-0.9-1.1-0.9-2.7 0-2.7 1.9-4.6t4.9-2q2.7 0 4.2 1.5t1.5 3.8q0 3-1.2 5.2t-3.1 2.1q-1.1 0-1.7-0.8t-0.4-1.9q0.1-0.6 0.5-1.7t0.5-1.8 0.2-1.4q0-0.9-0.5-1.5t-1.4-0.6q-1.1 0-1.9 1t-0.8 2.6q0 1.3 0.4 2.2l-1.8 7.5q-0.3 1.2-0.2 3.2-3.7-1.6-6-5t-2.3-7.6q0-3.7 1.9-6.9t5-5 6.9-1.9 6.9 1.9 5 5 1.8 6.9z\"\/><\/svg><\/span><\/a><\/li><\/ul><\/div>","protected":false},"excerpt":{"rendered":"<p>Das Alter der Belegschaften in den Unternehmen steigt. Also stehen die Betriebe vor der Herausforderung, auch ihren \u00e4lteren Mitarbeitern eine Entwicklungsperspektive zu bieten \u2013 zum Beispiel als Trainer oder Coach ihrer Kollegen. Bis 2020 steigt der Anteil der \u00fcber 50-j\u00e4hrigen an den Erwerbst\u00e4tigen in der Europ\u00e4ischen Union auf fast 35 Prozent. Zwar schwanken die prognostizierten [&hellip;]<\/p>\n","protected":false},"author":5,"featured_media":9749,"comment_status":"open","ping_status":"closed","sticky":false,"template":"","format":"standard","meta":{"_acf_changed":false,"footnotes":""},"categories":[5,7,21],"tags":[131,170,144,135],"class_list":["post-573","post","type-post","status-publish","format-standard","has-post-thumbnail","hentry","category-coaching","category-personalentwicklung","category-train-the-trainer","tag-coaching","tag-human-resources","tag-train-the-trainer","tag-training"],"acf":[],"_links":{"self":[{"href":"https:\/\/www.weiterbildungsmarkt.net\/magazin\/wp-json\/wp\/v2\/posts\/573","targetHints":{"allow":["GET"]}}],"collection":[{"href":"https:\/\/www.weiterbildungsmarkt.net\/magazin\/wp-json\/wp\/v2\/posts"}],"about":[{"href":"https:\/\/www.weiterbildungsmarkt.net\/magazin\/wp-json\/wp\/v2\/types\/post"}],"author":[{"embeddable":true,"href":"https:\/\/www.weiterbildungsmarkt.net\/magazin\/wp-json\/wp\/v2\/users\/5"}],"replies":[{"embeddable":true,"href":"https:\/\/www.weiterbildungsmarkt.net\/magazin\/wp-json\/wp\/v2\/comments?post=573"}],"version-history":[{"count":2,"href":"https:\/\/www.weiterbildungsmarkt.net\/magazin\/wp-json\/wp\/v2\/posts\/573\/revisions"}],"predecessor-version":[{"id":1038,"href":"https:\/\/www.weiterbildungsmarkt.net\/magazin\/wp-json\/wp\/v2\/posts\/573\/revisions\/1038"}],"wp:featuredmedia":[{"embeddable":true,"href":"https:\/\/www.weiterbildungsmarkt.net\/magazin\/wp-json\/wp\/v2\/media\/9749"}],"wp:attachment":[{"href":"https:\/\/www.weiterbildungsmarkt.net\/magazin\/wp-json\/wp\/v2\/media?parent=573"}],"wp:term":[{"taxonomy":"category","embeddable":true,"href":"https:\/\/www.weiterbildungsmarkt.net\/magazin\/wp-json\/wp\/v2\/categories?post=573"},{"taxonomy":"post_tag","embeddable":true,"href":"https:\/\/www.weiterbildungsmarkt.net\/magazin\/wp-json\/wp\/v2\/tags?post=573"}],"curies":[{"name":"wp","href":"https:\/\/api.w.org\/{rel}","templated":true}]}}