{"id":5793,"date":"2019-01-08T10:58:39","date_gmt":"2019-01-08T08:58:39","guid":{"rendered":"https:\/\/www.weiterbildungsmarkt.net\/magazin\/?p=5793"},"modified":"2018-11-21T11:02:44","modified_gmt":"2018-11-21T09:02:44","slug":"sinngebung-in-der-digitalen-welt-es-geht-um-den-menschen","status":"publish","type":"post","link":"https:\/\/www.weiterbildungsmarkt.net\/magazin\/sinngebung-in-der-digitalen-welt-es-geht-um-den-menschen\/","title":{"rendered":"Sinngebung in der digitalen Welt &#8211; Es geht um den Menschen"},"content":{"rendered":"<p style=\"text-align: justify;\"><strong>Riskieren wir einen ehrlichen Blick auf unser Arbeitsleben, stellen wir schnell fest: Wir sind produktiver geworden. Erreichbarer und schneller. Doch sind wir dadurch auch gl\u00fccklicher oder zumindest zufriedener geworden? <\/strong><\/p>\n<p style=\"text-align: justify;\">Ganz klar: Nein! Digitale Transformation, disruptive Technologien, Change und Agilit\u00e4t sind Schlagworte, um die sich das Business im Moment dreht. Dank der sich schnell entwickelnden Technik, muss sich zwangsl\u00e4ufig auch die \u201eRessource\u201c Mensch ver\u00e4ndern. Wenn sich also alles um uns herum agilisiert, changed und digital transformiert, die Probleme in der Arbeitswelt aber immer die Gleichen bleiben und nicht weniger werden, lohnt es sich, einmal etwas genauer hinzuschauen \u2026<\/p>\n<p style=\"text-align: justify;\">\u2026 beispielsweise am Montagmorgen in die Gesichter der Menschen im Bus oder in der Bahn. Da er\u00fcbrigt sich jede zus\u00e4tzliche Studien-Konsultation \u00fcber die Mitarbeitermotivation. Burnout, Depression und negativer Stress sind in unserer modernen Arbeitswelt weiterhin auf dem Vormarsch. In Japan gibt es sogar ein Wort f\u00fcr den Tod durch \u00dcberarbeitung: Karoshi. Sind wir noch zu retten? Da entwickeln wir uns weiter \u2013 vor allem auf technischer Ebene und vergessen anscheinend das Wesentlichste dabei: den Menschen. Oder haben wir einfach nur das Ziel aus den Augen verloren?<\/p>\n<h2 style=\"text-align: justify;\">Nur Umsatz oder auch Sinn?<\/h2>\n<p style=\"text-align: justify;\">Ist es das Ziel, die Zeit, in der wir arbeiten so spannend, kreativ und sinnstiftend wie m\u00f6glich zu gestalten? Oder geht es doch nur um Umsatz, Wachstum und Rendite? Der Haken an der Sache ist, wenn die Menschen im Unternehmen einen Sinn in ihrer Arbeit sehen, sind sie motivierter und engagieren sich weit mehr \u2013 was sich nat\u00fcrlich klar auch im Umsatz, im Wachstum und in der Rendite niederschl\u00e4gt. Aber das klingt ja zu sch\u00f6n, um wahr zu sein. Also machen wir weiter wie bisher. Vielleicht bauen wir ein paar coole und angesagte Technik-Gadgets dazu, aber grunds\u00e4tzlich \u00e4ndert sich nichts.<\/p>\n<h2 style=\"text-align: justify;\">Weil es alle so machen\u2026<\/h2>\n<p style=\"text-align: justify;\">Als ob dieser Umstand nicht schon genug tragisch w\u00e4re, blenden wir im Unternehmen oft die F\u00fchrungsbereiche aus, die nie wirklich funktioniert haben. Wir machen es weiter so, wie wir es einmal \u2013 vor Jahren in teuren Managementkursen \u2013 gelernt haben und beruhigen unser Gewissen mit dem Umstand, dass es ja \u201ealle\u201c so machen. Damit haben wir uns in einen coolen Management-Denkmuster-Filz eingelullt, so dass wir gar nicht mehr dar\u00fcber nachdenken wollen, wie es anders sein k\u00f6nnte. \u201eAnders? Wie denn auch. So einfach ist das nicht. Das haben wir noch nie so gemacht.\u201c Denken alle so? Nein, nat\u00fcrlich nicht. Immer mehr Menschen machen sich Gedanken \u00fcber die Zukunft, \u00fcber das Leben und die Arbeit. Beides ist untrennbar miteinander verkn\u00fcpft. Und in beiden Bereichen ver\u00e4ndert die digitale Welt sehr viel.<\/p>\n<h2 style=\"text-align: justify;\">Ein fataler Irrtum<\/h2>\n<p style=\"text-align: justify;\">Schaut man auf unser Arbeitsleben, k\u00f6nnte man glauben, dass sich einfach \u201enur\u201c die Technik durch die Automatisierung und die Digitalisierung ver\u00e4ndert. Dass die Hauptanforderung sei, mit diesen dauernden Ver\u00e4nderungen umzugehen. Doch das ist ein fataler Irrtum. Die Hauptanforderung der heutigen Zeit ist es nicht, die sehr schnell ver\u00e4nderte Technik zu beherrschen, sondern sich trotz dieser sich sehr schnell ver\u00e4ndernden Technik selber im Fokus zu behalten. Das klingt vielleicht im ersten Moment wie eine Banalit\u00e4t, ist aber eine \u00e4u\u00dferst anspruchsvolle Aufgabe. Ansonsten ist die Chance gro\u00df, dass man in einem Burn-out endet oder nach Jahren m\u00fchsamen Erfolges \u201eaufwacht\u201c und unzufrieden auf das bisher Erreichte schaut.<\/p>\n<h2 style=\"text-align: justify;\">Zwei einfache Fakten<\/h2>\n<p style=\"text-align: justify;\">Was aber ist der entscheidende Grund, dass man sich in den Unternehmen verst\u00e4rkt \u00fcber das (Arbeits-)Leben Gedanken macht? Dazu gibt es zwei einfache Fakten: Erstens wird jemand, der seine Arbeit liebt oder zumindest mag, wesentlich bessere Arbeit abliefern und sich mehr einsetzen. Und zweitens spricht sich die Stimmung in diesem Unternehmen herum. Fr\u00fcher konnte man sich am Stammtisch \u00fcber das Unternehmen, die schwierige Situation, die Kunden oder die mangelnden F\u00fchrungsqualit\u00e4ten der Chefs auslassen. Heute erreicht diese \u201eMund zu Mund-Propaganda\u201c eine neue Dimension: Bewertungsportale werden immer mehr genutzt und schon ein einziger sehr negativer Kommentar in der Google-Suche, kostet das Unternehmen wertvolle Auftr\u00e4ge. Alles wird massiv transparenter \u2013 der Digitalisierung sei dank. Es hilft also nicht mehr, in einer Hochglanzbrosch\u00fcre \u00fcber die Nachhaltigkeit, den perfekten Umgang mit Ressourcen, Mitarbeitern und Kunden zu schreiben. Man muss es tun. Jeden Tag. Ansonsten findet man die L\u00fcge im Netz. Diesen Umstand erkennen immer mehr Unternehmer und \u00fcberdenken damit die Art, wie sie f\u00fchren.<\/p>\n<h2 style=\"text-align: justify;\">Was uns wirklich wichtig ist<\/h2>\n<p style=\"text-align: justify;\">Ich glaube folgenden Umstand haben alle bemerkt, die schon einige Jahre im Arbeitsleben stehen: Wir k\u00f6nnen Prozess-Management einf\u00fchren, neue Projektorganisationsformen wie SCRUM implementieren oder auch nur die B\u00fcror\u00e4ume von Einzel- in Gro\u00dfraumb\u00fcros ver\u00e4ndern. Wenn die Menschen dabei aber den Sinn nicht einsehen, nicht wissen, warum sie sich ver\u00e4ndern sollen, wird das Projekt mit gro\u00dfer Wahrscheinlichkeit gegen die Wand gefahren. Es geht also um den Menschen. Es geht darum, zu verstehen, wie wir Menschen ticken, was wir wollen und was uns wirklich wichtig ist. Das alleine ist schon eine schwere Aufgabe. Es geht aber noch weiter: Es geht n\u00e4mlich darum, nicht nur zu verstehen, sondern auch zu analysieren und zu hinterfragen, warum uns gewisse Dinge heute wichtig sind. Es geht um die Ver\u00e4nderung von Denkmustern, die uns schon ein Leben lang begleiten.<\/p>\n<h2 style=\"text-align: justify;\">Wollen wir wirklich 5\/7 unseres Lebens vergeuden?<\/h2>\n<p style=\"text-align: justify;\">Wir definieren uns heute meist \u00fcber unsere berufliche Stellung. Wenn wir wissen wollen, wer jemand ist, h\u00f6ren wir normalerweise zuerst den Beruf, die Position und vielleicht auch noch die Anzahl Mitarbeiter, die man f\u00fchrt. Das bedeutet, wir definieren uns und unser Selbstwertgef\u00fchl \u00fcber unseren Job. Dass laut Gallup-Studie 70 Prozent der Menschen von ihrem Job nicht begeistert sind und \u201eDienst nach Vorschrift\u201c machen, zeigt, wie viel Wert wir uns eigentlich wirklich sind. Denn welcher Mensch, der sich selber viel Wert ist, w\u00fcrde tagt\u00e4glich 8 Stunden etwas tun, was ihm nicht wirklich Spa\u00df macht und ihn gl\u00fccklich macht? Schlie\u00dflich \u201evergeudet\u201c man so 5\/7 seines Lebens \u2013 von Montag bis Freitag. Unbezahlbar.<\/p>\n<h2 style=\"text-align: justify;\">Der Technik sei dank!<\/h2>\n<p style=\"text-align: justify;\">Jahrzehnte lang haben Unternehmen versucht, Mitarbeiter zu \u201emotivieren\u201c. Meist (oder fast immer) ohne langanhaltende Erfolge. Aber wie lassen sich Menschen motivieren? Die Antwort scheint einfach: Indem wir die Grundbed\u00fcrfnisse erf\u00fcllen. Geld ist ein Faktor \u2013 aber (man staune) bei weitem nicht der Wichtigste. Menschen m\u00f6chten Sinn erleben, in dem, was sie t\u00e4glich tun. Menschen m\u00f6chten \u201en\u00fctzlich\u201c sein und daf\u00fcr wertgesch\u00e4tzt werden. Die Digitalisierung spitzt diesen Umstand noch weiter zu. Wo wir fr\u00fcher kreativ und selbstbestimmt arbeiten konnten, \u00fcbernehmen jetzt Algorithmen und Prozesse die F\u00fchrung. Zeit umzudenken? Schon lange. Doch es reicht nicht aus, so cool wie Google sein zu wollen und sich einen Tischtennis-Tisch oder eine Rutschbahn ins Unternehmen zu holen. Es braucht tiefgreifende Verhaltens\u00e4nderungen, wie wir \u00fcber Arbeit, \u00fcber Menschen und uns selber denken. Technik sei dank! Changen wir uns also zu agilen Menschen in eine New Work \u2013 oder besser in ein New Life, aber bitte mit Sinn!<\/p>\n<h3 style=\"text-align: justify;\">\u00dcber den Autor:<\/h3>\n<p style=\"text-align: justify;\"><strong> <img loading=\"lazy\" decoding=\"async\" class=\"alignleft size-thumbnail wp-image-5791\" src=\"https:\/\/www.weiterbildungsmarkt.net\/magazin\/wp-content\/uploads\/2018\/11\/Dudas-Stefan-120x120.jpg\" alt=\"Dudas Stefan\" width=\"120\" height=\"120\" \/>Stefan Dudas<\/strong> ist Business-Experte f\u00fcr Sinngebung. Der Keynote-Speaker, Coach und Autor legt humorvoll und tiefsinnig das Fundament f\u00fcr neue Denk-Ans\u00e4tze. Sein \u201eSuxess-System f\u00fcr sinnbasiertes Management\u201c vermittelt Sinnhaftigkeit in F\u00fchrung, Kommunikation sowie Motivation. Im Dezember 2017 ist sein neues Buch \u201e[amazon_textlink asin=&#8217;3869803940&#8242; text=&#8217;VOLL SINN \u2013 Nur was Sinn macht, kann uns erf\u00fcllen&#8216; template=&#8217;ProductLink&#8216; store=&#8217;www.amazon.de&#8216; marketplace=&#8217;DE&#8216; link_id=&#8217;0f7edca1-ece8-11e8-add9-e37d546a7470&#8242;]\u201c erschienen.<\/p>\n<div class=\"shariff shariff-align-left shariff-widget-align-left\"><ul class=\"shariff-buttons theme-round orientation-horizontal buttonsize-medium\"><li class=\"shariff-button facebook shariff-nocustomcolor\" style=\"background-color:#4273c8\"><a href=\"https:\/\/www.facebook.com\/sharer\/sharer.php?u=https%3A%2F%2Fwww.weiterbildungsmarkt.net%2Fmagazin%2Fsinngebung-in-der-digitalen-welt-es-geht-um-den-menschen%2F\" title=\"Bei Facebook teilen\" aria-label=\"Bei Facebook teilen\" role=\"button\" rel=\"nofollow\" class=\"shariff-link\" style=\"; background-color:#3b5998; color:#fff\" target=\"_blank\"><span class=\"shariff-icon\" style=\"\"><svg width=\"32px\" height=\"20px\" xmlns=\"http:\/\/www.w3.org\/2000\/svg\" viewBox=\"0 0 18 32\"><path fill=\"#3b5998\" d=\"M17.1 0.2v4.7h-2.8q-1.5 0-2.1 0.6t-0.5 1.9v3.4h5.2l-0.7 5.3h-4.5v13.6h-5.5v-13.6h-4.5v-5.3h4.5v-3.9q0-3.3 1.9-5.2t5-1.8q2.6 0 4.1 0.2z\"\/><\/svg><\/span><\/a><\/li><li class=\"shariff-button twitter shariff-nocustomcolor\" style=\"background-color:#595959\"><a href=\"https:\/\/twitter.com\/share?url=https%3A%2F%2Fwww.weiterbildungsmarkt.net%2Fmagazin%2Fsinngebung-in-der-digitalen-welt-es-geht-um-den-menschen%2F&text=Sinngebung%20in%20der%20digitalen%20Welt%20%E2%80%93%20Es%20geht%20um%20den%20Menschen\" title=\"Bei X teilen\" aria-label=\"Bei X teilen\" role=\"button\" rel=\"noopener nofollow\" class=\"shariff-link\" style=\"; background-color:#000; color:#fff\" target=\"_blank\"><span class=\"shariff-icon\" style=\"\"><svg width=\"32px\" height=\"20px\" xmlns=\"http:\/\/www.w3.org\/2000\/svg\" viewBox=\"0 0 24 24\"><path fill=\"#000\" d=\"M14.258 10.152L23.176 0h-2.113l-7.747 8.813L7.133 0H0l9.352 13.328L0 23.973h2.113l8.176-9.309 6.531 9.309h7.133zm-2.895 3.293l-.949-1.328L2.875 1.56h3.246l6.086 8.523.945 1.328 7.91 11.078h-3.246zm0 0\"\/><\/svg><\/span><\/a><\/li><li class=\"shariff-button xing shariff-nocustomcolor\" style=\"background-color:#29888a\"><a href=\"https:\/\/www.xing.com\/spi\/shares\/new?url=https%3A%2F%2Fwww.weiterbildungsmarkt.net%2Fmagazin%2Fsinngebung-in-der-digitalen-welt-es-geht-um-den-menschen%2F\" title=\"Bei XING teilen\" aria-label=\"Bei XING teilen\" role=\"button\" rel=\"noopener nofollow\" class=\"shariff-link\" style=\"; background-color:#126567; color:#fff\" target=\"_blank\"><span class=\"shariff-icon\" style=\"\"><svg width=\"32px\" height=\"20px\" xmlns=\"http:\/\/www.w3.org\/2000\/svg\" viewBox=\"0 0 25 32\"><path fill=\"#126567\" d=\"M10.7 11.9q-0.2 0.3-4.6 8.2-0.5 0.8-1.2 0.8h-4.3q-0.4 0-0.5-0.3t0-0.6l4.5-8q0 0 0 0l-2.9-5q-0.2-0.4 0-0.7 0.2-0.3 0.5-0.3h4.3q0.7 0 1.2 0.8zM25.1 0.4q0.2 0.3 0 0.7l-9.4 16.7 6 11q0.2 0.4 0 0.6-0.2 0.3-0.6 0.3h-4.3q-0.7 0-1.2-0.8l-6-11.1q0.3-0.6 9.5-16.8 0.4-0.8 1.2-0.8h4.3q0.4 0 0.5 0.3z\"\/><\/svg><\/span><\/a><\/li><li class=\"shariff-button linkedin shariff-nocustomcolor\" style=\"background-color:#1488bf\"><a href=\"https:\/\/www.linkedin.com\/sharing\/share-offsite\/?url=https%3A%2F%2Fwww.weiterbildungsmarkt.net%2Fmagazin%2Fsinngebung-in-der-digitalen-welt-es-geht-um-den-menschen%2F\" title=\"Bei LinkedIn teilen\" aria-label=\"Bei LinkedIn teilen\" role=\"button\" rel=\"noopener nofollow\" class=\"shariff-link\" style=\"; background-color:#0077b5; color:#fff\" target=\"_blank\"><span class=\"shariff-icon\" style=\"\"><svg width=\"32px\" height=\"20px\" xmlns=\"http:\/\/www.w3.org\/2000\/svg\" viewBox=\"0 0 27 32\"><path fill=\"#0077b5\" d=\"M6.2 11.2v17.7h-5.9v-17.7h5.9zM6.6 5.7q0 1.3-0.9 2.2t-2.4 0.9h0q-1.5 0-2.4-0.9t-0.9-2.2 0.9-2.2 2.4-0.9 2.4 0.9 0.9 2.2zM27.4 18.7v10.1h-5.9v-9.5q0-1.9-0.7-2.9t-2.3-1.1q-1.1 0-1.9 0.6t-1.2 1.5q-0.2 0.5-0.2 1.4v9.9h-5.9q0-7.1 0-11.6t0-5.3l0-0.9h5.9v2.6h0q0.4-0.6 0.7-1t1-0.9 1.6-0.8 2-0.3q3 0 4.9 2t1.9 6z\"\/><\/svg><\/span><\/a><\/li><li class=\"shariff-button whatsapp shariff-nocustomcolor\" style=\"background-color:#5cbe4a\"><a href=\"https:\/\/api.whatsapp.com\/send?text=https%3A%2F%2Fwww.weiterbildungsmarkt.net%2Fmagazin%2Fsinngebung-in-der-digitalen-welt-es-geht-um-den-menschen%2F%20Sinngebung%20in%20der%20digitalen%20Welt%20%E2%80%93%20Es%20geht%20um%20den%20Menschen\" title=\"Bei Whatsapp teilen\" aria-label=\"Bei Whatsapp teilen\" role=\"button\" rel=\"noopener nofollow\" class=\"shariff-link\" style=\"; background-color:#34af23; color:#fff\" target=\"_blank\"><span class=\"shariff-icon\" style=\"\"><svg width=\"32px\" height=\"20px\" xmlns=\"http:\/\/www.w3.org\/2000\/svg\" viewBox=\"0 0 32 32\"><path fill=\"#34af23\" d=\"M17.6 17.4q0.2 0 1.7 0.8t1.6 0.9q0 0.1 0 0.3 0 0.6-0.3 1.4-0.3 0.7-1.3 1.2t-1.8 0.5q-1 0-3.4-1.1-1.7-0.8-3-2.1t-2.6-3.3q-1.3-1.9-1.3-3.5v-0.1q0.1-1.6 1.3-2.8 0.4-0.4 0.9-0.4 0.1 0 0.3 0t0.3 0q0.3 0 0.5 0.1t0.3 0.5q0.1 0.4 0.6 1.6t0.4 1.3q0 0.4-0.6 1t-0.6 0.8q0 0.1 0.1 0.3 0.6 1.3 1.8 2.4 1 0.9 2.7 1.8 0.2 0.1 0.4 0.1 0.3 0 1-0.9t0.9-0.9zM14 26.9q2.3 0 4.3-0.9t3.6-2.4 2.4-3.6 0.9-4.3-0.9-4.3-2.4-3.6-3.6-2.4-4.3-0.9-4.3 0.9-3.6 2.4-2.4 3.6-0.9 4.3q0 3.6 2.1 6.6l-1.4 4.2 4.3-1.4q2.8 1.9 6.2 1.9zM14 2.2q2.7 0 5.2 1.1t4.3 2.9 2.9 4.3 1.1 5.2-1.1 5.2-2.9 4.3-4.3 2.9-5.2 1.1q-3.5 0-6.5-1.7l-7.4 2.4 2.4-7.2q-1.9-3.2-1.9-6.9 0-2.7 1.1-5.2t2.9-4.3 4.3-2.9 5.2-1.1z\"\/><\/svg><\/span><\/a><\/li><li class=\"shariff-button pinterest shariff-nocustomcolor\" style=\"background-color:#e70f18\"><a href=\"https:\/\/www.pinterest.com\/pin\/create\/link\/?url=https%3A%2F%2Fwww.weiterbildungsmarkt.net%2Fmagazin%2Fsinngebung-in-der-digitalen-welt-es-geht-um-den-menschen%2F&media=https%3A%2F%2Fwww.weiterbildungsmarkt.net%2Fmagazin%2Fwp-content%2Fuploads%2F2024%2F11%2Fcolored-pencils-2024-09-23-04-02-30-utc-scaled.jpg&description=Sinngebung%20in%20der%20digitalen%20Welt%20%E2%80%93%20Es%20geht%20um%20den%20Menschen\" title=\"Bei Pinterest pinnen\" aria-label=\"Bei Pinterest pinnen\" role=\"button\" rel=\"noopener nofollow\" class=\"shariff-link\" style=\"; background-color:#cb2027; color:#fff\" target=\"_blank\"><span class=\"shariff-icon\" style=\"\"><svg width=\"32px\" height=\"20px\" xmlns=\"http:\/\/www.w3.org\/2000\/svg\" viewBox=\"0 0 27 32\"><path fill=\"#cb2027\" d=\"M27.4 16q0 3.7-1.8 6.9t-5 5-6.9 1.9q-2 0-3.9-0.6 1.1-1.7 1.4-2.9 0.2-0.6 1-3.8 0.4 0.7 1.3 1.2t2 0.5q2.1 0 3.8-1.2t2.7-3.4 0.9-4.8q0-2-1.1-3.8t-3.1-2.9-4.5-1.2q-1.9 0-3.5 0.5t-2.8 1.4-2 2-1.2 2.3-0.4 2.4q0 1.9 0.7 3.3t2.1 2q0.5 0.2 0.7-0.4 0-0.1 0.1-0.5t0.2-0.5q0.1-0.4-0.2-0.8-0.9-1.1-0.9-2.7 0-2.7 1.9-4.6t4.9-2q2.7 0 4.2 1.5t1.5 3.8q0 3-1.2 5.2t-3.1 2.1q-1.1 0-1.7-0.8t-0.4-1.9q0.1-0.6 0.5-1.7t0.5-1.8 0.2-1.4q0-0.9-0.5-1.5t-1.4-0.6q-1.1 0-1.9 1t-0.8 2.6q0 1.3 0.4 2.2l-1.8 7.5q-0.3 1.2-0.2 3.2-3.7-1.6-6-5t-2.3-7.6q0-3.7 1.9-6.9t5-5 6.9-1.9 6.9 1.9 5 5 1.8 6.9z\"\/><\/svg><\/span><\/a><\/li><\/ul><\/div>","protected":false},"excerpt":{"rendered":"<p>Riskieren wir einen ehrlichen Blick auf unser Arbeitsleben, stellen wir schnell fest: Wir sind produktiver geworden. Erreichbarer und schneller. Doch sind wir dadurch auch gl\u00fccklicher oder zumindest zufriedener geworden? Ganz klar: Nein! Digitale Transformation, disruptive Technologien, Change und Agilit\u00e4t sind Schlagworte, um die sich das Business im Moment dreht. Dank der sich schnell entwickelnden Technik, [&hellip;]<\/p>\n","protected":false},"author":3,"featured_media":9749,"comment_status":"open","ping_status":"closed","sticky":false,"template":"","format":"standard","meta":{"_acf_changed":false,"footnotes":""},"categories":[190,33,48,8],"tags":[148,168,218,133],"class_list":["post-5793","post","type-post","status-publish","format-standard","has-post-thumbnail","hentry","category-motivation","category-leadership","category-management","category-verkaufstraining","tag-akquise","tag-management","tag-motivation","tag-verkaufstraining"],"acf":[],"_links":{"self":[{"href":"https:\/\/www.weiterbildungsmarkt.net\/magazin\/wp-json\/wp\/v2\/posts\/5793","targetHints":{"allow":["GET"]}}],"collection":[{"href":"https:\/\/www.weiterbildungsmarkt.net\/magazin\/wp-json\/wp\/v2\/posts"}],"about":[{"href":"https:\/\/www.weiterbildungsmarkt.net\/magazin\/wp-json\/wp\/v2\/types\/post"}],"author":[{"embeddable":true,"href":"https:\/\/www.weiterbildungsmarkt.net\/magazin\/wp-json\/wp\/v2\/users\/3"}],"replies":[{"embeddable":true,"href":"https:\/\/www.weiterbildungsmarkt.net\/magazin\/wp-json\/wp\/v2\/comments?post=5793"}],"version-history":[{"count":3,"href":"https:\/\/www.weiterbildungsmarkt.net\/magazin\/wp-json\/wp\/v2\/posts\/5793\/revisions"}],"predecessor-version":[{"id":5797,"href":"https:\/\/www.weiterbildungsmarkt.net\/magazin\/wp-json\/wp\/v2\/posts\/5793\/revisions\/5797"}],"wp:featuredmedia":[{"embeddable":true,"href":"https:\/\/www.weiterbildungsmarkt.net\/magazin\/wp-json\/wp\/v2\/media\/9749"}],"wp:attachment":[{"href":"https:\/\/www.weiterbildungsmarkt.net\/magazin\/wp-json\/wp\/v2\/media?parent=5793"}],"wp:term":[{"taxonomy":"category","embeddable":true,"href":"https:\/\/www.weiterbildungsmarkt.net\/magazin\/wp-json\/wp\/v2\/categories?post=5793"},{"taxonomy":"post_tag","embeddable":true,"href":"https:\/\/www.weiterbildungsmarkt.net\/magazin\/wp-json\/wp\/v2\/tags?post=5793"}],"curies":[{"name":"wp","href":"https:\/\/api.w.org\/{rel}","templated":true}]}}