{"id":5870,"date":"2019-01-23T09:28:28","date_gmt":"2019-01-23T07:28:28","guid":{"rendered":"https:\/\/www.weiterbildungsmarkt.net\/magazin\/?p=5870"},"modified":"2018-12-04T08:29:02","modified_gmt":"2018-12-04T06:29:02","slug":"fuehrungspremiere-worueber-junge-chefs-haeufig-stolpern","status":"publish","type":"post","link":"https:\/\/www.weiterbildungsmarkt.net\/magazin\/fuehrungspremiere-worueber-junge-chefs-haeufig-stolpern\/","title":{"rendered":"F\u00fchrungspremiere: Wor\u00fcber junge Chefs h\u00e4ufig stolpern"},"content":{"rendered":"<p style=\"text-align: justify;\"><strong>Wer als junge F\u00fchrungskraft erfolgreich starten m\u00f6chte, braucht mehr als fachliche und soziale Fertigkeiten. Denn F\u00fchrung beginnt vor allem im Kopf: Entscheidend ist vor allem die mentale Einstellung \u2013 und somit auch die Haltung zum Job. Doch welche Fallen lauern hier? Und wie kann man sie vermeiden? Wir haben die wichtigsten Stolpersteine und Tipps zusammengefasst.<\/strong><\/p>\n<p style=\"text-align: justify;\">Wer beim F\u00fchrungsstart ohne Vorbereitung und rechtzeitige Einstellung auf die neue Rolle bleibt, l\u00e4uft Gefahr, als F\u00fchrungskraft zu scheitern. Sechs konkrete Hinweise helfen dabei, von Anfang an als junger Chef auf Erfolgskurs zu gehen:<\/p>\n<h2 style=\"text-align: justify;\">Stolperstein #1: Das mache ich jetzt nebenbei!<\/h2>\n<p style=\"text-align: justify;\">Der Aufstieg zur F\u00fchrungskraft ist immer mit neuen \u2013 meist auch zus\u00e4tzlichen \u2013 Aufgaben verbunden. Da kann es leicht passieren, dass der n\u00f6tige Aufwand untersch\u00e4tzt wird \u2013 und schlie\u00dflich die Zeit f\u00fcr F\u00fchrung fehlt. Das frustriert nicht nur den jungen Chefs selbst, sondern f\u00fchrt langfristig auch zum Verlust von F\u00fchrungskompetenz gegen\u00fcber den Mitarbeitern.<\/p>\n<p style=\"text-align: justify;\"><strong>TIPP: Machen Sie F\u00fchrung zu Ihrer Hauptaufgabe!<br \/>\n<\/strong>Machen Sie sich Ihre Chef-Rolle gleich von Anfang an bewusst! Legen Sie Priorit\u00e4ten neu fest, passen Sie Ihr Zeitmanagement an und delegieren Sie.<\/p>\n<h2 style=\"text-align: justify;\">Stolperstein #2: Alles tanzt nach meiner Pfeife!<\/h2>\n<p style=\"text-align: justify;\">Wer den lang ersehnten Sprung in die F\u00fchrungsrolle geschafft hat, strotzt meist vor Selbstbewusstsein, Motivation und Tatendrang. Schlie\u00dflich will man sich und anderen beweisen, dass man das Zeug zum Chef hat. Doch nicht selten f\u00fchrt diese Mischung aus Stolz und Ehrgeiz zu einem \u00fcbertriebenen Auftreten: Ich bin der Chef \u2013 alle haben mir zu folgen!<\/p>\n<p style=\"text-align: justify;\"><strong>TIPP: Wechseln Sie aktiv in die Rolle des Chefs!<br \/>\n<\/strong>Setzen Sie sich von Beginn an intensiv mit der neuen Funktion und den damit verbundenen Rechten und Pflichten auseinander. Ihr F\u00fchrungsverst\u00e4ndnis und -verhalten ist entscheidend, ob Sie andere begeistern und Ihnen die Mitarbeiter folgen werden.<\/p>\n<h2 style=\"text-align: justify;\">Stolperstein #3: Es bleibt alles beim Alten!<\/h2>\n<p style=\"text-align: justify;\">Als neuer Chef \u00fcbernimmt man in der Regel bestehende Strukturen und Prozesse. Diese haben sich tendenziell bew\u00e4hrt und sind den Mitarbeitern vertraut. Allerdings bedeutet ein neuer Chef an sich schon Ver\u00e4nderung f\u00fcr Mitarbeiter \u2013 und dar\u00fcber hinaus gilt f\u00fcr jede (neue) F\u00fchrungskraft: Gutes bewahren und Neues wagen!<\/p>\n<p style=\"text-align: justify;\"><strong>TIPP: F\u00fchren Sie stilgerecht, situativ &amp; differenziert!<br \/>\n<\/strong>Aufgabe in der F\u00fchrung ist es, die Rahmenbedingungen so zu schaffen, dass Mitarbeiter exzellente Leistung erbringen k\u00f6nnen und wollen. Wichtig dabei ist es, je nach Situation und Mitarbeiter zu reagieren. Verschaffen Sie sich also einen \u00dcberblick, in welcher Entwicklungsphase sich Ihr Team befindet \u2013 und holen Sie die einzelnen Teammitglieder entsprechend ab.<\/p>\n<h2 style=\"text-align: justify;\">Stolperstein #4: Chef sein hei\u00dft Mitarbeiter f\u00fchren!<\/h2>\n<p style=\"text-align: justify;\">Viele Chefs verstehen unter F\u00fchrung vor allem die Verantwortung f\u00fcr ein eigenes Team und dessen Leistungserbringung. Doch umfassendes F\u00fchren geht weit \u00fcber die Mitarbeiter-F\u00fchrung.<\/p>\n<p style=\"text-align: justify;\"><strong>TIPP: Wirken Sie als F\u00fchrungskraft in alle Richtungen!<br \/>\n<\/strong>Um wirklich effektiv zu sein, m\u00fcssen Chefs alle strategisch wichtigen Stakeholder kennen und mit ihnen interagieren \u2013 wie z.B. der eigene Vorgesetzte, F\u00fchrungskollegen, die ganze Organisation (sowie auch Partner, Kunden und Lieferanten).<\/p>\n<h2 style=\"text-align: justify;\">Stolperstein #5: Jetzt habe ich die Kontrolle!<\/h2>\n<p style=\"text-align: justify;\">\u201eKontrolle\u201c (im Sinne der Erfolgssteuerung) z\u00e4hlt zu den Kernaufgaben jeder F\u00fchrungskraft. Sie ist die Grundlage f\u00fcr die Optimierung von Ressourcen und Prozessen in der Zukunft. Und sie sorgt vor allem f\u00fcr eines: (vermeintliche) Sicherheit! Allerdings ist in einer zunehmend komplexen und sich st\u00e4ndig \u00e4ndernden Welt, \u201eechte\u201c Kontrolle in Wahrheit nicht mehr leistbar.<\/p>\n<p style=\"text-align: justify;\"><strong>TIPP: Lernen Sie zwischen den Zeilen zu lesen!<br \/>\n<\/strong>Die Herausforderung f\u00fcr F\u00fchrungskr\u00e4fte liegt darin, Sicherheit in unsicheren Zeiten zu vermitteln. Dabei sind Chefs gefordert, Dynamiken zu interpretieren und Entwicklungen bestm\u00f6glich einsch\u00e4tzen zu k\u00f6nnen. Achten Sie daher auf m\u00f6gliche Begleitsignale oder verborgene Informationen, wie sie z.B. in K\u00f6rpersprache, Verhalten und Emotionen zum Ausdruck gebracht werden.<\/p>\n<h2 style=\"text-align: justify;\">Stolperstein #6: Das hat doch nichts mit mir zu tun!<\/h2>\n<p style=\"text-align: justify;\">F\u00fchrungskr\u00e4fte m\u00fcssen sich auch auf schwierige Situationen einstellen: Konflikte bew\u00e4ltigen, um Ressourcen k\u00e4mpfen, Kritik oder Widerstand abbauen usw. Daf\u00fcr braucht es gefestigte und reflektierte F\u00fchrungspers\u00f6nlichkeiten. Schlechte F\u00fchrungskr\u00e4fte suchen die Schuld immer bei anderen. Gute Chefs wissen, dass ihr eigenes Verhalten ma\u00dfgeblichen Einfluss auf Erfolg (oder Misserfolg) hat.<\/p>\n<p style=\"text-align: justify;\"><strong>TIPP: F\u00fchren Sie sich selbst!<br \/>\n<\/strong>F\u00fchrung hei\u00dft Verantwortung f\u00fcr sich selbst und sein Verhalten zu \u00fcbernehmen. Das bedeutet: Gehen Sie von einer klaren Selbst-Bewusstheit aus, \u00fcbernehmen Sie Selbst-Verantwortung und reflektieren Sie regelm\u00e4\u00dfig \u00fcber Ihre Wirkung.<\/p>\n<h3 style=\"text-align: justify;\">\u00dcber die Autorin:<\/h3>\n<p style=\"text-align: justify;\"><strong><img loading=\"lazy\" decoding=\"async\" class=\"alignleft size-thumbnail wp-image-1606\" src=\"https:\/\/www.weiterbildungsmarkt.net\/magazin\/wp-content\/uploads\/2014\/03\/OMF-Mimlich_300px-120x120.jpg\" alt=\"Mimlich\" width=\"120\" height=\"120\" srcset=\"https:\/\/www.weiterbildungsmarkt.net\/magazin\/wp-content\/uploads\/2014\/03\/OMF-Mimlich_300px-120x120.jpg 120w, https:\/\/www.weiterbildungsmarkt.net\/magazin\/wp-content\/uploads\/2014\/03\/OMF-Mimlich_300px-210x210.jpg 210w, https:\/\/www.weiterbildungsmarkt.net\/magazin\/wp-content\/uploads\/2014\/03\/OMF-Mimlich_300px.jpg 300w\" sizes=\"auto, (max-width: 120px) 100vw, 120px\" \/>Silke Mimlich<\/strong> ist Impulsgeberin von \u201eJunge Chefs | by runddenker\u201c. Ihr Engagement gilt im Besonderen der Beratung und Begleitung jener, die zum ersten Mal F\u00fchrungskraft werden.<\/p>\n<p style=\"text-align: justify;\">Weitere Informationen \u00fcber <a href=\"https:\/\/www.weiterbildungsmarkt.net\/institut-wien-runddenker-2202\"><strong>runddenker<\/strong><\/a><\/p>\n<div class=\"shariff shariff-align-flex-start shariff-widget-align-flex-start\"><ul class=\"shariff-buttons theme-round orientation-horizontal buttonsize-medium\"><li class=\"shariff-button facebook shariff-nocustomcolor\" style=\"background-color:#4273c8\"><a href=\"https:\/\/www.facebook.com\/sharer\/sharer.php?u=https%3A%2F%2Fwww.weiterbildungsmarkt.net%2Fmagazin%2Ffuehrungspremiere-worueber-junge-chefs-haeufig-stolpern%2F\" title=\"Bei Facebook teilen\" aria-label=\"Bei Facebook teilen\" role=\"button\" rel=\"nofollow\" class=\"shariff-link\" style=\"; background-color:#3b5998; color:#fff\" target=\"_blank\"><span class=\"shariff-icon\" style=\"\"><svg width=\"32px\" height=\"20px\" xmlns=\"http:\/\/www.w3.org\/2000\/svg\" viewBox=\"0 0 18 32\"><path fill=\"#3b5998\" d=\"M17.1 0.2v4.7h-2.8q-1.5 0-2.1 0.6t-0.5 1.9v3.4h5.2l-0.7 5.3h-4.5v13.6h-5.5v-13.6h-4.5v-5.3h4.5v-3.9q0-3.3 1.9-5.2t5-1.8q2.6 0 4.1 0.2z\"\/><\/svg><\/span><\/a><\/li><li class=\"shariff-button twitter shariff-nocustomcolor\" style=\"background-color:#595959\"><a href=\"https:\/\/twitter.com\/share?url=https%3A%2F%2Fwww.weiterbildungsmarkt.net%2Fmagazin%2Ffuehrungspremiere-worueber-junge-chefs-haeufig-stolpern%2F&text=F%C3%BChrungspremiere%3A%20Wor%C3%BCber%20junge%20Chefs%20h%C3%A4ufig%20stolpern\" title=\"Bei X teilen\" aria-label=\"Bei X teilen\" role=\"button\" rel=\"noopener nofollow\" class=\"shariff-link\" style=\"; background-color:#000; color:#fff\" target=\"_blank\"><span class=\"shariff-icon\" style=\"\"><svg width=\"32px\" height=\"20px\" xmlns=\"http:\/\/www.w3.org\/2000\/svg\" viewBox=\"0 0 24 24\"><path fill=\"#000\" d=\"M14.258 10.152L23.176 0h-2.113l-7.747 8.813L7.133 0H0l9.352 13.328L0 23.973h2.113l8.176-9.309 6.531 9.309h7.133zm-2.895 3.293l-.949-1.328L2.875 1.56h3.246l6.086 8.523.945 1.328 7.91 11.078h-3.246zm0 0\"\/><\/svg><\/span><\/a><\/li><li class=\"shariff-button xing shariff-nocustomcolor\" style=\"background-color:#29888a\"><a href=\"https:\/\/www.xing.com\/spi\/shares\/new?url=https%3A%2F%2Fwww.weiterbildungsmarkt.net%2Fmagazin%2Ffuehrungspremiere-worueber-junge-chefs-haeufig-stolpern%2F\" title=\"Bei XING teilen\" aria-label=\"Bei XING teilen\" role=\"button\" rel=\"noopener nofollow\" class=\"shariff-link\" style=\"; background-color:#126567; color:#fff\" target=\"_blank\"><span class=\"shariff-icon\" style=\"\"><svg width=\"32px\" height=\"20px\" xmlns=\"http:\/\/www.w3.org\/2000\/svg\" viewBox=\"0 0 25 32\"><path fill=\"#126567\" d=\"M10.7 11.9q-0.2 0.3-4.6 8.2-0.5 0.8-1.2 0.8h-4.3q-0.4 0-0.5-0.3t0-0.6l4.5-8q0 0 0 0l-2.9-5q-0.2-0.4 0-0.7 0.2-0.3 0.5-0.3h4.3q0.7 0 1.2 0.8zM25.1 0.4q0.2 0.3 0 0.7l-9.4 16.7 6 11q0.2 0.4 0 0.6-0.2 0.3-0.6 0.3h-4.3q-0.7 0-1.2-0.8l-6-11.1q0.3-0.6 9.5-16.8 0.4-0.8 1.2-0.8h4.3q0.4 0 0.5 0.3z\"\/><\/svg><\/span><\/a><\/li><li class=\"shariff-button linkedin shariff-nocustomcolor\" style=\"background-color:#1488bf\"><a href=\"https:\/\/www.linkedin.com\/sharing\/share-offsite\/?url=https%3A%2F%2Fwww.weiterbildungsmarkt.net%2Fmagazin%2Ffuehrungspremiere-worueber-junge-chefs-haeufig-stolpern%2F\" title=\"Bei LinkedIn teilen\" aria-label=\"Bei LinkedIn teilen\" role=\"button\" rel=\"noopener nofollow\" class=\"shariff-link\" style=\"; background-color:#0077b5; color:#fff\" target=\"_blank\"><span class=\"shariff-icon\" style=\"\"><svg width=\"32px\" height=\"20px\" xmlns=\"http:\/\/www.w3.org\/2000\/svg\" viewBox=\"0 0 27 32\"><path fill=\"#0077b5\" d=\"M6.2 11.2v17.7h-5.9v-17.7h5.9zM6.6 5.7q0 1.3-0.9 2.2t-2.4 0.9h0q-1.5 0-2.4-0.9t-0.9-2.2 0.9-2.2 2.4-0.9 2.4 0.9 0.9 2.2zM27.4 18.7v10.1h-5.9v-9.5q0-1.9-0.7-2.9t-2.3-1.1q-1.1 0-1.9 0.6t-1.2 1.5q-0.2 0.5-0.2 1.4v9.9h-5.9q0-7.1 0-11.6t0-5.3l0-0.9h5.9v2.6h0q0.4-0.6 0.7-1t1-0.9 1.6-0.8 2-0.3q3 0 4.9 2t1.9 6z\"\/><\/svg><\/span><\/a><\/li><li class=\"shariff-button whatsapp shariff-nocustomcolor\" style=\"background-color:#5cbe4a\"><a href=\"https:\/\/api.whatsapp.com\/send?text=https%3A%2F%2Fwww.weiterbildungsmarkt.net%2Fmagazin%2Ffuehrungspremiere-worueber-junge-chefs-haeufig-stolpern%2F%20F%C3%BChrungspremiere%3A%20Wor%C3%BCber%20junge%20Chefs%20h%C3%A4ufig%20stolpern\" title=\"Bei Whatsapp teilen\" aria-label=\"Bei Whatsapp teilen\" role=\"button\" rel=\"noopener nofollow\" class=\"shariff-link\" style=\"; background-color:#34af23; color:#fff\" target=\"_blank\"><span class=\"shariff-icon\" style=\"\"><svg width=\"32px\" height=\"20px\" xmlns=\"http:\/\/www.w3.org\/2000\/svg\" viewBox=\"0 0 32 32\"><path fill=\"#34af23\" d=\"M17.6 17.4q0.2 0 1.7 0.8t1.6 0.9q0 0.1 0 0.3 0 0.6-0.3 1.4-0.3 0.7-1.3 1.2t-1.8 0.5q-1 0-3.4-1.1-1.7-0.8-3-2.1t-2.6-3.3q-1.3-1.9-1.3-3.5v-0.1q0.1-1.6 1.3-2.8 0.4-0.4 0.9-0.4 0.1 0 0.3 0t0.3 0q0.3 0 0.5 0.1t0.3 0.5q0.1 0.4 0.6 1.6t0.4 1.3q0 0.4-0.6 1t-0.6 0.8q0 0.1 0.1 0.3 0.6 1.3 1.8 2.4 1 0.9 2.7 1.8 0.2 0.1 0.4 0.1 0.3 0 1-0.9t0.9-0.9zM14 26.9q2.3 0 4.3-0.9t3.6-2.4 2.4-3.6 0.9-4.3-0.9-4.3-2.4-3.6-3.6-2.4-4.3-0.9-4.3 0.9-3.6 2.4-2.4 3.6-0.9 4.3q0 3.6 2.1 6.6l-1.4 4.2 4.3-1.4q2.8 1.9 6.2 1.9zM14 2.2q2.7 0 5.2 1.1t4.3 2.9 2.9 4.3 1.1 5.2-1.1 5.2-2.9 4.3-4.3 2.9-5.2 1.1q-3.5 0-6.5-1.7l-7.4 2.4 2.4-7.2q-1.9-3.2-1.9-6.9 0-2.7 1.1-5.2t2.9-4.3 4.3-2.9 5.2-1.1z\"\/><\/svg><\/span><\/a><\/li><li class=\"shariff-button pinterest shariff-nocustomcolor\" style=\"background-color:#e70f18\"><a href=\"https:\/\/www.pinterest.com\/pin\/create\/link\/?url=https%3A%2F%2Fwww.weiterbildungsmarkt.net%2Fmagazin%2Ffuehrungspremiere-worueber-junge-chefs-haeufig-stolpern%2F&media=https%3A%2F%2Fwww.weiterbildungsmarkt.net%2Fmagazin%2Fwp-content%2Fuploads%2F2024%2F11%2Fcolored-pencils-2024-09-23-04-02-30-utc-scaled.jpg&description=F%C3%BChrungspremiere%3A%20Wor%C3%BCber%20junge%20Chefs%20h%C3%A4ufig%20stolpern\" title=\"Bei Pinterest pinnen\" aria-label=\"Bei Pinterest pinnen\" role=\"button\" rel=\"noopener nofollow\" class=\"shariff-link\" style=\"; background-color:#cb2027; color:#fff\" target=\"_blank\"><span class=\"shariff-icon\" style=\"\"><svg width=\"32px\" height=\"20px\" xmlns=\"http:\/\/www.w3.org\/2000\/svg\" viewBox=\"0 0 27 32\"><path fill=\"#cb2027\" d=\"M27.4 16q0 3.7-1.8 6.9t-5 5-6.9 1.9q-2 0-3.9-0.6 1.1-1.7 1.4-2.9 0.2-0.6 1-3.8 0.4 0.7 1.3 1.2t2 0.5q2.1 0 3.8-1.2t2.7-3.4 0.9-4.8q0-2-1.1-3.8t-3.1-2.9-4.5-1.2q-1.9 0-3.5 0.5t-2.8 1.4-2 2-1.2 2.3-0.4 2.4q0 1.9 0.7 3.3t2.1 2q0.5 0.2 0.7-0.4 0-0.1 0.1-0.5t0.2-0.5q0.1-0.4-0.2-0.8-0.9-1.1-0.9-2.7 0-2.7 1.9-4.6t4.9-2q2.7 0 4.2 1.5t1.5 3.8q0 3-1.2 5.2t-3.1 2.1q-1.1 0-1.7-0.8t-0.4-1.9q0.1-0.6 0.5-1.7t0.5-1.8 0.2-1.4q0-0.9-0.5-1.5t-1.4-0.6q-1.1 0-1.9 1t-0.8 2.6q0 1.3 0.4 2.2l-1.8 7.5q-0.3 1.2-0.2 3.2-3.7-1.6-6-5t-2.3-7.6q0-3.7 1.9-6.9t5-5 6.9-1.9 6.9 1.9 5 5 1.8 6.9z\"\/><\/svg><\/span><\/a><\/li><\/ul><\/div>","protected":false},"excerpt":{"rendered":"<p>Wer als junge F\u00fchrungskraft erfolgreich starten m\u00f6chte, braucht mehr als fachliche und soziale Fertigkeiten. Denn F\u00fchrung beginnt vor allem im Kopf: Entscheidend ist vor allem die mentale Einstellung \u2013 und somit auch die Haltung zum Job. Doch welche Fallen lauern hier? Und wie kann man sie vermeiden? Wir haben die wichtigsten Stolpersteine und Tipps zusammengefasst. [&hellip;]<\/p>\n","protected":false},"author":3,"featured_media":9749,"comment_status":"open","ping_status":"closed","sticky":false,"template":"","format":"standard","meta":{"_acf_changed":false,"footnotes":""},"categories":[33,32,31],"tags":[154,153,78],"class_list":["post-5870","post","type-post","status-publish","format-standard","has-post-thumbnail","hentry","category-leadership","category-fuehrungskraefteentwicklung","category-fuehrungskraeftetraining","tag-fuehrungskraefteentwicklung","tag-fuehrungskraeftetraining","tag-leadership-2"],"acf":[],"_links":{"self":[{"href":"https:\/\/www.weiterbildungsmarkt.net\/magazin\/wp-json\/wp\/v2\/posts\/5870","targetHints":{"allow":["GET"]}}],"collection":[{"href":"https:\/\/www.weiterbildungsmarkt.net\/magazin\/wp-json\/wp\/v2\/posts"}],"about":[{"href":"https:\/\/www.weiterbildungsmarkt.net\/magazin\/wp-json\/wp\/v2\/types\/post"}],"author":[{"embeddable":true,"href":"https:\/\/www.weiterbildungsmarkt.net\/magazin\/wp-json\/wp\/v2\/users\/3"}],"replies":[{"embeddable":true,"href":"https:\/\/www.weiterbildungsmarkt.net\/magazin\/wp-json\/wp\/v2\/comments?post=5870"}],"version-history":[{"count":3,"href":"https:\/\/www.weiterbildungsmarkt.net\/magazin\/wp-json\/wp\/v2\/posts\/5870\/revisions"}],"predecessor-version":[{"id":5872,"href":"https:\/\/www.weiterbildungsmarkt.net\/magazin\/wp-json\/wp\/v2\/posts\/5870\/revisions\/5872"}],"wp:featuredmedia":[{"embeddable":true,"href":"https:\/\/www.weiterbildungsmarkt.net\/magazin\/wp-json\/wp\/v2\/media\/9749"}],"wp:attachment":[{"href":"https:\/\/www.weiterbildungsmarkt.net\/magazin\/wp-json\/wp\/v2\/media?parent=5870"}],"wp:term":[{"taxonomy":"category","embeddable":true,"href":"https:\/\/www.weiterbildungsmarkt.net\/magazin\/wp-json\/wp\/v2\/categories?post=5870"},{"taxonomy":"post_tag","embeddable":true,"href":"https:\/\/www.weiterbildungsmarkt.net\/magazin\/wp-json\/wp\/v2\/tags?post=5870"}],"curies":[{"name":"wp","href":"https:\/\/api.w.org\/{rel}","templated":true}]}}