{"id":607,"date":"2013-05-08T21:48:23","date_gmt":"2013-05-08T19:48:23","guid":{"rendered":"http:\/\/www.weiterbildungsmarkt.net\/magazin\/?p=607"},"modified":"2016-06-03T15:57:14","modified_gmt":"2016-06-03T13:57:14","slug":"qualitaet-und-kompetenzen-von-trainern","status":"publish","type":"post","link":"https:\/\/www.weiterbildungsmarkt.net\/magazin\/qualitaet-und-kompetenzen-von-trainern\/","title":{"rendered":"Qualit\u00e4t und Kompetenzen von Trainern"},"content":{"rendered":"<h2 style=\"text-align: justify;\">Die Nachfrage in Unternehmen steigt<\/h2>\n<p style=\"text-align: justify;\"><strong>Das Thema \u201eTrainieren und Kompetenzen entwickeln\u201c behandelt der diesj\u00e4hrige Trainerkongress des WIFI Wien. Nach dem erfolgreichen Kick-off im vergangenen Jahr geht der Trainerkongress nun in die zweite Runde. Am 6. und 7. Juni 2013 werden rund 150 Trainerinnen und Trainer, Coaches und Personalverantwortliche im WIFI Wien am wko campus wien zum Branchentreff erwartet.\u00a0<\/strong><\/p>\n<p style=\"text-align: justify;\">Projektleiterin Mag. Susanne Riegler zum diesj\u00e4hrigen Motto \u201eTrainieren und Kompetenzen entwickeln\u201c: \u201eUnternehmen und Schulungsteilnehmer setzen immer h\u00f6here Ma\u00dfst\u00e4be bei der Trainingsqualit\u00e4t an. Daher legen wir den Fokus heuer darauf, dass Trainer ihre eigenen Trainingsmethoden optimieren und st\u00e4rker in Richtung Kompetenzentwicklung gehen\u201c. Studien belegen, dass Unternehmen die Entwicklung der Trainerkompetenz ein wichtiges Anliegen ist. Darauf basierend und auf den Bed\u00fcrfnissen der Trainer, setzt der Trainerkongress des WIFI Wien sein innovatives und reichhaltiges Programm auf.<\/p>\n<h3 style=\"text-align: justify;\">Kompetenzentwicklung: Ziel der k\u00fcnftigen Erwachsenenbildung<\/h3>\n<p style=\"text-align: justify;\">\u201eDie Arbeitswelt hat sich in den letzten Jahren ver\u00e4ndert. Qualifikationserwerb war gestern, Kompetenzentwicklung ist der Bildungsauftrag von morgen\u201c, wei\u00df Riegler. So \u00e4ndern sich auch die Rahmenbedingungen und Anspr\u00fcche gegen\u00fcber Weiterbildungsinstituten und Trainern. Trainer sind mehr denn je gefragt Trainings so zu gestalten, dass jeder die passende Methode f\u00fcr einen individuellen Lernerfolg vorfindet. \u201eDie St\u00e4rkung der Selbstlernkompetenz und kompetenz-orientiertes Lernen sind f\u00fcr Beruf und Karriere die Themen der Zukunft\u201c, meint Riegler. Auch die Keynote von Univ.-Prof. Dr. Gerhard Niedermair sowie ein anschlie\u00dfender Round Table besch\u00e4ftigen sich mit dem Thema \u201eTr\u00e4ges Wissen und nachhaltige Kompetenz\u201c.<\/p>\n<h3 style=\"text-align: justify;\">Qualit\u00e4t und Trainingskompetenz ist Unternehmen wichtig<\/h3>\n<p style=\"text-align: justify;\">Trainerkompetenz und Praxistransfer werden Unternehmern bei der Fortbildung ihrer Mitarbeiter immer wichtiger. Das zeigen auch die aktuellsten Zahlen \u00fcber \u201eBetriebliche Weiterbildung\u201c der Statistik Austria (Quelle: Statistik Austria: Betriebliche Weiterbildung 2010). 35% der weiterbildungsaktiven Unternehmen \u00d6sterreichs greifen ausschlie\u00dflich auf externe Weiterbildungsanbieter zur\u00fcck. Fast die H\u00e4lfte schenkt ihr Vertrauen eher zertifizierten Anbietern. Als wichtige Faktoren f\u00fcr die betrieblichen Weiterbildungsangebote sehen die Unternehmen auch die Erf\u00fcllung offizieller Standards und Qualifikationsrahmen (24,8%) sowie die Weiterbildung ihrer internen Trainer\/-innen (17,7%). Mag. Andrea Jindra, Gesch\u00e4ftsf\u00fchrerin des Such- und Informationsportals \u201eWeiterbildungsmarkt.at\u201c und Vortragende beim Trainerkongress dazu: \u201eDas neue Qualit\u00e4tsverst\u00e4ndnis in den Weiterbildungsorganisationen f\u00fchrt auf jeden Fall zu h\u00f6heren Anforderungen an die Qualifikationen und Kompetenzen von Trainern\/-innen. Durch den allgemeinen Trend zu flexibleren Lernformen, sind auch weit mehr pers\u00f6nliche und methodische Kompetenzen n\u00f6tig, als im &#8222;klassischen&#8220; Fachtraining.\u201c Ein laufendes Wissens-Update sei auch f\u00fcr Trainer wichtig um wettbewerbsf\u00e4hig zu bleiben und Kundenbed\u00fcrfnisse zu befriedigen.<\/p>\n<h3 style=\"text-align: justify;\">Mehr Input f\u00fcr HR-Experten<\/h3>\n<p style=\"text-align: justify;\">Speziell f\u00fcr Personalisten wurde das Programm des diesj\u00e4hrigen Trainerkongresses ausgeweitet. \u201eEin wichtiger Bestandteil sind Best-Practice-Modelle und Praxisworkshops, bei denen vor allem Personalentscheider mit Wissen rund um die Weiterbildung ihrer Mitarbeiter\/-innen versorgt werden\u201c, so Gabriela Grassl, MAS \u2013 Projektmanagerin am WIFI Wien. Dazu z\u00e4hlt etwa der Workshop der Leadership- und Personalexpertin Mag. Sonja Schloemmer \u201eArbeit mit Kompetenzprofilen\u201c. Kommunikationstrainer und Managementberater Ronny Hollenstein liefert Antworten auf die Frage wie Transfererfolg in Unternehmen erreicht wird.<\/p>\n<h3 style=\"text-align: justify;\">Themenvielfalt und lebendige Formate<\/h3>\n<p style=\"text-align: justify;\">Das vielf\u00e4ltige Programm bietet spannende neue Impulse, Keynotes und Vortr\u00e4ge von Top-Referentinnen und Referenten sowie die M\u00f6glichkeit zum Erfahrungsaustausch und zahlreiche Praxisworkshops bei denen sich die Experten\/-innen mit Themen wie \u201eLernblockaden l\u00f6sen\u201c, \u201eVisualisierung von Trainingsinhalten\u201c oder dem \u201eganzheitlichem Lernmanagement\u201c auseinander setzen. \u201eMit \u00fcberraschenden Settings wollen wir Lernr\u00e4ume schaffen, in denen ein offener Austausch und der direkte Transfer neuer Impulse in die Praxis m\u00f6glich ist\u201c, so Grassl. Das lebendige Lernen wird durch Methoden wie \u201eLive-Webinar\u201c, ein \u201eMini-Barcamp\u201c, eine Fachausstellung und ein WIFI-Caf\u00e9 abgerundet.<\/p>\n<h3 style=\"text-align: justify;\">WIFI-Trainer-Award<\/h3>\n<p style=\"text-align: justify;\">Der WIFI-Trainer-Award 2013 findet heuer am Abend des 6. Juni, im Rahmen des Trainerkongresses im WIFI Wien, statt. Im feierlichen Rahmen werden die innovativsten Trainingskonzepte (aus insgesamt 85 Einreichungen) pr\u00e4miert. Eine externe Expertenjury w\u00e4hlte zuvor unter der Leitung von WIFI \u00d6sterreich-Institutsleiter Dr. Michael Landertshammer aus den 85 Einreichungen die vier Siegerprojekte aus.<\/p>\n<p style=\"text-align: justify;\">N\u00e4here Informationen<\/p>\n<div class=\"shariff shariff-align-left shariff-widget-align-left\"><ul class=\"shariff-buttons theme-round orientation-horizontal buttonsize-medium\"><li class=\"shariff-button facebook shariff-nocustomcolor\" style=\"background-color:#4273c8\"><a href=\"https:\/\/www.facebook.com\/sharer\/sharer.php?u=https%3A%2F%2Fwww.weiterbildungsmarkt.net%2Fmagazin%2Fqualitaet-und-kompetenzen-von-trainern%2F\" title=\"Bei Facebook teilen\" aria-label=\"Bei Facebook teilen\" role=\"button\" rel=\"nofollow\" class=\"shariff-link\" style=\"; background-color:#3b5998; color:#fff\" target=\"_blank\"><span class=\"shariff-icon\" style=\"\"><svg width=\"32px\" height=\"20px\" xmlns=\"http:\/\/www.w3.org\/2000\/svg\" viewBox=\"0 0 18 32\"><path fill=\"#3b5998\" d=\"M17.1 0.2v4.7h-2.8q-1.5 0-2.1 0.6t-0.5 1.9v3.4h5.2l-0.7 5.3h-4.5v13.6h-5.5v-13.6h-4.5v-5.3h4.5v-3.9q0-3.3 1.9-5.2t5-1.8q2.6 0 4.1 0.2z\"\/><\/svg><\/span><\/a><\/li><li class=\"shariff-button twitter shariff-nocustomcolor\" style=\"background-color:#595959\"><a href=\"https:\/\/twitter.com\/share?url=https%3A%2F%2Fwww.weiterbildungsmarkt.net%2Fmagazin%2Fqualitaet-und-kompetenzen-von-trainern%2F&text=Qualit%C3%A4t%20und%20Kompetenzen%20von%20Trainern\" title=\"Bei X teilen\" aria-label=\"Bei X teilen\" role=\"button\" rel=\"noopener nofollow\" class=\"shariff-link\" style=\"; background-color:#000; color:#fff\" target=\"_blank\"><span class=\"shariff-icon\" style=\"\"><svg width=\"32px\" height=\"20px\" xmlns=\"http:\/\/www.w3.org\/2000\/svg\" viewBox=\"0 0 24 24\"><path fill=\"#000\" d=\"M14.258 10.152L23.176 0h-2.113l-7.747 8.813L7.133 0H0l9.352 13.328L0 23.973h2.113l8.176-9.309 6.531 9.309h7.133zm-2.895 3.293l-.949-1.328L2.875 1.56h3.246l6.086 8.523.945 1.328 7.91 11.078h-3.246zm0 0\"\/><\/svg><\/span><\/a><\/li><li class=\"shariff-button xing shariff-nocustomcolor\" style=\"background-color:#29888a\"><a href=\"https:\/\/www.xing.com\/spi\/shares\/new?url=https%3A%2F%2Fwww.weiterbildungsmarkt.net%2Fmagazin%2Fqualitaet-und-kompetenzen-von-trainern%2F\" title=\"Bei XING teilen\" aria-label=\"Bei XING teilen\" role=\"button\" rel=\"noopener nofollow\" class=\"shariff-link\" style=\"; background-color:#126567; color:#fff\" target=\"_blank\"><span class=\"shariff-icon\" style=\"\"><svg width=\"32px\" height=\"20px\" xmlns=\"http:\/\/www.w3.org\/2000\/svg\" viewBox=\"0 0 25 32\"><path fill=\"#126567\" d=\"M10.7 11.9q-0.2 0.3-4.6 8.2-0.5 0.8-1.2 0.8h-4.3q-0.4 0-0.5-0.3t0-0.6l4.5-8q0 0 0 0l-2.9-5q-0.2-0.4 0-0.7 0.2-0.3 0.5-0.3h4.3q0.7 0 1.2 0.8zM25.1 0.4q0.2 0.3 0 0.7l-9.4 16.7 6 11q0.2 0.4 0 0.6-0.2 0.3-0.6 0.3h-4.3q-0.7 0-1.2-0.8l-6-11.1q0.3-0.6 9.5-16.8 0.4-0.8 1.2-0.8h4.3q0.4 0 0.5 0.3z\"\/><\/svg><\/span><\/a><\/li><li class=\"shariff-button linkedin shariff-nocustomcolor\" style=\"background-color:#1488bf\"><a href=\"https:\/\/www.linkedin.com\/sharing\/share-offsite\/?url=https%3A%2F%2Fwww.weiterbildungsmarkt.net%2Fmagazin%2Fqualitaet-und-kompetenzen-von-trainern%2F\" title=\"Bei LinkedIn teilen\" aria-label=\"Bei LinkedIn teilen\" role=\"button\" rel=\"noopener nofollow\" class=\"shariff-link\" style=\"; background-color:#0077b5; color:#fff\" target=\"_blank\"><span class=\"shariff-icon\" style=\"\"><svg width=\"32px\" height=\"20px\" xmlns=\"http:\/\/www.w3.org\/2000\/svg\" viewBox=\"0 0 27 32\"><path fill=\"#0077b5\" d=\"M6.2 11.2v17.7h-5.9v-17.7h5.9zM6.6 5.7q0 1.3-0.9 2.2t-2.4 0.9h0q-1.5 0-2.4-0.9t-0.9-2.2 0.9-2.2 2.4-0.9 2.4 0.9 0.9 2.2zM27.4 18.7v10.1h-5.9v-9.5q0-1.9-0.7-2.9t-2.3-1.1q-1.1 0-1.9 0.6t-1.2 1.5q-0.2 0.5-0.2 1.4v9.9h-5.9q0-7.1 0-11.6t0-5.3l0-0.9h5.9v2.6h0q0.4-0.6 0.7-1t1-0.9 1.6-0.8 2-0.3q3 0 4.9 2t1.9 6z\"\/><\/svg><\/span><\/a><\/li><li class=\"shariff-button whatsapp shariff-nocustomcolor\" style=\"background-color:#5cbe4a\"><a href=\"https:\/\/api.whatsapp.com\/send?text=https%3A%2F%2Fwww.weiterbildungsmarkt.net%2Fmagazin%2Fqualitaet-und-kompetenzen-von-trainern%2F%20Qualit%C3%A4t%20und%20Kompetenzen%20von%20Trainern\" title=\"Bei Whatsapp teilen\" aria-label=\"Bei Whatsapp teilen\" role=\"button\" rel=\"noopener nofollow\" class=\"shariff-link\" style=\"; background-color:#34af23; color:#fff\" target=\"_blank\"><span class=\"shariff-icon\" style=\"\"><svg width=\"32px\" height=\"20px\" xmlns=\"http:\/\/www.w3.org\/2000\/svg\" viewBox=\"0 0 32 32\"><path fill=\"#34af23\" d=\"M17.6 17.4q0.2 0 1.7 0.8t1.6 0.9q0 0.1 0 0.3 0 0.6-0.3 1.4-0.3 0.7-1.3 1.2t-1.8 0.5q-1 0-3.4-1.1-1.7-0.8-3-2.1t-2.6-3.3q-1.3-1.9-1.3-3.5v-0.1q0.1-1.6 1.3-2.8 0.4-0.4 0.9-0.4 0.1 0 0.3 0t0.3 0q0.3 0 0.5 0.1t0.3 0.5q0.1 0.4 0.6 1.6t0.4 1.3q0 0.4-0.6 1t-0.6 0.8q0 0.1 0.1 0.3 0.6 1.3 1.8 2.4 1 0.9 2.7 1.8 0.2 0.1 0.4 0.1 0.3 0 1-0.9t0.9-0.9zM14 26.9q2.3 0 4.3-0.9t3.6-2.4 2.4-3.6 0.9-4.3-0.9-4.3-2.4-3.6-3.6-2.4-4.3-0.9-4.3 0.9-3.6 2.4-2.4 3.6-0.9 4.3q0 3.6 2.1 6.6l-1.4 4.2 4.3-1.4q2.8 1.9 6.2 1.9zM14 2.2q2.7 0 5.2 1.1t4.3 2.9 2.9 4.3 1.1 5.2-1.1 5.2-2.9 4.3-4.3 2.9-5.2 1.1q-3.5 0-6.5-1.7l-7.4 2.4 2.4-7.2q-1.9-3.2-1.9-6.9 0-2.7 1.1-5.2t2.9-4.3 4.3-2.9 5.2-1.1z\"\/><\/svg><\/span><\/a><\/li><li class=\"shariff-button pinterest shariff-nocustomcolor\" style=\"background-color:#e70f18\"><a href=\"https:\/\/www.pinterest.com\/pin\/create\/link\/?url=https%3A%2F%2Fwww.weiterbildungsmarkt.net%2Fmagazin%2Fqualitaet-und-kompetenzen-von-trainern%2F&media=https%3A%2F%2Fwww.weiterbildungsmarkt.net%2Fmagazin%2Fwp-content%2Fuploads%2F2024%2F11%2Fcolored-pencils-2024-09-23-04-02-30-utc-scaled.jpg&description=Qualit%C3%A4t%20und%20Kompetenzen%20von%20Trainern\" title=\"Bei Pinterest pinnen\" aria-label=\"Bei Pinterest pinnen\" role=\"button\" rel=\"noopener nofollow\" class=\"shariff-link\" style=\"; background-color:#cb2027; color:#fff\" target=\"_blank\"><span class=\"shariff-icon\" style=\"\"><svg width=\"32px\" height=\"20px\" xmlns=\"http:\/\/www.w3.org\/2000\/svg\" viewBox=\"0 0 27 32\"><path fill=\"#cb2027\" d=\"M27.4 16q0 3.7-1.8 6.9t-5 5-6.9 1.9q-2 0-3.9-0.6 1.1-1.7 1.4-2.9 0.2-0.6 1-3.8 0.4 0.7 1.3 1.2t2 0.5q2.1 0 3.8-1.2t2.7-3.4 0.9-4.8q0-2-1.1-3.8t-3.1-2.9-4.5-1.2q-1.9 0-3.5 0.5t-2.8 1.4-2 2-1.2 2.3-0.4 2.4q0 1.9 0.7 3.3t2.1 2q0.5 0.2 0.7-0.4 0-0.1 0.1-0.5t0.2-0.5q0.1-0.4-0.2-0.8-0.9-1.1-0.9-2.7 0-2.7 1.9-4.6t4.9-2q2.7 0 4.2 1.5t1.5 3.8q0 3-1.2 5.2t-3.1 2.1q-1.1 0-1.7-0.8t-0.4-1.9q0.1-0.6 0.5-1.7t0.5-1.8 0.2-1.4q0-0.9-0.5-1.5t-1.4-0.6q-1.1 0-1.9 1t-0.8 2.6q0 1.3 0.4 2.2l-1.8 7.5q-0.3 1.2-0.2 3.2-3.7-1.6-6-5t-2.3-7.6q0-3.7 1.9-6.9t5-5 6.9-1.9 6.9 1.9 5 5 1.8 6.9z\"\/><\/svg><\/span><\/a><\/li><\/ul><\/div>","protected":false},"excerpt":{"rendered":"<p>Die Nachfrage in Unternehmen steigt Das Thema \u201eTrainieren und Kompetenzen entwickeln\u201c behandelt der diesj\u00e4hrige Trainerkongress des WIFI Wien. Nach dem erfolgreichen Kick-off im vergangenen Jahr geht der Trainerkongress nun in die zweite Runde. Am 6. und 7. Juni 2013 werden rund 150 Trainerinnen und Trainer, Coaches und Personalverantwortliche im WIFI Wien am wko campus wien [&hellip;]<\/p>\n","protected":false},"author":3,"featured_media":9749,"comment_status":"open","ping_status":"closed","sticky":false,"template":"","format":"standard","meta":{"_acf_changed":false,"footnotes":""},"categories":[50,7,21,12],"tags":[151,132,144,135],"class_list":["post-607","post","type-post","status-publish","format-standard","has-post-thumbnail","hentry","category-human-resource-management","category-personalentwicklung","category-train-the-trainer","category-training","tag-kompetenz","tag-personalentwicklung","tag-train-the-trainer","tag-training"],"acf":[],"_links":{"self":[{"href":"https:\/\/www.weiterbildungsmarkt.net\/magazin\/wp-json\/wp\/v2\/posts\/607","targetHints":{"allow":["GET"]}}],"collection":[{"href":"https:\/\/www.weiterbildungsmarkt.net\/magazin\/wp-json\/wp\/v2\/posts"}],"about":[{"href":"https:\/\/www.weiterbildungsmarkt.net\/magazin\/wp-json\/wp\/v2\/types\/post"}],"author":[{"embeddable":true,"href":"https:\/\/www.weiterbildungsmarkt.net\/magazin\/wp-json\/wp\/v2\/users\/3"}],"replies":[{"embeddable":true,"href":"https:\/\/www.weiterbildungsmarkt.net\/magazin\/wp-json\/wp\/v2\/comments?post=607"}],"version-history":[{"count":3,"href":"https:\/\/www.weiterbildungsmarkt.net\/magazin\/wp-json\/wp\/v2\/posts\/607\/revisions"}],"predecessor-version":[{"id":2988,"href":"https:\/\/www.weiterbildungsmarkt.net\/magazin\/wp-json\/wp\/v2\/posts\/607\/revisions\/2988"}],"wp:featuredmedia":[{"embeddable":true,"href":"https:\/\/www.weiterbildungsmarkt.net\/magazin\/wp-json\/wp\/v2\/media\/9749"}],"wp:attachment":[{"href":"https:\/\/www.weiterbildungsmarkt.net\/magazin\/wp-json\/wp\/v2\/media?parent=607"}],"wp:term":[{"taxonomy":"category","embeddable":true,"href":"https:\/\/www.weiterbildungsmarkt.net\/magazin\/wp-json\/wp\/v2\/categories?post=607"},{"taxonomy":"post_tag","embeddable":true,"href":"https:\/\/www.weiterbildungsmarkt.net\/magazin\/wp-json\/wp\/v2\/tags?post=607"}],"curies":[{"name":"wp","href":"https:\/\/api.w.org\/{rel}","templated":true}]}}