{"id":6225,"date":"2019-07-31T10:06:14","date_gmt":"2019-07-31T08:06:14","guid":{"rendered":"https:\/\/www.weiterbildungsmarkt.net\/magazin\/?p=6225"},"modified":"2019-04-26T13:15:52","modified_gmt":"2019-04-26T11:15:52","slug":"der-dritte-mann-der-keine-frau-war-sprache-zwischen-natuerlichem-und-grammatischem-geschlecht","status":"publish","type":"post","link":"https:\/\/www.weiterbildungsmarkt.net\/magazin\/der-dritte-mann-der-keine-frau-war-sprache-zwischen-natuerlichem-und-grammatischem-geschlecht\/","title":{"rendered":"Der dritte Mann, der (k)eine Frau war &#8211; Sprache zwischen nat\u00fcrlichem und grammatischem Geschlecht"},"content":{"rendered":"<p style=\"text-align: justify;\"><strong>Vor ein paar Tagen entdeckte ich eine Stellenanzeige. Ein Hotel suchte einen <\/strong><strong>\u201e<\/strong><strong>Verwaltungsassistent (m\/w\/d)<\/strong><strong>\u201c<\/strong><strong>. Im B\u00fcro stellten wir uns die Frage: Was ist <\/strong><strong>\u201e<\/strong><strong>d<\/strong><strong>\u201c<\/strong><strong>? Ein Schreibfehler oder sucht man in der Schweizer Hotellerie explizit Menschen, die auch Deutsch k\u00f6nnen? Wir haben uns erkundigt. Es ist tats\u00e4chlich <\/strong><strong>\u201e<\/strong><strong>das dritte Geschlecht<\/strong><strong>\u201c<\/strong><strong> oder eben keines. Wer sich weder als m\u00e4nnlich noch als weiblich f\u00fchlt, ist <\/strong><strong>\u201e<\/strong><strong>divers<\/strong><strong>\u201c<\/strong><strong>. <\/strong><\/p>\n<p style=\"text-align: justify;\">Soweit so gut. Es liegt nicht in meiner Kompetenz, das in Frage zu stellen. Auch eine politische Diskussion soll hier nicht vom sprachlichen oder gar sexuellen Zaun gebrochen werden. Aber was geschieht in der Gender-Diskussion wirklich? Die Sensibilit\u00e4t f\u00fcr eine gendergerechte Sprache, die m\u00f6glichst alle miteinschlie\u00dft, tut uns gut. Dieser Diskussion schlie\u00dfe ich mich gerne an. Und wenn Sprache aufzeigt, was man denkt, kann es helfen, sich bewusst zu werden, dass mit \u201eChef\u201c halt auch \u201eChefin\u201c gemeint ist und diese weibliche Wortvariante verwendet und somit auch explizit gef\u00f6rdert werden sollte.<\/p>\n<h2 style=\"text-align: justify;\">Das Chef?<\/h2>\n<p style=\"text-align: justify;\">Wenn nun aber neben \u201eder Chef\u201c, \u201edie Chefin\u201c auch noch \u201edas Chef\u201c dazu kommt, meldet sich mein Sprachgef\u00fchl und Sprachgewissen doch zu Wort. Denn was dabei untergeht: Es gibt ein grammatisches Geschlecht (Genus) und ein nat\u00fcrliches Geschlecht (Sexus). Als Genus wird das grammatische Geschlecht eines Nomens bezeichnet. Das kann m\u00e4nnlich, weiblich oder s\u00e4chlich sein. Sexus ist das Geschlecht von Lebewesen. Nur logisch ist, dass das Geschlecht des Wortes nicht immer \u2013 und schon gar nicht zwingend \u2013 mit dem Geschlecht des Lebewesens \u00fcbereinstimmen muss. Kann wohl auch nicht. Denn mit \u201eder S\u00e4ugling\u201c ist tats\u00e4chlich auch ein M\u00e4dchen gemeint. Umgekehrt ist \u201edie Geisel\u201c nicht nur weiblich, da k\u00f6nnen auch M\u00e4nner festgehalten werden. Das Neutrum \u201eKind\u201c schlie\u00dft ja dann auch beide ein. \u201eDer S\u00e4ugling war die Geisel \u2013 das Kind litt darunter\u201c w\u00e4re also eine Aussage, in der f\u00fcr ein und dieselbe Person gleich alle Genera verwendet werden.<\/p>\n<h2 style=\"text-align: justify;\">Ad absurdum!<\/h2>\n<p style=\"text-align: justify;\">Wenn Neutrum \u201eDinge\u201c beschreiben soll, ist das Durcheinander komplett, wie wir beim genauen Hinschauen feststellen. Es ist wohl das Auto, aber der Opel, die Jahreszeit aber der Winter, die Niederschlagsmenge aber der Regen. Der bekannte deutsche Dichter Reiner Kunze meinte vor kurzem, dass S\u00e4tze wie &#8222;Frauen sind eben doch die besseren Zuh\u00f6rer&#8220; \u00fcberhaupt nicht mehr formuliert werden k\u00f6nnten, da die gendersprachlich korrekten Versionen &#8222;Frauen sind eben doch die besseren Zuh\u00f6rerinnen&#8220; oder &#8222;Frauen sind eben doch die besseren Zuh\u00f6rerinnen und Zuh\u00f6rer&#8220; ad absurdum gef\u00fchrt werden k\u00f6nnten.<\/p>\n<h2 style=\"text-align: justify;\">Wurzeln des Genus und Sexus respektieren<\/h2>\n<p style=\"text-align: justify;\">Und so sei es: Sensibilit\u00e4t tut gut und durch die eine oder andere bessere Formulierung gewinnt nicht nur die Gesellschaft, sondern auch die Sprache. Der Ausbildungsabschluss \u201eweiblicher Koch\u201c geh\u00f6rt wirklich nicht mehr ins 21. Jahrhundert. Gleichwohl sollten auch die unterschiedlichen Wurzeln von Sprach- und Menschen-Geschlecht respektiert werden, auch wenn sie zuf\u00e4lligerweise halt beide mit Neutrum \u201edas Geschlecht\u201c bezeichnet werden. In diesem Sinne w\u00fcnsche ich uns allen einen sch\u00f6nen Tag (m), ein wunderbares Wochenende (n\/d) oder eine erholsame Mittagzeit (w).<\/p>\n<h3 style=\"text-align: justify;\">\u00dcber den Autor:<\/h3>\n<p style=\"text-align: justify;\"><strong><img loading=\"lazy\" decoding=\"async\" class=\"alignleft size-thumbnail wp-image-5954\" src=\"https:\/\/www.weiterbildungsmarkt.net\/magazin\/wp-content\/uploads\/2019\/01\/Stefan-H\u00e4seli_Portrait-Anzug-4c-120x120.jpg\" alt=\"Stefan H\u00e4seli\" width=\"120\" height=\"120\" \/>Stefan H\u00e4seli<\/strong> regt als internationaler Speaker dazu an, wirkungsvolle Kommunikation im Alltag mit Spa\u00df zu erleben. Der 5-Sterne-Redner ist Autor zahlreicher B\u00fccher und Kolumnen. Als Business-Comedian pr\u00e4sentiert er Absurdit\u00e4ten aus den Management-Etagen mit feinsinnigem Humor.<\/p>\n<div class=\"shariff shariff-align-left shariff-widget-align-left\"><ul class=\"shariff-buttons theme-round orientation-horizontal buttonsize-medium\"><li class=\"shariff-button facebook shariff-nocustomcolor\" style=\"background-color:#4273c8\"><a href=\"https:\/\/www.facebook.com\/sharer\/sharer.php?u=https%3A%2F%2Fwww.weiterbildungsmarkt.net%2Fmagazin%2Fder-dritte-mann-der-keine-frau-war-sprache-zwischen-natuerlichem-und-grammatischem-geschlecht%2F\" title=\"Bei Facebook teilen\" aria-label=\"Bei Facebook teilen\" role=\"button\" rel=\"nofollow\" class=\"shariff-link\" style=\"; background-color:#3b5998; color:#fff\" target=\"_blank\"><span class=\"shariff-icon\" style=\"\"><svg width=\"32px\" height=\"20px\" xmlns=\"http:\/\/www.w3.org\/2000\/svg\" viewBox=\"0 0 18 32\"><path fill=\"#3b5998\" d=\"M17.1 0.2v4.7h-2.8q-1.5 0-2.1 0.6t-0.5 1.9v3.4h5.2l-0.7 5.3h-4.5v13.6h-5.5v-13.6h-4.5v-5.3h4.5v-3.9q0-3.3 1.9-5.2t5-1.8q2.6 0 4.1 0.2z\"\/><\/svg><\/span><\/a><\/li><li class=\"shariff-button twitter shariff-nocustomcolor\" style=\"background-color:#595959\"><a href=\"https:\/\/twitter.com\/share?url=https%3A%2F%2Fwww.weiterbildungsmarkt.net%2Fmagazin%2Fder-dritte-mann-der-keine-frau-war-sprache-zwischen-natuerlichem-und-grammatischem-geschlecht%2F&text=Der%20dritte%20Mann%2C%20der%20%28k%29eine%20Frau%20war%20%E2%80%93%20Sprache%20zwischen%20nat%C3%BCrlichem%20und%20grammatischem%20Geschlecht\" title=\"Bei X teilen\" aria-label=\"Bei X teilen\" role=\"button\" rel=\"noopener nofollow\" class=\"shariff-link\" style=\"; background-color:#000; color:#fff\" target=\"_blank\"><span class=\"shariff-icon\" style=\"\"><svg width=\"32px\" height=\"20px\" xmlns=\"http:\/\/www.w3.org\/2000\/svg\" viewBox=\"0 0 24 24\"><path fill=\"#000\" d=\"M14.258 10.152L23.176 0h-2.113l-7.747 8.813L7.133 0H0l9.352 13.328L0 23.973h2.113l8.176-9.309 6.531 9.309h7.133zm-2.895 3.293l-.949-1.328L2.875 1.56h3.246l6.086 8.523.945 1.328 7.91 11.078h-3.246zm0 0\"\/><\/svg><\/span><\/a><\/li><li class=\"shariff-button xing shariff-nocustomcolor\" style=\"background-color:#29888a\"><a href=\"https:\/\/www.xing.com\/spi\/shares\/new?url=https%3A%2F%2Fwww.weiterbildungsmarkt.net%2Fmagazin%2Fder-dritte-mann-der-keine-frau-war-sprache-zwischen-natuerlichem-und-grammatischem-geschlecht%2F\" title=\"Bei XING teilen\" aria-label=\"Bei XING teilen\" role=\"button\" rel=\"noopener nofollow\" class=\"shariff-link\" style=\"; background-color:#126567; color:#fff\" target=\"_blank\"><span class=\"shariff-icon\" style=\"\"><svg width=\"32px\" height=\"20px\" xmlns=\"http:\/\/www.w3.org\/2000\/svg\" viewBox=\"0 0 25 32\"><path fill=\"#126567\" d=\"M10.7 11.9q-0.2 0.3-4.6 8.2-0.5 0.8-1.2 0.8h-4.3q-0.4 0-0.5-0.3t0-0.6l4.5-8q0 0 0 0l-2.9-5q-0.2-0.4 0-0.7 0.2-0.3 0.5-0.3h4.3q0.7 0 1.2 0.8zM25.1 0.4q0.2 0.3 0 0.7l-9.4 16.7 6 11q0.2 0.4 0 0.6-0.2 0.3-0.6 0.3h-4.3q-0.7 0-1.2-0.8l-6-11.1q0.3-0.6 9.5-16.8 0.4-0.8 1.2-0.8h4.3q0.4 0 0.5 0.3z\"\/><\/svg><\/span><\/a><\/li><li class=\"shariff-button linkedin shariff-nocustomcolor\" style=\"background-color:#1488bf\"><a href=\"https:\/\/www.linkedin.com\/sharing\/share-offsite\/?url=https%3A%2F%2Fwww.weiterbildungsmarkt.net%2Fmagazin%2Fder-dritte-mann-der-keine-frau-war-sprache-zwischen-natuerlichem-und-grammatischem-geschlecht%2F\" title=\"Bei LinkedIn teilen\" aria-label=\"Bei LinkedIn teilen\" role=\"button\" rel=\"noopener nofollow\" class=\"shariff-link\" style=\"; background-color:#0077b5; color:#fff\" target=\"_blank\"><span class=\"shariff-icon\" style=\"\"><svg width=\"32px\" height=\"20px\" xmlns=\"http:\/\/www.w3.org\/2000\/svg\" viewBox=\"0 0 27 32\"><path fill=\"#0077b5\" d=\"M6.2 11.2v17.7h-5.9v-17.7h5.9zM6.6 5.7q0 1.3-0.9 2.2t-2.4 0.9h0q-1.5 0-2.4-0.9t-0.9-2.2 0.9-2.2 2.4-0.9 2.4 0.9 0.9 2.2zM27.4 18.7v10.1h-5.9v-9.5q0-1.9-0.7-2.9t-2.3-1.1q-1.1 0-1.9 0.6t-1.2 1.5q-0.2 0.5-0.2 1.4v9.9h-5.9q0-7.1 0-11.6t0-5.3l0-0.9h5.9v2.6h0q0.4-0.6 0.7-1t1-0.9 1.6-0.8 2-0.3q3 0 4.9 2t1.9 6z\"\/><\/svg><\/span><\/a><\/li><li class=\"shariff-button whatsapp shariff-nocustomcolor\" style=\"background-color:#5cbe4a\"><a href=\"https:\/\/api.whatsapp.com\/send?text=https%3A%2F%2Fwww.weiterbildungsmarkt.net%2Fmagazin%2Fder-dritte-mann-der-keine-frau-war-sprache-zwischen-natuerlichem-und-grammatischem-geschlecht%2F%20Der%20dritte%20Mann%2C%20der%20%28k%29eine%20Frau%20war%20%E2%80%93%20Sprache%20zwischen%20nat%C3%BCrlichem%20und%20grammatischem%20Geschlecht\" title=\"Bei Whatsapp teilen\" aria-label=\"Bei Whatsapp teilen\" role=\"button\" rel=\"noopener nofollow\" class=\"shariff-link\" style=\"; background-color:#34af23; color:#fff\" target=\"_blank\"><span class=\"shariff-icon\" style=\"\"><svg width=\"32px\" height=\"20px\" xmlns=\"http:\/\/www.w3.org\/2000\/svg\" viewBox=\"0 0 32 32\"><path fill=\"#34af23\" d=\"M17.6 17.4q0.2 0 1.7 0.8t1.6 0.9q0 0.1 0 0.3 0 0.6-0.3 1.4-0.3 0.7-1.3 1.2t-1.8 0.5q-1 0-3.4-1.1-1.7-0.8-3-2.1t-2.6-3.3q-1.3-1.9-1.3-3.5v-0.1q0.1-1.6 1.3-2.8 0.4-0.4 0.9-0.4 0.1 0 0.3 0t0.3 0q0.3 0 0.5 0.1t0.3 0.5q0.1 0.4 0.6 1.6t0.4 1.3q0 0.4-0.6 1t-0.6 0.8q0 0.1 0.1 0.3 0.6 1.3 1.8 2.4 1 0.9 2.7 1.8 0.2 0.1 0.4 0.1 0.3 0 1-0.9t0.9-0.9zM14 26.9q2.3 0 4.3-0.9t3.6-2.4 2.4-3.6 0.9-4.3-0.9-4.3-2.4-3.6-3.6-2.4-4.3-0.9-4.3 0.9-3.6 2.4-2.4 3.6-0.9 4.3q0 3.6 2.1 6.6l-1.4 4.2 4.3-1.4q2.8 1.9 6.2 1.9zM14 2.2q2.7 0 5.2 1.1t4.3 2.9 2.9 4.3 1.1 5.2-1.1 5.2-2.9 4.3-4.3 2.9-5.2 1.1q-3.5 0-6.5-1.7l-7.4 2.4 2.4-7.2q-1.9-3.2-1.9-6.9 0-2.7 1.1-5.2t2.9-4.3 4.3-2.9 5.2-1.1z\"\/><\/svg><\/span><\/a><\/li><li class=\"shariff-button pinterest shariff-nocustomcolor\" style=\"background-color:#e70f18\"><a href=\"https:\/\/www.pinterest.com\/pin\/create\/link\/?url=https%3A%2F%2Fwww.weiterbildungsmarkt.net%2Fmagazin%2Fder-dritte-mann-der-keine-frau-war-sprache-zwischen-natuerlichem-und-grammatischem-geschlecht%2F&media=https%3A%2F%2Fwww.weiterbildungsmarkt.net%2Fmagazin%2Fwp-content%2Fuploads%2F2019%2F07%2FSprache-zwischen-nat%C3%BCrlichem-und-grammatischem-Geschlecht.jpg&description=Der%20dritte%20Mann%2C%20der%20%28k%29eine%20Frau%20war%20%E2%80%93%20Sprache%20zwischen%20nat%C3%BCrlichem%20und%20grammatischem%20Geschlecht\" title=\"Bei Pinterest pinnen\" aria-label=\"Bei Pinterest pinnen\" role=\"button\" rel=\"noopener nofollow\" class=\"shariff-link\" style=\"; background-color:#cb2027; color:#fff\" target=\"_blank\"><span class=\"shariff-icon\" style=\"\"><svg width=\"32px\" height=\"20px\" xmlns=\"http:\/\/www.w3.org\/2000\/svg\" viewBox=\"0 0 27 32\"><path fill=\"#cb2027\" d=\"M27.4 16q0 3.7-1.8 6.9t-5 5-6.9 1.9q-2 0-3.9-0.6 1.1-1.7 1.4-2.9 0.2-0.6 1-3.8 0.4 0.7 1.3 1.2t2 0.5q2.1 0 3.8-1.2t2.7-3.4 0.9-4.8q0-2-1.1-3.8t-3.1-2.9-4.5-1.2q-1.9 0-3.5 0.5t-2.8 1.4-2 2-1.2 2.3-0.4 2.4q0 1.9 0.7 3.3t2.1 2q0.5 0.2 0.7-0.4 0-0.1 0.1-0.5t0.2-0.5q0.1-0.4-0.2-0.8-0.9-1.1-0.9-2.7 0-2.7 1.9-4.6t4.9-2q2.7 0 4.2 1.5t1.5 3.8q0 3-1.2 5.2t-3.1 2.1q-1.1 0-1.7-0.8t-0.4-1.9q0.1-0.6 0.5-1.7t0.5-1.8 0.2-1.4q0-0.9-0.5-1.5t-1.4-0.6q-1.1 0-1.9 1t-0.8 2.6q0 1.3 0.4 2.2l-1.8 7.5q-0.3 1.2-0.2 3.2-3.7-1.6-6-5t-2.3-7.6q0-3.7 1.9-6.9t5-5 6.9-1.9 6.9 1.9 5 5 1.8 6.9z\"\/><\/svg><\/span><\/a><\/li><\/ul><\/div>","protected":false},"excerpt":{"rendered":"<p>Vor ein paar Tagen entdeckte ich eine Stellenanzeige. Ein Hotel suchte einen \u201eVerwaltungsassistent (m\/w\/d)\u201c. Im B\u00fcro stellten wir uns die Frage: Was ist \u201ed\u201c? Ein Schreibfehler oder sucht man in der Schweizer Hotellerie explizit Menschen, die auch Deutsch k\u00f6nnen? Wir haben uns erkundigt. Es ist tats\u00e4chlich \u201edas dritte Geschlecht\u201c oder eben keines. Wer sich weder [&hellip;]<\/p>\n","protected":false},"author":3,"featured_media":6227,"comment_status":"open","ping_status":"closed","sticky":false,"template":"","format":"standard","meta":{"_acf_changed":false,"footnotes":""},"categories":[34,46],"tags":[155,79],"class_list":["post-6225","post","type-post","status-publish","format-standard","has-post-thumbnail","hentry","category-kommunikation","category-kreativitaet","tag-kommunikation","tag-kommunikationstraining"],"acf":[],"_links":{"self":[{"href":"https:\/\/www.weiterbildungsmarkt.net\/magazin\/wp-json\/wp\/v2\/posts\/6225","targetHints":{"allow":["GET"]}}],"collection":[{"href":"https:\/\/www.weiterbildungsmarkt.net\/magazin\/wp-json\/wp\/v2\/posts"}],"about":[{"href":"https:\/\/www.weiterbildungsmarkt.net\/magazin\/wp-json\/wp\/v2\/types\/post"}],"author":[{"embeddable":true,"href":"https:\/\/www.weiterbildungsmarkt.net\/magazin\/wp-json\/wp\/v2\/users\/3"}],"replies":[{"embeddable":true,"href":"https:\/\/www.weiterbildungsmarkt.net\/magazin\/wp-json\/wp\/v2\/comments?post=6225"}],"version-history":[{"count":2,"href":"https:\/\/www.weiterbildungsmarkt.net\/magazin\/wp-json\/wp\/v2\/posts\/6225\/revisions"}],"predecessor-version":[{"id":6228,"href":"https:\/\/www.weiterbildungsmarkt.net\/magazin\/wp-json\/wp\/v2\/posts\/6225\/revisions\/6228"}],"wp:featuredmedia":[{"embeddable":true,"href":"https:\/\/www.weiterbildungsmarkt.net\/magazin\/wp-json\/wp\/v2\/media\/6227"}],"wp:attachment":[{"href":"https:\/\/www.weiterbildungsmarkt.net\/magazin\/wp-json\/wp\/v2\/media?parent=6225"}],"wp:term":[{"taxonomy":"category","embeddable":true,"href":"https:\/\/www.weiterbildungsmarkt.net\/magazin\/wp-json\/wp\/v2\/categories?post=6225"},{"taxonomy":"post_tag","embeddable":true,"href":"https:\/\/www.weiterbildungsmarkt.net\/magazin\/wp-json\/wp\/v2\/tags?post=6225"}],"curies":[{"name":"wp","href":"https:\/\/api.w.org\/{rel}","templated":true}]}}