{"id":6740,"date":"2020-02-20T10:41:39","date_gmt":"2020-02-20T08:41:39","guid":{"rendered":"https:\/\/www.weiterbildungsmarkt.net\/magazin\/?p=6740"},"modified":"2020-01-30T14:47:13","modified_gmt":"2020-01-30T12:47:13","slug":"ein-er-fuelltes-statt-ge-fuelltes-leben-fuehren","status":"publish","type":"post","link":"https:\/\/www.weiterbildungsmarkt.net\/magazin\/ein-er-fuelltes-statt-ge-fuelltes-leben-fuehren\/","title":{"rendered":"Ein er-f\u00fclltes statt ge-f\u00fclltes Leben f\u00fchren"},"content":{"rendered":"<p style=\"text-align: justify;\"><strong>In der modernen Welt werden wir permanent mit neuen Anforderungen konfrontiert \u2013 beruflich und privat. Deshalb sollten wir regelm\u00e4\u00dfig pr\u00fcfen: Ist die Balance in meinem Leben bedroht? Welche Zeit eignet sich hierf\u00fcr besser als die \u201ebesinnlichen Tage\u201c zwischen den Jahren?<\/strong><\/p>\n<p style=\"text-align: justify;\">Ziehe ich nach M\u00fcnchen, weil ich Karriere machen m\u00f6chte, oder sind mir meine Freunde wichtiger? Spare ich 250 Euro pro Monat f\u00fcrs Alter oder fahre ich zweimal pro Jahr in die Karibik? Will ich mit meinem Partner Kinder kriegen oder ist mir meine Unabh\u00e4ngigkeit wichtiger? Mit solchen Fragen, bei denen wir uns entscheiden m\u00fcssen, werden wir in unserem Leben zunehmend konfrontiert. Denn es ist eine Illusion anzunehmen: Alles ist zugleich m\u00f6glich.<\/p>\n<p style=\"text-align: justify;\">Sich zu entscheiden, f\u00e4llt vielen Menschen schwer, betont die Managementtrainerin Sabine Prohaska aus Wine, die unter anderem ein Selbstcoaching-Buch schrieb. \u201eDenn wenn wir uns f\u00fcr etwas entscheiden, m\u00fcssen wir andere M\u00f6glichkeiten verwerfen.\u201c Dies k\u00f6nnen wir nur, wenn wir wissen, was uns wichtig ist. Sonst fassen wir zwar viele Vors\u00e4tze, doch ein, zwei Tage sp\u00e4ter sind sie vergessen. Denn unsere Vors\u00e4tze sind nicht in einer Lebensvision verankert.<\/p>\n<p style=\"text-align: justify;\">Hinzu kommt laut Prohaska: Was in unserem Leben wirklich wichtig ist, ist nie dringend. Es ist zum Beispiel nie dringend, joggen zu gehen. Es w\u00e4re aber gut f\u00fcr unsere Gesundheit. Und es ist nie dringend, sich Zeit f\u00fcr ein Gespr\u00e4ch mit dem Partner zu nehmen. Es w\u00e4re aber wichtig f\u00fcr die Beziehung.<\/p>\n<p style=\"text-align: justify;\">Weil die wirklich wichtigen Dinge nie dringend sind, schieben wir sie oft vor uns her. Oder wir hegen die Illusion: Wenn ich alles schneller erledige, habe ich auch daf\u00fcr Zeit. Die einzige Konsequenz: Wir f\u00fchren zunehmend ein Leben im High-Speed-Tempo. Und irgendwann stellen wir resigniert fest: Nun f\u00fchre ich zwar ein noch ge-f\u00fcllteres Leben, aber kein er-f\u00fclltes Leben.<\/p>\n<h2 style=\"text-align: justify;\">Herausforderung: Die Balance im Leben wahren<\/h2>\n<p style=\"text-align: justify;\">Eine solche Schieflage ist kein Einzelschicksal. Darauf weist der F\u00fchrungskr\u00e4ftetrainer Joachim Simon aus Braunschweig hin. Immer mehr Menschen plagt das Gef\u00fchl: Mein Leben ist nicht im Lot. Eine Ursache hierf\u00fcr ist: Bezogen auf ihre berufliche Laufbahn haben die meisten Menschen eine klare Perspektive.\u00a0 Anders sieht es in den Lebensbereichen \u201eSinn\/Kultur\u201c, \u201eK\u00f6rper\/Gesundheit\u201c und \u201eSoziales Leben\u201c aus. Hier fehlen uns h\u00e4ufig klare Ziele.<\/p>\n<p style=\"text-align: justify;\">In der Alltagshektik \u00fcbersehen wir zudem oft, dass die vier Lebensbereiche in einer Wechselbeziehung stehen. Deshalb verliert, wer zum Beispiel den Bereich \u201eBerufliches Leben\u201c l\u00e4ngerfristig \u00fcberbetont, auf Dauer neben seiner Lebensfreude, auch seine Leistungskraft. Denn wer krank ist, kann weder sein Leben in vollen Z\u00fcgen genie\u00dfen, noch ist er voller Leistungskraft. Und wer einsam ist, ist weder \u201equietsch-vergn\u00fcgt\u201c, noch kann er seine volle Energie auf seinen Job verwenden. \u00a0Und wer in einer Sinnkrise steckt, ist weder \u201elebensfroh\u201c, noch sehr leistungsf\u00e4hig. Denn hinter allem Tun steht die Frage: Was soll das Ganze?<\/p>\n<p style=\"text-align: justify;\">Wenn wir ein erf\u00fclltes Leben f\u00fchren m\u00f6chten, m\u00fcssen wir also f\u00fcr die rechte Balance zwischen den vier Lebensbereichen sorgen, betont Tanja Ninnemann, Mitinhaberin des Beratungsunternehmens Machw\u00fcrth Team International, Visselh\u00f6vede. Das gelingt uns nur, wenn wir eine Vision von unserem k\u00fcnftigen Leben haben. Diese ben\u00f6tigen wir auch, weil heute viele Anforderungen an uns gestellt werden, die sich nur bedingt miteinander vereinbaren lassen. Das best\u00e4tigen berufst\u00e4tige M\u00fctter sofort. Denn unregelm\u00e4\u00dfige Arbeitszeiten sind heute normal \u2013 gerade in h\u00f6her qualifizierten Jobs. F\u00fcr berufst\u00e4tige M\u00fctter bedeutet dies: Sie k\u00f6nnen nicht mehr t\u00e4glich beispielsweise Punkt 16 Uhr das B\u00fcro verlassen. Was sollen sie aber tun, wenn der Kindergarten um 16 Uhr schlie\u00dft? Noch ein Beispiel: Vielen Vertriebsmitarbeitern von Unternehmen f\u00e4llt es zunehmend schwer, regelm\u00e4\u00dfig private Termine wahrzunehmen. Denn immer wieder dauert ein Kundentermin l\u00e4nger als geplant. Also sind (Interessen-)Konflikte vorprogrammiert.<\/p>\n<h2 style=\"text-align: justify;\">Herausforderung: das eigene Leben managen<\/h2>\n<p style=\"text-align: justify;\">Hieraus resultiert laut Ninnemann eine weitere Herausforderung: Wir m\u00fcssen sozusagen \u201eManager\u201c unseres eigenen Lebens werden \u2013 also Personen, die durch ihr heutiges Handeln daf\u00fcr sorgen, dass sie auch k\u00fcnftig ein gl\u00fcckliches und erf\u00fclltes Leben f\u00fchren. Der erste Schritt hierzu besteht darin, dass wir eine Vision von unserem k\u00fcnftigen Leben entwickeln. Setzen Sie sich deshalb zum Beispiel in der Zeit zwischen den Jahren hin und fragen Sie sich bezogen auf die vier Lebensbereiche:<\/p>\n<ul style=\"text-align: justify;\">\n<li>Was ist mir wirklich wichtig?<\/li>\n<li>Worin zeigt sich f\u00fcr mich ein erf\u00fclltes Leben? Und:<\/li>\n<li>Was muss ich heute tun, damit ich auch morgen ein gl\u00fcckliches Leben f\u00fchre?<\/li>\n<\/ul>\n<p style=\"text-align: justify;\">Fragen Sie sich zudem: Gibt es in meinem Lebensumfeld Anzeichen daf\u00fcr, dass k\u00fcnftig die Balance in meinem Leben bedroht sein k\u00f6nnte? Solche Warnsignale k\u00f6nnen sein:<\/p>\n<ul style=\"text-align: justify;\">\n<li>Zwischen Ihnen und Ihrem Lebenspartner herrscht zunehmend Schweigen. Auch wichtige Freunde melden sich nicht mehr (Bereich \u201eSoziales Leben\u201c).<\/li>\n<li>In Ihrem Betrieb lautet die oberste Maxime pl\u00f6tzlich \u201eSparen\u201c (Bereich \u201eBerufliches Leben\u201c).<\/li>\n<li>Sie fragen sich immer h\u00e4ufiger: Was soll das Ganze? (Bereich \u201eSinn\/Kultur\u201c).<\/li>\n<li>Sie sp\u00fcren ab und zu ein Stechen in Ihrer Herzgegend (Bereich \u201eK\u00f6rper\/Gesundheit\u201c).<\/li>\n<\/ul>\n<p style=\"text-align: justify;\">Haben Sie diese Fragen f\u00fcr sich beantwortet, dann k\u00f6nnen Sie konkrete Vors\u00e4tze fassen und einen Ma\u00dfnahmenplan entwerfen, wie Sie diese realisieren. Und zwar ohne dass die Gefahr besteht, dass Sie Ihre Vors\u00e4tze schon wieder vergessen haben, kaum sind die Silvesterraketen vergl\u00fcht. Denn Ihre Vors\u00e4tze sind nun in einer Vision von Ihrem k\u00fcnftigen Leben verankert.<\/p>\n<p style=\"text-align: justify;\"><img loading=\"lazy\" decoding=\"async\" class=\"alignleft size-thumbnail wp-image-6742\" src=\"https:\/\/www.weiterbildungsmarkt.net\/magazin\/wp-content\/uploads\/2020\/02\/Winter-Andrej-120x120.jpg\" alt=\"Winter, Andrej\" width=\"120\" height=\"120\" \/>Autor: Andrej Winter<\/p>\n<div class=\"shariff shariff-align-left shariff-widget-align-left\"><ul class=\"shariff-buttons theme-round orientation-horizontal buttonsize-medium\"><li class=\"shariff-button facebook shariff-nocustomcolor\" style=\"background-color:#4273c8\"><a href=\"https:\/\/www.facebook.com\/sharer\/sharer.php?u=https%3A%2F%2Fwww.weiterbildungsmarkt.net%2Fmagazin%2Fein-er-fuelltes-statt-ge-fuelltes-leben-fuehren%2F\" title=\"Bei Facebook teilen\" aria-label=\"Bei Facebook teilen\" role=\"button\" rel=\"nofollow\" class=\"shariff-link\" style=\"; background-color:#3b5998; color:#fff\" target=\"_blank\"><span class=\"shariff-icon\" style=\"\"><svg width=\"32px\" height=\"20px\" xmlns=\"http:\/\/www.w3.org\/2000\/svg\" viewBox=\"0 0 18 32\"><path fill=\"#3b5998\" d=\"M17.1 0.2v4.7h-2.8q-1.5 0-2.1 0.6t-0.5 1.9v3.4h5.2l-0.7 5.3h-4.5v13.6h-5.5v-13.6h-4.5v-5.3h4.5v-3.9q0-3.3 1.9-5.2t5-1.8q2.6 0 4.1 0.2z\"\/><\/svg><\/span><\/a><\/li><li class=\"shariff-button twitter shariff-nocustomcolor\" style=\"background-color:#595959\"><a href=\"https:\/\/twitter.com\/share?url=https%3A%2F%2Fwww.weiterbildungsmarkt.net%2Fmagazin%2Fein-er-fuelltes-statt-ge-fuelltes-leben-fuehren%2F&text=Ein%20er-f%C3%BClltes%20statt%20ge-f%C3%BClltes%20Leben%20f%C3%BChren\" title=\"Bei X teilen\" aria-label=\"Bei X teilen\" role=\"button\" rel=\"noopener nofollow\" class=\"shariff-link\" style=\"; background-color:#000; color:#fff\" target=\"_blank\"><span class=\"shariff-icon\" style=\"\"><svg width=\"32px\" height=\"20px\" xmlns=\"http:\/\/www.w3.org\/2000\/svg\" viewBox=\"0 0 24 24\"><path fill=\"#000\" d=\"M14.258 10.152L23.176 0h-2.113l-7.747 8.813L7.133 0H0l9.352 13.328L0 23.973h2.113l8.176-9.309 6.531 9.309h7.133zm-2.895 3.293l-.949-1.328L2.875 1.56h3.246l6.086 8.523.945 1.328 7.91 11.078h-3.246zm0 0\"\/><\/svg><\/span><\/a><\/li><li class=\"shariff-button xing shariff-nocustomcolor\" style=\"background-color:#29888a\"><a href=\"https:\/\/www.xing.com\/spi\/shares\/new?url=https%3A%2F%2Fwww.weiterbildungsmarkt.net%2Fmagazin%2Fein-er-fuelltes-statt-ge-fuelltes-leben-fuehren%2F\" title=\"Bei XING teilen\" aria-label=\"Bei XING teilen\" role=\"button\" rel=\"noopener nofollow\" class=\"shariff-link\" style=\"; background-color:#126567; color:#fff\" target=\"_blank\"><span class=\"shariff-icon\" style=\"\"><svg width=\"32px\" height=\"20px\" xmlns=\"http:\/\/www.w3.org\/2000\/svg\" viewBox=\"0 0 25 32\"><path fill=\"#126567\" d=\"M10.7 11.9q-0.2 0.3-4.6 8.2-0.5 0.8-1.2 0.8h-4.3q-0.4 0-0.5-0.3t0-0.6l4.5-8q0 0 0 0l-2.9-5q-0.2-0.4 0-0.7 0.2-0.3 0.5-0.3h4.3q0.7 0 1.2 0.8zM25.1 0.4q0.2 0.3 0 0.7l-9.4 16.7 6 11q0.2 0.4 0 0.6-0.2 0.3-0.6 0.3h-4.3q-0.7 0-1.2-0.8l-6-11.1q0.3-0.6 9.5-16.8 0.4-0.8 1.2-0.8h4.3q0.4 0 0.5 0.3z\"\/><\/svg><\/span><\/a><\/li><li class=\"shariff-button linkedin shariff-nocustomcolor\" style=\"background-color:#1488bf\"><a href=\"https:\/\/www.linkedin.com\/sharing\/share-offsite\/?url=https%3A%2F%2Fwww.weiterbildungsmarkt.net%2Fmagazin%2Fein-er-fuelltes-statt-ge-fuelltes-leben-fuehren%2F\" title=\"Bei LinkedIn teilen\" aria-label=\"Bei LinkedIn teilen\" role=\"button\" rel=\"noopener nofollow\" class=\"shariff-link\" style=\"; background-color:#0077b5; color:#fff\" target=\"_blank\"><span class=\"shariff-icon\" style=\"\"><svg width=\"32px\" height=\"20px\" xmlns=\"http:\/\/www.w3.org\/2000\/svg\" viewBox=\"0 0 27 32\"><path fill=\"#0077b5\" d=\"M6.2 11.2v17.7h-5.9v-17.7h5.9zM6.6 5.7q0 1.3-0.9 2.2t-2.4 0.9h0q-1.5 0-2.4-0.9t-0.9-2.2 0.9-2.2 2.4-0.9 2.4 0.9 0.9 2.2zM27.4 18.7v10.1h-5.9v-9.5q0-1.9-0.7-2.9t-2.3-1.1q-1.1 0-1.9 0.6t-1.2 1.5q-0.2 0.5-0.2 1.4v9.9h-5.9q0-7.1 0-11.6t0-5.3l0-0.9h5.9v2.6h0q0.4-0.6 0.7-1t1-0.9 1.6-0.8 2-0.3q3 0 4.9 2t1.9 6z\"\/><\/svg><\/span><\/a><\/li><li class=\"shariff-button whatsapp shariff-nocustomcolor\" style=\"background-color:#5cbe4a\"><a href=\"https:\/\/api.whatsapp.com\/send?text=https%3A%2F%2Fwww.weiterbildungsmarkt.net%2Fmagazin%2Fein-er-fuelltes-statt-ge-fuelltes-leben-fuehren%2F%20Ein%20er-f%C3%BClltes%20statt%20ge-f%C3%BClltes%20Leben%20f%C3%BChren\" title=\"Bei Whatsapp teilen\" aria-label=\"Bei Whatsapp teilen\" role=\"button\" rel=\"noopener nofollow\" class=\"shariff-link\" style=\"; background-color:#34af23; color:#fff\" target=\"_blank\"><span class=\"shariff-icon\" style=\"\"><svg width=\"32px\" height=\"20px\" xmlns=\"http:\/\/www.w3.org\/2000\/svg\" viewBox=\"0 0 32 32\"><path fill=\"#34af23\" d=\"M17.6 17.4q0.2 0 1.7 0.8t1.6 0.9q0 0.1 0 0.3 0 0.6-0.3 1.4-0.3 0.7-1.3 1.2t-1.8 0.5q-1 0-3.4-1.1-1.7-0.8-3-2.1t-2.6-3.3q-1.3-1.9-1.3-3.5v-0.1q0.1-1.6 1.3-2.8 0.4-0.4 0.9-0.4 0.1 0 0.3 0t0.3 0q0.3 0 0.5 0.1t0.3 0.5q0.1 0.4 0.6 1.6t0.4 1.3q0 0.4-0.6 1t-0.6 0.8q0 0.1 0.1 0.3 0.6 1.3 1.8 2.4 1 0.9 2.7 1.8 0.2 0.1 0.4 0.1 0.3 0 1-0.9t0.9-0.9zM14 26.9q2.3 0 4.3-0.9t3.6-2.4 2.4-3.6 0.9-4.3-0.9-4.3-2.4-3.6-3.6-2.4-4.3-0.9-4.3 0.9-3.6 2.4-2.4 3.6-0.9 4.3q0 3.6 2.1 6.6l-1.4 4.2 4.3-1.4q2.8 1.9 6.2 1.9zM14 2.2q2.7 0 5.2 1.1t4.3 2.9 2.9 4.3 1.1 5.2-1.1 5.2-2.9 4.3-4.3 2.9-5.2 1.1q-3.5 0-6.5-1.7l-7.4 2.4 2.4-7.2q-1.9-3.2-1.9-6.9 0-2.7 1.1-5.2t2.9-4.3 4.3-2.9 5.2-1.1z\"\/><\/svg><\/span><\/a><\/li><li class=\"shariff-button pinterest shariff-nocustomcolor\" style=\"background-color:#e70f18\"><a href=\"https:\/\/www.pinterest.com\/pin\/create\/link\/?url=https%3A%2F%2Fwww.weiterbildungsmarkt.net%2Fmagazin%2Fein-er-fuelltes-statt-ge-fuelltes-leben-fuehren%2F&media=https%3A%2F%2Fwww.weiterbildungsmarkt.net%2Fmagazin%2Fwp-content%2Fuploads%2F2020%2F02%2FEin-er-f%C3%BClltes-statt-ge-f%C3%BClltes-Leben-f%C3%BChren.jpg&description=Ein%20er-f%C3%BClltes%20statt%20ge-f%C3%BClltes%20Leben%20f%C3%BChren\" title=\"Bei Pinterest pinnen\" aria-label=\"Bei Pinterest pinnen\" role=\"button\" rel=\"noopener nofollow\" class=\"shariff-link\" style=\"; background-color:#cb2027; color:#fff\" target=\"_blank\"><span class=\"shariff-icon\" style=\"\"><svg width=\"32px\" height=\"20px\" xmlns=\"http:\/\/www.w3.org\/2000\/svg\" viewBox=\"0 0 27 32\"><path fill=\"#cb2027\" d=\"M27.4 16q0 3.7-1.8 6.9t-5 5-6.9 1.9q-2 0-3.9-0.6 1.1-1.7 1.4-2.9 0.2-0.6 1-3.8 0.4 0.7 1.3 1.2t2 0.5q2.1 0 3.8-1.2t2.7-3.4 0.9-4.8q0-2-1.1-3.8t-3.1-2.9-4.5-1.2q-1.9 0-3.5 0.5t-2.8 1.4-2 2-1.2 2.3-0.4 2.4q0 1.9 0.7 3.3t2.1 2q0.5 0.2 0.7-0.4 0-0.1 0.1-0.5t0.2-0.5q0.1-0.4-0.2-0.8-0.9-1.1-0.9-2.7 0-2.7 1.9-4.6t4.9-2q2.7 0 4.2 1.5t1.5 3.8q0 3-1.2 5.2t-3.1 2.1q-1.1 0-1.7-0.8t-0.4-1.9q0.1-0.6 0.5-1.7t0.5-1.8 0.2-1.4q0-0.9-0.5-1.5t-1.4-0.6q-1.1 0-1.9 1t-0.8 2.6q0 1.3 0.4 2.2l-1.8 7.5q-0.3 1.2-0.2 3.2-3.7-1.6-6-5t-2.3-7.6q0-3.7 1.9-6.9t5-5 6.9-1.9 6.9 1.9 5 5 1.8 6.9z\"\/><\/svg><\/span><\/a><\/li><\/ul><\/div>","protected":false},"excerpt":{"rendered":"<p>In der modernen Welt werden wir permanent mit neuen Anforderungen konfrontiert \u2013 beruflich und privat. Deshalb sollten wir regelm\u00e4\u00dfig pr\u00fcfen: Ist die Balance in meinem Leben bedroht? Welche Zeit eignet sich hierf\u00fcr besser als die \u201ebesinnlichen Tage\u201c zwischen den Jahren? Ziehe ich nach M\u00fcnchen, weil ich Karriere machen m\u00f6chte, oder sind mir meine Freunde wichtiger? [&hellip;]<\/p>\n","protected":false},"author":3,"featured_media":6744,"comment_status":"open","ping_status":"closed","sticky":false,"template":"","format":"standard","meta":{"_acf_changed":false,"footnotes":""},"categories":[5,184],"tags":[131,91],"class_list":["post-6740","post","type-post","status-publish","format-standard","has-post-thumbnail","hentry","category-coaching","category-karriere","tag-coaching","tag-karriere"],"acf":[],"_links":{"self":[{"href":"https:\/\/www.weiterbildungsmarkt.net\/magazin\/wp-json\/wp\/v2\/posts\/6740","targetHints":{"allow":["GET"]}}],"collection":[{"href":"https:\/\/www.weiterbildungsmarkt.net\/magazin\/wp-json\/wp\/v2\/posts"}],"about":[{"href":"https:\/\/www.weiterbildungsmarkt.net\/magazin\/wp-json\/wp\/v2\/types\/post"}],"author":[{"embeddable":true,"href":"https:\/\/www.weiterbildungsmarkt.net\/magazin\/wp-json\/wp\/v2\/users\/3"}],"replies":[{"embeddable":true,"href":"https:\/\/www.weiterbildungsmarkt.net\/magazin\/wp-json\/wp\/v2\/comments?post=6740"}],"version-history":[{"count":3,"href":"https:\/\/www.weiterbildungsmarkt.net\/magazin\/wp-json\/wp\/v2\/posts\/6740\/revisions"}],"predecessor-version":[{"id":6745,"href":"https:\/\/www.weiterbildungsmarkt.net\/magazin\/wp-json\/wp\/v2\/posts\/6740\/revisions\/6745"}],"wp:featuredmedia":[{"embeddable":true,"href":"https:\/\/www.weiterbildungsmarkt.net\/magazin\/wp-json\/wp\/v2\/media\/6744"}],"wp:attachment":[{"href":"https:\/\/www.weiterbildungsmarkt.net\/magazin\/wp-json\/wp\/v2\/media?parent=6740"}],"wp:term":[{"taxonomy":"category","embeddable":true,"href":"https:\/\/www.weiterbildungsmarkt.net\/magazin\/wp-json\/wp\/v2\/categories?post=6740"},{"taxonomy":"post_tag","embeddable":true,"href":"https:\/\/www.weiterbildungsmarkt.net\/magazin\/wp-json\/wp\/v2\/tags?post=6740"}],"curies":[{"name":"wp","href":"https:\/\/api.w.org\/{rel}","templated":true}]}}