{"id":6750,"date":"2024-06-20T14:13:43","date_gmt":"2024-06-20T12:13:43","guid":{"rendered":"https:\/\/www.weiterbildungsmarkt.net\/magazin\/?p=6750"},"modified":"2024-06-20T14:57:26","modified_gmt":"2024-06-20T12:57:26","slug":"die-besten-weiterbildungen-fuer-krankenschwestern-und-pflegefachkraefte","status":"publish","type":"post","link":"https:\/\/www.weiterbildungsmarkt.net\/magazin\/die-besten-weiterbildungen-fuer-krankenschwestern-und-pflegefachkraefte\/","title":{"rendered":"Die besten Weiterbildungen f\u00fcr Krankenschwestern und Pflegefachkr\u00e4fte"},"content":{"rendered":"<p style=\"text-align: justify;\">Krankenschwestern und Pflegefachkr\u00e4fte erbringen Tag f\u00fcr Tag eine enorme Leistung. Wenn bei einigen der Wunsch nach Ver\u00e4nderung aufkommt, bieten sich vielf\u00e4ltige Weiterbildungsm\u00f6glichkeiten an. Welche Gr\u00fcnde gibt es f\u00fcr die Weiterbildung im Gesundheitswesen? Was sind die besten Weiterbildungsma\u00dfnahmen? Und welche F\u00f6rderm\u00f6glichkeiten bieten sich an?<\/p>\n<h2 style=\"text-align: justify;\">Warum \u00fcberhaupt weiterbilden?<\/h2>\n<p style=\"text-align: justify;\">F\u00fcr viele Menschen in der Pflege ist ihr Beruf eine Berufung. Wie viel einem der Job als Pflegefachkraft oder Krankenschwester tats\u00e4chlich abverlangt, zeigt die Statistik: In Deutschland herrscht ein <a href=\"https:\/\/www.zeit.de\/politik\/deutschland\/2020-01\/pflegekraefte-hubertus-heil-franziska-giffey-pflege-kongress-fachkraeftemangel\" target=\"_blank\" rel=\"noopener noreferrer\">Fachkr\u00e4ftemangel im Gesundheitswesen<\/a>. Umso wichtiger scheint es, diesen Bereich attraktiver zu gestalten. Eine M\u00f6glichkeit besteht darin, das Gehalt der Leistung anzupassen. Wer nicht darauf warten m\u00f6chte, dass dies passiert, kann mit einer entsprechenden Weiterbildung selbst f\u00fcr eine Gehaltssteigerung sorgen.<\/p>\n<p style=\"text-align: justify;\">F\u00fcr den Wunsch nach einer Krankenschwester Weiterbildung kann es jedoch auch noch andere Gr\u00fcnde geben, wie zum Beispiel folgende:<\/p>\n<ul style=\"text-align: justify;\">\n<li><a href=\"https:\/\/www.weiterbildungsmarkt.net\/magazin\/berufs-und-karriereziel-fuehrungskraft\/\" target=\"_blank\" rel=\"noopener noreferrer\">Karriere als F\u00fchrungskraft<\/a> machen<\/li>\n<li>der Wunsch nach Spezialisierung in einem Fachbereich<\/li>\n<li>das Auffrischen von Wissen<\/li>\n<li>das Einschlagen einer neuen Richtung<\/li>\n<li>der Weg in die Selbst\u00e4ndigkeit<\/li>\n<\/ul>\n<h2 style=\"text-align: justify;\">Krankenschwester: In welche Richtung soll die Weiterbildung gehen?<\/h2>\n<p style=\"text-align: justify;\">Krankenschwestern bew\u00e4ltigen Tag f\u00fcr Tag breit gef\u00e4cherte Aufgaben. Dementsprechend gro\u00df sind die M\u00f6glichkeiten zur beruflichen Weiterbildung. Wer vorankommen und aufsteigen m\u00f6chte, sollte eine Weiterbildung w\u00e4hlen, die zu ihm und seinen Interessen passt. Zu den wichtigen, angesehenen Spezialisierungen geh\u00f6ren folgende:<\/p>\n<ul style=\"text-align: justify;\">\n<li>An\u00e4sthesie und Intensivpflege<\/li>\n<li>Onkologie<\/li>\n<li>Operations- und Endoskopiedienst<\/li>\n<li>Nephrologie<\/li>\n<li>Psychiatrie<\/li>\n<li>Hygiene<\/li>\n<li>klinische Geriatrie<\/li>\n<li>Rehabilitation und Langzeitpflege<\/li>\n<li>Palliativ- und Hospizpflege<\/li>\n<\/ul>\n<h2 style=\"text-align: justify;\">Pflegefachkraft: In welche Richtung soll die Weiterbildung gehen?<\/h2>\n<p style=\"text-align: justify;\">Auch Gesundheitspfleger sehen sich Tag f\u00fcr Tag mit vielen Herausforderungen konfrontiert. Dadurch bieten sich viele Weiterbildungsm\u00f6glichkeiten an, wie etwa folgende:<\/p>\n<ul style=\"text-align: justify;\">\n<li>Fachwirt\/in im Gesundheits- und Sozialwesen<\/li>\n<li>Onkologie<\/li>\n<li>An\u00e4sthesie\/Intensivpflege<\/li>\n<li>Fachkrankenschwester f\u00fcr Nephrologie<\/li>\n<li>Fachwirt\/in in der Alten- und Krankenpflege<\/li>\n<li>Alltagsbeleiter\/in nach \u00a7 87 b SGB XI<\/li>\n<li>Pflegep\u00e4dagogik<\/li>\n<li>Betriebswirt\/in f\u00fcr Management im Gesundheitswesen<\/li>\n<li>Staatlich anerkannte\/r Stationsleiter\/in in der Krankenpflege<\/li>\n<\/ul>\n<h2 style=\"text-align: justify;\">Umschulung und Studium als Alternative<\/h2>\n<p style=\"text-align: justify;\">Raus aus dem Klinikalltag \u2013 wer diesen Wunsch hegt, f\u00fcr den kommt alternativ auch eine Umschulung oder ein Studium infrage. Vorher sollte man sich jedoch seiner Talente und Ziele bewusst sein. Sinnvoll sind Bereiche, in denen man auf sein erlerntes Wissen zur\u00fcckgreifen kann, wie etwa im Beruf des Physiotherapeuten, des Ern\u00e4hrungsberaters oder des Sanit\u00e4ters.<\/p>\n<p style=\"text-align: justify;\">Mit einem Abitur kann auch der Wunsch nach einem Studium verwirklicht werden. An vielen Hochschulen werden einige Jahre Berufserfahrung im entsprechenden Bereich ebenfalls als Hochschulzugangsberechtigung anerkannt. Wichtig ist, in diesem Fall einen Studiengang zu belegen, der mit dem urspr\u00fcnglichen Beruf verwandt ist.<\/p>\n<h2 style=\"text-align: justify;\">Wo kann eine Weiterbildung absolviert werden?<\/h2>\n<p style=\"text-align: justify;\">Die Entscheidung f\u00fcr eine Weiterbildung ist keine leichte. Hat man die richtige Qualifizierung f\u00fcr die Pflege gefunden, gilt es jetzt, herauszufinden, wo die Weiterbildung absolviert werden kann. M\u00f6glichkeiten bieten sowohl Fachschulen als auch Akademien, Hochschulen und private Bildungstr\u00e4ger.<\/p>\n<h2 style=\"text-align: justify;\">Welche F\u00f6rderm\u00f6glichkeiten gibt es?<\/h2>\n<p style=\"text-align: justify;\">Weil eine Weiterbildung mit Kosten einhergeht, daf\u00fcr aber auch die Chancen auf eine Anstellung steigen, werden Bildungshungrige in vielen F\u00e4llen finanziell unterst\u00fctzt. Zu den <a href=\"https:\/\/www.test.de\/Leitfaden-Weiterbildung-finanzieren-Weiterbildung-zahlt-sich-aus-4886405-4886408\/\" target=\"_blank\" rel=\"noopener noreferrer\">F\u00f6rderprogrammen von Bund und L\u00e4ndern<\/a> geh\u00f6ren zum Beispiel Aufstiegs-BAf\u00f6G, Aufstiegsstipendium und Bildungsgutschein.<\/p>\n<p style=\"text-align: justify;\">Autor: Redaktion<\/p>\n<div class=\"shariff shariff-align-left shariff-widget-align-left\"><ul class=\"shariff-buttons theme-round orientation-horizontal buttonsize-medium\"><li class=\"shariff-button facebook shariff-nocustomcolor\" style=\"background-color:#4273c8\"><a href=\"https:\/\/www.facebook.com\/sharer\/sharer.php?u=https%3A%2F%2Fwww.weiterbildungsmarkt.net%2Fmagazin%2Fdie-besten-weiterbildungen-fuer-krankenschwestern-und-pflegefachkraefte%2F\" title=\"Bei Facebook teilen\" aria-label=\"Bei Facebook teilen\" role=\"button\" rel=\"nofollow\" class=\"shariff-link\" style=\"; background-color:#3b5998; color:#fff\" target=\"_blank\"><span class=\"shariff-icon\" style=\"\"><svg width=\"32px\" height=\"20px\" xmlns=\"http:\/\/www.w3.org\/2000\/svg\" viewBox=\"0 0 18 32\"><path fill=\"#3b5998\" d=\"M17.1 0.2v4.7h-2.8q-1.5 0-2.1 0.6t-0.5 1.9v3.4h5.2l-0.7 5.3h-4.5v13.6h-5.5v-13.6h-4.5v-5.3h4.5v-3.9q0-3.3 1.9-5.2t5-1.8q2.6 0 4.1 0.2z\"\/><\/svg><\/span><\/a><\/li><li class=\"shariff-button twitter shariff-nocustomcolor\" style=\"background-color:#595959\"><a href=\"https:\/\/twitter.com\/share?url=https%3A%2F%2Fwww.weiterbildungsmarkt.net%2Fmagazin%2Fdie-besten-weiterbildungen-fuer-krankenschwestern-und-pflegefachkraefte%2F&text=Die%20besten%20Weiterbildungen%20f%C3%BCr%20Krankenschwestern%20und%20Pflegefachkr%C3%A4fte\" title=\"Bei X teilen\" aria-label=\"Bei X teilen\" role=\"button\" rel=\"noopener nofollow\" class=\"shariff-link\" style=\"; background-color:#000; color:#fff\" target=\"_blank\"><span class=\"shariff-icon\" style=\"\"><svg width=\"32px\" height=\"20px\" xmlns=\"http:\/\/www.w3.org\/2000\/svg\" viewBox=\"0 0 24 24\"><path fill=\"#000\" d=\"M14.258 10.152L23.176 0h-2.113l-7.747 8.813L7.133 0H0l9.352 13.328L0 23.973h2.113l8.176-9.309 6.531 9.309h7.133zm-2.895 3.293l-.949-1.328L2.875 1.56h3.246l6.086 8.523.945 1.328 7.91 11.078h-3.246zm0 0\"\/><\/svg><\/span><\/a><\/li><li class=\"shariff-button xing shariff-nocustomcolor\" style=\"background-color:#29888a\"><a href=\"https:\/\/www.xing.com\/spi\/shares\/new?url=https%3A%2F%2Fwww.weiterbildungsmarkt.net%2Fmagazin%2Fdie-besten-weiterbildungen-fuer-krankenschwestern-und-pflegefachkraefte%2F\" title=\"Bei XING teilen\" aria-label=\"Bei XING teilen\" role=\"button\" rel=\"noopener nofollow\" class=\"shariff-link\" style=\"; background-color:#126567; color:#fff\" target=\"_blank\"><span class=\"shariff-icon\" style=\"\"><svg width=\"32px\" height=\"20px\" xmlns=\"http:\/\/www.w3.org\/2000\/svg\" viewBox=\"0 0 25 32\"><path fill=\"#126567\" d=\"M10.7 11.9q-0.2 0.3-4.6 8.2-0.5 0.8-1.2 0.8h-4.3q-0.4 0-0.5-0.3t0-0.6l4.5-8q0 0 0 0l-2.9-5q-0.2-0.4 0-0.7 0.2-0.3 0.5-0.3h4.3q0.7 0 1.2 0.8zM25.1 0.4q0.2 0.3 0 0.7l-9.4 16.7 6 11q0.2 0.4 0 0.6-0.2 0.3-0.6 0.3h-4.3q-0.7 0-1.2-0.8l-6-11.1q0.3-0.6 9.5-16.8 0.4-0.8 1.2-0.8h4.3q0.4 0 0.5 0.3z\"\/><\/svg><\/span><\/a><\/li><li class=\"shariff-button linkedin shariff-nocustomcolor\" style=\"background-color:#1488bf\"><a href=\"https:\/\/www.linkedin.com\/sharing\/share-offsite\/?url=https%3A%2F%2Fwww.weiterbildungsmarkt.net%2Fmagazin%2Fdie-besten-weiterbildungen-fuer-krankenschwestern-und-pflegefachkraefte%2F\" title=\"Bei LinkedIn teilen\" aria-label=\"Bei LinkedIn teilen\" role=\"button\" rel=\"noopener nofollow\" class=\"shariff-link\" style=\"; background-color:#0077b5; color:#fff\" target=\"_blank\"><span class=\"shariff-icon\" style=\"\"><svg width=\"32px\" height=\"20px\" xmlns=\"http:\/\/www.w3.org\/2000\/svg\" viewBox=\"0 0 27 32\"><path fill=\"#0077b5\" d=\"M6.2 11.2v17.7h-5.9v-17.7h5.9zM6.6 5.7q0 1.3-0.9 2.2t-2.4 0.9h0q-1.5 0-2.4-0.9t-0.9-2.2 0.9-2.2 2.4-0.9 2.4 0.9 0.9 2.2zM27.4 18.7v10.1h-5.9v-9.5q0-1.9-0.7-2.9t-2.3-1.1q-1.1 0-1.9 0.6t-1.2 1.5q-0.2 0.5-0.2 1.4v9.9h-5.9q0-7.1 0-11.6t0-5.3l0-0.9h5.9v2.6h0q0.4-0.6 0.7-1t1-0.9 1.6-0.8 2-0.3q3 0 4.9 2t1.9 6z\"\/><\/svg><\/span><\/a><\/li><li class=\"shariff-button whatsapp shariff-nocustomcolor\" style=\"background-color:#5cbe4a\"><a href=\"https:\/\/api.whatsapp.com\/send?text=https%3A%2F%2Fwww.weiterbildungsmarkt.net%2Fmagazin%2Fdie-besten-weiterbildungen-fuer-krankenschwestern-und-pflegefachkraefte%2F%20Die%20besten%20Weiterbildungen%20f%C3%BCr%20Krankenschwestern%20und%20Pflegefachkr%C3%A4fte\" title=\"Bei Whatsapp teilen\" aria-label=\"Bei Whatsapp teilen\" role=\"button\" rel=\"noopener nofollow\" class=\"shariff-link\" style=\"; background-color:#34af23; color:#fff\" target=\"_blank\"><span class=\"shariff-icon\" style=\"\"><svg width=\"32px\" height=\"20px\" xmlns=\"http:\/\/www.w3.org\/2000\/svg\" viewBox=\"0 0 32 32\"><path fill=\"#34af23\" d=\"M17.6 17.4q0.2 0 1.7 0.8t1.6 0.9q0 0.1 0 0.3 0 0.6-0.3 1.4-0.3 0.7-1.3 1.2t-1.8 0.5q-1 0-3.4-1.1-1.7-0.8-3-2.1t-2.6-3.3q-1.3-1.9-1.3-3.5v-0.1q0.1-1.6 1.3-2.8 0.4-0.4 0.9-0.4 0.1 0 0.3 0t0.3 0q0.3 0 0.5 0.1t0.3 0.5q0.1 0.4 0.6 1.6t0.4 1.3q0 0.4-0.6 1t-0.6 0.8q0 0.1 0.1 0.3 0.6 1.3 1.8 2.4 1 0.9 2.7 1.8 0.2 0.1 0.4 0.1 0.3 0 1-0.9t0.9-0.9zM14 26.9q2.3 0 4.3-0.9t3.6-2.4 2.4-3.6 0.9-4.3-0.9-4.3-2.4-3.6-3.6-2.4-4.3-0.9-4.3 0.9-3.6 2.4-2.4 3.6-0.9 4.3q0 3.6 2.1 6.6l-1.4 4.2 4.3-1.4q2.8 1.9 6.2 1.9zM14 2.2q2.7 0 5.2 1.1t4.3 2.9 2.9 4.3 1.1 5.2-1.1 5.2-2.9 4.3-4.3 2.9-5.2 1.1q-3.5 0-6.5-1.7l-7.4 2.4 2.4-7.2q-1.9-3.2-1.9-6.9 0-2.7 1.1-5.2t2.9-4.3 4.3-2.9 5.2-1.1z\"\/><\/svg><\/span><\/a><\/li><li class=\"shariff-button pinterest shariff-nocustomcolor\" style=\"background-color:#e70f18\"><a href=\"https:\/\/www.pinterest.com\/pin\/create\/link\/?url=https%3A%2F%2Fwww.weiterbildungsmarkt.net%2Fmagazin%2Fdie-besten-weiterbildungen-fuer-krankenschwestern-und-pflegefachkraefte%2F&media=https%3A%2F%2Fwww.weiterbildungsmarkt.net%2Fmagazin%2Fwp-content%2Fuploads%2F2020%2F01%2FDie-besten-Weiterbildungen-f%C3%BCr-Krankenschwestern-und-Pflegefachkr%C3%A4fte.jpg&description=Die%20besten%20Weiterbildungen%20f%C3%BCr%20Krankenschwestern%20und%20Pflegefachkr%C3%A4fte\" title=\"Bei Pinterest pinnen\" aria-label=\"Bei Pinterest pinnen\" role=\"button\" rel=\"noopener nofollow\" class=\"shariff-link\" style=\"; background-color:#cb2027; color:#fff\" target=\"_blank\"><span class=\"shariff-icon\" style=\"\"><svg width=\"32px\" height=\"20px\" xmlns=\"http:\/\/www.w3.org\/2000\/svg\" viewBox=\"0 0 27 32\"><path fill=\"#cb2027\" d=\"M27.4 16q0 3.7-1.8 6.9t-5 5-6.9 1.9q-2 0-3.9-0.6 1.1-1.7 1.4-2.9 0.2-0.6 1-3.8 0.4 0.7 1.3 1.2t2 0.5q2.1 0 3.8-1.2t2.7-3.4 0.9-4.8q0-2-1.1-3.8t-3.1-2.9-4.5-1.2q-1.9 0-3.5 0.5t-2.8 1.4-2 2-1.2 2.3-0.4 2.4q0 1.9 0.7 3.3t2.1 2q0.5 0.2 0.7-0.4 0-0.1 0.1-0.5t0.2-0.5q0.1-0.4-0.2-0.8-0.9-1.1-0.9-2.7 0-2.7 1.9-4.6t4.9-2q2.7 0 4.2 1.5t1.5 3.8q0 3-1.2 5.2t-3.1 2.1q-1.1 0-1.7-0.8t-0.4-1.9q0.1-0.6 0.5-1.7t0.5-1.8 0.2-1.4q0-0.9-0.5-1.5t-1.4-0.6q-1.1 0-1.9 1t-0.8 2.6q0 1.3 0.4 2.2l-1.8 7.5q-0.3 1.2-0.2 3.2-3.7-1.6-6-5t-2.3-7.6q0-3.7 1.9-6.9t5-5 6.9-1.9 6.9 1.9 5 5 1.8 6.9z\"\/><\/svg><\/span><\/a><\/li><\/ul><\/div>","protected":false},"excerpt":{"rendered":"<p>Krankenschwestern und Pflegefachkr\u00e4fte erbringen Tag f\u00fcr Tag eine enorme Leistung. Wenn bei einigen der Wunsch nach Ver\u00e4nderung aufkommt, bieten sich vielf\u00e4ltige Weiterbildungsm\u00f6glichkeiten an. Welche Gr\u00fcnde gibt es f\u00fcr die Weiterbildung im Gesundheitswesen? Was sind die besten Weiterbildungsma\u00dfnahmen? Und welche F\u00f6rderm\u00f6glichkeiten bieten sich an? Warum \u00fcberhaupt weiterbilden? F\u00fcr viele Menschen in der Pflege ist ihr Beruf [&hellip;]<\/p>\n","protected":false},"author":14,"featured_media":6752,"comment_status":"open","ping_status":"closed","sticky":false,"template":"","format":"standard","meta":{"_acf_changed":false,"footnotes":""},"categories":[11,53,1],"tags":[134,91,10],"class_list":["post-6750","post","type-post","status-publish","format-standard","has-post-thumbnail","hentry","category-ausbildung","category-gesundheitsmanagement","category-weiterbildung","tag-ausbildung","tag-karriere","tag-weiterbildungen"],"acf":[],"_links":{"self":[{"href":"https:\/\/www.weiterbildungsmarkt.net\/magazin\/wp-json\/wp\/v2\/posts\/6750","targetHints":{"allow":["GET"]}}],"collection":[{"href":"https:\/\/www.weiterbildungsmarkt.net\/magazin\/wp-json\/wp\/v2\/posts"}],"about":[{"href":"https:\/\/www.weiterbildungsmarkt.net\/magazin\/wp-json\/wp\/v2\/types\/post"}],"author":[{"embeddable":true,"href":"https:\/\/www.weiterbildungsmarkt.net\/magazin\/wp-json\/wp\/v2\/users\/14"}],"replies":[{"embeddable":true,"href":"https:\/\/www.weiterbildungsmarkt.net\/magazin\/wp-json\/wp\/v2\/comments?post=6750"}],"version-history":[{"count":5,"href":"https:\/\/www.weiterbildungsmarkt.net\/magazin\/wp-json\/wp\/v2\/posts\/6750\/revisions"}],"predecessor-version":[{"id":9632,"href":"https:\/\/www.weiterbildungsmarkt.net\/magazin\/wp-json\/wp\/v2\/posts\/6750\/revisions\/9632"}],"wp:featuredmedia":[{"embeddable":true,"href":"https:\/\/www.weiterbildungsmarkt.net\/magazin\/wp-json\/wp\/v2\/media\/6752"}],"wp:attachment":[{"href":"https:\/\/www.weiterbildungsmarkt.net\/magazin\/wp-json\/wp\/v2\/media?parent=6750"}],"wp:term":[{"taxonomy":"category","embeddable":true,"href":"https:\/\/www.weiterbildungsmarkt.net\/magazin\/wp-json\/wp\/v2\/categories?post=6750"},{"taxonomy":"post_tag","embeddable":true,"href":"https:\/\/www.weiterbildungsmarkt.net\/magazin\/wp-json\/wp\/v2\/tags?post=6750"}],"curies":[{"name":"wp","href":"https:\/\/api.w.org\/{rel}","templated":true}]}}