{"id":6756,"date":"2020-02-29T11:13:30","date_gmt":"2020-02-29T09:13:30","guid":{"rendered":"https:\/\/www.weiterbildungsmarkt.net\/magazin\/?p=6756"},"modified":"2020-04-29T14:30:51","modified_gmt":"2020-04-29T12:30:51","slug":"was-das-standpersonal-auf-messen-oft-nicht-zu-fragen-wagt","status":"publish","type":"post","link":"https:\/\/www.weiterbildungsmarkt.net\/magazin\/was-das-standpersonal-auf-messen-oft-nicht-zu-fragen-wagt\/","title":{"rendered":"Was das Standpersonal auf Messen oft nicht zu fragen wagt"},"content":{"rendered":"<p style=\"text-align: justify;\"><strong>Es gibt auch im Verkauf Themen, \u00fcber die man einfach nicht spricht. Entweder, weil man als F\u00fchrungskraft glaubt, dass es f\u00fcr die eigenen Mitarbeiter gar kein Thema ist. Oder weil man als Mitarbeiter glaubt, dass man bl\u00f6d dastehen w\u00fcrde, wenn man seine F\u00fchrungskraft so etwas fragt. Darum nachfolgend typische Fragen zum Thema Erfolg auf Messen, die meist nicht gestellt werden \u2013 auf die aber alle Beteiligten konkrete Antworten haben sollten:<\/strong><\/p>\n<h2 style=\"text-align: justify;\">Was sind unsere Messeziele?<\/h2>\n<p style=\"text-align: justify;\">Wer als Mitarbeiter glaubt, das Hauptziel der Messebeteiligung sei Stammkundenbindung, wird sich ganz automatisch anders verhalten, wie jemand, der davon ausgeht, dass das Hauptziel Neukundengewinnung oder Auftragsgewinnung ist. Darum muss jeder auf dem Stand ganz klar wissen, welche Ziele h\u00f6chste Priorit\u00e4t haben. Oder anders gesagt: Warum viel Geld, Zeit und Energie \u00fcberhaupt in die Messebeteiligung investiert wird.<\/p>\n<h2 style=\"text-align: justify;\">Wie bekomme ich mehr Menschen zu unserem Stand?<\/h2>\n<p style=\"text-align: justify;\">Wer nicht schon vor der Messe Stammkunden oder auch Zielkunden anruft, um diese zum Besuch des Standes \u2013 im Idealfall sogar mit einem Termin \u2013 zu animieren, verschenkt viel Potential. Denn wenn man bei den Messebesuchern nicht auf der Agenda steht, ist das Risiko einfach zu gro\u00df, dass diese nicht \u2013 mal einfach so eben und nebenbei \u2013 zum Messestand kommen.<\/p>\n<h2 style=\"text-align: justify;\">Wie qualifiziere ich Standbesucher?<\/h2>\n<p style=\"text-align: justify;\">Eine Messeminute kostet schnell dreistellige Betr\u00e4ge. Darum m\u00fcssen Mitarbeiter wissen, wie sie Messebesucher auf dem Stand schnell qualifizieren \u2013 um dann bewusst zu entscheiden, ob es sinnvoll ist, das Gespr\u00e4ch weiterhin auf der Messe zu f\u00fchren oder beispielsweise lieber einen Termin vor Ort zu vereinbaren. Wer erst nach einer halben Stunde Messegespr\u00e4ch erf\u00e4hrt, dass der Besucher etwas will, was \u00fcberhaupt nichts mit den zuvor gesteckten Messezielen zu tun hat, macht etwas falsch.<\/p>\n<h2 style=\"text-align: justify;\">Wie spreche ich Messebesucher an, die an meinem Stand vorbeigehen wollen?<\/h2>\n<p style=\"text-align: justify;\">Viele Mitarbeiter scheuen sich, Messebesucher direkt anzusprechen. Eigentlich schade! Oder doch gut? Denn wenn das pl\u00f6tzlich wirklich alle Aussteller tun w\u00fcrden, w\u00e4re es sicherlich auch etwas anstrengend f\u00fcr die Besucher. Da aber die meisten Aussteller gar keine Laufkundschaft ansprechen wollen (oder m\u00fcsste es eigentlich hei\u00dfen \u201esich trauen\u201c?), k\u00f6nnen sich gerade dadurch durchaus interessante Dialoge ergeben.<\/p>\n<h2 style=\"text-align: justify;\">Wie \u00fcberzeuge ich den Messebesucher?<\/h2>\n<p style=\"text-align: justify;\">Es n\u00fctzt nichts, nur Ziele zu definieren. Denn wenn das Ziel ist, beispielsweise auf der Messe Termine zu generieren, dann muss auch jeder auf dem Stand wissen, wie er dieses Ziel tats\u00e4chlich erreicht. Im Idealfall verf\u00fcgen alle, die f\u00fcr diese Aufgabe verantwortlich sind, \u00fcber mehrere M\u00f6glichkeiten, binnen k\u00fcrzester Zeit wertsch\u00e4tzend das Gespr\u00e4ch mit Messebesuchern zu f\u00fchren. Von originellen Gespr\u00e4chseinstiegen \u00fcber souver\u00e4ne M\u00f6glichkeiten, mit gewissen Bedenken oder Einw\u00e4nden des Kunden umzugehen, bis hin zu alternativen Abschlussmethoden.<\/p>\n<h2 style=\"text-align: justify;\">Wie gehe ich mit \u201eschwierigen\u201c Situationen auf dem Stand um?<\/h2>\n<p style=\"text-align: justify;\">Manche Mitarbeiter auf der Messe treibt die Sorge um, was passieren k\u00f6nnte, wenn ein unzufriedener Kunde auf den Stand kommt, um beispielsweise erst einmal sehr laut seinen Emotionen freien Lauf zu lassen. Sie fragen sich, wie sie Messebesucher \u2013durchaus wertsch\u00e4tzend \u2013 bitten k\u00f6nnen, den Stand wieder zu verlassen, vor allem dann, wenn irgendwann wirklich alles gesagt ist. Da Hemmungen und \u00c4ngste die gr\u00f6\u00dften Erfolgsverhinderer auf Messen sind, muss hier das Unternehmen und jeder Mitarbeiter f\u00fcr sich absolute Klarheit haben.<\/p>\n<h2 style=\"text-align: justify;\">Wie verhalte ich mich optimal auf dem Messestand?<\/h2>\n<p style=\"text-align: justify;\">Im Idealfall sind die Verantwortlichkeiten gekl\u00e4rt, wer f\u00fcr was immer verantwortlich ist, und wer was macht, wenn er dazwischen einfach mal Zeit hat. Alle m\u00fcssen aber auch wissen, wer sich bei wem abmeldet, wenn jemand in die Pause geht. Denn f\u00fcr Messebesucher gibt es nichts Schlimmeres, als jemanden auf dem Stand gezielt zu suchen, um dann nur zu h\u00f6ren: \u201eWei\u00df ich auch nicht, wo mein Kollege gerade ist. Gucken Sie doch mal da dr\u00fcben \u2026\u201c<\/p>\n<h2 style=\"text-align: justify;\">Wie gehe ich mit Messebesuchern um, die uns etwas verkaufen wollen?<\/h2>\n<p style=\"text-align: justify;\">Nat\u00fcrlich nutzen auch manche Anbieter die Chance, Ausstellern etwas zu verkaufen. Das ist durchaus legitim \u2013 sofern es angemessen und fair abl\u00e4uft. Wer Verk\u00e4ufer m\u00f6glichst schnell wieder loswerden m\u00f6chte, gibt diesen einfach eine Visitenkarte des Einkaufs mit den Worten \u201eHeute sind wir hier, um selbst zu verkaufen. Hier ist die Visitenkarte unseres Einkaufs \u2013 dort k\u00f6nnen Sie sich gerne in den n\u00e4chsten Tagen melden.\u201c<\/p>\n<h2 style=\"text-align: justify;\">Wie gewinne ich auch die Kunden, die gar nicht auf dem Messestand waren?<\/h2>\n<p style=\"text-align: justify;\">Eine Messe ist eine sch\u00f6ne M\u00f6glichkeit, um Termine mit Entscheidern zu bekommen, die gar nicht auf der Messe waren. Denkbar ist es beispielsweise, diese ein paar Tage nach der Messe anzurufen und einen pers\u00f6nlichen Termin zu vereinbaren, um ihnen trotzdem die Messehighlights zu pr\u00e4sentieren.<\/p>\n<h2 style=\"text-align: justify;\">Was muss ich unbedingt nach der Messe tun?<\/h2>\n<p style=\"text-align: justify;\">Nach der Messe m\u00fcssen auf alle F\u00e4lle die \u201ehei\u00dfen Eisen\u201c geschmiedet werden. Leider vergessen viele Verk\u00e4ufer, gen\u00fcgend Zeit f\u00fcr die Nachbereitung der Messekontakte schon weit vor der Messe zu reservieren. Es schadet aber auch nicht zu \u00fcberlegen, was auf der Messe gut funktioniert hat \u2013 und was nicht, um dann bei der n\u00e4chsten Ausstellung noch souver\u00e4ner aufzutreten.<\/p>\n<p style=\"text-align: justify;\"><strong>Buchtipp: Oliver Schumacher:<\/strong> <a href=\"https:\/\/amzn.to\/31zFRpR\" target=\"_blank\" rel=\"noopener noreferrer\"><strong>Was viele Verk\u00e4ufer nicht zu fragen wagen<\/strong><\/a><\/p>\n<h3 style=\"text-align: justify;\">\u00dcber den Autor:<strong><br \/>\n<\/strong><\/h3>\n<p style=\"text-align: justify;\"><img loading=\"lazy\" decoding=\"async\" class=\"alignleft size-thumbnail wp-image-5573\" src=\"https:\/\/www.weiterbildungsmarkt.net\/magazin\/wp-content\/uploads\/2018\/07\/Oliver-Schumacher-Portrait-Homepage-2016_kl-120x120.jpg\" alt=\"Oliver Schumacher\" width=\"120\" height=\"120\" \/>Ehrlichkeit verkauft. Das ist das Credo des vielfachen Autors, Verkaufstrainers und Redners <strong>Oliver Schumacher<\/strong>. Seine Mission ist nicht nur, dass Unternehmen ihre vertrieblichen Ziele dauerhaft erreichen, sondern auch dass Verk\u00e4ufer in Zukunft einen h\u00f6heren gesellschaftlichen Stellenwert genie\u00dfen. Der Mittvierziger arbeitete selbst \u00fcber 10 Jahre \u00fcberdurchschnittlich erfolgreich im Verkauf f\u00fcr einen Markenartikler. Er ist Sprechwissenschaftler (M.A.) und Diplom-Betriebswirt (FH).<\/p>\n<div class=\"shariff shariff-align-left shariff-widget-align-left\"><ul class=\"shariff-buttons theme-round orientation-horizontal buttonsize-medium\"><li class=\"shariff-button facebook shariff-nocustomcolor\" style=\"background-color:#4273c8\"><a href=\"https:\/\/www.facebook.com\/sharer\/sharer.php?u=https%3A%2F%2Fwww.weiterbildungsmarkt.net%2Fmagazin%2Fwas-das-standpersonal-auf-messen-oft-nicht-zu-fragen-wagt%2F\" title=\"Bei Facebook teilen\" aria-label=\"Bei Facebook teilen\" role=\"button\" rel=\"nofollow\" class=\"shariff-link\" style=\"; background-color:#3b5998; color:#fff\" target=\"_blank\"><span class=\"shariff-icon\" style=\"\"><svg width=\"32px\" height=\"20px\" xmlns=\"http:\/\/www.w3.org\/2000\/svg\" viewBox=\"0 0 18 32\"><path fill=\"#3b5998\" d=\"M17.1 0.2v4.7h-2.8q-1.5 0-2.1 0.6t-0.5 1.9v3.4h5.2l-0.7 5.3h-4.5v13.6h-5.5v-13.6h-4.5v-5.3h4.5v-3.9q0-3.3 1.9-5.2t5-1.8q2.6 0 4.1 0.2z\"\/><\/svg><\/span><\/a><\/li><li class=\"shariff-button twitter shariff-nocustomcolor\" style=\"background-color:#595959\"><a href=\"https:\/\/twitter.com\/share?url=https%3A%2F%2Fwww.weiterbildungsmarkt.net%2Fmagazin%2Fwas-das-standpersonal-auf-messen-oft-nicht-zu-fragen-wagt%2F&text=Was%20das%20Standpersonal%20auf%20Messen%20oft%20nicht%20zu%20fragen%20wagt\" title=\"Bei X teilen\" aria-label=\"Bei X teilen\" role=\"button\" rel=\"noopener nofollow\" class=\"shariff-link\" style=\"; background-color:#000; color:#fff\" target=\"_blank\"><span class=\"shariff-icon\" style=\"\"><svg width=\"32px\" height=\"20px\" xmlns=\"http:\/\/www.w3.org\/2000\/svg\" viewBox=\"0 0 24 24\"><path fill=\"#000\" d=\"M14.258 10.152L23.176 0h-2.113l-7.747 8.813L7.133 0H0l9.352 13.328L0 23.973h2.113l8.176-9.309 6.531 9.309h7.133zm-2.895 3.293l-.949-1.328L2.875 1.56h3.246l6.086 8.523.945 1.328 7.91 11.078h-3.246zm0 0\"\/><\/svg><\/span><\/a><\/li><li class=\"shariff-button xing shariff-nocustomcolor\" style=\"background-color:#29888a\"><a href=\"https:\/\/www.xing.com\/spi\/shares\/new?url=https%3A%2F%2Fwww.weiterbildungsmarkt.net%2Fmagazin%2Fwas-das-standpersonal-auf-messen-oft-nicht-zu-fragen-wagt%2F\" title=\"Bei XING teilen\" aria-label=\"Bei XING teilen\" role=\"button\" rel=\"noopener nofollow\" class=\"shariff-link\" style=\"; background-color:#126567; color:#fff\" target=\"_blank\"><span class=\"shariff-icon\" style=\"\"><svg width=\"32px\" height=\"20px\" xmlns=\"http:\/\/www.w3.org\/2000\/svg\" viewBox=\"0 0 25 32\"><path fill=\"#126567\" d=\"M10.7 11.9q-0.2 0.3-4.6 8.2-0.5 0.8-1.2 0.8h-4.3q-0.4 0-0.5-0.3t0-0.6l4.5-8q0 0 0 0l-2.9-5q-0.2-0.4 0-0.7 0.2-0.3 0.5-0.3h4.3q0.7 0 1.2 0.8zM25.1 0.4q0.2 0.3 0 0.7l-9.4 16.7 6 11q0.2 0.4 0 0.6-0.2 0.3-0.6 0.3h-4.3q-0.7 0-1.2-0.8l-6-11.1q0.3-0.6 9.5-16.8 0.4-0.8 1.2-0.8h4.3q0.4 0 0.5 0.3z\"\/><\/svg><\/span><\/a><\/li><li class=\"shariff-button linkedin shariff-nocustomcolor\" style=\"background-color:#1488bf\"><a href=\"https:\/\/www.linkedin.com\/sharing\/share-offsite\/?url=https%3A%2F%2Fwww.weiterbildungsmarkt.net%2Fmagazin%2Fwas-das-standpersonal-auf-messen-oft-nicht-zu-fragen-wagt%2F\" title=\"Bei LinkedIn teilen\" aria-label=\"Bei LinkedIn teilen\" role=\"button\" rel=\"noopener nofollow\" class=\"shariff-link\" style=\"; background-color:#0077b5; color:#fff\" target=\"_blank\"><span class=\"shariff-icon\" style=\"\"><svg width=\"32px\" height=\"20px\" xmlns=\"http:\/\/www.w3.org\/2000\/svg\" viewBox=\"0 0 27 32\"><path fill=\"#0077b5\" d=\"M6.2 11.2v17.7h-5.9v-17.7h5.9zM6.6 5.7q0 1.3-0.9 2.2t-2.4 0.9h0q-1.5 0-2.4-0.9t-0.9-2.2 0.9-2.2 2.4-0.9 2.4 0.9 0.9 2.2zM27.4 18.7v10.1h-5.9v-9.5q0-1.9-0.7-2.9t-2.3-1.1q-1.1 0-1.9 0.6t-1.2 1.5q-0.2 0.5-0.2 1.4v9.9h-5.9q0-7.1 0-11.6t0-5.3l0-0.9h5.9v2.6h0q0.4-0.6 0.7-1t1-0.9 1.6-0.8 2-0.3q3 0 4.9 2t1.9 6z\"\/><\/svg><\/span><\/a><\/li><li class=\"shariff-button whatsapp shariff-nocustomcolor\" style=\"background-color:#5cbe4a\"><a href=\"https:\/\/api.whatsapp.com\/send?text=https%3A%2F%2Fwww.weiterbildungsmarkt.net%2Fmagazin%2Fwas-das-standpersonal-auf-messen-oft-nicht-zu-fragen-wagt%2F%20Was%20das%20Standpersonal%20auf%20Messen%20oft%20nicht%20zu%20fragen%20wagt\" title=\"Bei Whatsapp teilen\" aria-label=\"Bei Whatsapp teilen\" role=\"button\" rel=\"noopener nofollow\" class=\"shariff-link\" style=\"; background-color:#34af23; color:#fff\" target=\"_blank\"><span class=\"shariff-icon\" style=\"\"><svg width=\"32px\" height=\"20px\" xmlns=\"http:\/\/www.w3.org\/2000\/svg\" viewBox=\"0 0 32 32\"><path fill=\"#34af23\" d=\"M17.6 17.4q0.2 0 1.7 0.8t1.6 0.9q0 0.1 0 0.3 0 0.6-0.3 1.4-0.3 0.7-1.3 1.2t-1.8 0.5q-1 0-3.4-1.1-1.7-0.8-3-2.1t-2.6-3.3q-1.3-1.9-1.3-3.5v-0.1q0.1-1.6 1.3-2.8 0.4-0.4 0.9-0.4 0.1 0 0.3 0t0.3 0q0.3 0 0.5 0.1t0.3 0.5q0.1 0.4 0.6 1.6t0.4 1.3q0 0.4-0.6 1t-0.6 0.8q0 0.1 0.1 0.3 0.6 1.3 1.8 2.4 1 0.9 2.7 1.8 0.2 0.1 0.4 0.1 0.3 0 1-0.9t0.9-0.9zM14 26.9q2.3 0 4.3-0.9t3.6-2.4 2.4-3.6 0.9-4.3-0.9-4.3-2.4-3.6-3.6-2.4-4.3-0.9-4.3 0.9-3.6 2.4-2.4 3.6-0.9 4.3q0 3.6 2.1 6.6l-1.4 4.2 4.3-1.4q2.8 1.9 6.2 1.9zM14 2.2q2.7 0 5.2 1.1t4.3 2.9 2.9 4.3 1.1 5.2-1.1 5.2-2.9 4.3-4.3 2.9-5.2 1.1q-3.5 0-6.5-1.7l-7.4 2.4 2.4-7.2q-1.9-3.2-1.9-6.9 0-2.7 1.1-5.2t2.9-4.3 4.3-2.9 5.2-1.1z\"\/><\/svg><\/span><\/a><\/li><li class=\"shariff-button pinterest shariff-nocustomcolor\" style=\"background-color:#e70f18\"><a href=\"https:\/\/www.pinterest.com\/pin\/create\/link\/?url=https%3A%2F%2Fwww.weiterbildungsmarkt.net%2Fmagazin%2Fwas-das-standpersonal-auf-messen-oft-nicht-zu-fragen-wagt%2F&media=https%3A%2F%2Fwww.weiterbildungsmarkt.net%2Fmagazin%2Fwp-content%2Fuploads%2F2020%2F04%2FWas-das-Standpersonal-auf-Messen-oft-nicht-zu-fragen-wagt.jpg&description=Was%20das%20Standpersonal%20auf%20Messen%20oft%20nicht%20zu%20fragen%20wagt\" title=\"Bei Pinterest pinnen\" aria-label=\"Bei Pinterest pinnen\" role=\"button\" rel=\"noopener nofollow\" class=\"shariff-link\" style=\"; background-color:#cb2027; color:#fff\" target=\"_blank\"><span class=\"shariff-icon\" style=\"\"><svg width=\"32px\" height=\"20px\" xmlns=\"http:\/\/www.w3.org\/2000\/svg\" viewBox=\"0 0 27 32\"><path fill=\"#cb2027\" d=\"M27.4 16q0 3.7-1.8 6.9t-5 5-6.9 1.9q-2 0-3.9-0.6 1.1-1.7 1.4-2.9 0.2-0.6 1-3.8 0.4 0.7 1.3 1.2t2 0.5q2.1 0 3.8-1.2t2.7-3.4 0.9-4.8q0-2-1.1-3.8t-3.1-2.9-4.5-1.2q-1.9 0-3.5 0.5t-2.8 1.4-2 2-1.2 2.3-0.4 2.4q0 1.9 0.7 3.3t2.1 2q0.5 0.2 0.7-0.4 0-0.1 0.1-0.5t0.2-0.5q0.1-0.4-0.2-0.8-0.9-1.1-0.9-2.7 0-2.7 1.9-4.6t4.9-2q2.7 0 4.2 1.5t1.5 3.8q0 3-1.2 5.2t-3.1 2.1q-1.1 0-1.7-0.8t-0.4-1.9q0.1-0.6 0.5-1.7t0.5-1.8 0.2-1.4q0-0.9-0.5-1.5t-1.4-0.6q-1.1 0-1.9 1t-0.8 2.6q0 1.3 0.4 2.2l-1.8 7.5q-0.3 1.2-0.2 3.2-3.7-1.6-6-5t-2.3-7.6q0-3.7 1.9-6.9t5-5 6.9-1.9 6.9 1.9 5 5 1.8 6.9z\"\/><\/svg><\/span><\/a><\/li><\/ul><\/div>","protected":false},"excerpt":{"rendered":"<p>Es gibt auch im Verkauf Themen, \u00fcber die man einfach nicht spricht. Entweder, weil man als F\u00fchrungskraft glaubt, dass es f\u00fcr die eigenen Mitarbeiter gar kein Thema ist. Oder weil man als Mitarbeiter glaubt, dass man bl\u00f6d dastehen w\u00fcrde, wenn man seine F\u00fchrungskraft so etwas fragt. Darum nachfolgend typische Fragen zum Thema Erfolg auf Messen, [&hellip;]<\/p>\n","protected":false},"author":3,"featured_media":6758,"comment_status":"open","ping_status":"closed","sticky":false,"template":"","format":"standard","meta":{"_acf_changed":false,"footnotes":""},"categories":[8,25],"tags":[148,67,133],"class_list":["post-6756","post","type-post","status-publish","format-standard","has-post-thumbnail","hentry","category-verkaufstraining","category-akquise","tag-akquise","tag-verkaufsgespraech","tag-verkaufstraining"],"acf":[],"_links":{"self":[{"href":"https:\/\/www.weiterbildungsmarkt.net\/magazin\/wp-json\/wp\/v2\/posts\/6756","targetHints":{"allow":["GET"]}}],"collection":[{"href":"https:\/\/www.weiterbildungsmarkt.net\/magazin\/wp-json\/wp\/v2\/posts"}],"about":[{"href":"https:\/\/www.weiterbildungsmarkt.net\/magazin\/wp-json\/wp\/v2\/types\/post"}],"author":[{"embeddable":true,"href":"https:\/\/www.weiterbildungsmarkt.net\/magazin\/wp-json\/wp\/v2\/users\/3"}],"replies":[{"embeddable":true,"href":"https:\/\/www.weiterbildungsmarkt.net\/magazin\/wp-json\/wp\/v2\/comments?post=6756"}],"version-history":[{"count":1,"href":"https:\/\/www.weiterbildungsmarkt.net\/magazin\/wp-json\/wp\/v2\/posts\/6756\/revisions"}],"predecessor-version":[{"id":6757,"href":"https:\/\/www.weiterbildungsmarkt.net\/magazin\/wp-json\/wp\/v2\/posts\/6756\/revisions\/6757"}],"wp:featuredmedia":[{"embeddable":true,"href":"https:\/\/www.weiterbildungsmarkt.net\/magazin\/wp-json\/wp\/v2\/media\/6758"}],"wp:attachment":[{"href":"https:\/\/www.weiterbildungsmarkt.net\/magazin\/wp-json\/wp\/v2\/media?parent=6756"}],"wp:term":[{"taxonomy":"category","embeddable":true,"href":"https:\/\/www.weiterbildungsmarkt.net\/magazin\/wp-json\/wp\/v2\/categories?post=6756"},{"taxonomy":"post_tag","embeddable":true,"href":"https:\/\/www.weiterbildungsmarkt.net\/magazin\/wp-json\/wp\/v2\/tags?post=6756"}],"curies":[{"name":"wp","href":"https:\/\/api.w.org\/{rel}","templated":true}]}}