{"id":6795,"date":"2020-05-12T09:53:43","date_gmt":"2020-05-12T07:53:43","guid":{"rendered":"https:\/\/www.weiterbildungsmarkt.net\/magazin\/?p=6795"},"modified":"2020-02-11T18:56:22","modified_gmt":"2020-02-11T16:56:22","slug":"ueberforderung-im-vertrieb-ein-tabu-thema","status":"publish","type":"post","link":"https:\/\/www.weiterbildungsmarkt.net\/magazin\/ueberforderung-im-vertrieb-ein-tabu-thema\/","title":{"rendered":"\u00dcberforderung im Vertrieb &#8211; Ein Tabu-Thema"},"content":{"rendered":"<p style=\"text-align: justify;\"><strong>Viele Vertriebler sind mit ihren Aufgaben \u00fcberfordert. Das Dumme ist, dass dar\u00fcber kaum einer offen spricht. Im Nachhinein wundert man sich dann als F\u00fchrungskraft, wenn es mit der Zielerf\u00fcllung nicht klappt \u2013 oder der Verk\u00e4ufer von heute auf morgen k\u00fcndigt.<\/strong><\/p>\n<h2 style=\"text-align: justify;\">Kunden sind Menschen \u2013 Verk\u00e4ufer auch!<\/h2>\n<p style=\"text-align: justify;\">H\u00e4ufig wird der Vertriebler als Instrument angesehen, um Ums\u00e4tze und Auftr\u00e4ge zu generieren. Daf\u00fcr wurde dieser eingestellt, daran wird er gemessen \u2013 und daf\u00fcr wird er auch bezahlt. So weit, so richtig. Aber: Was macht ein Verk\u00e4ufer, wenn er pl\u00f6tzlich merkt, dass er gewissen Aufgaben nicht gewachsen ist?<\/p>\n<h2 style=\"text-align: justify;\">Vielen fehlt der Mut zum Dialog!<\/h2>\n<p style=\"text-align: justify;\">Wenn es kritisch wird, suchen Verk\u00e4ufer in der Regel nicht den Dialog mit Kollegen, die es k\u00f6nnen. Eher versuchen sie, das Thema mit sich selbst auszumachen und aus eigener Kraft eine L\u00f6sung zu finden, wie sie den abtr\u00fcnnigen guten Kunden doch noch halten oder vom h\u00f6heren Preis \u00fcberzeugen k\u00f6nnen. Wenn dies nicht gelingt, wird die Saat f\u00fcr drei entscheidende und folgenschwere Fehler ges\u00e4t:<\/p>\n<ol style=\"text-align: justify;\">\n<li>Statt \u00fcber den Vorgang offen mit den Kollegen und der F\u00fchrungskraft zu sprechen, um daraus zu lernen, wird der Mantel des Schweigens \u00fcber den Vorfall gelegt \u2013 was sollen denn auch die anderen denken?<\/li>\n<\/ol>\n<ol style=\"text-align: justify;\" start=\"2\">\n<li>Mit zunehmenden Misserfolgen wird das Selbstwertgef\u00fchl des Verk\u00e4ufers geringer. Es fehlt immer mehr der n\u00f6tige Mut, um Neukundengewinnung zu betreiben oder offensiv mit billigeren Mitbewerbern umzugehen. Schwache Verk\u00e4ufer ziehen schwache Ergebnisse immer mehr an.<\/li>\n<\/ol>\n<ol style=\"text-align: justify;\" start=\"3\">\n<li>Die F\u00fchrungskraft scheut oder verpasst den rechtzeitigen Dialog, um sofort helfend und aufmunternd einzugreifen. H\u00e4ufig erkennt sie schwache Verk\u00e4ufer eh viel zu sp\u00e4t und hofft auf Selbstheilung. Doch warum soll sich etwas \u00e4ndern, wenn man nichts \u00e4ndert?<\/li>\n<\/ol>\n<h2 style=\"text-align: justify;\">Redet! Konkret! Miteinander!<\/h2>\n<p style=\"text-align: justify;\">Es darf nicht mehr jede Abteilung und jeder Mitarbeiter sein eigenes S\u00fcppchen kochen. W\u00f6chentlich sollten sich mehr Mitarbeiter zusammensetzen, um \u00fcber das zu reden, was l\u00e4uft \u2013 und was nicht. Hierbei geht es nicht darum, zu jammern oder zu tadeln. Alle m\u00fcssen wissen, was funktioniert \u2013 und was nicht, um gemeinsam die gesamte Unternehmung voranzubringen.<\/p>\n<p style=\"text-align: justify;\"><strong>Buchtipp: Oliver Schumacher:<\/strong> <a href=\"https:\/\/amzn.to\/31zFRpR\" target=\"_blank\" rel=\"noopener noreferrer\"><strong>Was viele Verk\u00e4ufer nicht zu fragen wagen<\/strong><\/a><\/p>\n<h3 style=\"text-align: justify;\">\u00dcber den Autor:<strong><br \/>\n<\/strong><\/h3>\n<p style=\"text-align: justify;\"><img loading=\"lazy\" decoding=\"async\" class=\"alignleft size-thumbnail wp-image-2746\" src=\"https:\/\/www.3minutencoach.com\/wp-content\/uploads\/2016\/06\/Oliver-Schumacher-Portrait-Homepage-2016_kl-150x150.jpg\" alt=\"Oliver Schumacher\" width=\"150\" height=\"150\" \/>Ehrlichkeit verkauft. Das ist das Credo des vielfachen Autors, Verkaufstrainers und Redners <strong>Oliver Schumacher<\/strong>. Seine Mission ist nicht nur, dass Unternehmen ihre vertrieblichen Ziele dauerhaft erreichen, sondern auch dass Verk\u00e4ufer in Zukunft einen h\u00f6heren gesellschaftlichen Stellenwert genie\u00dfen. Der Mittvierziger arbeitete selbst \u00fcber 10 Jahre \u00fcberdurchschnittlich erfolgreich im Verkauf f\u00fcr einen Markenartikler. Er ist Sprechwissenschaftler (M.A.) und Diplom-Betriebswirt (FH).<\/p>\n<div class=\"shariff shariff-align-flex-start shariff-widget-align-flex-start\"><ul class=\"shariff-buttons theme-round orientation-horizontal buttonsize-medium\"><li class=\"shariff-button facebook shariff-nocustomcolor\" style=\"background-color:#4273c8\"><a href=\"https:\/\/www.facebook.com\/sharer\/sharer.php?u=https%3A%2F%2Fwww.weiterbildungsmarkt.net%2Fmagazin%2Fueberforderung-im-vertrieb-ein-tabu-thema%2F\" title=\"Bei Facebook teilen\" aria-label=\"Bei Facebook teilen\" role=\"button\" rel=\"nofollow\" class=\"shariff-link\" style=\"; background-color:#3b5998; color:#fff\" target=\"_blank\"><span class=\"shariff-icon\" style=\"\"><svg width=\"32px\" height=\"20px\" xmlns=\"http:\/\/www.w3.org\/2000\/svg\" viewBox=\"0 0 18 32\"><path fill=\"#3b5998\" d=\"M17.1 0.2v4.7h-2.8q-1.5 0-2.1 0.6t-0.5 1.9v3.4h5.2l-0.7 5.3h-4.5v13.6h-5.5v-13.6h-4.5v-5.3h4.5v-3.9q0-3.3 1.9-5.2t5-1.8q2.6 0 4.1 0.2z\"\/><\/svg><\/span><\/a><\/li><li class=\"shariff-button twitter shariff-nocustomcolor\" style=\"background-color:#595959\"><a href=\"https:\/\/twitter.com\/share?url=https%3A%2F%2Fwww.weiterbildungsmarkt.net%2Fmagazin%2Fueberforderung-im-vertrieb-ein-tabu-thema%2F&text=%C3%9Cberforderung%20im%20Vertrieb%20%E2%80%93%20Ein%20Tabu-Thema\" title=\"Bei X teilen\" aria-label=\"Bei X teilen\" role=\"button\" rel=\"noopener nofollow\" class=\"shariff-link\" style=\"; background-color:#000; color:#fff\" target=\"_blank\"><span class=\"shariff-icon\" style=\"\"><svg width=\"32px\" height=\"20px\" xmlns=\"http:\/\/www.w3.org\/2000\/svg\" viewBox=\"0 0 24 24\"><path fill=\"#000\" d=\"M14.258 10.152L23.176 0h-2.113l-7.747 8.813L7.133 0H0l9.352 13.328L0 23.973h2.113l8.176-9.309 6.531 9.309h7.133zm-2.895 3.293l-.949-1.328L2.875 1.56h3.246l6.086 8.523.945 1.328 7.91 11.078h-3.246zm0 0\"\/><\/svg><\/span><\/a><\/li><li class=\"shariff-button xing shariff-nocustomcolor\" style=\"background-color:#29888a\"><a href=\"https:\/\/www.xing.com\/spi\/shares\/new?url=https%3A%2F%2Fwww.weiterbildungsmarkt.net%2Fmagazin%2Fueberforderung-im-vertrieb-ein-tabu-thema%2F\" title=\"Bei XING teilen\" aria-label=\"Bei XING teilen\" role=\"button\" rel=\"noopener nofollow\" class=\"shariff-link\" style=\"; background-color:#126567; color:#fff\" target=\"_blank\"><span class=\"shariff-icon\" style=\"\"><svg width=\"32px\" height=\"20px\" xmlns=\"http:\/\/www.w3.org\/2000\/svg\" viewBox=\"0 0 25 32\"><path fill=\"#126567\" d=\"M10.7 11.9q-0.2 0.3-4.6 8.2-0.5 0.8-1.2 0.8h-4.3q-0.4 0-0.5-0.3t0-0.6l4.5-8q0 0 0 0l-2.9-5q-0.2-0.4 0-0.7 0.2-0.3 0.5-0.3h4.3q0.7 0 1.2 0.8zM25.1 0.4q0.2 0.3 0 0.7l-9.4 16.7 6 11q0.2 0.4 0 0.6-0.2 0.3-0.6 0.3h-4.3q-0.7 0-1.2-0.8l-6-11.1q0.3-0.6 9.5-16.8 0.4-0.8 1.2-0.8h4.3q0.4 0 0.5 0.3z\"\/><\/svg><\/span><\/a><\/li><li class=\"shariff-button linkedin shariff-nocustomcolor\" style=\"background-color:#1488bf\"><a href=\"https:\/\/www.linkedin.com\/sharing\/share-offsite\/?url=https%3A%2F%2Fwww.weiterbildungsmarkt.net%2Fmagazin%2Fueberforderung-im-vertrieb-ein-tabu-thema%2F\" title=\"Bei LinkedIn teilen\" aria-label=\"Bei LinkedIn teilen\" role=\"button\" rel=\"noopener nofollow\" class=\"shariff-link\" style=\"; background-color:#0077b5; color:#fff\" target=\"_blank\"><span class=\"shariff-icon\" style=\"\"><svg width=\"32px\" height=\"20px\" xmlns=\"http:\/\/www.w3.org\/2000\/svg\" viewBox=\"0 0 27 32\"><path fill=\"#0077b5\" d=\"M6.2 11.2v17.7h-5.9v-17.7h5.9zM6.6 5.7q0 1.3-0.9 2.2t-2.4 0.9h0q-1.5 0-2.4-0.9t-0.9-2.2 0.9-2.2 2.4-0.9 2.4 0.9 0.9 2.2zM27.4 18.7v10.1h-5.9v-9.5q0-1.9-0.7-2.9t-2.3-1.1q-1.1 0-1.9 0.6t-1.2 1.5q-0.2 0.5-0.2 1.4v9.9h-5.9q0-7.1 0-11.6t0-5.3l0-0.9h5.9v2.6h0q0.4-0.6 0.7-1t1-0.9 1.6-0.8 2-0.3q3 0 4.9 2t1.9 6z\"\/><\/svg><\/span><\/a><\/li><li class=\"shariff-button whatsapp shariff-nocustomcolor\" style=\"background-color:#5cbe4a\"><a href=\"https:\/\/api.whatsapp.com\/send?text=https%3A%2F%2Fwww.weiterbildungsmarkt.net%2Fmagazin%2Fueberforderung-im-vertrieb-ein-tabu-thema%2F%20%C3%9Cberforderung%20im%20Vertrieb%20%E2%80%93%20Ein%20Tabu-Thema\" title=\"Bei Whatsapp teilen\" aria-label=\"Bei Whatsapp teilen\" role=\"button\" rel=\"noopener nofollow\" class=\"shariff-link\" style=\"; background-color:#34af23; color:#fff\" target=\"_blank\"><span class=\"shariff-icon\" style=\"\"><svg width=\"32px\" height=\"20px\" xmlns=\"http:\/\/www.w3.org\/2000\/svg\" viewBox=\"0 0 32 32\"><path fill=\"#34af23\" d=\"M17.6 17.4q0.2 0 1.7 0.8t1.6 0.9q0 0.1 0 0.3 0 0.6-0.3 1.4-0.3 0.7-1.3 1.2t-1.8 0.5q-1 0-3.4-1.1-1.7-0.8-3-2.1t-2.6-3.3q-1.3-1.9-1.3-3.5v-0.1q0.1-1.6 1.3-2.8 0.4-0.4 0.9-0.4 0.1 0 0.3 0t0.3 0q0.3 0 0.5 0.1t0.3 0.5q0.1 0.4 0.6 1.6t0.4 1.3q0 0.4-0.6 1t-0.6 0.8q0 0.1 0.1 0.3 0.6 1.3 1.8 2.4 1 0.9 2.7 1.8 0.2 0.1 0.4 0.1 0.3 0 1-0.9t0.9-0.9zM14 26.9q2.3 0 4.3-0.9t3.6-2.4 2.4-3.6 0.9-4.3-0.9-4.3-2.4-3.6-3.6-2.4-4.3-0.9-4.3 0.9-3.6 2.4-2.4 3.6-0.9 4.3q0 3.6 2.1 6.6l-1.4 4.2 4.3-1.4q2.8 1.9 6.2 1.9zM14 2.2q2.7 0 5.2 1.1t4.3 2.9 2.9 4.3 1.1 5.2-1.1 5.2-2.9 4.3-4.3 2.9-5.2 1.1q-3.5 0-6.5-1.7l-7.4 2.4 2.4-7.2q-1.9-3.2-1.9-6.9 0-2.7 1.1-5.2t2.9-4.3 4.3-2.9 5.2-1.1z\"\/><\/svg><\/span><\/a><\/li><li class=\"shariff-button pinterest shariff-nocustomcolor\" style=\"background-color:#e70f18\"><a href=\"https:\/\/www.pinterest.com\/pin\/create\/link\/?url=https%3A%2F%2Fwww.weiterbildungsmarkt.net%2Fmagazin%2Fueberforderung-im-vertrieb-ein-tabu-thema%2F&media=https%3A%2F%2Fwww.weiterbildungsmarkt.net%2Fmagazin%2Fwp-content%2Fuploads%2F2020%2F02%2F%C3%9Cberforderung-im-Vertrieb-Ein-Tabu-Thema.jpg&description=%C3%9Cberforderung%20im%20Vertrieb%20%E2%80%93%20Ein%20Tabu-Thema\" title=\"Bei Pinterest pinnen\" aria-label=\"Bei Pinterest pinnen\" role=\"button\" rel=\"noopener nofollow\" class=\"shariff-link\" style=\"; background-color:#cb2027; color:#fff\" target=\"_blank\"><span class=\"shariff-icon\" style=\"\"><svg width=\"32px\" height=\"20px\" xmlns=\"http:\/\/www.w3.org\/2000\/svg\" viewBox=\"0 0 27 32\"><path fill=\"#cb2027\" d=\"M27.4 16q0 3.7-1.8 6.9t-5 5-6.9 1.9q-2 0-3.9-0.6 1.1-1.7 1.4-2.9 0.2-0.6 1-3.8 0.4 0.7 1.3 1.2t2 0.5q2.1 0 3.8-1.2t2.7-3.4 0.9-4.8q0-2-1.1-3.8t-3.1-2.9-4.5-1.2q-1.9 0-3.5 0.5t-2.8 1.4-2 2-1.2 2.3-0.4 2.4q0 1.9 0.7 3.3t2.1 2q0.5 0.2 0.7-0.4 0-0.1 0.1-0.5t0.2-0.5q0.1-0.4-0.2-0.8-0.9-1.1-0.9-2.7 0-2.7 1.9-4.6t4.9-2q2.7 0 4.2 1.5t1.5 3.8q0 3-1.2 5.2t-3.1 2.1q-1.1 0-1.7-0.8t-0.4-1.9q0.1-0.6 0.5-1.7t0.5-1.8 0.2-1.4q0-0.9-0.5-1.5t-1.4-0.6q-1.1 0-1.9 1t-0.8 2.6q0 1.3 0.4 2.2l-1.8 7.5q-0.3 1.2-0.2 3.2-3.7-1.6-6-5t-2.3-7.6q0-3.7 1.9-6.9t5-5 6.9-1.9 6.9 1.9 5 5 1.8 6.9z\"\/><\/svg><\/span><\/a><\/li><\/ul><\/div>","protected":false},"excerpt":{"rendered":"<p>Viele Vertriebler sind mit ihren Aufgaben \u00fcberfordert. Das Dumme ist, dass dar\u00fcber kaum einer offen spricht. Im Nachhinein wundert man sich dann als F\u00fchrungskraft, wenn es mit der Zielerf\u00fcllung nicht klappt \u2013 oder der Verk\u00e4ufer von heute auf morgen k\u00fcndigt. Kunden sind Menschen \u2013 Verk\u00e4ufer auch! H\u00e4ufig wird der Vertriebler als Instrument angesehen, um Ums\u00e4tze [&hellip;]<\/p>\n","protected":false},"author":3,"featured_media":6797,"comment_status":"open","ping_status":"closed","sticky":false,"template":"","format":"standard","meta":{"_acf_changed":false,"footnotes":""},"categories":[8,25],"tags":[148,67,133],"class_list":["post-6795","post","type-post","status-publish","format-standard","has-post-thumbnail","hentry","category-verkaufstraining","category-akquise","tag-akquise","tag-verkaufsgespraech","tag-verkaufstraining"],"acf":[],"_links":{"self":[{"href":"https:\/\/www.weiterbildungsmarkt.net\/magazin\/wp-json\/wp\/v2\/posts\/6795","targetHints":{"allow":["GET"]}}],"collection":[{"href":"https:\/\/www.weiterbildungsmarkt.net\/magazin\/wp-json\/wp\/v2\/posts"}],"about":[{"href":"https:\/\/www.weiterbildungsmarkt.net\/magazin\/wp-json\/wp\/v2\/types\/post"}],"author":[{"embeddable":true,"href":"https:\/\/www.weiterbildungsmarkt.net\/magazin\/wp-json\/wp\/v2\/users\/3"}],"replies":[{"embeddable":true,"href":"https:\/\/www.weiterbildungsmarkt.net\/magazin\/wp-json\/wp\/v2\/comments?post=6795"}],"version-history":[{"count":2,"href":"https:\/\/www.weiterbildungsmarkt.net\/magazin\/wp-json\/wp\/v2\/posts\/6795\/revisions"}],"predecessor-version":[{"id":6798,"href":"https:\/\/www.weiterbildungsmarkt.net\/magazin\/wp-json\/wp\/v2\/posts\/6795\/revisions\/6798"}],"wp:featuredmedia":[{"embeddable":true,"href":"https:\/\/www.weiterbildungsmarkt.net\/magazin\/wp-json\/wp\/v2\/media\/6797"}],"wp:attachment":[{"href":"https:\/\/www.weiterbildungsmarkt.net\/magazin\/wp-json\/wp\/v2\/media?parent=6795"}],"wp:term":[{"taxonomy":"category","embeddable":true,"href":"https:\/\/www.weiterbildungsmarkt.net\/magazin\/wp-json\/wp\/v2\/categories?post=6795"},{"taxonomy":"post_tag","embeddable":true,"href":"https:\/\/www.weiterbildungsmarkt.net\/magazin\/wp-json\/wp\/v2\/tags?post=6795"}],"curies":[{"name":"wp","href":"https:\/\/api.w.org\/{rel}","templated":true}]}}