{"id":7053,"date":"2020-07-13T11:02:54","date_gmt":"2020-07-13T09:02:54","guid":{"rendered":"https:\/\/www.weiterbildungsmarkt.net\/magazin\/?p=7053"},"modified":"2020-07-09T11:10:35","modified_gmt":"2020-07-09T09:10:35","slug":"anforderungen-an-eine-krisenkommunikation-wahrheitsgetreu-und-wahrhaftig","status":"publish","type":"post","link":"https:\/\/www.weiterbildungsmarkt.net\/magazin\/anforderungen-an-eine-krisenkommunikation-wahrheitsgetreu-und-wahrhaftig\/","title":{"rendered":"Anforderungen an eine Krisenkommunikation: wahrheitsgetreu und wahrhaftig"},"content":{"rendered":"<p style=\"text-align: justify;\"><strong>Aktuell kehren viele Kurzarbeiter und Homeworker an ihre Arbeitspl\u00e4tze im Unternehmen zur\u00fcck. Das stellt ihre F\u00fchrungskr\u00e4fte, so die Managementberaterin Barbara Liebermeister, vor die oft heikle Aufgabe, ihnen mitzuteilen, wie es weitergeht \u2013 obwohl sie dies zumindest mittel- und langfristig selbst nicht wissen.<\/strong><\/p>\n<p style=\"text-align: justify;\"><strong>? <\/strong>Frau Liebermeister, seit zwei, drei Wochen wird der gesellschaftliche Lockdown zunehmend gelockert. Immer mehr Kurzarbeiter und Homeworker kehren an ihre normalen Arbeitsst\u00e4tten zur\u00fcck und die Unternehmen versuchen ihren Normalbetrieb wieder aufzunehmen. Eine erfreuliche Situation. Oder?<\/p>\n<p style=\"text-align: justify;\"><strong>Liebemeister:<\/strong> Selbstverst\u00e4ndlich, aber f\u00fcr die F\u00fchrungskr\u00e4fte in den Unternehmen auch eine heikle Situation.<\/p>\n<p style=\"text-align: justify;\"><strong>? <\/strong>Warum?<\/p>\n<p style=\"text-align: justify;\"><strong>Liebermeister:<\/strong> Weil in ihr sich die Augen nicht nur der R\u00fcckkehrer voller Erwartungen auf die F\u00fchrungskr\u00e4fte und insbesondere die Top-Entscheider richten. Alle wollen von ihnen wissen, wie es weitergeht.<\/p>\n<h2 style=\"text-align: justify;\">Verunsicherte Mitarbeiter erwarten klare Ansagen<\/h2>\n<p style=\"text-align: justify;\"><strong>? <\/strong>Sie erwarten von ihren Chefs also klare Ansagen.<\/p>\n<p style=\"text-align: justify;\"><strong>Liebermeister:<\/strong> Ja oder zumindest Aussagen, die ihnen den gew\u00fcnschten Halt und die n\u00f6tige Orientierung geben, da sie hochgradig verunsichert sind. Sie m\u00f6chten wissen: Wie geht es im Betrieb weiter? Welche Ver\u00e4nderungen kommen auf mich bzw. uns zu? Und: Was bedeutet das f\u00fcr mich, meine Arbeitssituation?<\/p>\n<p style=\"text-align: justify;\"><strong>? <\/strong>Diese Fragen zu beantworten, ist doch eine klassische F\u00fchrungsaufgabe.<\/p>\n<p style=\"text-align: justify;\"><strong>Liebermeister:<\/strong> Das Problem aktuell ist aber: Die F\u00fchrungskr\u00e4fte wissen \u2013 top-down \u2013 zurzeit oft selbst noch nicht, wie es mittel- und langfristig weitergeht: Sie k\u00f6nnen sozusagen nur auf Sicht fahren, und m\u00fcssen selbst noch abwarten, wie sich die Rahmenbedingungen entwickeln, und hieraus dann die n\u00f6tigen Schl\u00fcsse ziehen. Entsprechend verunsichert sind oft auch die F\u00fchrungskr\u00e4fte.<\/p>\n<h2 style=\"text-align: justify;\">Unsichere Chefs verunsichern Mitarbeiter<\/h2>\n<p style=\"text-align: justify;\"><strong>? <\/strong>Worin zeigt sich das?<\/p>\n<p style=\"text-align: justify;\"><strong>Liebermeister:<\/strong> Ich h\u00f6re zurzeit zum Beispiel von vielen Mitarbeitern und operativen F\u00fchrungskr\u00e4ften von Klein- und Mittelunternehmen, in denen die Mitarbeiter noch einen direkten, pers\u00f6nlichen Kontakt mit dem Top-Management, oft den Firmeninhabern haben, die Aussage: \u201eUnsere Chefs sind extrem schlecht drauf.\u201c Das ist menschlich zwar verst\u00e4ndlich, weil sie selbst oft Angst, um den Fortbestand ihrer Unternehmen haben und seit Monaten unter einem extrem hohen Handlungs- und Entscheidungsdruck stehen. Wenn dies die Mitarbeiter jedoch in der Form sp\u00fcren, dass sie sozusagen permanent unter den Launen ihrer Chefs leiden und sich von ihnen ungerecht behandelt f\u00fchlen, dann kann das f\u00fcr Unternehmen fatale Folgen haben.<\/p>\n<p style=\"text-align: justify;\"><strong>?<\/strong> Inwiefern?<\/p>\n<p style=\"text-align: justify;\"><strong>Liebermeister:<\/strong> Nun, dann potenzieren sich die \u00c4ngste der Mitarbeiter und ihre Arbeitsmotivation und Identifikation mit dem Unternehmen sinkt, und dies in einer Situation, in der es eigentlich einer gemeinsamen Kraftanstrengung bed\u00fcrfte, um das Schiff Unternehmen wieder in die Erfolgsspur zu bringen.<\/p>\n<p style=\"text-align: justify;\">? Wie kann man das vermeiden?<\/p>\n<p style=\"text-align: justify;\"><strong>Liebermeister:<\/strong> Aus meiner Warte ist es das Wichtigste, dass die F\u00fchrungskr\u00e4fte die m\u00f6glichen Auswirkungen ihrer Aussagen und ihres Verhaltens gezielt reflektieren und ihr Verhalten bzw. Auftreten dann bewusst steuern.<\/p>\n<h2 style=\"text-align: justify;\">Die Wirkung des eigenen Verhaltens reflektieren<\/h2>\n<p style=\"text-align: justify;\"><strong>?<\/strong> Hei\u00dft das, die F\u00fchrungskr\u00e4fte m\u00fcssen schauspielern?<\/p>\n<p style=\"text-align: justify;\"><strong>Liebermeister:<\/strong> Bis zu einem gewissen Punkt ja. Zumindest d\u00fcrfen sie ihre Emotionen und das was ihnen durch den Kopf geht, nicht ungefiltert eins-zu-eins weitergeben. Sie m\u00fcssen stets dessen Wirkung vor Augen haben.<\/p>\n<p style=\"text-align: justify;\"><strong>? <\/strong>Haben Sie hierf\u00fcr ein Beispiel?<\/p>\n<p style=\"text-align: justify;\"><strong>Liebermeister:<\/strong> Angenommen den Chef plagen Zweifel, ob das Unternehmen die Krise mittel- und langfristig \u00fcberlebt. Dann sollte er die Herausforderungen, vor denen das Unternehmen steht, im Mitarbeiterkontakt, soweit m\u00f6glich, zwar benennen, jedoch zugleich die Zuversicht ausstrahlen \u201eWir schaffen es, wenn.\u2026\u201c<\/p>\n<p style=\"text-align: justify;\"><strong>?<\/strong> Das d\u00fcrfte im konkreten Arbeits- bzw. F\u00fchrungsalltag zuweilen schwierig sein.<\/p>\n<p style=\"text-align: justify;\"><strong>Liebermeister:<\/strong> Ja, das gro\u00dfe Plus von Klein- und Mittelunternehmen ist jedoch, dass die Mitarbeiter ihre obersten Chefs in der Regel kennen und zu ihnen nicht selten eine pers\u00f6nliche Beziehung haben. Und war diese vor der Krise intakt, dann kann man hierauf zum Teil auch aufbauen.<\/p>\n<p style=\"text-align: justify;\"><strong>?<\/strong> Wie?<\/p>\n<p style=\"text-align: justify;\"><strong>Liebermeister:<\/strong> Nun zum Beispiel, indem man zu den Mitarbeitern sagt: \u201eIhr wisst, wir haben aktuell die Probleme A und B haben und stehen vor den Herausforderungen C und D. Deshalb stehe auch ich zurzeit unter einem gro\u00dfen Druck. Bitte legt deshalb nicht jedes Wort und jede unwirsche Reaktion von mir auf die Goldwaage. Ich verspreche euch jedoch, dass ich euch \u00fcber alle Sachverhalte, die euch betreffen, so fr\u00fch wie m\u00f6glich informiere.\u201c Wichtig ist es, mit den Mitarbeiten im Gespr\u00e4ch zu bleiben und den Kontakt mit ihnen gezielt zu suchen. Etwas anders ist die Situation in vielen gr\u00f6\u00dferen Unternehmen, speziell solchen, die b\u00f6rsennotiert sind.<\/p>\n<h2 style=\"text-align: justify;\">Konzernmanager m\u00fcssen manchmal auch \u201el\u00fcgen\u201c<\/h2>\n<p style=\"text-align: justify;\"><strong>?<\/strong> Inwiefern?<\/p>\n<p style=\"text-align: justify;\"><strong>Liebermeister:<\/strong> Ich wei\u00df, dass aktuell in deren Top-Entscheider-Gremien oft ganz andere Dinge diskutiert werden als an die Mitarbeiter kommuniziert werden.<\/p>\n<p style=\"text-align: justify;\"><strong>? <\/strong>Haben Sie hierf\u00fcr ein Beispiel?<\/p>\n<p style=\"text-align: justify;\"><strong>Liebermeister:<\/strong> Ja, in manchen Branchen gehen die Top-Entscheider davon aus, dass die Ums\u00e4tze ihrer Unternehmen langfristig oder gar dauerhaft um 30 Prozent sinken. Deshalb stehen in ihnen bei den Strategiemeetings auf der Top-Ebene auch solche Themen auf der Agenda wie: Sollen wir gewisse Gesch\u00e4ftsbereiche dicht machen oder ver\u00e4u\u00dfern? Wie viele Mitarbeiter m\u00fcssen wir entlassen und welche Standorte schlie\u00dfen wir? Diese Dinge werden jedoch noch nicht \u00f6ffentlich kommuniziert. Stattdessen redet das Top-Management von der Krise als Chance und allgemein von den Herausforderungen, vor denen die Branche steht, und strahlt bei \u00f6ffentlichen Verlautbarungen, auch firmenintern, eine gro\u00dfe Zuversicht aus.<\/p>\n<p style=\"text-align: justify;\"><strong>? <\/strong>Das Top-Management bel\u00fcgt die Mitarbeiter also?<\/p>\n<p style=\"text-align: justify;\"><strong>Liebermeister:<\/strong> So k\u00f6nnte man dies bezeichnen \u2013 jedoch, nicht weil die Top-Manager unmoralische Menschen oder notorische L\u00fcgner w\u00e4ren. Nein, sie befinden sich in einer Zwangslage, unter der, das wei\u00df ich aus vielen Coachings, die Top-Manager nicht selten leiden.<\/p>\n<p style=\"text-align: justify;\"><strong>? <\/strong>Inwiefern einer Zwangslage?<\/p>\n<p style=\"text-align: justify;\"><strong>Liebermeister:<\/strong> Nun, den Top-Managern muss stets bewusst sein, welche Konsequenzen h\u00e4tte es f\u00fcr das Unternehmen, wenn es vorzeitig publik w\u00fcrde, dass wir erw\u00e4gen, den Gesch\u00e4ftsbereich X aufzugeben oder viele unser Serviceniederlassungen zu schlie\u00dfen. Zum Beispiel f\u00fcr unsere Kundenbeziehungen, unser Image, unsere Finanzierungsm\u00f6glichkeiten, unsere Vertragsverhandlungen usw. Zudem sind b\u00f6rsennotierte Unternehmen bei alle kursrelevanten Themen strengen Ver\u00f6ffentlichungsvorschriften unterworfen. Deshalb stecken ihre Top-Manager, wenn es um ihre \u00f6ffentliche Rede geht, in einem sehr engen Korsett. Das gilt auch f\u00fcr ihre firmeninternen Verlautbarungen.<\/p>\n<h2 style=\"text-align: justify;\">Das Vertrauen der Mitarbeiter nicht verlieren<\/h2>\n<p style=\"text-align: justify;\"><strong>? <\/strong>Diese Diskrepanz zwischen den \u00f6ffentlichen Statements der oberen F\u00fchrungskr\u00e4fte und den Entscheidungen, die nicht selten kurze Zeit sp\u00e4ter getroffen bzw. publik gemacht werden, sp\u00fcren auch die Mitarbeiter.<\/p>\n<p style=\"text-align: justify;\"><strong>Liebermeister:<\/strong> Selbstverst\u00e4ndlich: Die Mitarbeiter sind ja nicht dumm. Und daraus kann gerade in Marktumbruchsituationen wie der aktuellen rasch eine Vertrauenskrise erwachsen.<\/p>\n<p style=\"text-align: justify;\"><strong>? <\/strong>Was empfehlen Sie in der aktuellen Situation den Top-Managern von Gro\u00dfunternehmen?<\/p>\n<p style=\"text-align: justify;\"><strong>Liebermeister:<\/strong> Selbstverst\u00e4ndlich so nah wie m\u00f6glich bei ihren \u00f6ffentlichen Verlautbarungen und halb\u00f6ffentlichen Aussagen bei der Wahrheit zu bleiben, um die Glaubw\u00fcrdigkeit nicht zu verlieren. Dies ist jedoch funktions- und positionsbedingt stets ein Balanceakt. Au\u00dferdem sollten sie sich im oberen F\u00fchrungskreis auf ein Krisenkommunikationskonzept mit definierten Kernbotschaften verst\u00e4ndigen, so dass die F\u00fchrungsebene mit einer Sprache spricht, und selbstverst\u00e4ndlich, wenn gewisse einschneidende Entscheidungen getroffen werden, diese den Mitarbeitern im Dialog zu erkl\u00e4ren.<\/p>\n<h2 style=\"text-align: justify;\">Die Mitarbeiter nicht f\u00fcr dumm verkaufen<\/h2>\n<p style=\"text-align: justify;\"><strong>? <\/strong>Haben Sie weitere Empfehlungen?<\/p>\n<p style=\"text-align: justify;\"><strong>Liebermeister:<\/strong> Ja. Ich empfehle zum Beispiel allen Top-Managern von Unternehmen, in denen eventuell schmerzhafte Entscheidungen anstehen, m\u00f6glichst selten an das kollektive Wir zu appellieren: \u201eWir stehen gemeinsam vor der Herausforderung,\u2026\u201c, \u201eWir m\u00fcssen alle unseren Beitrag leisten, &#8230;\u201c, \u201eWir schaffen das gemeinsam, wenn \u2026\u201c, denn: Wenn dann kurze Zeit sp\u00e4ter ein massiver Stellenabbau oder die Schlie\u00dfung eines Gesch\u00e4ftsbereich verk\u00fcndet wird, f\u00fchlen sich alle Mitarbeiter verschaukelt \u2013 auch diejenigen, die nur indirekt von der Entscheidung betroffen sind.<\/p>\n<p style=\"text-align: justify;\"><strong>? <\/strong>Frau Liebermeister, danke f\u00fcr das Gespr\u00e4ch.<\/p>\n<p style=\"text-align: justify;\">Das Interview f\u00fchrte: Bernhard Kuntz<\/p>\n<p style=\"text-align: justify;\"><img loading=\"lazy\" decoding=\"async\" class=\"alignleft size-thumbnail wp-image-6051\" src=\"https:\/\/www.weiterbildungsmarkt.net\/magazin\/wp-content\/uploads\/2019\/02\/Liebermeister-Barbara_web-120x120.jpg\" alt=\"Liebermeister-Barbara\" width=\"120\" height=\"120\" \/>Zur Interviewten: Barbara Liebermeister leitet das Institut f\u00fcr F\u00fchrungskultur im digitalen Zeitalter (IFIDZ), Frankfurt. Ende August erscheint im GABAL-Verlag das neuste Buch der Vortragsrednerin und Managementberaterin \u201e<a href=\"https:\/\/amzn.to\/32bW5In\" target=\"_blank\" rel=\"noopener noreferrer\">Die F\u00fchrungskraft als Influencer: In Zukunft f\u00fchrt, wer Follower gewinnt<\/a>\u201c.<\/p>\n<div class=\"shariff shariff-align-left shariff-widget-align-left\"><ul class=\"shariff-buttons theme-round orientation-horizontal buttonsize-medium\"><li class=\"shariff-button facebook shariff-nocustomcolor\" style=\"background-color:#4273c8\"><a href=\"https:\/\/www.facebook.com\/sharer\/sharer.php?u=https%3A%2F%2Fwww.weiterbildungsmarkt.net%2Fmagazin%2Fanforderungen-an-eine-krisenkommunikation-wahrheitsgetreu-und-wahrhaftig%2F\" title=\"Bei Facebook teilen\" aria-label=\"Bei Facebook teilen\" role=\"button\" rel=\"nofollow\" class=\"shariff-link\" style=\"; background-color:#3b5998; color:#fff\" target=\"_blank\"><span class=\"shariff-icon\" style=\"\"><svg width=\"32px\" height=\"20px\" xmlns=\"http:\/\/www.w3.org\/2000\/svg\" viewBox=\"0 0 18 32\"><path fill=\"#3b5998\" d=\"M17.1 0.2v4.7h-2.8q-1.5 0-2.1 0.6t-0.5 1.9v3.4h5.2l-0.7 5.3h-4.5v13.6h-5.5v-13.6h-4.5v-5.3h4.5v-3.9q0-3.3 1.9-5.2t5-1.8q2.6 0 4.1 0.2z\"\/><\/svg><\/span><\/a><\/li><li class=\"shariff-button twitter shariff-nocustomcolor\" style=\"background-color:#595959\"><a href=\"https:\/\/twitter.com\/share?url=https%3A%2F%2Fwww.weiterbildungsmarkt.net%2Fmagazin%2Fanforderungen-an-eine-krisenkommunikation-wahrheitsgetreu-und-wahrhaftig%2F&text=Anforderungen%20an%20eine%20Krisenkommunikation%3A%20wahrheitsgetreu%20und%20wahrhaftig\" title=\"Bei X teilen\" aria-label=\"Bei X teilen\" role=\"button\" rel=\"noopener nofollow\" class=\"shariff-link\" style=\"; background-color:#000; color:#fff\" target=\"_blank\"><span class=\"shariff-icon\" style=\"\"><svg width=\"32px\" height=\"20px\" xmlns=\"http:\/\/www.w3.org\/2000\/svg\" viewBox=\"0 0 24 24\"><path fill=\"#000\" d=\"M14.258 10.152L23.176 0h-2.113l-7.747 8.813L7.133 0H0l9.352 13.328L0 23.973h2.113l8.176-9.309 6.531 9.309h7.133zm-2.895 3.293l-.949-1.328L2.875 1.56h3.246l6.086 8.523.945 1.328 7.91 11.078h-3.246zm0 0\"\/><\/svg><\/span><\/a><\/li><li class=\"shariff-button xing shariff-nocustomcolor\" style=\"background-color:#29888a\"><a href=\"https:\/\/www.xing.com\/spi\/shares\/new?url=https%3A%2F%2Fwww.weiterbildungsmarkt.net%2Fmagazin%2Fanforderungen-an-eine-krisenkommunikation-wahrheitsgetreu-und-wahrhaftig%2F\" title=\"Bei XING teilen\" aria-label=\"Bei XING teilen\" role=\"button\" rel=\"noopener nofollow\" class=\"shariff-link\" style=\"; background-color:#126567; color:#fff\" target=\"_blank\"><span class=\"shariff-icon\" style=\"\"><svg width=\"32px\" height=\"20px\" xmlns=\"http:\/\/www.w3.org\/2000\/svg\" viewBox=\"0 0 25 32\"><path fill=\"#126567\" d=\"M10.7 11.9q-0.2 0.3-4.6 8.2-0.5 0.8-1.2 0.8h-4.3q-0.4 0-0.5-0.3t0-0.6l4.5-8q0 0 0 0l-2.9-5q-0.2-0.4 0-0.7 0.2-0.3 0.5-0.3h4.3q0.7 0 1.2 0.8zM25.1 0.4q0.2 0.3 0 0.7l-9.4 16.7 6 11q0.2 0.4 0 0.6-0.2 0.3-0.6 0.3h-4.3q-0.7 0-1.2-0.8l-6-11.1q0.3-0.6 9.5-16.8 0.4-0.8 1.2-0.8h4.3q0.4 0 0.5 0.3z\"\/><\/svg><\/span><\/a><\/li><li class=\"shariff-button linkedin shariff-nocustomcolor\" style=\"background-color:#1488bf\"><a href=\"https:\/\/www.linkedin.com\/sharing\/share-offsite\/?url=https%3A%2F%2Fwww.weiterbildungsmarkt.net%2Fmagazin%2Fanforderungen-an-eine-krisenkommunikation-wahrheitsgetreu-und-wahrhaftig%2F\" title=\"Bei LinkedIn teilen\" aria-label=\"Bei LinkedIn teilen\" role=\"button\" rel=\"noopener nofollow\" class=\"shariff-link\" style=\"; background-color:#0077b5; color:#fff\" target=\"_blank\"><span class=\"shariff-icon\" style=\"\"><svg width=\"32px\" height=\"20px\" xmlns=\"http:\/\/www.w3.org\/2000\/svg\" viewBox=\"0 0 27 32\"><path fill=\"#0077b5\" d=\"M6.2 11.2v17.7h-5.9v-17.7h5.9zM6.6 5.7q0 1.3-0.9 2.2t-2.4 0.9h0q-1.5 0-2.4-0.9t-0.9-2.2 0.9-2.2 2.4-0.9 2.4 0.9 0.9 2.2zM27.4 18.7v10.1h-5.9v-9.5q0-1.9-0.7-2.9t-2.3-1.1q-1.1 0-1.9 0.6t-1.2 1.5q-0.2 0.5-0.2 1.4v9.9h-5.9q0-7.1 0-11.6t0-5.3l0-0.9h5.9v2.6h0q0.4-0.6 0.7-1t1-0.9 1.6-0.8 2-0.3q3 0 4.9 2t1.9 6z\"\/><\/svg><\/span><\/a><\/li><li class=\"shariff-button whatsapp shariff-nocustomcolor\" style=\"background-color:#5cbe4a\"><a href=\"https:\/\/api.whatsapp.com\/send?text=https%3A%2F%2Fwww.weiterbildungsmarkt.net%2Fmagazin%2Fanforderungen-an-eine-krisenkommunikation-wahrheitsgetreu-und-wahrhaftig%2F%20Anforderungen%20an%20eine%20Krisenkommunikation%3A%20wahrheitsgetreu%20und%20wahrhaftig\" title=\"Bei Whatsapp teilen\" aria-label=\"Bei Whatsapp teilen\" role=\"button\" rel=\"noopener nofollow\" class=\"shariff-link\" style=\"; background-color:#34af23; color:#fff\" target=\"_blank\"><span class=\"shariff-icon\" style=\"\"><svg width=\"32px\" height=\"20px\" xmlns=\"http:\/\/www.w3.org\/2000\/svg\" viewBox=\"0 0 32 32\"><path fill=\"#34af23\" d=\"M17.6 17.4q0.2 0 1.7 0.8t1.6 0.9q0 0.1 0 0.3 0 0.6-0.3 1.4-0.3 0.7-1.3 1.2t-1.8 0.5q-1 0-3.4-1.1-1.7-0.8-3-2.1t-2.6-3.3q-1.3-1.9-1.3-3.5v-0.1q0.1-1.6 1.3-2.8 0.4-0.4 0.9-0.4 0.1 0 0.3 0t0.3 0q0.3 0 0.5 0.1t0.3 0.5q0.1 0.4 0.6 1.6t0.4 1.3q0 0.4-0.6 1t-0.6 0.8q0 0.1 0.1 0.3 0.6 1.3 1.8 2.4 1 0.9 2.7 1.8 0.2 0.1 0.4 0.1 0.3 0 1-0.9t0.9-0.9zM14 26.9q2.3 0 4.3-0.9t3.6-2.4 2.4-3.6 0.9-4.3-0.9-4.3-2.4-3.6-3.6-2.4-4.3-0.9-4.3 0.9-3.6 2.4-2.4 3.6-0.9 4.3q0 3.6 2.1 6.6l-1.4 4.2 4.3-1.4q2.8 1.9 6.2 1.9zM14 2.2q2.7 0 5.2 1.1t4.3 2.9 2.9 4.3 1.1 5.2-1.1 5.2-2.9 4.3-4.3 2.9-5.2 1.1q-3.5 0-6.5-1.7l-7.4 2.4 2.4-7.2q-1.9-3.2-1.9-6.9 0-2.7 1.1-5.2t2.9-4.3 4.3-2.9 5.2-1.1z\"\/><\/svg><\/span><\/a><\/li><li class=\"shariff-button pinterest shariff-nocustomcolor\" style=\"background-color:#e70f18\"><a href=\"https:\/\/www.pinterest.com\/pin\/create\/link\/?url=https%3A%2F%2Fwww.weiterbildungsmarkt.net%2Fmagazin%2Fanforderungen-an-eine-krisenkommunikation-wahrheitsgetreu-und-wahrhaftig%2F&media=https%3A%2F%2Fwww.weiterbildungsmarkt.net%2Fmagazin%2Fwp-content%2Fuploads%2F2020%2F07%2FAnforderungen-an-eine-Krisenkommunikation.jpg&description=Anforderungen%20an%20eine%20Krisenkommunikation%3A%20wahrheitsgetreu%20und%20wahrhaftig\" title=\"Bei Pinterest pinnen\" aria-label=\"Bei Pinterest pinnen\" role=\"button\" rel=\"noopener nofollow\" class=\"shariff-link\" style=\"; background-color:#cb2027; color:#fff\" target=\"_blank\"><span class=\"shariff-icon\" style=\"\"><svg width=\"32px\" height=\"20px\" xmlns=\"http:\/\/www.w3.org\/2000\/svg\" viewBox=\"0 0 27 32\"><path fill=\"#cb2027\" d=\"M27.4 16q0 3.7-1.8 6.9t-5 5-6.9 1.9q-2 0-3.9-0.6 1.1-1.7 1.4-2.9 0.2-0.6 1-3.8 0.4 0.7 1.3 1.2t2 0.5q2.1 0 3.8-1.2t2.7-3.4 0.9-4.8q0-2-1.1-3.8t-3.1-2.9-4.5-1.2q-1.9 0-3.5 0.5t-2.8 1.4-2 2-1.2 2.3-0.4 2.4q0 1.9 0.7 3.3t2.1 2q0.5 0.2 0.7-0.4 0-0.1 0.1-0.5t0.2-0.5q0.1-0.4-0.2-0.8-0.9-1.1-0.9-2.7 0-2.7 1.9-4.6t4.9-2q2.7 0 4.2 1.5t1.5 3.8q0 3-1.2 5.2t-3.1 2.1q-1.1 0-1.7-0.8t-0.4-1.9q0.1-0.6 0.5-1.7t0.5-1.8 0.2-1.4q0-0.9-0.5-1.5t-1.4-0.6q-1.1 0-1.9 1t-0.8 2.6q0 1.3 0.4 2.2l-1.8 7.5q-0.3 1.2-0.2 3.2-3.7-1.6-6-5t-2.3-7.6q0-3.7 1.9-6.9t5-5 6.9-1.9 6.9 1.9 5 5 1.8 6.9z\"\/><\/svg><\/span><\/a><\/li><\/ul><\/div>","protected":false},"excerpt":{"rendered":"<p>Aktuell kehren viele Kurzarbeiter und Homeworker an ihre Arbeitspl\u00e4tze im Unternehmen zur\u00fcck. Das stellt ihre F\u00fchrungskr\u00e4fte, so die Managementberaterin Barbara Liebermeister, vor die oft heikle Aufgabe, ihnen mitzuteilen, wie es weitergeht \u2013 obwohl sie dies zumindest mittel- und langfristig selbst nicht wissen. ? Frau Liebermeister, seit zwei, drei Wochen wird der gesellschaftliche Lockdown zunehmend gelockert. [&hellip;]<\/p>\n","protected":false},"author":3,"featured_media":7055,"comment_status":"open","ping_status":"closed","sticky":false,"template":"","format":"standard","meta":{"_acf_changed":false,"footnotes":""},"categories":[48,32,31,33],"tags":[178,154,153,78,168,182],"class_list":["post-7053","post","type-post","status-publish","format-standard","has-post-thumbnail","hentry","category-management","category-fuehrungskraefteentwicklung","category-fuehrungskraeftetraining","category-leadership","tag-change-management","tag-fuehrungskraefteentwicklung","tag-fuehrungskraeftetraining","tag-leadership-2","tag-management","tag-unternehmenskultur"],"acf":[],"_links":{"self":[{"href":"https:\/\/www.weiterbildungsmarkt.net\/magazin\/wp-json\/wp\/v2\/posts\/7053","targetHints":{"allow":["GET"]}}],"collection":[{"href":"https:\/\/www.weiterbildungsmarkt.net\/magazin\/wp-json\/wp\/v2\/posts"}],"about":[{"href":"https:\/\/www.weiterbildungsmarkt.net\/magazin\/wp-json\/wp\/v2\/types\/post"}],"author":[{"embeddable":true,"href":"https:\/\/www.weiterbildungsmarkt.net\/magazin\/wp-json\/wp\/v2\/users\/3"}],"replies":[{"embeddable":true,"href":"https:\/\/www.weiterbildungsmarkt.net\/magazin\/wp-json\/wp\/v2\/comments?post=7053"}],"version-history":[{"count":1,"href":"https:\/\/www.weiterbildungsmarkt.net\/magazin\/wp-json\/wp\/v2\/posts\/7053\/revisions"}],"predecessor-version":[{"id":7054,"href":"https:\/\/www.weiterbildungsmarkt.net\/magazin\/wp-json\/wp\/v2\/posts\/7053\/revisions\/7054"}],"wp:featuredmedia":[{"embeddable":true,"href":"https:\/\/www.weiterbildungsmarkt.net\/magazin\/wp-json\/wp\/v2\/media\/7055"}],"wp:attachment":[{"href":"https:\/\/www.weiterbildungsmarkt.net\/magazin\/wp-json\/wp\/v2\/media?parent=7053"}],"wp:term":[{"taxonomy":"category","embeddable":true,"href":"https:\/\/www.weiterbildungsmarkt.net\/magazin\/wp-json\/wp\/v2\/categories?post=7053"},{"taxonomy":"post_tag","embeddable":true,"href":"https:\/\/www.weiterbildungsmarkt.net\/magazin\/wp-json\/wp\/v2\/tags?post=7053"}],"curies":[{"name":"wp","href":"https:\/\/api.w.org\/{rel}","templated":true}]}}