{"id":7069,"date":"2020-09-23T09:42:32","date_gmt":"2020-09-23T07:42:32","guid":{"rendered":"https:\/\/www.weiterbildungsmarkt.net\/magazin\/?p=7069"},"modified":"2020-07-15T09:51:14","modified_gmt":"2020-07-15T07:51:14","slug":"fuehrung-muss-jetzt-moti-viren","status":"publish","type":"post","link":"https:\/\/www.weiterbildungsmarkt.net\/magazin\/fuehrung-muss-jetzt-moti-viren\/","title":{"rendered":"F\u00fchrung muss jetzt \u00abMoti-Viren\u00bb!"},"content":{"rendered":"<p style=\"text-align: justify;\"><strong>In guten Zeiten ist es einfach, \u00fcber Sinn zu sprechen und zu schreiben. In unternehmerischen Leitbildern, Ethik-Reports und Nachhaltigkeitsberichten stehen deshalb auch meistens die sch\u00f6nsten Absichtserkl\u00e4rungen. Wenn die Nerven in schwierigen Zeiten blank liegen, zeigt sich, wer es ernst damit meint und f\u00fcr wen Unternehmens-Ethik nur reine Marketing-Kommunikation ist. Gerade in oder nach Krisen ist es wichtig, \u00fcber \u00abSinn\u00bb zu sprechen und zu schreiben \u2013 und vorher dar\u00fcber nachzudenken. Denn nach diesem Corona-Virus brauchen wir jetzt vor allem eines: positive \u00abMoti-Viren\u00bb.<\/strong><\/p>\n<p style=\"text-align: justify;\">Es wird gerade viel dar\u00fcber philosophiert, dass die Post-Corona-Zeit begonnen h\u00e4tte. Ich denke allerdings, dass wir nur in eine neue Phase der Corona-Krise gekommen sind. Von einer Post-Corona-Phase zu sprechen, halte ich um Monate zu fr\u00fch. Die wahren Aus- und Nebenwirkungen werden wir wohl erst mit der Zeit erkennen. Positive wie nat\u00fcrlich auch negative.<\/p>\n<h2 style=\"text-align: justify;\">Wenn das Unm\u00f6gliche pl\u00f6tzlich m\u00f6glich ist<\/h2>\n<p style=\"text-align: justify;\">Corona fungiert wie ein Katalysator. Ein Katalysator erh\u00f6ht die Reaktionsgeschwindigkeit. Und genau das ist in unserer Gesellschaft durch Corona passiert. Die \u00abZwangsdigitalisierung\u00bb war wie ein Knall in der schon schnellen digitalen Entwicklung. Jeder Schreibmaschinen-Fetischist und jeder CEO mit einer \u00e4rztlich attestierten Home-Office-Intoleranz hat sp\u00e4testens jetzt bemerkt, dass das Unm\u00f6gliche gar nicht so unm\u00f6glich ist. Die Mitarbeiter wurden innerhalb weniger Tage mit Laptops und Zugangsdaten zu Meetings- und Kollaborations-Software ausger\u00fcstet und arbeiteten per sofort im Home-Office. Corona hat in wenigen Tagen das geschafft, was die Berater-Branche in den letzten Jahren nicht geschafft hat: Die Digitalisierung der Arbeitswelt.<\/p>\n<p style=\"text-align: justify;\">Auch im Privatbereich wurde \u00abzwangsdigitalisiert\u00bb. Gro\u00dfeltern nahmen die Strapazen der Ver\u00e4nderung und der technischen H\u00fcrden in Kauf, um die Enkelkinder zumindest digital wiederzusehen. Insgeheim ist man stolz, diese Hindernisse der digitalen Neuzeit gemeistert zu haben. Die Gewohnheit online einzukaufen und per Videochat zu kommunizieren, hat sich bei vielen Menschen damit fest etabliert. Dies wird massive Auswirkungen auf den station\u00e4ren Handel und auf sehr viele Branchen haben. Gerade wenn Unternehmen sparen m\u00fcssen, macht es sich gut, wenn man auf teure Reisen verzichtet und unter dem Label des Umweltgedankens PR-wirksam auf Online-Meetings umsteigt. Echtes WIN-WIN nennt man das.<\/p>\n<h2 style=\"text-align: justify;\">Wo bleibt jetzt aber der Sinn?<\/h2>\n<p style=\"text-align: justify;\">Wenn etwas so Tiefgreifendes wie die COVID-19-Pandemie passiert, ist es ratsam, danach kurz innezuhalten und zu analysieren, was wirklich geschehen ist und was man (vielleicht) daraus lernen k\u00f6nnte. Krisen als Chancen auszurufen, mag inhaltlich oft stimmen, kommt jedoch bei Menschen mit akuten existenziellen Problemen, die durch diese Krise entstanden sind, extrem schlecht an. Jetzt sind wir nat\u00fcrlich aktuell immer noch in der Krise und sie wird uns wahrscheinlich noch eine l\u00e4ngere Zeit besch\u00e4ftigen. Weil die Stimmung kippt und die Rufe nach schnellen L\u00f6sungen zunehmen, lohnt es sich, bereits heute nach dem Sinn zu suchen und zu hinterfragen, wie Corona unsere Arbeitswelt und damit auch unser Leben nachhaltig ver\u00e4ndert hat und noch weiter ver\u00e4ndern wird.<\/p>\n<h2 style=\"text-align: justify;\">F\u00fchrung auf Distanz? Eine neue Kultur des Vertrauens entsteht.<\/h2>\n<p style=\"text-align: justify;\">Zuk\u00fcnftig wird das Home-Office in der Breite wohl einen weitaus h\u00f6heren Stellenwert einnehmen als bisher. In den Niederlanden gibt es bereits seit f\u00fcnf Jahren ein \u00abRecht auf Home-Office\u00bb. Auch deutsche Politiker diskutieren im Moment dar\u00fcber. Ob dieser Eingriff der Politik in die Unternehmenswelt richtig und n\u00f6tig ist, ist eine andere Frage. Daraus resultiert aber eine neue Disziplin f\u00fcr F\u00fchrungskr\u00e4fte: Die F\u00fchrung auf Distanz. Dies bedingt zwingend, dass man \u00fcber Begriffe wie Vertrauen, Selbstdisziplin, Sinnstiftung und Empathie in den Unternehmen vertieft sprechen muss.<\/p>\n<p style=\"text-align: justify;\">Ist kein gegenseitiges Vertrauen da, wird Home-Office nicht funktionieren. Im Home-Office z\u00e4hlen die Resultate und weniger, wie lange man daf\u00fcr am Schreibtisch sa\u00df. Obwohl auch dieser Mythos, dass im Home-Office (also, wenn die Kontrolle des Vorgesetzten fehlt) weniger gearbeitet wird, endlich aus der Welt geschafft geh\u00f6rt. Laut einer repr\u00e4sentativen Studie von Prof. Michael Beckmann von der Wirtschaftswissenschaftlichen Fakult\u00e4t der Universit\u00e4t Basel arbeiten Angestellte bei Vertrauensarbeitszeit pro Woche durchschnittlich 80 Minuten l\u00e4nger als Angestellte mit festen Arbeitszeiten. Also nichts mit Faulenzen.<\/p>\n<p style=\"text-align: justify;\">Trotzdem ist die Pr\u00e4senz der Mitarbeiter vielen F\u00fchrungskr\u00e4ften heute immer noch enorm wichtig. Vermittelt sie doch eine Art \u00abSicherheit\u00bb. Doch es ist auch eine alte Weisheit, dass sich Arbeit zeitlich ausdehnen kann und l\u00e4sst. Es ging also weniger darum, was in dieser Zeit wirklich gemacht wurde, sondern eher, wie lange man anwesend war. Hier muss und wird sich die F\u00fchrungskultur ver\u00e4ndern. Hin zu weniger Kontrolle, daf\u00fcr mehr echtes Vertrauen.<\/p>\n<h2 style=\"text-align: justify;\">Systemrelevant? Der Stellenwert wird neu definiert.<\/h2>\n<p style=\"text-align: justify;\">In der akuten Krise wurde viel geklatscht. Menschen auf Balkonen haben f\u00fcr die tolle (und sehr g\u00fcnstige) Arbeit der Pflegerinnen und Pfleger in den Krankenh\u00e4usern und den Menschen an den Supermarktkassen geklatscht. Ein sch\u00f6nes Zeichen zwar, aber wenn wir schon \u00fcber systemrelevante Berufe sprechen, sollte auch \u00fcber einkommensrelevante Verbesserungen f\u00fcr diese wichtigen Berufe gesprochen werden. Ob diese Berufsgruppen eine starke Lobby haben, um dies durchzusetzen, wird sich zeigen. Gewisse Berufsbilder sind allerdings, zumindest in den K\u00f6pfen vieler Menschen, aufgewertet worden. Und viele Menschen haben vielleicht (auch wenn nur sehr kurz) dar\u00fcber nachgedacht, welche Berufe \u00abwichtig\u00bb und welche Berufe eben nicht systemrelevant sind.<\/p>\n<h2 style=\"text-align: justify;\">Unternehmen begehen kommunikativen Suizid<\/h2>\n<p style=\"text-align: justify;\">Kommunikation \u2013\u00a0ob intern oder extern \u2013 war schon immer die K\u00f6nigsdisziplin, die aber in vielen Unternehmensleitungen unterrepr\u00e4sentiert ist. Kommunikation ist kein ausf\u00fchrendes Organ, sondern muss in jeder Gesch\u00e4ftsleitung pers\u00f6nlich vertreten sein. Besonders in Zeiten von Social Media und Co.<\/p>\n<p style=\"text-align: justify;\">Einige Gro\u00dfkonzerne haben sich in dieser Krise die Finger und vielleicht auch ihren guten Ruf verbrannt. Man wollte die Miete stunden, weil es m\u00f6glich war. Das Unm\u00f6gliche daran war, dass man mit knapp 2 Milliarden Euro Gewinn im letzten Jahr \u00fcberhaupt auf so eine Idee gekommen ist. Wenn dann noch im Leitbild dieser Unternehmung etwas von \u00abTeam\u00bb, \u00abGesellschaft\u00bb und \u00abVerantwortung\u00bb steht, ist der Shitstorm vorprogrammiert. In sehr vielen K\u00f6pfen ist diese Marke f\u00fcr eine lange Zeit negativ markiert: Markiert mit drei Streifen.<\/p>\n<p style=\"text-align: justify;\">Es ist entscheidend, dass man alles, was man in Leitbildern, Ethikrichtlinien oder Nachhaltigkeitsberichten von PR-Profis schreiben l\u00e4sst, auch zu 100 Prozent lebt. Dass man selber \u2013 die Gesch\u00e4ftsleitung wie auch alle Mitarbeiter \u2013 daran glaubt. Weil es den eigenen Werten entspricht. Dann kann so ein \u00abMehr Profit zu jedem Preis\u00bb-Lapsus nicht mehr passieren.<\/p>\n<p style=\"text-align: justify;\">Das mag \u00abbanal\u00bb klingen, ist in Tat und Wahrheit aber eine revolution\u00e4re \u00c4nderung zum bisherigen Modell. Alles, was ich vorgebe zu sein und nicht wirklich lebe, kann und wird \u00f6ffentlich gegen mich (das Unternehmen) verwendet werden. Das bedingt ein neues Bild von F\u00fchrung. Leadership muss sich wandeln. Weg vom Befehlsgeber hin zum Teamplayer. Eine F\u00fchrungsperson ist Dienstleister seiner Mitarbeiter. Ist man als F\u00fchrungskraft an alten Denkmodellen gebunden, wird es in neuen Strukturen eng. Die Strukturen verlangen nach weniger F\u00fchrung, daf\u00fcr nach echten inhaltlichen Autorit\u00e4ten. Anf\u00fchrer, die es schaffen, Menschen hinter sich zu vereinen, um ein Ziel zu erreichen, das wirklich Sinn macht und Werte verk\u00f6rpert. Man k\u00f6nnte sie vielleicht \u00abSinnfluencer\u00bb nennen.<\/p>\n<h2 style=\"text-align: justify;\">Fokus auf die Zukunft<\/h2>\n<p style=\"text-align: justify;\">\u00abAlles l\u00e4cherlich\u00bb, \u00abAlles nur eine Modeerscheinung\u00bb. Diese Begriffe h\u00f6re ich \u00f6fters von Unternehmern oder F\u00fchrungskr\u00e4ften. Kann man so nat\u00fcrlich denken. Auch Nokia hat \u00fcber Apple gelacht, als bekannt wurde, dass Apple mit einem Mobiltelefon in den Markt einsteigen m\u00f6chte. Swatch hat gelacht, als Apple mit einer Uhr kommen sollte. Ver\u00e4nderungen scheinen oft unm\u00f6glich. Bis jemand kommt und es einfach (vor-)macht.<\/p>\n<h2 style=\"text-align: justify;\">Und wer sind nun die Gewinner der Krise?<\/h2>\n<p style=\"text-align: justify;\">Es geht nicht darum, Branchen aufzulisten, die von dieser Krise profitiert haben. Es geht vielmehr darum, aufzuzeigen, dass diejenigen, die jetzt ihren Fokus richtig setzen, die Chance auf eine gute Zukunft haben. Diejenigen, die jetzt die Verantwortung \u00fcbernehmen und konstruktiv ins Handeln kommen. Diejenigen, die ihr Gesch\u00e4ftsmodel, ihre Kommunikation und ihren F\u00fchrungsstil selbstkritisch hinterfragen. Denn Corona kann Unternehmen zu Innovationsspr\u00fcngen zwingen. Spr\u00fcnge, f\u00fcr die man vorher \u00abzu satt\u00bb oder zu \u00e4ngstlich war.<\/p>\n<p style=\"text-align: justify;\">Liest man in Facebook die Schuldzuweisungen und was alles falsch gelaufen ist, hilft das im Moment niemandem. Der Fokus muss weg vom Corona-Virus hin zu einem \u00abMoti-Virus\u00bb. Dieser spezielle Virus darf ansteckend sein und kann unglaubliche Nebenwirkungen haben. Unser Fokus bestimmt unser Energielevel, unsere Motivation. Motivation ben\u00f6tigt ein Motiv. Legen wir den Fokus also auf die M\u00f6glichkeiten. Es geht schlie\u00dflich nicht nur um unsere eigene Zukunft, sondern auch um die Zukunft aller Mitarbeiter in den Unternehmen und um die Zukunft unserer (Arbeits-)Welt. Das alles sollte es uns wert sein, mutig in die Zukunft zu blicken und Ver\u00e4nderungen wirklich anzugehen.<\/p>\n<h3 style=\"text-align: justify;\">Buchtipp:<\/h3>\n<p style=\"text-align: justify;\">Stefan Dudas<\/p>\n<p style=\"text-align: justify;\"><a href=\"https:\/\/amzn.to\/2IOdEm7\" target=\"_blank\" rel=\"noopener\"><strong>VOLL SINN &#8211; Nur was Sinn macht, kann uns erf\u00fcllen<\/strong><\/a><\/p>\n<h3 style=\"text-align: justify;\">\u00dcber den Autor:<\/h3>\n<p style=\"text-align: justify;\"><strong><img loading=\"lazy\" decoding=\"async\" class=\"alignleft size-thumbnail wp-image-5791\" src=\"https:\/\/www.weiterbildungsmarkt.net\/magazin\/wp-content\/uploads\/2018\/11\/Dudas-Stefan-120x120.jpg\" alt=\"Dudas Stefan\" width=\"120\" height=\"120\" \/>Stefan Dudas<\/strong> ist Business-Experte f\u00fcr Sinngebung. Der Keynote-Speaker, Coach und Autor \u201e<a href=\"https:\/\/amzn.to\/2IOdEm7\" target=\"_blank\" rel=\"noopener noreferrer\"><strong>VOLL SINN \u2013 Nur was Sinn macht, kann uns erf\u00fcllen<\/strong><\/a>\u201c legt humorvoll und tiefsinnig das Fundament f\u00fcr neue Denk-Ans\u00e4tze. Sein Suxess-System f\u00fcr sinnbasiertes Management vermittelt Sinnhaftigkeit in F\u00fchrung, Kommunikation sowie Motivation.<\/p>\n<div class=\"shariff shariff-align-flex-start shariff-widget-align-flex-start\"><ul class=\"shariff-buttons theme-round orientation-horizontal buttonsize-medium\"><li class=\"shariff-button facebook shariff-nocustomcolor\" style=\"background-color:#4273c8\"><a href=\"https:\/\/www.facebook.com\/sharer\/sharer.php?u=https%3A%2F%2Fwww.weiterbildungsmarkt.net%2Fmagazin%2Ffuehrung-muss-jetzt-moti-viren%2F\" title=\"Bei Facebook teilen\" aria-label=\"Bei Facebook teilen\" role=\"button\" rel=\"nofollow\" class=\"shariff-link\" style=\"; background-color:#3b5998; color:#fff\" target=\"_blank\"><span class=\"shariff-icon\" style=\"\"><svg width=\"32px\" height=\"20px\" xmlns=\"http:\/\/www.w3.org\/2000\/svg\" viewBox=\"0 0 18 32\"><path fill=\"#3b5998\" d=\"M17.1 0.2v4.7h-2.8q-1.5 0-2.1 0.6t-0.5 1.9v3.4h5.2l-0.7 5.3h-4.5v13.6h-5.5v-13.6h-4.5v-5.3h4.5v-3.9q0-3.3 1.9-5.2t5-1.8q2.6 0 4.1 0.2z\"\/><\/svg><\/span><\/a><\/li><li class=\"shariff-button twitter shariff-nocustomcolor\" style=\"background-color:#595959\"><a href=\"https:\/\/twitter.com\/share?url=https%3A%2F%2Fwww.weiterbildungsmarkt.net%2Fmagazin%2Ffuehrung-muss-jetzt-moti-viren%2F&text=F%C3%BChrung%20muss%20jetzt%20%C2%ABMoti-Viren%C2%BB%21\" title=\"Bei X teilen\" aria-label=\"Bei X teilen\" role=\"button\" rel=\"noopener nofollow\" class=\"shariff-link\" style=\"; background-color:#000; color:#fff\" target=\"_blank\"><span class=\"shariff-icon\" style=\"\"><svg width=\"32px\" height=\"20px\" xmlns=\"http:\/\/www.w3.org\/2000\/svg\" viewBox=\"0 0 24 24\"><path fill=\"#000\" d=\"M14.258 10.152L23.176 0h-2.113l-7.747 8.813L7.133 0H0l9.352 13.328L0 23.973h2.113l8.176-9.309 6.531 9.309h7.133zm-2.895 3.293l-.949-1.328L2.875 1.56h3.246l6.086 8.523.945 1.328 7.91 11.078h-3.246zm0 0\"\/><\/svg><\/span><\/a><\/li><li class=\"shariff-button xing shariff-nocustomcolor\" style=\"background-color:#29888a\"><a href=\"https:\/\/www.xing.com\/spi\/shares\/new?url=https%3A%2F%2Fwww.weiterbildungsmarkt.net%2Fmagazin%2Ffuehrung-muss-jetzt-moti-viren%2F\" title=\"Bei XING teilen\" aria-label=\"Bei XING teilen\" role=\"button\" rel=\"noopener nofollow\" class=\"shariff-link\" style=\"; background-color:#126567; color:#fff\" target=\"_blank\"><span class=\"shariff-icon\" style=\"\"><svg width=\"32px\" height=\"20px\" xmlns=\"http:\/\/www.w3.org\/2000\/svg\" viewBox=\"0 0 25 32\"><path fill=\"#126567\" d=\"M10.7 11.9q-0.2 0.3-4.6 8.2-0.5 0.8-1.2 0.8h-4.3q-0.4 0-0.5-0.3t0-0.6l4.5-8q0 0 0 0l-2.9-5q-0.2-0.4 0-0.7 0.2-0.3 0.5-0.3h4.3q0.7 0 1.2 0.8zM25.1 0.4q0.2 0.3 0 0.7l-9.4 16.7 6 11q0.2 0.4 0 0.6-0.2 0.3-0.6 0.3h-4.3q-0.7 0-1.2-0.8l-6-11.1q0.3-0.6 9.5-16.8 0.4-0.8 1.2-0.8h4.3q0.4 0 0.5 0.3z\"\/><\/svg><\/span><\/a><\/li><li class=\"shariff-button linkedin shariff-nocustomcolor\" style=\"background-color:#1488bf\"><a href=\"https:\/\/www.linkedin.com\/sharing\/share-offsite\/?url=https%3A%2F%2Fwww.weiterbildungsmarkt.net%2Fmagazin%2Ffuehrung-muss-jetzt-moti-viren%2F\" title=\"Bei LinkedIn teilen\" aria-label=\"Bei LinkedIn teilen\" role=\"button\" rel=\"noopener nofollow\" class=\"shariff-link\" style=\"; background-color:#0077b5; color:#fff\" target=\"_blank\"><span class=\"shariff-icon\" style=\"\"><svg width=\"32px\" height=\"20px\" xmlns=\"http:\/\/www.w3.org\/2000\/svg\" viewBox=\"0 0 27 32\"><path fill=\"#0077b5\" d=\"M6.2 11.2v17.7h-5.9v-17.7h5.9zM6.6 5.7q0 1.3-0.9 2.2t-2.4 0.9h0q-1.5 0-2.4-0.9t-0.9-2.2 0.9-2.2 2.4-0.9 2.4 0.9 0.9 2.2zM27.4 18.7v10.1h-5.9v-9.5q0-1.9-0.7-2.9t-2.3-1.1q-1.1 0-1.9 0.6t-1.2 1.5q-0.2 0.5-0.2 1.4v9.9h-5.9q0-7.1 0-11.6t0-5.3l0-0.9h5.9v2.6h0q0.4-0.6 0.7-1t1-0.9 1.6-0.8 2-0.3q3 0 4.9 2t1.9 6z\"\/><\/svg><\/span><\/a><\/li><li class=\"shariff-button whatsapp shariff-nocustomcolor\" style=\"background-color:#5cbe4a\"><a href=\"https:\/\/api.whatsapp.com\/send?text=https%3A%2F%2Fwww.weiterbildungsmarkt.net%2Fmagazin%2Ffuehrung-muss-jetzt-moti-viren%2F%20F%C3%BChrung%20muss%20jetzt%20%C2%ABMoti-Viren%C2%BB%21\" title=\"Bei Whatsapp teilen\" aria-label=\"Bei Whatsapp teilen\" role=\"button\" rel=\"noopener nofollow\" class=\"shariff-link\" style=\"; background-color:#34af23; color:#fff\" target=\"_blank\"><span class=\"shariff-icon\" style=\"\"><svg width=\"32px\" height=\"20px\" xmlns=\"http:\/\/www.w3.org\/2000\/svg\" viewBox=\"0 0 32 32\"><path fill=\"#34af23\" d=\"M17.6 17.4q0.2 0 1.7 0.8t1.6 0.9q0 0.1 0 0.3 0 0.6-0.3 1.4-0.3 0.7-1.3 1.2t-1.8 0.5q-1 0-3.4-1.1-1.7-0.8-3-2.1t-2.6-3.3q-1.3-1.9-1.3-3.5v-0.1q0.1-1.6 1.3-2.8 0.4-0.4 0.9-0.4 0.1 0 0.3 0t0.3 0q0.3 0 0.5 0.1t0.3 0.5q0.1 0.4 0.6 1.6t0.4 1.3q0 0.4-0.6 1t-0.6 0.8q0 0.1 0.1 0.3 0.6 1.3 1.8 2.4 1 0.9 2.7 1.8 0.2 0.1 0.4 0.1 0.3 0 1-0.9t0.9-0.9zM14 26.9q2.3 0 4.3-0.9t3.6-2.4 2.4-3.6 0.9-4.3-0.9-4.3-2.4-3.6-3.6-2.4-4.3-0.9-4.3 0.9-3.6 2.4-2.4 3.6-0.9 4.3q0 3.6 2.1 6.6l-1.4 4.2 4.3-1.4q2.8 1.9 6.2 1.9zM14 2.2q2.7 0 5.2 1.1t4.3 2.9 2.9 4.3 1.1 5.2-1.1 5.2-2.9 4.3-4.3 2.9-5.2 1.1q-3.5 0-6.5-1.7l-7.4 2.4 2.4-7.2q-1.9-3.2-1.9-6.9 0-2.7 1.1-5.2t2.9-4.3 4.3-2.9 5.2-1.1z\"\/><\/svg><\/span><\/a><\/li><li class=\"shariff-button pinterest shariff-nocustomcolor\" style=\"background-color:#e70f18\"><a href=\"https:\/\/www.pinterest.com\/pin\/create\/link\/?url=https%3A%2F%2Fwww.weiterbildungsmarkt.net%2Fmagazin%2Ffuehrung-muss-jetzt-moti-viren%2F&media=https%3A%2F%2Fwww.weiterbildungsmarkt.net%2Fmagazin%2Fwp-content%2Fuploads%2F2020%2F09%2FF%C3%BChrung-muss-jetzt-Moti-Viren.jpg&description=F%C3%BChrung%20muss%20jetzt%20%C2%ABMoti-Viren%C2%BB%21\" title=\"Bei Pinterest pinnen\" aria-label=\"Bei Pinterest pinnen\" role=\"button\" rel=\"noopener nofollow\" class=\"shariff-link\" style=\"; background-color:#cb2027; color:#fff\" target=\"_blank\"><span class=\"shariff-icon\" style=\"\"><svg width=\"32px\" height=\"20px\" xmlns=\"http:\/\/www.w3.org\/2000\/svg\" viewBox=\"0 0 27 32\"><path fill=\"#cb2027\" d=\"M27.4 16q0 3.7-1.8 6.9t-5 5-6.9 1.9q-2 0-3.9-0.6 1.1-1.7 1.4-2.9 0.2-0.6 1-3.8 0.4 0.7 1.3 1.2t2 0.5q2.1 0 3.8-1.2t2.7-3.4 0.9-4.8q0-2-1.1-3.8t-3.1-2.9-4.5-1.2q-1.9 0-3.5 0.5t-2.8 1.4-2 2-1.2 2.3-0.4 2.4q0 1.9 0.7 3.3t2.1 2q0.5 0.2 0.7-0.4 0-0.1 0.1-0.5t0.2-0.5q0.1-0.4-0.2-0.8-0.9-1.1-0.9-2.7 0-2.7 1.9-4.6t4.9-2q2.7 0 4.2 1.5t1.5 3.8q0 3-1.2 5.2t-3.1 2.1q-1.1 0-1.7-0.8t-0.4-1.9q0.1-0.6 0.5-1.7t0.5-1.8 0.2-1.4q0-0.9-0.5-1.5t-1.4-0.6q-1.1 0-1.9 1t-0.8 2.6q0 1.3 0.4 2.2l-1.8 7.5q-0.3 1.2-0.2 3.2-3.7-1.6-6-5t-2.3-7.6q0-3.7 1.9-6.9t5-5 6.9-1.9 6.9 1.9 5 5 1.8 6.9z\"\/><\/svg><\/span><\/a><\/li><\/ul><\/div>","protected":false},"excerpt":{"rendered":"<p>In guten Zeiten ist es einfach, \u00fcber Sinn zu sprechen und zu schreiben. In unternehmerischen Leitbildern, Ethik-Reports und Nachhaltigkeitsberichten stehen deshalb auch meistens die sch\u00f6nsten Absichtserkl\u00e4rungen. Wenn die Nerven in schwierigen Zeiten blank liegen, zeigt sich, wer es ernst damit meint und f\u00fcr wen Unternehmens-Ethik nur reine Marketing-Kommunikation ist. Gerade in oder nach Krisen ist [&hellip;]<\/p>\n","protected":false},"author":3,"featured_media":7071,"comment_status":"open","ping_status":"closed","sticky":false,"template":"","format":"standard","meta":{"_acf_changed":false,"footnotes":""},"categories":[33,32,31],"tags":[154,153,78,218],"class_list":["post-7069","post","type-post","status-publish","format-standard","has-post-thumbnail","hentry","category-leadership","category-fuehrungskraefteentwicklung","category-fuehrungskraeftetraining","tag-fuehrungskraefteentwicklung","tag-fuehrungskraeftetraining","tag-leadership-2","tag-motivation"],"acf":[],"_links":{"self":[{"href":"https:\/\/www.weiterbildungsmarkt.net\/magazin\/wp-json\/wp\/v2\/posts\/7069","targetHints":{"allow":["GET"]}}],"collection":[{"href":"https:\/\/www.weiterbildungsmarkt.net\/magazin\/wp-json\/wp\/v2\/posts"}],"about":[{"href":"https:\/\/www.weiterbildungsmarkt.net\/magazin\/wp-json\/wp\/v2\/types\/post"}],"author":[{"embeddable":true,"href":"https:\/\/www.weiterbildungsmarkt.net\/magazin\/wp-json\/wp\/v2\/users\/3"}],"replies":[{"embeddable":true,"href":"https:\/\/www.weiterbildungsmarkt.net\/magazin\/wp-json\/wp\/v2\/comments?post=7069"}],"version-history":[{"count":1,"href":"https:\/\/www.weiterbildungsmarkt.net\/magazin\/wp-json\/wp\/v2\/posts\/7069\/revisions"}],"predecessor-version":[{"id":7070,"href":"https:\/\/www.weiterbildungsmarkt.net\/magazin\/wp-json\/wp\/v2\/posts\/7069\/revisions\/7070"}],"wp:featuredmedia":[{"embeddable":true,"href":"https:\/\/www.weiterbildungsmarkt.net\/magazin\/wp-json\/wp\/v2\/media\/7071"}],"wp:attachment":[{"href":"https:\/\/www.weiterbildungsmarkt.net\/magazin\/wp-json\/wp\/v2\/media?parent=7069"}],"wp:term":[{"taxonomy":"category","embeddable":true,"href":"https:\/\/www.weiterbildungsmarkt.net\/magazin\/wp-json\/wp\/v2\/categories?post=7069"},{"taxonomy":"post_tag","embeddable":true,"href":"https:\/\/www.weiterbildungsmarkt.net\/magazin\/wp-json\/wp\/v2\/tags?post=7069"}],"curies":[{"name":"wp","href":"https:\/\/api.w.org\/{rel}","templated":true}]}}