{"id":7722,"date":"2021-09-28T10:13:51","date_gmt":"2021-09-28T08:13:51","guid":{"rendered":"https:\/\/www.weiterbildungsmarkt.net\/magazin\/?p=7722"},"modified":"2021-09-10T10:19:19","modified_gmt":"2021-09-10T08:19:19","slug":"agil-und-flexibel-auf-veraenderungen-in-der-verwaltung-reagieren","status":"publish","type":"post","link":"https:\/\/www.weiterbildungsmarkt.net\/magazin\/agil-und-flexibel-auf-veraenderungen-in-der-verwaltung-reagieren\/","title":{"rendered":"Agil und flexibel auf Ver\u00e4nderungen in der Verwaltung reagieren"},"content":{"rendered":"<p style=\"text-align: justify;\"><strong>Der Verwaltung, speziell der \u00f6ffentlichen, haftet der Ruf \u201eunflexibel\u201c an. Doch sie agiert meist in einem komplexen, von Interessengegens\u00e4tzen gepr\u00e4gten Umfeld. Zudem muss sie zahlreiche Vorgaben beachten. Das erschwert ein agiles Arbeiten.<\/strong><\/p>\n<p style=\"text-align: justify;\">\u201eAgilit\u00e4t in der Verwaltung \u2013 ist das nicht ein Widerspruch in sich? Lebt eine funktionierende Verwaltung nicht gerade davon, dass das Verhalten ihrer Mitarbeiter definierten Regeln folgt und nicht willk\u00fcrlich ist?\u201c Das fragen sich viele Personen, die den Begriff \u201eagile Verwaltung\u201c erstmals h\u00f6ren, weil sie mit dem Wort Verwaltung eher Attribute wie \u201ebeh\u00e4big\u201c und \u201enach Schema F arbeitend\u201c verbinden.<\/p>\n<h2 style=\"text-align: justify;\">Die Verwaltung \u2013 das R\u00fcckgrat jeder Organisation<\/h2>\n<p style=\"text-align: justify;\">Dahinter verbirgt sich ein negatives Verwaltungsverst\u00e4ndnis. Dieses artikuliert sich auch darin, dass in der Diskussion \u00fcber ein Erh\u00f6hen der Agilit\u00e4t von Organisationen immer wieder gefordert wird: F\u00fchrungskr\u00e4fte d\u00fcrfen keine \u201eVerwalter\u201c, sie m\u00fcssen \u201eGestalter\u201c sein. Dabei ist eine funktionierende Verwaltung das R\u00fcckgrat jeder Profit- und Non-Profit-Organisation, denn: Ohne sie<\/p>\n<ul style=\"text-align: justify;\">\n<li>st\u00fcnden ihre Mitarbeiter bald ohne Arbeitsmittel da (Einkauf),<\/li>\n<li>w\u00e4ren die Kassen ihres Arbeitgebers schnell leer (Rechnungswesen),<\/li>\n<li>h\u00e4tte die Organisation bald nur noch unzufriedene Kunden (Kundenbetreuung),<\/li>\n<li>bek\u00e4me diese schnell Probleme mit den Steuerbeh\u00f6rden (Controlling),<\/li>\n<li>w\u00fcrde den Mitarbeitern nicht regelm\u00e4\u00dfig ihr Gehalt gezahlt (Personalwesen),<\/li>\n<li>\u2026\u2026.<\/li>\n<\/ul>\n<p style=\"text-align: justify;\">Ohne eine funktionierende Verwaltung ist kein Unternehmen \u00fcberlebensf\u00e4hig. Sie ist sozusagen das Korsett, das die Organisation zusammenh\u00e4lt und ihr Funktionieren garantiert.<\/p>\n<h2 style=\"text-align: justify;\">Verwaltungen m\u00fcssen Dinge zuverl\u00e4ssig abarbeiten<\/h2>\n<p style=\"text-align: justify;\">Deshalb k\u00f6nnen Verwaltungen nie so flexibel agieren wie zum Beispiel die IT- oder Forschungs-und Entwicklungsbereiche von Unternehmen, die, wenn es um das Erh\u00f6hen der Agilit\u00e4t geht, meist als Paradebeispiele hierf\u00fcr genannt werden, denn: Letztere bilden, um im Bild zu bleiben, nicht das R\u00fcckgrat, sondern die Arme und Beine einer Organisation \u2013 also deren Extremit\u00e4ten. Das hei\u00dft: Ihre Existenz ist keine Grundvoraussetzung f\u00fcr das \u00dcberleben einer Organisation. Das beweist die Tatsache, dass viele Unternehmen ohne eigene IT- oder Entwicklungsabteilung existieren.<\/p>\n<p style=\"text-align: justify;\">Dessen ungeachtet muss jede Verwaltung eine gewisse Flexibilit\u00e4t bzw. Agilit\u00e4t aufweisen. Sie darf nicht so verkn\u00f6chern, dass sich nicht mehr zeitnah auf besondere Herausforderungen und ver\u00e4nderte Rahmenbedingungen reagieren kann. Das hat das zur\u00fcckliegende Corona-Jahr gezeigt, in dem die Verwaltungen der meisten Profit- und Non-Profit-Organisationen sehr flexibel auf Ver\u00e4nderungen im Umfeld reagieren mussten \u2013 und dies allen Unkenrufen zum Trotz auch taten. Und zwar, obwohl<\/p>\n<ul style=\"text-align: justify;\">\n<li>sie selbst meist in ein sehr starres Korsett von Vorgaben \u2013 nicht nur gesetzlicher Art \u2013 eingebunden sind,<\/li>\n<li>sie oft auf die Zuarbeit anderer Organisationen, Bereiche usw. angewiesen sind,<\/li>\n<li>sich die Rahmenbedingungen gef\u00fchlt t\u00e4glich \u00e4nderten,<\/li>\n<li>sie neben ihrer Alltagsarbeit viele Zusatzaufgaben erledigen mussten und<\/li>\n<li>sie als unmittelbare Ansprechpartner der Kunden, Mitarbeiter usw. oft an der emotionalen Front standen.<\/li>\n<\/ul>\n<h2 style=\"text-align: justify;\">Herausforderung: flexibel auf Ver\u00e4nderungen reagieren<\/h2>\n<p style=\"text-align: justify;\">Das hei\u00dft, die meisten Verwaltungen sind besser als ihr Ruf. Trotzdem stehen auch sie vor der Frage: Wie k\u00f6nnen wir unsere Agilit\u00e4t erh\u00f6hen? Denn die Rahmenbedingungen ihres Handels \u00e4ndern sich immer rascher; ebenso die W\u00fcnsche ihrer Kunden. Diese erwarten von einer \u201efunktionierenden Verwaltung\u201c heute nicht nur, dass sie ihre Anliegen schnell und zuverl\u00e4ssig bearbeitet, sondern dabei auch ihre individuellen Bed\u00fcrfnisse ber\u00fccksichtigt. Das setzt au\u00dfer einer Ver\u00e4nderungsbereitschaft der gesamten Organisation, auch eine hohe Flexibilit\u00e4t und ausgepr\u00e4gte Dienstleistungsmentalit\u00e4t ihrer Glieder voraus.<\/p>\n<h2 style=\"text-align: justify;\">Die Digitalisierung ist kein Allheilmittel<\/h2>\n<p style=\"text-align: justify;\">Doch sollte man die Potenziale, die in der modernen Informations- und Kommunikationstechnik zur Steigerung der Agilit\u00e4t der Verwaltungen ruhen, nicht \u00fcbersch\u00e4tzen, denn: Die in einer Verwaltung erbrachten Leistungen sind Leistungen von Menschen f\u00fcr Menschen \u2013 zumindest aus Sicht ihrer Kunden. Sie wollen einen pers\u00f6nlichen Ansprechpartner haben, weshalb zum Beispiel auf fast allen Schreiben der \u00f6ffentlichen Verwaltungen der Name des zust\u00e4ndigen Sachbearbeiters nebst Telefonnummer steht. Deshalb f\u00fchrt bei der gew\u00fcnschten Ver\u00e4nderung kein Weg am Faktor Mensch vorbei. Die Mitarbeiter m\u00fcssen als Mitstreiter gewonnen werden, wenn es darum geht, die Agilit\u00e4t der Verwaltung zu erh\u00f6hen.<\/p>\n<p style=\"text-align: justify;\">Ein zentraler Hemmschuh hierbei ist, dass jede Verwaltung zahlreiche, nicht nur gesetzliche Vorgaben beachten muss. Zudem muss es f\u00fcr ihre Leistungserbringung allgemeing\u00fcltige Verfahren geben, damit es nicht dem Goodwill des Sachbearbeiters obliegt, ob eine Person oder Organisation eine Leistung erh\u00e4lt. Entsprechend klar umrissen ist in der Regel der Entscheidungsspielraum der Sachbearbeiter, weshalb Kunden oft \u00fcber deren \u201eBeamtenmentalit\u00e4t\u201c klagen.<\/p>\n<h2 style=\"text-align: justify;\">Verwaltungen stehen oft vor Zielkonflikten<\/h2>\n<p style=\"text-align: justify;\">Dabei k\u00e4mpfen die Sachbearbeiter oft mit Problemen, wie diese sich bei der Rechtsprechung aus der Diskrepanz zwischen Recht und Gerechtigkeit ergeben. Da Gesetze und Verordnungen stets allgemeing\u00fcltig sind, k\u00f6nnen sie im Einzelfall dem Gerechtigkeitsgef\u00fchl widersprechen.<\/p>\n<p style=\"text-align: justify;\">\u00c4hnlich ist es in der Verwaltung. Auch hier gibt es immer wieder Einzelf\u00e4lle, in denen die Sachbearbeiter gerne vom Standardverfahren abweichen w\u00fcrden, dies aber nicht oder nur nach R\u00fccksprache d\u00fcrfen \u2013 unter anderem, weil gekl\u00e4rt werden muss:<\/p>\n<ul style=\"text-align: justify;\">\n<li>Handeln wir dann willk\u00fcrlich?<\/li>\n<li>Schaffen wir hierdurch Pr\u00e4zedenzf\u00e4lle?<\/li>\n<li>Wird unsere Entscheidung dann juristisch anfechtbar?<\/li>\n<\/ul>\n<p style=\"text-align: justify;\">F\u00fcr dieses Dilemma gibt es im Verwaltungsbereich oft keine allgemeing\u00fcltige L\u00f6sung. Es sollte den Mitarbeitern aber bewusst sein, wenn der Anspruch lautet, kundenorientiert zu sein. Denn dann k\u00f6nnen im Dialog mit ihnen, Kriterien definiert werden, wann sie im Einzelfall von den allgemeinen Vorgaben abweichen k\u00f6nnen. Und trifft der Mitarbeiter dann bei der Nutzen- und G\u00fcterabw\u00e4gung eine Fehlentscheidung? Dann darf er nicht am Pranger stehen. Vielmehr sollten er und die Organisation hieraus lernen.<\/p>\n<h2 style=\"text-align: justify;\">Herausforderung: Bew\u00e4ltigung neuer Aufgaben<\/h2>\n<p style=\"text-align: justify;\">Besonders gro\u00df ist der Lern- und Changebedarf in der Regel bei neuen Aufgaben, denn dann existieren in der Praxis zwar oft schon Vorgaben, aber noch keine Regeln f\u00fcr die Umsetzung. Also muss das ad\u00e4quate Vorgehen erst noch gefunden werden. Das erfordert Zeit! Fehlt diese, weil wie zum Beispiel bei der \u201eFl\u00fcchtlingswelle\u201c 2015 oder beim Ausbruch der Corona-Pandemie ein extrem hoher Handlungsdruck besteht, geraten speziell \u00f6ffentliche Verwaltungen oft an die Grenzen ihrer Belastbarkeit \u2013 auch weil sich dann im \u00f6ffentlichen Diskurs meist gro\u00dfe Interessengegens\u00e4tze zeigen, die es soweit m\u00f6glich auszutarieren gilt. So gab es w\u00e4hrend der Fl\u00fcchtlingswelle zum Beispiel B\u00fcrger, die f\u00fcr ein v\u00f6lliges \u00d6ffnen der Grenzen waren, und solche, die forderten: \u201eAlle Grenzen dicht.\u201c<\/p>\n<p style=\"text-align: justify;\">Noch schwieriger war und ist die Corona-Pandemie zu managen,<\/p>\n<ul style=\"text-align: justify;\">\n<li>bei der man lange Zeit nur auf Sicht fahren konnte,<\/li>\n<li>bei deren Management anfangs noch jegliche Erfahrung fehlte und<\/li>\n<li>bei der aufgrund ver\u00e4nderter Rahmendaten immer wieder die Vorgaben angepasst werden mussten.<\/li>\n<\/ul>\n<p style=\"text-align: justify;\">In einer solchen Situation ist faktisch nur ein agiles Projektmanagement m\u00f6glich. Die Entscheider bzw. Verwaltungsorgane m\u00fcssen also aufgrund der jeweils aktuellen Daten immer wieder Versuchsballons starten \u201eKriegen wir so die Pandemie in den Griff?\u201c, dann in Reflexionsschleifen die Zielann\u00e4herung pr\u00fcfen und anschlie\u00dfend bei Bedarf die Ma\u00dfnahmen den Gegebenheiten anpassen \u2013 selbst wenn \u201eNeunmalkluge\u201c eine \u201elangfristige Perspektive\u201c fordern.<\/p>\n<h2 style=\"text-align: justify;\">Herausforderung: Ver\u00e4nderter Umgang mit Fehlern<\/h2>\n<p style=\"text-align: justify;\">In der Corona-Krise haben die Verwaltungen oft eine erstaunliche Agilit\u00e4t gezeigt. Dessen ungeachtet unterliefen auch ihnen Pannen \u2013 meist gerade weil sie schnell und \u201eunb\u00fcrokratisch\u201c reagieren mussten. Deshalb sollten sie sp\u00e4testens nach der Pandemie pr\u00fcfen: Welche Ver\u00e4nderungen sollten sich in unserer Organisation vollziehen, damit wir k\u00fcnftig besser auf neue bzw. unverhofft auftretende Herausforderungen reagieren k\u00f6nnen,<\/p>\n<ul style=\"text-align: justify;\">\n<li>mit denen wir noch keine Erfahrung haben und<\/li>\n<li>bei denen wir im Spannungsfeld widerstreitender Interessen stehen?<\/li>\n<\/ul>\n<p style=\"text-align: justify;\">Hierf\u00fcr gilt es, au\u00dfer den erforderlichen Strukturen, auch die n\u00f6tige Kultur zu schaffen, denn auffallend ist: Insbesondere bei Herausforderungen, bei denen die Entscheider in den Verwaltungen \u2013 zum Beispiel aufgrund noch fehlender \u00a0Vorgaben von oben \u2013 eher als Gestalter, denn als Verwalter gefragt sind, verhalten diese sich oft eher re- als pro-aktiv; auch aus Angst vor Fehlern und Kritik.<\/p>\n<p style=\"text-align: justify;\">Dies ist verst\u00e4ndlich, wenn man sieht, wie schnell bei Fehlern der Verwaltung reflexartig die Forderung laut wird \u201eDaf\u00fcr muss jemand die Verantwortung tragen; da m\u00fcssen K\u00f6pfe rollen\u201c. Das hei\u00dft, wenn wir eine agilere Verwaltung wollen, muss sich auch unser Reagieren auf ihre Fehler \u00e4ndern.<\/p>\n<h3 style=\"text-align: justify;\">\u00dcber den Autor:<\/h3>\n<p style=\"text-align: justify;\"><strong><img loading=\"lazy\" decoding=\"async\" class=\"alignleft size-thumbnail wp-image-7561\" src=\"https:\/\/www.weiterbildungsmarkt.net\/magazin\/wp-content\/uploads\/2021\/05\/Bald-Stefan_1MB-120x120.jpg\" alt=\"Bald, Stefan\" width=\"120\" height=\"120\" \/>Stefan Bald<\/strong> arbeitet als F\u00fchrungskr\u00e4fte- und Teamentwickler f\u00fcr die Unternehmensberatung Dr. Kraus &amp; Partner, Bruchsal, die Profit- und Non-Profit-Organisationen u.a. bei Change- und Transformationsprozessen unterst\u00fctzt und begleitet.<\/p>\n<div class=\"shariff shariff-align-left shariff-widget-align-left\"><ul class=\"shariff-buttons theme-round orientation-horizontal buttonsize-medium\"><li class=\"shariff-button facebook shariff-nocustomcolor\" style=\"background-color:#4273c8\"><a href=\"https:\/\/www.facebook.com\/sharer\/sharer.php?u=https%3A%2F%2Fwww.weiterbildungsmarkt.net%2Fmagazin%2Fagil-und-flexibel-auf-veraenderungen-in-der-verwaltung-reagieren%2F\" title=\"Bei Facebook teilen\" aria-label=\"Bei Facebook teilen\" role=\"button\" rel=\"nofollow\" class=\"shariff-link\" style=\"; background-color:#3b5998; color:#fff\" target=\"_blank\"><span class=\"shariff-icon\" style=\"\"><svg width=\"32px\" height=\"20px\" xmlns=\"http:\/\/www.w3.org\/2000\/svg\" viewBox=\"0 0 18 32\"><path fill=\"#3b5998\" d=\"M17.1 0.2v4.7h-2.8q-1.5 0-2.1 0.6t-0.5 1.9v3.4h5.2l-0.7 5.3h-4.5v13.6h-5.5v-13.6h-4.5v-5.3h4.5v-3.9q0-3.3 1.9-5.2t5-1.8q2.6 0 4.1 0.2z\"\/><\/svg><\/span><\/a><\/li><li class=\"shariff-button twitter shariff-nocustomcolor\" style=\"background-color:#595959\"><a href=\"https:\/\/twitter.com\/share?url=https%3A%2F%2Fwww.weiterbildungsmarkt.net%2Fmagazin%2Fagil-und-flexibel-auf-veraenderungen-in-der-verwaltung-reagieren%2F&text=Agil%20und%20flexibel%20auf%20Ver%C3%A4nderungen%20in%20der%20Verwaltung%20reagieren\" title=\"Bei X teilen\" aria-label=\"Bei X teilen\" role=\"button\" rel=\"noopener nofollow\" class=\"shariff-link\" style=\"; background-color:#000; color:#fff\" target=\"_blank\"><span class=\"shariff-icon\" style=\"\"><svg width=\"32px\" height=\"20px\" xmlns=\"http:\/\/www.w3.org\/2000\/svg\" viewBox=\"0 0 24 24\"><path fill=\"#000\" d=\"M14.258 10.152L23.176 0h-2.113l-7.747 8.813L7.133 0H0l9.352 13.328L0 23.973h2.113l8.176-9.309 6.531 9.309h7.133zm-2.895 3.293l-.949-1.328L2.875 1.56h3.246l6.086 8.523.945 1.328 7.91 11.078h-3.246zm0 0\"\/><\/svg><\/span><\/a><\/li><li class=\"shariff-button xing shariff-nocustomcolor\" style=\"background-color:#29888a\"><a href=\"https:\/\/www.xing.com\/spi\/shares\/new?url=https%3A%2F%2Fwww.weiterbildungsmarkt.net%2Fmagazin%2Fagil-und-flexibel-auf-veraenderungen-in-der-verwaltung-reagieren%2F\" title=\"Bei XING teilen\" aria-label=\"Bei XING teilen\" role=\"button\" rel=\"noopener nofollow\" class=\"shariff-link\" style=\"; background-color:#126567; color:#fff\" target=\"_blank\"><span class=\"shariff-icon\" style=\"\"><svg width=\"32px\" height=\"20px\" xmlns=\"http:\/\/www.w3.org\/2000\/svg\" viewBox=\"0 0 25 32\"><path fill=\"#126567\" d=\"M10.7 11.9q-0.2 0.3-4.6 8.2-0.5 0.8-1.2 0.8h-4.3q-0.4 0-0.5-0.3t0-0.6l4.5-8q0 0 0 0l-2.9-5q-0.2-0.4 0-0.7 0.2-0.3 0.5-0.3h4.3q0.7 0 1.2 0.8zM25.1 0.4q0.2 0.3 0 0.7l-9.4 16.7 6 11q0.2 0.4 0 0.6-0.2 0.3-0.6 0.3h-4.3q-0.7 0-1.2-0.8l-6-11.1q0.3-0.6 9.5-16.8 0.4-0.8 1.2-0.8h4.3q0.4 0 0.5 0.3z\"\/><\/svg><\/span><\/a><\/li><li class=\"shariff-button linkedin shariff-nocustomcolor\" style=\"background-color:#1488bf\"><a href=\"https:\/\/www.linkedin.com\/sharing\/share-offsite\/?url=https%3A%2F%2Fwww.weiterbildungsmarkt.net%2Fmagazin%2Fagil-und-flexibel-auf-veraenderungen-in-der-verwaltung-reagieren%2F\" title=\"Bei LinkedIn teilen\" aria-label=\"Bei LinkedIn teilen\" role=\"button\" rel=\"noopener nofollow\" class=\"shariff-link\" style=\"; background-color:#0077b5; color:#fff\" target=\"_blank\"><span class=\"shariff-icon\" style=\"\"><svg width=\"32px\" height=\"20px\" xmlns=\"http:\/\/www.w3.org\/2000\/svg\" viewBox=\"0 0 27 32\"><path fill=\"#0077b5\" d=\"M6.2 11.2v17.7h-5.9v-17.7h5.9zM6.6 5.7q0 1.3-0.9 2.2t-2.4 0.9h0q-1.5 0-2.4-0.9t-0.9-2.2 0.9-2.2 2.4-0.9 2.4 0.9 0.9 2.2zM27.4 18.7v10.1h-5.9v-9.5q0-1.9-0.7-2.9t-2.3-1.1q-1.1 0-1.9 0.6t-1.2 1.5q-0.2 0.5-0.2 1.4v9.9h-5.9q0-7.1 0-11.6t0-5.3l0-0.9h5.9v2.6h0q0.4-0.6 0.7-1t1-0.9 1.6-0.8 2-0.3q3 0 4.9 2t1.9 6z\"\/><\/svg><\/span><\/a><\/li><li class=\"shariff-button whatsapp shariff-nocustomcolor\" style=\"background-color:#5cbe4a\"><a href=\"https:\/\/api.whatsapp.com\/send?text=https%3A%2F%2Fwww.weiterbildungsmarkt.net%2Fmagazin%2Fagil-und-flexibel-auf-veraenderungen-in-der-verwaltung-reagieren%2F%20Agil%20und%20flexibel%20auf%20Ver%C3%A4nderungen%20in%20der%20Verwaltung%20reagieren\" title=\"Bei Whatsapp teilen\" aria-label=\"Bei Whatsapp teilen\" role=\"button\" rel=\"noopener nofollow\" class=\"shariff-link\" style=\"; background-color:#34af23; color:#fff\" target=\"_blank\"><span class=\"shariff-icon\" style=\"\"><svg width=\"32px\" height=\"20px\" xmlns=\"http:\/\/www.w3.org\/2000\/svg\" viewBox=\"0 0 32 32\"><path fill=\"#34af23\" d=\"M17.6 17.4q0.2 0 1.7 0.8t1.6 0.9q0 0.1 0 0.3 0 0.6-0.3 1.4-0.3 0.7-1.3 1.2t-1.8 0.5q-1 0-3.4-1.1-1.7-0.8-3-2.1t-2.6-3.3q-1.3-1.9-1.3-3.5v-0.1q0.1-1.6 1.3-2.8 0.4-0.4 0.9-0.4 0.1 0 0.3 0t0.3 0q0.3 0 0.5 0.1t0.3 0.5q0.1 0.4 0.6 1.6t0.4 1.3q0 0.4-0.6 1t-0.6 0.8q0 0.1 0.1 0.3 0.6 1.3 1.8 2.4 1 0.9 2.7 1.8 0.2 0.1 0.4 0.1 0.3 0 1-0.9t0.9-0.9zM14 26.9q2.3 0 4.3-0.9t3.6-2.4 2.4-3.6 0.9-4.3-0.9-4.3-2.4-3.6-3.6-2.4-4.3-0.9-4.3 0.9-3.6 2.4-2.4 3.6-0.9 4.3q0 3.6 2.1 6.6l-1.4 4.2 4.3-1.4q2.8 1.9 6.2 1.9zM14 2.2q2.7 0 5.2 1.1t4.3 2.9 2.9 4.3 1.1 5.2-1.1 5.2-2.9 4.3-4.3 2.9-5.2 1.1q-3.5 0-6.5-1.7l-7.4 2.4 2.4-7.2q-1.9-3.2-1.9-6.9 0-2.7 1.1-5.2t2.9-4.3 4.3-2.9 5.2-1.1z\"\/><\/svg><\/span><\/a><\/li><li class=\"shariff-button pinterest shariff-nocustomcolor\" style=\"background-color:#e70f18\"><a href=\"https:\/\/www.pinterest.com\/pin\/create\/link\/?url=https%3A%2F%2Fwww.weiterbildungsmarkt.net%2Fmagazin%2Fagil-und-flexibel-auf-veraenderungen-in-der-verwaltung-reagieren%2F&media=https%3A%2F%2Fwww.weiterbildungsmarkt.net%2Fmagazin%2Fwp-content%2Fuploads%2F2021%2F09%2FAgil-und-flexibel-auf-Veraenderungen-in-der-Verwaltung-reagieren.jpg&description=Agil%20und%20flexibel%20auf%20Ver%C3%A4nderungen%20in%20der%20Verwaltung%20reagieren\" title=\"Bei Pinterest pinnen\" aria-label=\"Bei Pinterest pinnen\" role=\"button\" rel=\"noopener nofollow\" class=\"shariff-link\" style=\"; background-color:#cb2027; color:#fff\" target=\"_blank\"><span class=\"shariff-icon\" style=\"\"><svg width=\"32px\" height=\"20px\" xmlns=\"http:\/\/www.w3.org\/2000\/svg\" viewBox=\"0 0 27 32\"><path fill=\"#cb2027\" d=\"M27.4 16q0 3.7-1.8 6.9t-5 5-6.9 1.9q-2 0-3.9-0.6 1.1-1.7 1.4-2.9 0.2-0.6 1-3.8 0.4 0.7 1.3 1.2t2 0.5q2.1 0 3.8-1.2t2.7-3.4 0.9-4.8q0-2-1.1-3.8t-3.1-2.9-4.5-1.2q-1.9 0-3.5 0.5t-2.8 1.4-2 2-1.2 2.3-0.4 2.4q0 1.9 0.7 3.3t2.1 2q0.5 0.2 0.7-0.4 0-0.1 0.1-0.5t0.2-0.5q0.1-0.4-0.2-0.8-0.9-1.1-0.9-2.7 0-2.7 1.9-4.6t4.9-2q2.7 0 4.2 1.5t1.5 3.8q0 3-1.2 5.2t-3.1 2.1q-1.1 0-1.7-0.8t-0.4-1.9q0.1-0.6 0.5-1.7t0.5-1.8 0.2-1.4q0-0.9-0.5-1.5t-1.4-0.6q-1.1 0-1.9 1t-0.8 2.6q0 1.3 0.4 2.2l-1.8 7.5q-0.3 1.2-0.2 3.2-3.7-1.6-6-5t-2.3-7.6q0-3.7 1.9-6.9t5-5 6.9-1.9 6.9 1.9 5 5 1.8 6.9z\"\/><\/svg><\/span><\/a><\/li><\/ul><\/div>","protected":false},"excerpt":{"rendered":"<p>Der Verwaltung, speziell der \u00f6ffentlichen, haftet der Ruf \u201eunflexibel\u201c an. Doch sie agiert meist in einem komplexen, von Interessengegens\u00e4tzen gepr\u00e4gten Umfeld. Zudem muss sie zahlreiche Vorgaben beachten. Das erschwert ein agiles Arbeiten. \u201eAgilit\u00e4t in der Verwaltung \u2013 ist das nicht ein Widerspruch in sich? Lebt eine funktionierende Verwaltung nicht gerade davon, dass das Verhalten ihrer [&hellip;]<\/p>\n","protected":false},"author":3,"featured_media":7724,"comment_status":"open","ping_status":"closed","sticky":false,"template":"","format":"standard","meta":{"_acf_changed":false,"footnotes":""},"categories":[48,61,193],"tags":[178,168],"class_list":["post-7722","post","type-post","status-publish","format-standard","has-post-thumbnail","hentry","category-management","category-change-management","category-organisationsentwicklung","tag-change-management","tag-management"],"acf":[],"_links":{"self":[{"href":"https:\/\/www.weiterbildungsmarkt.net\/magazin\/wp-json\/wp\/v2\/posts\/7722","targetHints":{"allow":["GET"]}}],"collection":[{"href":"https:\/\/www.weiterbildungsmarkt.net\/magazin\/wp-json\/wp\/v2\/posts"}],"about":[{"href":"https:\/\/www.weiterbildungsmarkt.net\/magazin\/wp-json\/wp\/v2\/types\/post"}],"author":[{"embeddable":true,"href":"https:\/\/www.weiterbildungsmarkt.net\/magazin\/wp-json\/wp\/v2\/users\/3"}],"replies":[{"embeddable":true,"href":"https:\/\/www.weiterbildungsmarkt.net\/magazin\/wp-json\/wp\/v2\/comments?post=7722"}],"version-history":[{"count":1,"href":"https:\/\/www.weiterbildungsmarkt.net\/magazin\/wp-json\/wp\/v2\/posts\/7722\/revisions"}],"predecessor-version":[{"id":7723,"href":"https:\/\/www.weiterbildungsmarkt.net\/magazin\/wp-json\/wp\/v2\/posts\/7722\/revisions\/7723"}],"wp:featuredmedia":[{"embeddable":true,"href":"https:\/\/www.weiterbildungsmarkt.net\/magazin\/wp-json\/wp\/v2\/media\/7724"}],"wp:attachment":[{"href":"https:\/\/www.weiterbildungsmarkt.net\/magazin\/wp-json\/wp\/v2\/media?parent=7722"}],"wp:term":[{"taxonomy":"category","embeddable":true,"href":"https:\/\/www.weiterbildungsmarkt.net\/magazin\/wp-json\/wp\/v2\/categories?post=7722"},{"taxonomy":"post_tag","embeddable":true,"href":"https:\/\/www.weiterbildungsmarkt.net\/magazin\/wp-json\/wp\/v2\/tags?post=7722"}],"curies":[{"name":"wp","href":"https:\/\/api.w.org\/{rel}","templated":true}]}}