{"id":8747,"date":"2023-03-07T10:32:59","date_gmt":"2023-03-07T08:32:59","guid":{"rendered":"https:\/\/www.weiterbildungsmarkt.net\/magazin\/?p=8747"},"modified":"2023-01-11T18:18:17","modified_gmt":"2023-01-11T16:18:17","slug":"erfolgsfaktor-emotionen-wer-gut-drauf-ist-kommt-gut-an","status":"publish","type":"post","link":"https:\/\/www.weiterbildungsmarkt.net\/magazin\/erfolgsfaktor-emotionen-wer-gut-drauf-ist-kommt-gut-an\/","title":{"rendered":"Erfolgsfaktor Emotionen: Wer gut drauf ist, kommt gut an."},"content":{"rendered":"<p style=\"text-align: justify;\"><strong>Wer sich selbst und andere Menschen in gute Laune versetzen kann, hat beruflich und privat mehr Erfolg. Davon ist die Managementberaterin und Vortragsrednerin Barbara Liebermeister, Frankfurt, \u00fcberzeugt.<\/strong><\/p>\n<p style=\"text-align: justify;\"><strong>? <\/strong>Frau Liebermeister, Sie betonen in Ihren F\u00fchrungskr\u00e4ftetrainings und Vortr\u00e4gen immer wieder, Emotionen seien ein wichtiger Erfolgs- und Karrierefaktor \u2013 nicht nur bei Verk\u00e4ufern, sondern auch F\u00fchrungskr\u00e4ften. Was veranlasst Sie zu dieser Aussage?<\/p>\n<p style=\"text-align: justify;\"><strong>Liebermeister: <\/strong>Unsere Alltagserfahrung. Wenn wir etwas gerne tun, dann f\u00e4llt es uns leicht und wir machen es auch besser. Und wir stecken andere Menschen mit unserer Begeisterung an. Oder anders formuliert: Wir nehmen sie f\u00fcr uns ein. Umgekehrt gilt: Wenn wir gegen etwas Widerwillen versp\u00fcren, dann f\u00e4llt es uns schwer und wir strahlen dies auch aus.<\/p>\n<p style=\"text-align: justify;\"><strong>? <\/strong>Daraus folgern Sie: Wer gut drauf ist, kommt beruflich eher zum Ziel.<\/p>\n<p style=\"text-align: justify;\"><strong>Liebermeister: <\/strong>&#8230; und privat.<\/p>\n<h2 style=\"text-align: justify;\">Ziel: die eigenen Gef\u00fchle beeinflussen und steuern<\/h2>\n<p style=\"text-align: justify;\"><strong>? <\/strong>Die meisten Menschen sind aber nicht immer gut drauf?<\/p>\n<p style=\"text-align: justify;\"><strong>Liebermeister: <\/strong>Richtig. Deshalb sollten wir lernen, unsere Gef\u00fchle zu beeinflussen und zu steuern.<\/p>\n<p style=\"text-align: justify;\"><strong>? <\/strong>Geht das?<\/p>\n<p style=\"text-align: justify;\"><strong>Liebermeister: <\/strong>Ja, denn unsere Gef\u00fchle spiegeln unsere Gedanken wider. Wenn wir denken \u201eSchon wieder muss ich eine Pr\u00e4sentation erstellen\u201c, dann machen wir uns auch unwillig ans Werk. Und wenn wir vorab denken \u201eBei dieser Verhandlung habe ich wenig Chancen\u201c, dann gehen wir auch unsicher in sie, und unsere Erwartungen erf\u00fcllen sich wie von selbst. Denn unsere Gef\u00fchle spiegeln sich in unserer Sprache und K\u00f6rpersprache wider, und unsere Gespr\u00e4chspartner reagieren entsprechend auf uns. Wenn also unsere Gedanken unsere Gef\u00fchle und diese wiederum unser Verhalten beeinflussen, dann k\u00f6nnen wir, indem wir unsere Gedanken \u00e4ndern, auch unsere Wirkung und somit unseren Erfolg beeinflussen.<\/p>\n<p style=\"text-align: justify;\"><strong>? <\/strong>Das klingt schl\u00fcssig. Doch was nutzt dieses Wissen zum Beispiel einer F\u00fchrungskraft, der es vor einem schwierigen Mitarbeitergespr\u00e4ch graut?<\/p>\n<p style=\"text-align: justify;\"><strong>Liebermeister: <\/strong>Wenig, wenn die F\u00fchrungskraft grunds\u00e4tzlich lieber Fach- als F\u00fchrungskraft w\u00e4re. Dann hat sie die falsche Position. Anders ist es, wenn sie \u2013 wie jeder Mensch \u2013\u00a0 mal einen schlechten Tag hat oder es ihr vor einem Gespr\u00e4ch zum Beispiel graut, weil sie dem oder den Mitarbeitern eine schlechte Nachricht verk\u00fcnden muss. Dann kann sie ihre Gedanken und Gef\u00fchle durchaus ver\u00e4ndern.<\/p>\n<h2 style=\"text-align: justify;\">Unsere Gedanken beeinflussen unsere Gef\u00fchle und Wirkung<\/h2>\n<p style=\"text-align: justify;\"><strong>? <\/strong>Wie?<\/p>\n<p style=\"text-align: justify;\"><strong>Liebermeister: <\/strong>Zum Beispiel, indem sie sich vor dem Gespr\u00e4ch bewusst macht, dass jedes Ding zwei Seiten hat. Angenommen einer F\u00fchrungskraft graut es vor einem Gespr\u00e4ch, weil sie in ihm einem Mitarbeiter eine negative R\u00fcckmeldung geben und von ihm eine Verhaltens\u00e4nderung einfordern muss. Dann kann sie denken: \u201eReine Zeitverschwendung. Der Mitarbeitende \u00e4ndert sein Verhalten ja doch nicht.\u201c Sie kann aber auch denken: \u201eToll, endlich besteht die Chance, unsere Zusammenarbeit auf ein neues Fundament zu stellen\u201c. Dann geht sie positiver und entspannter ins Gespr\u00e4ch. Insbesondere wenn sie sich zudem vorab \u00fcberlegt: Was kann mir in dem Gespr\u00e4ch eigentlich passieren? H\u00f6chstens, dass der Mitarbeiter die Notwendigkeit einer Verhaltens\u00e4nderung nicht einsieht. Dann muss ich ihn eben auf die m\u00f6glichen Konsequenzen hinweisen und ihm sagen \u201eSie haben es in der Hand, ob\u2026.\u201c Wenn es aber gut l\u00e4uft, dann habe ich eine st\u00e4ndige Quelle des \u00c4rgers vom Hals und einen Mitarbeiter gewonnen, der mit mir an einem Strang zieht. Auch das steigert die Zuversicht und schon nimmt das Gespr\u00e4ch einen anderen Verlauf.<\/p>\n<h2 style=\"text-align: justify;\">Wer zuversichtlich gestimmt ist, kann auch gezielter agieren<\/h2>\n<p style=\"text-align: justify;\"><strong>? <\/strong>Warum?<\/p>\n<p style=\"text-align: justify;\"><strong>Liebermeister: <\/strong>Wenn wir selbstbewusst und zuversichtlich in ein Gespr\u00e4ch gehen, dann wirken wir auch souver\u00e4n. Au\u00dferdem nehmen wir unsere Partner bewusster wahr. Also k\u00f6nnen wir auch gezielter agieren, und zum Beispiel, wenn uns eine Person \u2013 sei es ein Kunde, Mitarbeiter oder Vorgesetzter \u2013 beim \u00d6ffnen der T\u00fcr m\u00fcrrisch entgegen blickt, trotzdem l\u00e4chelnd auf sie zugehen und sagen: \u201eGuten Tag, Herr M\u00fcller, Sie machen den Eindruck, als h\u00e4tten Sie viel zu tun.\u201c Dann ver\u00e4ndert sich die Situation meist schlagartig. Denn wir signalisieren unserem Gespr\u00e4chspartner, dass wir uns f\u00fcr ihn als Person interessieren. Also \u00f6ffnet er sich uns und wir k\u00f6nnen leichter unsere Ziele erreichen.<strong>\u00a0<\/strong><\/p>\n<h2 style=\"text-align: justify;\">Sich Techniken zum Beeinflussen der eigenen Gef\u00fchle aneignen<\/h2>\n<p style=\"text-align: justify;\"><strong>? <\/strong>Das \u00e4ndert aber nichts daran, dass jeder mal einen schlechten Tag hat.<\/p>\n<p style=\"text-align: justify;\"><strong>Liebermeister: <\/strong>Ja. Deshalb sollten sich Berufst\u00e4tige einen Koffer voller Techniken zulegen, um ihre Gef\u00fchle kurzfristig zu beeinflussen.<\/p>\n<p style=\"text-align: justify;\"><strong>? <\/strong>Haben Sie hierf\u00fcr ein Beispiel?<\/p>\n<p style=\"text-align: justify;\"><strong>Liebermeister: <\/strong>Oft gen\u00fcgt es vor einem wichtigen Gespr\u00e4ch ein, zwei Minuten Grimassen zu schneiden \u2013 wie ein Clown. Wenn Sie das tun, merken Sie, wie sich bei Ihnen andere Gedanken und Gef\u00fchle einstellen. Oder einfach nur l\u00e4cheln. Wenn wir etwa 1 Minute l\u00e4cheln, signalisieren wir unserem Gehirn \u201eEs geht mir gut\u201c. \u00a0Noch wirkungsvoller ist es, an eine Situation zu denken, in der Sie rundum zufrieden und mit sich eins waren und in Gedanken nochmals die Gef\u00fchle zu durchleben, die Sie damals empfanden. Zum Beispiel im Urlaub oder beim ersten Rendezvous mit Ihrem Liebsten. Auch dann stellen sich neue Gedanken und Gef\u00fchle ein. Wer dies regelm\u00e4\u00dfig tut, lernt mit der Zeit, sozusagen auf Knopfdruck positive Gef\u00fchle in sich wach zu rufen.<\/p>\n<h2 style=\"text-align: justify;\">Wer nur eine Maske aufsetzt, wirkt nicht authentisch<\/h2>\n<p style=\"text-align: justify;\"><strong>? <\/strong>Gen\u00fcgt es nicht, sich vor wichtigen Gespr\u00e4chen einen Ruck zu geben und ein Smiley-Gesicht aufzusetzen?<\/p>\n<p style=\"text-align: justify;\"><strong>Liebermeister: <\/strong>Nein. Denn dann l\u00e4chelt zwar unser Mund, aber der restliche K\u00f6rper sendet andere Signale aus. Und insbesondere unsere Augen, die der Spiegel unserer Seele sind, sprechen eine andere Sprache. Dies sp\u00fcrt unser Partner \u2013 bewusst oder unbewusst. Deshalb erlebt er uns als nicht authentisch und somit unglaubw\u00fcrdig. Also geht er auf Distanz. Eine Erfahrung, die Sie gewiss auch schon gesammelt haben \u2013 zum Beispiel, wenn ein Verk\u00e4ufer Sie herzlich begr\u00fc\u00dfte, Sie aber sp\u00fcrten \u201eDas kommt nicht von Herzen\u201c.<\/p>\n<p style=\"text-align: justify;\"><strong>? <\/strong>Und deshalb dachten \u201eFalsche Schlange\u201c.<\/p>\n<p style=\"text-align: justify;\"><strong>Liebermeister: <\/strong>Richtig. \u00c4hnlich ist es, wenn jemand eine \u00fcbertriebene Selbstsicherheit zur Schau stellt. Auch das sp\u00fcren wir instinktiv. Deshalb wirkt ein aufgesetztes Verhalten meist kontraproduktiv. Entsprechend wichtig ist es, dass wir lernen, unsere Gedanken und somit Gef\u00fchle so zu beeinflussen, dass unser Verhalten echt wirkt, weil es echt ist. Denn nur dann k\u00f6nnen wir andere Menschen f\u00fcr uns begeistern.<\/p>\n<p style=\"text-align: justify;\"><strong>? <\/strong>Frau Liebermeister, danke f\u00fcr das Gespr\u00e4ch.<\/p>\n<p style=\"text-align: justify;\">Das Interview f\u00fchrte Ronja Siemens<\/p>\n<p style=\"text-align: justify;\"><strong>Zur Interviewpartnerin:<\/strong>\u00a0<strong>Barbara Liebermeister<\/strong> leitet das Institut f\u00fcr F\u00fchrungskultur im digitalen Zeitalter (IFIDZ), Frankfurt. Ende August erscheint im GABAL-Verlag das neuste Buch der Vortragsrednerin und Managementberaterin \u201e<a href=\"https:\/\/amzn.to\/32bW5In\" target=\"_blank\" rel=\"noopener noreferrer\">Die F\u00fchrungskraft als Influencer: In Zukunft f\u00fchrt, wer Follower gewinnt<\/a>\u201c sowie Betreiberin des Podcasts \u201eBusiness Secrets\u201c.<\/p>\n<div class=\"shariff shariff-align-flex-start shariff-widget-align-flex-start\"><ul class=\"shariff-buttons theme-round orientation-horizontal buttonsize-medium\"><li class=\"shariff-button facebook shariff-nocustomcolor\" style=\"background-color:#4273c8\"><a href=\"https:\/\/www.facebook.com\/sharer\/sharer.php?u=https%3A%2F%2Fwww.weiterbildungsmarkt.net%2Fmagazin%2Ferfolgsfaktor-emotionen-wer-gut-drauf-ist-kommt-gut-an%2F\" title=\"Bei Facebook teilen\" aria-label=\"Bei Facebook teilen\" role=\"button\" rel=\"nofollow\" class=\"shariff-link\" style=\"; background-color:#3b5998; color:#fff\" target=\"_blank\"><span class=\"shariff-icon\" style=\"\"><svg width=\"32px\" height=\"20px\" xmlns=\"http:\/\/www.w3.org\/2000\/svg\" viewBox=\"0 0 18 32\"><path fill=\"#3b5998\" d=\"M17.1 0.2v4.7h-2.8q-1.5 0-2.1 0.6t-0.5 1.9v3.4h5.2l-0.7 5.3h-4.5v13.6h-5.5v-13.6h-4.5v-5.3h4.5v-3.9q0-3.3 1.9-5.2t5-1.8q2.6 0 4.1 0.2z\"\/><\/svg><\/span><\/a><\/li><li class=\"shariff-button twitter shariff-nocustomcolor\" style=\"background-color:#595959\"><a href=\"https:\/\/twitter.com\/share?url=https%3A%2F%2Fwww.weiterbildungsmarkt.net%2Fmagazin%2Ferfolgsfaktor-emotionen-wer-gut-drauf-ist-kommt-gut-an%2F&text=Erfolgsfaktor%20Emotionen%3A%20Wer%20gut%20drauf%20ist%2C%20kommt%20gut%20an.\" title=\"Bei X teilen\" aria-label=\"Bei X teilen\" role=\"button\" rel=\"noopener nofollow\" class=\"shariff-link\" style=\"; background-color:#000; color:#fff\" target=\"_blank\"><span class=\"shariff-icon\" style=\"\"><svg width=\"32px\" height=\"20px\" xmlns=\"http:\/\/www.w3.org\/2000\/svg\" viewBox=\"0 0 24 24\"><path fill=\"#000\" d=\"M14.258 10.152L23.176 0h-2.113l-7.747 8.813L7.133 0H0l9.352 13.328L0 23.973h2.113l8.176-9.309 6.531 9.309h7.133zm-2.895 3.293l-.949-1.328L2.875 1.56h3.246l6.086 8.523.945 1.328 7.91 11.078h-3.246zm0 0\"\/><\/svg><\/span><\/a><\/li><li class=\"shariff-button xing shariff-nocustomcolor\" style=\"background-color:#29888a\"><a href=\"https:\/\/www.xing.com\/spi\/shares\/new?url=https%3A%2F%2Fwww.weiterbildungsmarkt.net%2Fmagazin%2Ferfolgsfaktor-emotionen-wer-gut-drauf-ist-kommt-gut-an%2F\" title=\"Bei XING teilen\" aria-label=\"Bei XING teilen\" role=\"button\" rel=\"noopener nofollow\" class=\"shariff-link\" style=\"; background-color:#126567; color:#fff\" target=\"_blank\"><span class=\"shariff-icon\" style=\"\"><svg width=\"32px\" height=\"20px\" xmlns=\"http:\/\/www.w3.org\/2000\/svg\" viewBox=\"0 0 25 32\"><path fill=\"#126567\" d=\"M10.7 11.9q-0.2 0.3-4.6 8.2-0.5 0.8-1.2 0.8h-4.3q-0.4 0-0.5-0.3t0-0.6l4.5-8q0 0 0 0l-2.9-5q-0.2-0.4 0-0.7 0.2-0.3 0.5-0.3h4.3q0.7 0 1.2 0.8zM25.1 0.4q0.2 0.3 0 0.7l-9.4 16.7 6 11q0.2 0.4 0 0.6-0.2 0.3-0.6 0.3h-4.3q-0.7 0-1.2-0.8l-6-11.1q0.3-0.6 9.5-16.8 0.4-0.8 1.2-0.8h4.3q0.4 0 0.5 0.3z\"\/><\/svg><\/span><\/a><\/li><li class=\"shariff-button linkedin shariff-nocustomcolor\" style=\"background-color:#1488bf\"><a href=\"https:\/\/www.linkedin.com\/sharing\/share-offsite\/?url=https%3A%2F%2Fwww.weiterbildungsmarkt.net%2Fmagazin%2Ferfolgsfaktor-emotionen-wer-gut-drauf-ist-kommt-gut-an%2F\" title=\"Bei LinkedIn teilen\" aria-label=\"Bei LinkedIn teilen\" role=\"button\" rel=\"noopener nofollow\" class=\"shariff-link\" style=\"; background-color:#0077b5; color:#fff\" target=\"_blank\"><span class=\"shariff-icon\" style=\"\"><svg width=\"32px\" height=\"20px\" xmlns=\"http:\/\/www.w3.org\/2000\/svg\" viewBox=\"0 0 27 32\"><path fill=\"#0077b5\" d=\"M6.2 11.2v17.7h-5.9v-17.7h5.9zM6.6 5.7q0 1.3-0.9 2.2t-2.4 0.9h0q-1.5 0-2.4-0.9t-0.9-2.2 0.9-2.2 2.4-0.9 2.4 0.9 0.9 2.2zM27.4 18.7v10.1h-5.9v-9.5q0-1.9-0.7-2.9t-2.3-1.1q-1.1 0-1.9 0.6t-1.2 1.5q-0.2 0.5-0.2 1.4v9.9h-5.9q0-7.1 0-11.6t0-5.3l0-0.9h5.9v2.6h0q0.4-0.6 0.7-1t1-0.9 1.6-0.8 2-0.3q3 0 4.9 2t1.9 6z\"\/><\/svg><\/span><\/a><\/li><li class=\"shariff-button whatsapp shariff-nocustomcolor\" style=\"background-color:#5cbe4a\"><a href=\"https:\/\/api.whatsapp.com\/send?text=https%3A%2F%2Fwww.weiterbildungsmarkt.net%2Fmagazin%2Ferfolgsfaktor-emotionen-wer-gut-drauf-ist-kommt-gut-an%2F%20Erfolgsfaktor%20Emotionen%3A%20Wer%20gut%20drauf%20ist%2C%20kommt%20gut%20an.\" title=\"Bei Whatsapp teilen\" aria-label=\"Bei Whatsapp teilen\" role=\"button\" rel=\"noopener nofollow\" class=\"shariff-link\" style=\"; background-color:#34af23; color:#fff\" target=\"_blank\"><span class=\"shariff-icon\" style=\"\"><svg width=\"32px\" height=\"20px\" xmlns=\"http:\/\/www.w3.org\/2000\/svg\" viewBox=\"0 0 32 32\"><path fill=\"#34af23\" d=\"M17.6 17.4q0.2 0 1.7 0.8t1.6 0.9q0 0.1 0 0.3 0 0.6-0.3 1.4-0.3 0.7-1.3 1.2t-1.8 0.5q-1 0-3.4-1.1-1.7-0.8-3-2.1t-2.6-3.3q-1.3-1.9-1.3-3.5v-0.1q0.1-1.6 1.3-2.8 0.4-0.4 0.9-0.4 0.1 0 0.3 0t0.3 0q0.3 0 0.5 0.1t0.3 0.5q0.1 0.4 0.6 1.6t0.4 1.3q0 0.4-0.6 1t-0.6 0.8q0 0.1 0.1 0.3 0.6 1.3 1.8 2.4 1 0.9 2.7 1.8 0.2 0.1 0.4 0.1 0.3 0 1-0.9t0.9-0.9zM14 26.9q2.3 0 4.3-0.9t3.6-2.4 2.4-3.6 0.9-4.3-0.9-4.3-2.4-3.6-3.6-2.4-4.3-0.9-4.3 0.9-3.6 2.4-2.4 3.6-0.9 4.3q0 3.6 2.1 6.6l-1.4 4.2 4.3-1.4q2.8 1.9 6.2 1.9zM14 2.2q2.7 0 5.2 1.1t4.3 2.9 2.9 4.3 1.1 5.2-1.1 5.2-2.9 4.3-4.3 2.9-5.2 1.1q-3.5 0-6.5-1.7l-7.4 2.4 2.4-7.2q-1.9-3.2-1.9-6.9 0-2.7 1.1-5.2t2.9-4.3 4.3-2.9 5.2-1.1z\"\/><\/svg><\/span><\/a><\/li><li class=\"shariff-button pinterest shariff-nocustomcolor\" style=\"background-color:#e70f18\"><a href=\"https:\/\/www.pinterest.com\/pin\/create\/link\/?url=https%3A%2F%2Fwww.weiterbildungsmarkt.net%2Fmagazin%2Ferfolgsfaktor-emotionen-wer-gut-drauf-ist-kommt-gut-an%2F&media=https%3A%2F%2Fwww.weiterbildungsmarkt.net%2Fmagazin%2Fwp-content%2Fuploads%2F2023%2F03%2FWer-gut-drauf-ist-kommt-gut-an.jpg&description=Erfolgsfaktor%20Emotionen%3A%20Wer%20gut%20drauf%20ist%2C%20kommt%20gut%20an.\" title=\"Bei Pinterest pinnen\" aria-label=\"Bei Pinterest pinnen\" role=\"button\" rel=\"noopener nofollow\" class=\"shariff-link\" style=\"; background-color:#cb2027; color:#fff\" target=\"_blank\"><span class=\"shariff-icon\" style=\"\"><svg width=\"32px\" height=\"20px\" xmlns=\"http:\/\/www.w3.org\/2000\/svg\" viewBox=\"0 0 27 32\"><path fill=\"#cb2027\" d=\"M27.4 16q0 3.7-1.8 6.9t-5 5-6.9 1.9q-2 0-3.9-0.6 1.1-1.7 1.4-2.9 0.2-0.6 1-3.8 0.4 0.7 1.3 1.2t2 0.5q2.1 0 3.8-1.2t2.7-3.4 0.9-4.8q0-2-1.1-3.8t-3.1-2.9-4.5-1.2q-1.9 0-3.5 0.5t-2.8 1.4-2 2-1.2 2.3-0.4 2.4q0 1.9 0.7 3.3t2.1 2q0.5 0.2 0.7-0.4 0-0.1 0.1-0.5t0.2-0.5q0.1-0.4-0.2-0.8-0.9-1.1-0.9-2.7 0-2.7 1.9-4.6t4.9-2q2.7 0 4.2 1.5t1.5 3.8q0 3-1.2 5.2t-3.1 2.1q-1.1 0-1.7-0.8t-0.4-1.9q0.1-0.6 0.5-1.7t0.5-1.8 0.2-1.4q0-0.9-0.5-1.5t-1.4-0.6q-1.1 0-1.9 1t-0.8 2.6q0 1.3 0.4 2.2l-1.8 7.5q-0.3 1.2-0.2 3.2-3.7-1.6-6-5t-2.3-7.6q0-3.7 1.9-6.9t5-5 6.9-1.9 6.9 1.9 5 5 1.8 6.9z\"\/><\/svg><\/span><\/a><\/li><\/ul><\/div>","protected":false},"excerpt":{"rendered":"<p>Wer sich selbst und andere Menschen in gute Laune versetzen kann, hat beruflich und privat mehr Erfolg. Davon ist die Managementberaterin und Vortragsrednerin Barbara Liebermeister, Frankfurt, \u00fcberzeugt. ? Frau Liebermeister, Sie betonen in Ihren F\u00fchrungskr\u00e4ftetrainings und Vortr\u00e4gen immer wieder, Emotionen seien ein wichtiger Erfolgs- und Karrierefaktor \u2013 nicht nur bei Verk\u00e4ufern, sondern auch F\u00fchrungskr\u00e4ften. Was [&hellip;]<\/p>\n","protected":false},"author":3,"featured_media":8751,"comment_status":"open","ping_status":"closed","sticky":false,"template":"","format":"standard","meta":{"_acf_changed":false,"footnotes":""},"categories":[192,30],"tags":[154,153,157],"class_list":["post-8747","post","type-post","status-publish","format-standard","has-post-thumbnail","hentry","category-persoenlichkeitsentwicklung","category-soft-skills","tag-fuehrungskraefteentwicklung","tag-fuehrungskraeftetraining","tag-gespraechsfuehrung"],"acf":[],"_links":{"self":[{"href":"https:\/\/www.weiterbildungsmarkt.net\/magazin\/wp-json\/wp\/v2\/posts\/8747","targetHints":{"allow":["GET"]}}],"collection":[{"href":"https:\/\/www.weiterbildungsmarkt.net\/magazin\/wp-json\/wp\/v2\/posts"}],"about":[{"href":"https:\/\/www.weiterbildungsmarkt.net\/magazin\/wp-json\/wp\/v2\/types\/post"}],"author":[{"embeddable":true,"href":"https:\/\/www.weiterbildungsmarkt.net\/magazin\/wp-json\/wp\/v2\/users\/3"}],"replies":[{"embeddable":true,"href":"https:\/\/www.weiterbildungsmarkt.net\/magazin\/wp-json\/wp\/v2\/comments?post=8747"}],"version-history":[{"count":1,"href":"https:\/\/www.weiterbildungsmarkt.net\/magazin\/wp-json\/wp\/v2\/posts\/8747\/revisions"}],"predecessor-version":[{"id":8750,"href":"https:\/\/www.weiterbildungsmarkt.net\/magazin\/wp-json\/wp\/v2\/posts\/8747\/revisions\/8750"}],"wp:featuredmedia":[{"embeddable":true,"href":"https:\/\/www.weiterbildungsmarkt.net\/magazin\/wp-json\/wp\/v2\/media\/8751"}],"wp:attachment":[{"href":"https:\/\/www.weiterbildungsmarkt.net\/magazin\/wp-json\/wp\/v2\/media?parent=8747"}],"wp:term":[{"taxonomy":"category","embeddable":true,"href":"https:\/\/www.weiterbildungsmarkt.net\/magazin\/wp-json\/wp\/v2\/categories?post=8747"},{"taxonomy":"post_tag","embeddable":true,"href":"https:\/\/www.weiterbildungsmarkt.net\/magazin\/wp-json\/wp\/v2\/tags?post=8747"}],"curies":[{"name":"wp","href":"https:\/\/api.w.org\/{rel}","templated":true}]}}