{"id":8962,"date":"2023-04-18T10:02:56","date_gmt":"2023-04-18T08:02:56","guid":{"rendered":"https:\/\/www.weiterbildungsmarkt.net\/magazin\/?p=8962"},"modified":"2023-04-13T16:09:29","modified_gmt":"2023-04-13T14:09:29","slug":"mentale-gesundheit-wie-wir-entspannt-unsere-leistungsfaehigkeit-erhalten","status":"publish","type":"post","link":"https:\/\/www.weiterbildungsmarkt.net\/magazin\/mentale-gesundheit-wie-wir-entspannt-unsere-leistungsfaehigkeit-erhalten\/","title":{"rendered":"Mentale Gesundheit &#8211; Wie wir entspannt unsere Leistungsf\u00e4higkeit erhalten"},"content":{"rendered":"<p style=\"text-align: justify;\">Unser emotionales, psychisches und soziales Wohlbefinden beeinflusst, wie wir denken, f\u00fchlen und handeln. Es bestimmt, wie wir mit Stress und Druck umgehen und welche Entscheidungen wir treffen. Mentale Gesundheit ist in jeder Phase des Lebens wichtig \u2013 heute sogar wichtiger denn je! Weil wechselnde und wachsende Unsicherheiten die \u00c4ngste der Menschen sch\u00fcren. Weil Anspannung und Entspannung bei den meisten l\u00e4ngst nicht mehr in Balance sind. Weil das Leben viele Menschen ersch\u00f6pft und kraftlos zur\u00fcckl\u00e4sst. Zeit f\u00fcr mehr Mental Health Awareness \u2013 f\u00fcr uns selbst und in der Familie, in der F\u00fchrung und in den Unternehmen.<\/p>\n<p style=\"text-align: justify;\">Nie zuvor hatten die meisten Menschen so viel zu verlieren wie heute! Ja, wir leben in einer Wohlstandsgesellschaft. Sind auf Wachstum ausgerichtet, pers\u00f6nlich wie unternehmerisch. Arbeitsstellen und Ausbildungspl\u00e4tze \u2013 ausreichend vorhanden. Die M\u00f6glichkeiten, sich weiterzuentwickeln sind hervorragend und alle m\u00f6glichen Versicherungen geben uns den Schutz, den wir f\u00fcr n\u00f6tig halten. Doch eben jene Sicherheit, die wir lange Jahre, sogar Jahrzehnte hinweg, erlebt und gesch\u00e4tzt haben, wird immer h\u00e4ufiger in Frage gestellt.<\/p>\n<p style=\"text-align: justify;\">Die Pandemie und der Krieg in Europa haben uns gezeigt, wie schnell es mit dieser vermeintlich sicheren Zukunft vorbei sein kann, wie rasch sich unsere ach so tollen Aussichten und positiven Zukunftschancen von einem Tag auf den anderen in Luft aufl\u00f6sen. Unsichere Lieferketten und mangelnde Warenbest\u00e4nde haben das Leben vieler beeinflusst \u2013 sowohl beruflich als auch privat. Ganze Branchen, betrachten wir beispielsweise den Bau, waren davon wirtschaftlich massiv betroffen \u2013 ebenso die Mitarbeitenden. Allerdings auch viele H\u00e4uslebauer, deren Kosten von heute auf morgen explodierten und damit die Finanzierung \u2013 und da haben wir es wieder, das Wort \u2013 unsicher machten.<\/p>\n<p style=\"text-align: justify;\">Steigende Energiepreise taten ihres dazu, dass Unternehmen wie Privatpersonen oft nicht wussten, wie es weitergehen soll. Das verursacht Stress und Angst. Allein die inneren Bilder, von dem, was alles passieren k\u00f6nnte, rauben Menschen den Schlaf. Unsere psychische Gesundheit leidet massiv. Und mit ihr unsere Leistungsf\u00e4higkeit, unser Vertrauen, unsere Lebensfreude. All das brauchen wir jedoch, um eben jenen Herausforderungen unserer Zeit mental stark entgegentreten und zuversichtlich in die Zukunft blicken zu k\u00f6nnen. Nur dann nehmen wir pers\u00f6nlich die t\u00e4glichen kleinen, unvermeidbaren H\u00fcrden und Hindernisse mit Bravour und meistern gemeinsam die gr\u00f6\u00dferen Probleme unserer Zeit. Dann sind wir in unserem Job leistungsf\u00e4hig und haben im Privaten eine hohe Lebensqualit\u00e4t.<\/p>\n<p style=\"text-align: justify;\">Wir brauchen also jetzt und weiterhin jede Menge Energie und Achtsamkeit, um die mentale Gesundheit nicht aus dem Blick zu verlieren und t\u00e4glich daf\u00fcr einzustehen \u2013 zum Selbstzweck und f\u00fcr alle anderen.<\/p>\n<h2 style=\"text-align: justify;\">Zwischen \u201esich zusammenrei\u00dfen\u201c und \u201ezusammenbrechen\u201c ist ein schmaler Grad<\/h2>\n<p style=\"text-align: justify;\">Laut Prognose der WHO werden Depressionen, nach Herz-Kreislauf-Erkrankungen, Krebs und Diabetes, im Jahr 2030 an erster Stelle der Volkskrankheiten stehen. Das Robert Koch-Institut (RKI) hat im Januar 2022 einen Schwerpunktbericht \u00fcber die psychische Gesundheit der erwachsenen Bev\u00f6lkerung in Deutschland ver\u00f6ffentlicht. Der Fokus liegt auf Depression und kognitiver Leistungsf\u00e4higkeit. Der Bericht zeigt auf, \u201edass mehr als jeder siebte Erwachsene mindestens einmal im Laufe seines bisherigen Lebens die diagnostischen Kriterien f\u00fcr eine Depression erf\u00fcllt hat, innerhalb eines Jahres sind es 7,1 % der Bev\u00f6lkerung. [&#8230;] Die Rentenzug\u00e4nge wegen verminderter Erwerbsf\u00e4higkeit aufgrund von Depressionen haben seit Beginn der 2000er Jahre erheblich zugenommen und Krankenkassenstatistiken zeigen einen markanten Anstieg an Depressionsdiagnosen in der Versorgung auf.\u201c Zusammenfassend l\u00e4sst sich sagen: \u201eAufgrund ihrer weiten Verbreitung in der Bev\u00f6lkerung haben insbesondere Depressionen, Angstst\u00f6rungen, Suchterkrankungen und Demenzerkrankungen gro\u00dfe Public Health-Relevanz.\u201c Umgekehrt kommt der Bericht zu dem Schluss, dass die \u201epsychische Gesundheit eine wesentliche Voraussetzung von Lebensqualit\u00e4t, Leistungsf\u00e4higkeit und sozialer Teilhabe ist.\u201c<a href=\"#_ftn1\" name=\"_ftnref1\">[1]<\/a><\/p>\n<h2 style=\"text-align: justify;\">Hard Facts:<\/h2>\n<ol style=\"text-align: justify;\">\n<li>Psychische Krankheiten sind kein Tabu mehr, trotzdem sind wir von einem offenen Umgang mit dem Thema noch weit entfernt.<\/li>\n<li>Ob Erfolg, Lebensfreude, -qualit\u00e4t, Leichtigkeit, Gl\u00fcck oder Mental Health \u2013 all das gelingt nur, wenn wir selbst etwas dazu beitragen, uns auf den Weg machen, \u00fcber alle T\u00e4ler und Gipfel hinweg.<\/li>\n<\/ol>\n<p style=\"text-align: justify;\">Das Spektrum zwischen mentaler Gesundheit und psychischer Erkrankung ist weit gefasst. Menschen empfinden Situationen sehr unterschiedlich. W\u00e4hrend der eine resilient ist, also eine hohe psychische Widerstandsf\u00e4higkeit besitzt, machen dem anderen Krisen punktuell und zeitlich begrenzt ebenfalls zu schaffen \u2013 aber er \u201erei\u00dft sich zusammen\u201c in der Hoffnung, dass alles vor\u00fcbergeht, wenn er seinen Teil dazu beitr\u00e4gt. D.h. er glaubt zumindest noch an seine Selbstbestimmtheit und Selbstwirksamkeit. Andere schaffen das nicht mehr und \u201ebrechen zusammen\u201c, erhalten vielleicht bei vermeintlich gleicher Belastung die dauerhafte Diagnose einer schweren psychischen Erkrankung.<\/p>\n<p style=\"text-align: justify;\">Gerade letztere k\u00fcmmern sich erst um ihre Gesundheit, wenn sie krank sind, so wie das viele Menschen tun, ob k\u00f6rperlich oder psychisch. Das hat Auswirkungen. Und erfordert die Initiative von uns allen. Sich selbst und andere zu fragen: \u201eWie geht es mir\/dir?\u201c, \u201eWas brauche ich\/brauchst du?\u201c, \u201eWann, wo und wie sto\u00dfe ich\/st\u00f6\u00dft du an meine\/deine Grenzen?\u201c, vor allem aber immer wieder \u201eWas kann ich selbst tun?\u201c sind wichtige Schritte auf dem Weg zur mentalen Gesundheit.<\/p>\n<h2 style=\"text-align: justify;\">Wirkungsvolles Selbstmanagement und eine hoffnungsvolle Perspektive<\/h2>\n<p style=\"text-align: justify;\">F\u00fcr unsere mentale Gesundheit ist es essenziell, eine langfristige Sicht auf das, was m\u00f6glich ist, zu pflegen \u2013 also eine hoffnungsvolle Perspektive einzunehmen. Wohlwissen, dass es keine Garantie f\u00fcr Gl\u00fcckseligkeit gibt. Wir m\u00fcssen lernen, zu akzeptieren, dass das Leben uns allen etwas abverlangen kann, das gr\u00f6\u00dfer ist als bisher bekannte Herausforderungen. Bedrohungen k\u00f6nnen jederzeit existentiell sein \u2013 f\u00fcr jeden von uns. Politische, wirtschaftliche und globale Ver\u00e4nderungen nehmen auf pers\u00f6nliche Befindlichkeiten keine R\u00fccksicht. Aber das pers\u00f6nliche Befinden l\u00e4sst sich sehr wohl durch entsprechendes Selbstmanagement steuern. Wir sind von der Nachrichtenlage mental belastet, aber wir k\u00f6nnen etwas tun, um diese Belastung zu reduzieren. W\u00e4hrend wir uns ohnm\u00e4chtig angesichts mancher Entwicklungen f\u00fchlen, haben wir Macht \u00fcber unsere mentale St\u00e4rke. Drei Tipps unterst\u00fctzen dabei:<\/p>\n<ol style=\"text-align: justify;\">\n<li><strong>Helfen Sie und lassen Sie sich helfen<\/strong><\/li>\n<\/ol>\n<p style=\"text-align: justify;\">Reflektieren Sie \u00fcber Ihre pers\u00f6nliche Rolle: Welche Ressourcen, St\u00e4rken und F\u00e4higkeiten k\u00f6nnen Ihnen \u2013 und anderen \u2013 jetzt helfen? Pl\u00f6tzlich f\u00fchlen wir uns n\u00fctzlich, gebraucht, gesehen, ernten Dankbarkeit. Ins Handeln kommen bedeutet gleichzeitig, der Ohnmacht den R\u00fccken zu kehren. Und scheuen Sie sich nicht, selbst Hilfe in Anspruch zu nehmen, wenn Sie sich verloren und \u00fcberfordert f\u00fchlen. Um Hilfe zu bitten, ist keine Schande, sondern ein Akt verantwortungsvoller Selbstf\u00fcrsorge!<\/p>\n<ol style=\"text-align: justify;\" start=\"2\">\n<li><strong>Erinnern Sie sich an gute Wendungen<\/strong><\/li>\n<\/ol>\n<p style=\"text-align: justify;\">Das Wissen aus vergangenen Erfahrungen, dass nicht alles so bedrohlich bleibt, wie es gerade scheint, spendet uns Selbstvertrauen und Zuversicht. Machen Sie sich bewusst, dass es viele gewichtige Gr\u00fcnde gibt, gemeinsam mit anderen an L\u00f6sungen zu arbeiten, auf politischer wie auf anderen Ebenen. Das Interesse an tragf\u00e4higen L\u00f6sungen ist in allen Bereichen gro\u00df.<\/p>\n<ol style=\"text-align: justify;\" start=\"3\">\n<li><strong>Kultivieren Sie Ihren inneren Frieden<\/strong><\/li>\n<\/ol>\n<p style=\"text-align: justify;\">Innehalten im Trubel der Hiobsbotschaften ist ein probates Mittel, um sich vom Sog der negativen Nachrichten nicht mitrei\u00dfen zu lassen. Dosieren Sie den Nachrichtenkonsum und nehmen Sie sich t\u00e4glich Zeit, Kraft und Energie zu sch\u00f6pfen. Den inneren Frieden zu f\u00f6rdern, hei\u00dft zum \u00e4u\u00dferen Frieden beizutragen.<\/p>\n<p style=\"text-align: justify;\">Lassen Sie uns gemeinsam die Hoffnung hochhalten! Wenn wir alle einen Beitrag dazu leisten, hoffnungsvoller in die Zukunft zu schauen und uns verantwortungsvoll zeigen, dann machen wir diese Welt zu einem besseren Ort. Schon Immanuel Kant wusste: \u201eDrei Dinge helfen, die M\u00fchseligkeit des Lebens zu tragen: Die Hoffnung, der Schlaf und das Lachen.\u201c<\/p>\n<p style=\"text-align: justify;\">Unser Mindset, unser Verhalten und unsere Beziehungen bzw. sozialen Kontakte definieren die Qualit\u00e4t unserer mentalen Gesundheit. Ein guter Grund, sorgsam auf unsere Gedanken, unser Tun und unsere Beziehungen zu achten. Auch deshalb, weil unser mentales Wohlbefinden unsere k\u00f6rperliche Leistungsf\u00e4higkeit beeinflusst. Nur wer zugleich k\u00f6rperlich kraftvoll ist und sich psychisch wohlf\u00fchlt, kann sein Leben erfolgreich und gl\u00fccklich bew\u00e4ltigen und seinem Auftrag gegen\u00fcber der Gemeinschaft \u2013 famili\u00e4r und beruflich \u2013 nachkommen. Mentale Gesundheit geht uns alle an! Sprechen wir also offen dar\u00fcber, was uns belastet, und haben f\u00fcr andere ein offenes Ohr. Empathie, Mitgef\u00fchl und bewertungsfreie Wahrnehmung helfen dabei, zusammen mental gesund zu werden und zu bleiben.<\/p>\n<p style=\"text-align: justify;\"><a href=\"#_ftnref1\" name=\"_ftn1\">[1]<\/a> <a href=\"http:\/\/www.rki.de\/erkennenbewertenhandeln\" target=\"_blank\" rel=\"noopener\">http:\/\/www.rki.de\/erkennenbewertenhandeln<\/a><\/p>\n<p style=\"text-align: justify;\"><a href=\"https:\/\/amzn.to\/43s3Uqq\" target=\"_blank\" rel=\"noopener\"><img loading=\"lazy\" decoding=\"async\" class=\"alignleft wp-image-8964 size-medium\" src=\"https:\/\/www.weiterbildungsmarkt.net\/magazin\/wp-content\/uploads\/2023\/04\/Cover-Heimsoeth_Mentale_Gesundheit_kl-194x300.jpg\" alt=\"\" width=\"194\" height=\"300\" srcset=\"https:\/\/www.weiterbildungsmarkt.net\/magazin\/wp-content\/uploads\/2023\/04\/Cover-Heimsoeth_Mentale_Gesundheit_kl-194x300.jpg 194w, https:\/\/www.weiterbildungsmarkt.net\/magazin\/wp-content\/uploads\/2023\/04\/Cover-Heimsoeth_Mentale_Gesundheit_kl-661x1024.jpg 661w, https:\/\/www.weiterbildungsmarkt.net\/magazin\/wp-content\/uploads\/2023\/04\/Cover-Heimsoeth_Mentale_Gesundheit_kl-768x1189.jpg 768w, https:\/\/www.weiterbildungsmarkt.net\/magazin\/wp-content\/uploads\/2023\/04\/Cover-Heimsoeth_Mentale_Gesundheit_kl-992x1536.jpg 992w, https:\/\/www.weiterbildungsmarkt.net\/magazin\/wp-content\/uploads\/2023\/04\/Cover-Heimsoeth_Mentale_Gesundheit_kl-696x1077.jpg 696w, https:\/\/www.weiterbildungsmarkt.net\/magazin\/wp-content\/uploads\/2023\/04\/Cover-Heimsoeth_Mentale_Gesundheit_kl-1068x1653.jpg 1068w, https:\/\/www.weiterbildungsmarkt.net\/magazin\/wp-content\/uploads\/2023\/04\/Cover-Heimsoeth_Mentale_Gesundheit_kl-271x420.jpg 271w, https:\/\/www.weiterbildungsmarkt.net\/magazin\/wp-content\/uploads\/2023\/04\/Cover-Heimsoeth_Mentale_Gesundheit_kl.jpg 1228w\" sizes=\"auto, (max-width: 194px) 100vw, 194px\" \/><\/a><strong>Buchtipp:<\/strong><\/p>\n<p style=\"text-align: justify;\">Antje Heimsoeth: <strong><a href=\"https:\/\/amzn.to\/43s3Uqq\" target=\"_blank\" rel=\"noopener\">Mentale Gesundheit: Wie wir entspannt unsere Leistungsf\u00e4higkeit erhalten<\/a>, <\/strong>144 Seiten, 11,50 Euro<\/p>\n<h3 style=\"text-align: justify;\">\u00dcber die Autorin:<\/h3>\n<p style=\"text-align: justify;\"><strong><img loading=\"lazy\" decoding=\"async\" class=\"size-thumbnail wp-image-5578 alignright\" src=\"https:\/\/www.weiterbildungsmarkt.net\/magazin\/wp-content\/uploads\/2018\/07\/Antje-Heimsoeth_Portrait-120x120.jpg\" alt=\"Antje Heimsoeth\" width=\"120\" height=\"120\" \/>Antje Heimsoeth<\/strong> ist eine der bekanntesten Business- und Mental-Coaches im deutschsprachigen Raum. Sie ist \u201eDeutschlands renommierteste Motivations-trainerin\u201c (FOCUS), \u201eVortragsrednerin des Jahres 2014\u201c und 2021 und Expertin f\u00fcr die Themen mentale und emotionale St\u00e4rke, Mentale Gesundheit, Stressmanagement &amp; Resilienz, Positive Leadership und Selbstf\u00fchrung. Ihr Know-how beruht auf Praxiserfahrungen, die durch wissenschaftliche Impulse stets untermauert werden. Mit ihren B\u00fcchern und Vortr\u00e4gen hat Sie \u00fcber 850.000 Menschen erreicht. 2019 wurde sie zum Senat der Wirtschaft berufen.<\/p>\n<div class=\"shariff shariff-align-left shariff-widget-align-left\"><ul class=\"shariff-buttons theme-round orientation-horizontal buttonsize-medium\"><li class=\"shariff-button facebook shariff-nocustomcolor\" style=\"background-color:#4273c8\"><a href=\"https:\/\/www.facebook.com\/sharer\/sharer.php?u=https%3A%2F%2Fwww.weiterbildungsmarkt.net%2Fmagazin%2Fmentale-gesundheit-wie-wir-entspannt-unsere-leistungsfaehigkeit-erhalten%2F\" title=\"Bei Facebook teilen\" aria-label=\"Bei Facebook teilen\" role=\"button\" rel=\"nofollow\" class=\"shariff-link\" style=\"; background-color:#3b5998; color:#fff\" target=\"_blank\"><span class=\"shariff-icon\" style=\"\"><svg width=\"32px\" height=\"20px\" xmlns=\"http:\/\/www.w3.org\/2000\/svg\" viewBox=\"0 0 18 32\"><path fill=\"#3b5998\" d=\"M17.1 0.2v4.7h-2.8q-1.5 0-2.1 0.6t-0.5 1.9v3.4h5.2l-0.7 5.3h-4.5v13.6h-5.5v-13.6h-4.5v-5.3h4.5v-3.9q0-3.3 1.9-5.2t5-1.8q2.6 0 4.1 0.2z\"\/><\/svg><\/span><\/a><\/li><li class=\"shariff-button twitter shariff-nocustomcolor\" style=\"background-color:#595959\"><a href=\"https:\/\/twitter.com\/share?url=https%3A%2F%2Fwww.weiterbildungsmarkt.net%2Fmagazin%2Fmentale-gesundheit-wie-wir-entspannt-unsere-leistungsfaehigkeit-erhalten%2F&text=Mentale%20Gesundheit%20%E2%80%93%20Wie%20wir%20entspannt%20unsere%20Leistungsf%C3%A4higkeit%20erhalten\" title=\"Bei X teilen\" aria-label=\"Bei X teilen\" role=\"button\" rel=\"noopener nofollow\" class=\"shariff-link\" style=\"; background-color:#000; color:#fff\" target=\"_blank\"><span class=\"shariff-icon\" style=\"\"><svg width=\"32px\" height=\"20px\" xmlns=\"http:\/\/www.w3.org\/2000\/svg\" viewBox=\"0 0 24 24\"><path fill=\"#000\" d=\"M14.258 10.152L23.176 0h-2.113l-7.747 8.813L7.133 0H0l9.352 13.328L0 23.973h2.113l8.176-9.309 6.531 9.309h7.133zm-2.895 3.293l-.949-1.328L2.875 1.56h3.246l6.086 8.523.945 1.328 7.91 11.078h-3.246zm0 0\"\/><\/svg><\/span><\/a><\/li><li class=\"shariff-button xing shariff-nocustomcolor\" style=\"background-color:#29888a\"><a href=\"https:\/\/www.xing.com\/spi\/shares\/new?url=https%3A%2F%2Fwww.weiterbildungsmarkt.net%2Fmagazin%2Fmentale-gesundheit-wie-wir-entspannt-unsere-leistungsfaehigkeit-erhalten%2F\" title=\"Bei XING teilen\" aria-label=\"Bei XING teilen\" role=\"button\" rel=\"noopener nofollow\" class=\"shariff-link\" style=\"; background-color:#126567; color:#fff\" target=\"_blank\"><span class=\"shariff-icon\" style=\"\"><svg width=\"32px\" height=\"20px\" xmlns=\"http:\/\/www.w3.org\/2000\/svg\" viewBox=\"0 0 25 32\"><path fill=\"#126567\" d=\"M10.7 11.9q-0.2 0.3-4.6 8.2-0.5 0.8-1.2 0.8h-4.3q-0.4 0-0.5-0.3t0-0.6l4.5-8q0 0 0 0l-2.9-5q-0.2-0.4 0-0.7 0.2-0.3 0.5-0.3h4.3q0.7 0 1.2 0.8zM25.1 0.4q0.2 0.3 0 0.7l-9.4 16.7 6 11q0.2 0.4 0 0.6-0.2 0.3-0.6 0.3h-4.3q-0.7 0-1.2-0.8l-6-11.1q0.3-0.6 9.5-16.8 0.4-0.8 1.2-0.8h4.3q0.4 0 0.5 0.3z\"\/><\/svg><\/span><\/a><\/li><li class=\"shariff-button linkedin shariff-nocustomcolor\" style=\"background-color:#1488bf\"><a href=\"https:\/\/www.linkedin.com\/sharing\/share-offsite\/?url=https%3A%2F%2Fwww.weiterbildungsmarkt.net%2Fmagazin%2Fmentale-gesundheit-wie-wir-entspannt-unsere-leistungsfaehigkeit-erhalten%2F\" title=\"Bei LinkedIn teilen\" aria-label=\"Bei LinkedIn teilen\" role=\"button\" rel=\"noopener nofollow\" class=\"shariff-link\" style=\"; background-color:#0077b5; color:#fff\" target=\"_blank\"><span class=\"shariff-icon\" style=\"\"><svg width=\"32px\" height=\"20px\" xmlns=\"http:\/\/www.w3.org\/2000\/svg\" viewBox=\"0 0 27 32\"><path fill=\"#0077b5\" d=\"M6.2 11.2v17.7h-5.9v-17.7h5.9zM6.6 5.7q0 1.3-0.9 2.2t-2.4 0.9h0q-1.5 0-2.4-0.9t-0.9-2.2 0.9-2.2 2.4-0.9 2.4 0.9 0.9 2.2zM27.4 18.7v10.1h-5.9v-9.5q0-1.9-0.7-2.9t-2.3-1.1q-1.1 0-1.9 0.6t-1.2 1.5q-0.2 0.5-0.2 1.4v9.9h-5.9q0-7.1 0-11.6t0-5.3l0-0.9h5.9v2.6h0q0.4-0.6 0.7-1t1-0.9 1.6-0.8 2-0.3q3 0 4.9 2t1.9 6z\"\/><\/svg><\/span><\/a><\/li><li class=\"shariff-button whatsapp shariff-nocustomcolor\" style=\"background-color:#5cbe4a\"><a href=\"https:\/\/api.whatsapp.com\/send?text=https%3A%2F%2Fwww.weiterbildungsmarkt.net%2Fmagazin%2Fmentale-gesundheit-wie-wir-entspannt-unsere-leistungsfaehigkeit-erhalten%2F%20Mentale%20Gesundheit%20%E2%80%93%20Wie%20wir%20entspannt%20unsere%20Leistungsf%C3%A4higkeit%20erhalten\" title=\"Bei Whatsapp teilen\" aria-label=\"Bei Whatsapp teilen\" role=\"button\" rel=\"noopener nofollow\" class=\"shariff-link\" style=\"; background-color:#34af23; color:#fff\" target=\"_blank\"><span class=\"shariff-icon\" style=\"\"><svg width=\"32px\" height=\"20px\" xmlns=\"http:\/\/www.w3.org\/2000\/svg\" viewBox=\"0 0 32 32\"><path fill=\"#34af23\" d=\"M17.6 17.4q0.2 0 1.7 0.8t1.6 0.9q0 0.1 0 0.3 0 0.6-0.3 1.4-0.3 0.7-1.3 1.2t-1.8 0.5q-1 0-3.4-1.1-1.7-0.8-3-2.1t-2.6-3.3q-1.3-1.9-1.3-3.5v-0.1q0.1-1.6 1.3-2.8 0.4-0.4 0.9-0.4 0.1 0 0.3 0t0.3 0q0.3 0 0.5 0.1t0.3 0.5q0.1 0.4 0.6 1.6t0.4 1.3q0 0.4-0.6 1t-0.6 0.8q0 0.1 0.1 0.3 0.6 1.3 1.8 2.4 1 0.9 2.7 1.8 0.2 0.1 0.4 0.1 0.3 0 1-0.9t0.9-0.9zM14 26.9q2.3 0 4.3-0.9t3.6-2.4 2.4-3.6 0.9-4.3-0.9-4.3-2.4-3.6-3.6-2.4-4.3-0.9-4.3 0.9-3.6 2.4-2.4 3.6-0.9 4.3q0 3.6 2.1 6.6l-1.4 4.2 4.3-1.4q2.8 1.9 6.2 1.9zM14 2.2q2.7 0 5.2 1.1t4.3 2.9 2.9 4.3 1.1 5.2-1.1 5.2-2.9 4.3-4.3 2.9-5.2 1.1q-3.5 0-6.5-1.7l-7.4 2.4 2.4-7.2q-1.9-3.2-1.9-6.9 0-2.7 1.1-5.2t2.9-4.3 4.3-2.9 5.2-1.1z\"\/><\/svg><\/span><\/a><\/li><li class=\"shariff-button pinterest shariff-nocustomcolor\" style=\"background-color:#e70f18\"><a href=\"https:\/\/www.pinterest.com\/pin\/create\/link\/?url=https%3A%2F%2Fwww.weiterbildungsmarkt.net%2Fmagazin%2Fmentale-gesundheit-wie-wir-entspannt-unsere-leistungsfaehigkeit-erhalten%2F&media=https%3A%2F%2Fwww.weiterbildungsmarkt.net%2Fmagazin%2Fwp-content%2Fuploads%2F2023%2F04%2FMentale-Gesundheit-Wie-wir-entspannt-unsere-Leistungsfaehigkeit-erhalten.jpg&description=Mentale%20Gesundheit%20%E2%80%93%20Wie%20wir%20entspannt%20unsere%20Leistungsf%C3%A4higkeit%20erhalten\" title=\"Bei Pinterest pinnen\" aria-label=\"Bei Pinterest pinnen\" role=\"button\" rel=\"noopener nofollow\" class=\"shariff-link\" style=\"; background-color:#cb2027; color:#fff\" target=\"_blank\"><span class=\"shariff-icon\" style=\"\"><svg width=\"32px\" height=\"20px\" xmlns=\"http:\/\/www.w3.org\/2000\/svg\" viewBox=\"0 0 27 32\"><path fill=\"#cb2027\" d=\"M27.4 16q0 3.7-1.8 6.9t-5 5-6.9 1.9q-2 0-3.9-0.6 1.1-1.7 1.4-2.9 0.2-0.6 1-3.8 0.4 0.7 1.3 1.2t2 0.5q2.1 0 3.8-1.2t2.7-3.4 0.9-4.8q0-2-1.1-3.8t-3.1-2.9-4.5-1.2q-1.9 0-3.5 0.5t-2.8 1.4-2 2-1.2 2.3-0.4 2.4q0 1.9 0.7 3.3t2.1 2q0.5 0.2 0.7-0.4 0-0.1 0.1-0.5t0.2-0.5q0.1-0.4-0.2-0.8-0.9-1.1-0.9-2.7 0-2.7 1.9-4.6t4.9-2q2.7 0 4.2 1.5t1.5 3.8q0 3-1.2 5.2t-3.1 2.1q-1.1 0-1.7-0.8t-0.4-1.9q0.1-0.6 0.5-1.7t0.5-1.8 0.2-1.4q0-0.9-0.5-1.5t-1.4-0.6q-1.1 0-1.9 1t-0.8 2.6q0 1.3 0.4 2.2l-1.8 7.5q-0.3 1.2-0.2 3.2-3.7-1.6-6-5t-2.3-7.6q0-3.7 1.9-6.9t5-5 6.9-1.9 6.9 1.9 5 5 1.8 6.9z\"\/><\/svg><\/span><\/a><\/li><\/ul><\/div>","protected":false},"excerpt":{"rendered":"<p>Unser emotionales, psychisches und soziales Wohlbefinden beeinflusst, wie wir denken, f\u00fchlen und handeln. Es bestimmt, wie wir mit Stress und Druck umgehen und welche Entscheidungen wir treffen. Mentale Gesundheit ist in jeder Phase des Lebens wichtig \u2013 heute sogar wichtiger denn je! Weil wechselnde und wachsende Unsicherheiten die \u00c4ngste der Menschen sch\u00fcren. Weil Anspannung und [&hellip;]<\/p>\n","protected":false},"author":3,"featured_media":8963,"comment_status":"open","ping_status":"closed","sticky":false,"template":"","format":"standard","meta":{"_acf_changed":false,"footnotes":""},"categories":[33,43],"tags":[78,163,152],"class_list":["post-8962","post","type-post","status-publish","format-standard","has-post-thumbnail","hentry","category-leadership","category-selbstmanagement","tag-leadership-2","tag-selbstmanagement","tag-soft-skills"],"acf":[],"_links":{"self":[{"href":"https:\/\/www.weiterbildungsmarkt.net\/magazin\/wp-json\/wp\/v2\/posts\/8962","targetHints":{"allow":["GET"]}}],"collection":[{"href":"https:\/\/www.weiterbildungsmarkt.net\/magazin\/wp-json\/wp\/v2\/posts"}],"about":[{"href":"https:\/\/www.weiterbildungsmarkt.net\/magazin\/wp-json\/wp\/v2\/types\/post"}],"author":[{"embeddable":true,"href":"https:\/\/www.weiterbildungsmarkt.net\/magazin\/wp-json\/wp\/v2\/users\/3"}],"replies":[{"embeddable":true,"href":"https:\/\/www.weiterbildungsmarkt.net\/magazin\/wp-json\/wp\/v2\/comments?post=8962"}],"version-history":[{"count":2,"href":"https:\/\/www.weiterbildungsmarkt.net\/magazin\/wp-json\/wp\/v2\/posts\/8962\/revisions"}],"predecessor-version":[{"id":8967,"href":"https:\/\/www.weiterbildungsmarkt.net\/magazin\/wp-json\/wp\/v2\/posts\/8962\/revisions\/8967"}],"wp:featuredmedia":[{"embeddable":true,"href":"https:\/\/www.weiterbildungsmarkt.net\/magazin\/wp-json\/wp\/v2\/media\/8963"}],"wp:attachment":[{"href":"https:\/\/www.weiterbildungsmarkt.net\/magazin\/wp-json\/wp\/v2\/media?parent=8962"}],"wp:term":[{"taxonomy":"category","embeddable":true,"href":"https:\/\/www.weiterbildungsmarkt.net\/magazin\/wp-json\/wp\/v2\/categories?post=8962"},{"taxonomy":"post_tag","embeddable":true,"href":"https:\/\/www.weiterbildungsmarkt.net\/magazin\/wp-json\/wp\/v2\/tags?post=8962"}],"curies":[{"name":"wp","href":"https:\/\/api.w.org\/{rel}","templated":true}]}}