{"id":9028,"date":"2023-05-25T10:05:41","date_gmt":"2023-05-25T08:05:41","guid":{"rendered":"https:\/\/www.weiterbildungsmarkt.net\/magazin\/?p=9028"},"modified":"2023-04-19T20:31:15","modified_gmt":"2023-04-19T18:31:15","slug":"systemische-gespraechsfuehrung-mehr-haltung-als-technik","status":"publish","type":"post","link":"https:\/\/www.weiterbildungsmarkt.net\/magazin\/systemische-gespraechsfuehrung-mehr-haltung-als-technik\/","title":{"rendered":"Systemische Gespr\u00e4chsF\u00dcHRUNG \u2013 mehr Haltung als Technik"},"content":{"rendered":"<p style=\"text-align: justify;\">Ein Team zu f\u00fchren, geht stets mit einer sehr gro\u00dfen Verantwortung einher. \u00dcber die Jahre hinweg wurden immer wieder neue Ans\u00e4tze ausprobiert. Nachdem sich der autokratische F\u00fchrungsstil mit einer teamorientierten Gesellschaft nicht mehr vereinbaren lie\u00df und auch abflachende Hierarchien ein Vorgehen von oben nach unten (Top-Down) nach unserem sozialen Verst\u00e4ndnis nicht mehr effektiv und praktikabel war, brauchte es andere Wege. So haben sich F\u00fchrungsans\u00e4tze durchgesetzt, die sich an situativen Begebenheiten, individuellen F\u00f6rderm\u00f6glichkeiten und emotionalen sowie empathischen Aspekten orientieren. Immer mehr kommt in diesem Zusammenhang die systemische Gespr\u00e4chsf\u00fchrung zur Anwendung. H\u00e4ufig wird dann die Frage gestellt, was diese Art der Kommunikation beinhaltet und was sie so besonders macht.<\/p>\n<h2 style=\"text-align: justify;\">Systemisch miteinander verkn\u00fcpft \u2013 wie ein Mobile<\/h2>\n<p style=\"text-align: justify;\">Bei der Kommunikation in einem Team spielen viele Aspekte eine Rolle: die individuellen Pers\u00f6nlichkeiten, die jeweils zugeteilten und gelebten Rollen, die r\u00e4umlichen Begebenheiten, der Ausbildungsgrad und vieles mehr. W\u00e4ren diese Aspekte als Mobile dargestellt, kreisten sie fortw\u00e4hrend umeinander. Nach dem systemischen Gedanken stehen all diese genannten Aspekte im Einklang zueinander und k\u00f6nnen nur gemeinsam, gleichzeitig und ganzheitlich betrachtet werden. W\u00fcrde man einen dieser Aspekte innerhalb eines Mobiles verschieben, wurde gleichzeitig das gesamte Gebilde aus dem Gleichgewicht geraten. Das Systemische k\u00fcmmert sich sozusagen um jedes einzelne Teil, so dass es wieder in einem Verh\u00e4ltnis zu den anderen Teilen steht. In der systemischen Gespr\u00e4chsf\u00fchrung geht es demzufolge nicht nur um den Dialog zwischen zwei Menschen, sondern um die Ber\u00fccksichtigung des gesamten anh\u00e4ngenden Systems mit all seinen Aspekten, die zu der aktuellen realen Situation gef\u00fchrt haben.<\/p>\n<p style=\"text-align: justify;\">Die systemische Gespr\u00e4chsf\u00fchrung ist mehr eine Haltung als eine Technik. Es geht darum, die jeweilige Wirklichkeit einer Person so zu akzeptieren, wie sie ist \u2013 und zwar nach der Beschreibung der betreffenden Person selbst. Es hat sich daf\u00fcr der Begriff <em>Wirklichkeitskonstruktion<\/em> etabliert, um zu verstehen, dass die Wirklichkeit der einen Person nicht mit der Wirklichkeit der anderen gleichzusetzen ist, auch wenn beide sich in einem Raum befinden und gerade dasselbe erleben. Zu sehr sind diese Situationen des Erlebens abh\u00e4ngig von dem, was jede Person mitbringt, die Geschichte sowie das soziale Umfeld, der Bildungsstatus, die Emotionen, vielleicht erfahrene Entt\u00e4uschungen und vieles mehr. All das spielt bei der pers\u00f6nlichen Wahrnehmung eine Rolle und wird in der systemischen Gespr\u00e4chsf\u00fchrung sorgf\u00e4ltig miteinbezogen. Dazu werden alle Punkte nacheinander sozusagen \u201eabgeklopft\u201c.<\/p>\n<h2 style=\"text-align: justify;\">Systemische Fragen als Werkzeuge<\/h2>\n<p style=\"text-align: justify;\">Eine bew\u00e4hrte Technik in der systemischen Gespr\u00e4chsf\u00fchrung sind die systemischen Fragestellungen. In der Schule werden meistens die Fragetechniken gelehrt, die in unserer deutschen Sprache \u00fcblicherweise zur Verf\u00fcgung stehen, um gewisse Informationen zu gewinnen. Dazu z\u00e4hlen zum Beispiel offene und geschlossene Fragen, reflektierende Fragen, Suggestivfragen oder die beliebten W-Fragen, mit denen ganz kurz pr\u00e4gnante Inhalte gepr\u00fcft werden. Bei den systemischen Fragen ist die Absicht eine andere. Es geht nicht nur darum, schnell Antworten zu bekommen oder eine Situation bzw. eine Aufgabe zu l\u00f6sen, sondern die Befindlichkeiten des Befragten und die komplexen Zusammenh\u00e4nge dahinter zu erfahren.<\/p>\n<p style=\"text-align: justify;\">Bei den <strong><em>zirkul\u00e4ren<\/em><\/strong> Fragen geht es beispielsweise kreisf\u00f6rmig im sozialen System der befragten Person umher: \u201eWas w\u00fcrde Ihr Kollege dazu sagen?\u201c, \u201eWie w\u00e4re die Reaktion Ihrer direkten Vorgesetzten?\u201c, \u201eWie w\u00fcrde Ihre Familie das finden?\u201c, \u201eWas w\u00fcrden Ihre Freunde davon halten?\u201c.<\/p>\n<p style=\"text-align: justify;\">Bei sogenannten <strong><em>Skalierungsfragen<\/em><\/strong> kann der Befragte auf einer Skala von 0 bis 10 seine Befindlichkeiten ausdr\u00fccken, wie sehr er bei einer Sache zustimmt oder diese ablehnt. Auf diese Weise l\u00e4sst sich schnell ein Meinungsbild entwickeln. Thematisch sind der Fantasie hier keine Grenzen gesetzt. Es kann sich auch um Abstufungen von Farben, von Temperaturen, von Gef\u00fchlen oder Bildern handeln, um diese Art der Fragetechnik zum Beispiel auch Kindern zug\u00e4nglich zu machen.<\/p>\n<p style=\"text-align: justify;\">Eine weitere M\u00f6glichkeit ist die <strong><em>ressourcenorientierte<\/em> Frage<\/strong>. Hier richtet sich die Frage darauf, was bisher zu der angestrebten L\u00f6sung gef\u00fchrt hat: \u201eWas hat Ihnen damals geholfen, als Sie in einer \u00e4hnlichen Situation waren?\u201c, \u201eMit welchen Mitteln konnten Sie damals dieses oder jenes Projekt gut abschlie\u00dfen und wer hat Sie dabei unterst\u00fctzt?\u201c.<\/p>\n<p style=\"text-align: justify;\">All diese Fragetechniken haben eines gemeinsam: Sie richten sich einzig und allein auf die m\u00f6glichen Ressourcen des Befragten. Es geht niemals darum, dass der\/die Fragende L\u00f6sungsans\u00e4tze vorschl\u00e4gt aus denen der\/die Befragte ausw\u00e4hlen kann. Eine systemische Gespr\u00e4chsf\u00fchrung zielt immer darauf ab, eine Person zu ihren eigenen m\u00f6glichen L\u00f6sungen zu f\u00fchren, indem man sie mit ihren eigenen Ressourcen verbindet. Oftmals liegt die L\u00f6sung ja schon zum Greifen nah, es fehlt lediglich die mentale Verbindung dazu. Diese wird mit der systemischen Gespr\u00e4chsf\u00fchrung hergestellt.<\/p>\n<p style=\"text-align: justify;\">Eine andere beliebte Herangehensweise ist die sogenannte <strong><em>Wunderfrage<\/em><\/strong>. Dabei wird ein Szenario beschrieben, was denn wohl passieren w\u00fcrde, wenn sich \u00fcber Nacht alles ver\u00e4ndern w\u00fcrde, keine finanziellen Einschr\u00e4nkungen best\u00fcnden und man sich am n\u00e4chsten Tag alles w\u00fcnschen k\u00f6nnte, was man denn wollte. Die Antwort f\u00e4llt h\u00e4ufig sehr \u201eklein\u201c aus und st\u00f6\u00dft bei F\u00fchrungskr\u00e4ften nicht selten auf Verwunderung. Denn oft sind es gar nicht die gro\u00dfen Dinge, die Mitarbeitende in diesem Moment brauchen, sondern kleine unscheinbarer Mittel und Werkzeuge, mit denen sie ihre Arbeit wesentlich effektiver oder kreativer gestalten k\u00f6nnten. Nat\u00fcrlich kann die Wunderfrage auch enorme Ausma\u00dfe annehmen, das kommt auf den jeweiligen Kontext an.<\/p>\n<p style=\"text-align: justify;\">Auch <strong><em>paradoxe<\/em> Fragen<\/strong> sind ein Mittel der systemischen Intervention. Hier wird mit einer besonderen Art der Fragestellung absichtlich Verwirrung gestiftet, um das Dilemma der befragten Personen zu verdeutlichen: \u201eUnd Sie wollen sich weiterhin von Ihrer Kollegin so \u00e4rgern lassen?\u201c, \u201eWie intensiv d\u00fcrfen Ihre Kopfschmerzen denn noch werden?\u201c. Mit dieser paradoxen Intervention erreicht man im ersten Moment einen geschockten Impuls bei der Person, weil niemand damit rechnet, auf diese Art und Weise angesprochen und regelrecht provoziert zu werden. Und eben weil es paradox ist, f\u00fchrt es dann erst recht dazu, dass die Person \u00fcber die Situation nachdenkt und in der Regel recht schnell einlenkt und beteuert, nicht l\u00e4nger in dieser unzufriedenen Situation verharren zu wollen. Daran l\u00e4sst sich anschlie\u00dfend gut ankn\u00fcpfen, um die L\u00f6sungsfindung gemeinsam mit dem Gegen\u00fcber weiterhin systemisch gut begleiten zu k\u00f6nnen.<\/p>\n<h2 style=\"text-align: justify;\">Aktives Zuh\u00f6ren als zugewandte Kommunikation<\/h2>\n<p style=\"text-align: justify;\">Neben zahlreichen Frageformen und -arten, geht mit der systemischen Gespr\u00e4chsf\u00fchrung auch das <em>aktive Zuh\u00f6ren<\/em> einher. Im Mittelpunkt steht dabei, wirklich bewusst zuh\u00f6ren zu k\u00f6nnen und dies auch zu signalisieren. Wir k\u00f6nnen nicht <em>nicht<\/em> h\u00f6ren, also gehen wir h\u00e4ufig davon aus, dass unser Gegen\u00fcber doch mitbekommt, was wir sagen und vergessen dabei, dies auch zu zeigen. Das aktive Zuh\u00f6ren hingegen verdeutlicht, dass alle Informationen zudem gut angekommen sind. Nachfragen, Best\u00e4tigungen oder auch \u00c4u\u00dferungen des Staunens geben dem Gespr\u00e4ch eine ganz neue Dimension und Tiefe.<\/p>\n<h2 style=\"text-align: justify;\">Ein L\u00f6sungsassistent von au\u00dfen<\/h2>\n<p style=\"text-align: justify;\">Alles in allem schafft die systemische Gespr\u00e4chsf\u00fchrung einen sehr tiefgreifenden Einblick in das Umfeld der betreffenden Personen. Es werden alle Zusammenh\u00e4nge offengelegt, ebenso s\u00e4mtliche Verkn\u00fcpfungen und Verkettungen, so dass h\u00e4ufig erst dann die Komplexit\u00e4t eines Dilemmas deutlich wird. Wenn jemand in seinem eigenen System \u201egefangen\u201c ist, kann er keine Perspektive von au\u00dfen einnehmen, oder bildlich gesprochen: Das Boot l\u00e4sst sich nicht von den Menschen anschieben, die in ihm sitzen! Nat\u00fcrlich muss nicht immer zwangsl\u00e4ufig ein Dilemma vorliegen, um systemische Gespr\u00e4che zu f\u00fchren. Auch in normalen Alltagsgespr\u00e4chen erreicht man eine sehr tiefgreifende Nuance, wenn systemische Aspekte hinzukommen. Das Gegen\u00fcber f\u00fchlt sich ernster genommen, viel mehr angenommen und ist daher umso mehr bereit, an einer eigenen L\u00f6sung zu arbeiten.<\/p>\n<p style=\"text-align: justify;\">L\u00e4ngst hat die systemische Gespr\u00e4chsf\u00fchrung den Hafen von Coaching, Mediation oder therapeutischen Interventionen verlassen und im Rahmen abflachender Hierarchien und menschenbewussten Managements auch in Unternehmen und Teams Einzug gehalten. Immer mehr ist die Rede von systemischer L\u00f6sungsorientierung. Parallel dazu haben sich die agilen Methoden wie Scrum oder Design Thinking fest in den Werkzeugkoffern der F\u00fchrungskr\u00e4fte etabliert. Der systemische Ansatz bringt ein neues Gef\u00fchl in die F\u00fchrungsaufgabe. Es ist eine zugewandte F\u00fchrungslinie erkennbar, die f\u00fcr die Mitarbeitenden die M\u00f6glichkeit schafft, ein ganzheitliches und nach allen Seiten abgekl\u00e4rtes Vertrauensverh\u00e4ltnis aufzubauen. Sich dieser Aufgabe und der damit verbundenen Verantwortung zu widmen und bewusst zu werden, ist die Aufgabe der F\u00fchrungskr\u00e4fte unserer Zeit. Vertrauen und Zuversicht sind Werte, die ein Team durch besondere Zeiten tragen \u2013 so wie gerade jetzt!<\/p>\n<p style=\"text-align: justify;\"><a href=\"https:\/\/amzn.to\/3AdG7gC\" target=\"_blank\" rel=\"noopener\"><img loading=\"lazy\" decoding=\"async\" class=\"alignleft size-medium wp-image-9029\" src=\"https:\/\/www.weiterbildungsmarkt.net\/magazin\/wp-content\/uploads\/2023\/04\/Motte_Cover_Online-moderieren-virtuell-gestalten_kl-188x300.jpg\" alt=\"Motte_Cover_Online moderieren &amp; virtuell gestalten_kl\" width=\"188\" height=\"300\" srcset=\"https:\/\/www.weiterbildungsmarkt.net\/magazin\/wp-content\/uploads\/2023\/04\/Motte_Cover_Online-moderieren-virtuell-gestalten_kl-188x300.jpg 188w, https:\/\/www.weiterbildungsmarkt.net\/magazin\/wp-content\/uploads\/2023\/04\/Motte_Cover_Online-moderieren-virtuell-gestalten_kl-263x420.jpg 263w, https:\/\/www.weiterbildungsmarkt.net\/magazin\/wp-content\/uploads\/2023\/04\/Motte_Cover_Online-moderieren-virtuell-gestalten_kl.jpg 500w\" sizes=\"auto, (max-width: 188px) 100vw, 188px\" \/><\/a>Buchtipp: Petra Motte: <a href=\"https:\/\/amzn.to\/3AdG7gC\" target=\"_blank\" rel=\"noopener\"><strong>Online moderieren &amp; virtuell gestalten: <\/strong><strong>Der digitale Durchbruch f\u00fcr Ihren Erfolg!<\/strong><\/a><\/p>\n<p style=\"text-align: justify;\">\u00dcber die Autorin:<\/p>\n<p style=\"text-align: justify;\"><strong><img loading=\"lazy\" decoding=\"async\" class=\"alignright size-thumbnail wp-image-9030\" src=\"https:\/\/www.weiterbildungsmarkt.net\/magazin\/wp-content\/uploads\/2023\/04\/Motte_Portrait_kl-120x120.jpg\" alt=\"Petra Motte \" width=\"120\" height=\"120\" \/>Petra Motte<\/strong> arbeitet seit vielen Jahren als Trainerin, Beraterin, Coach und Mediatorin. In S\u00fcdostasien sammelte sie \u00fcber 10 Jahre lang internationale Erfahrungen, die sie inzwischen auf Konzern- und Unternehmensebene einbringt. Prozessoptimierung, ganzheitliches Change-Management, virtuelle Entwicklung oder interkulturelle Fragen \u2013 die gro\u00dfe Leidenschaft von Petra Motte sind die Menschen, die hinter den Zahlen stecken.<\/p>\n<div class=\"shariff shariff-align-flex-start shariff-widget-align-flex-start\"><ul class=\"shariff-buttons theme-round orientation-horizontal buttonsize-medium\"><li class=\"shariff-button facebook shariff-nocustomcolor\" style=\"background-color:#4273c8\"><a href=\"https:\/\/www.facebook.com\/sharer\/sharer.php?u=https%3A%2F%2Fwww.weiterbildungsmarkt.net%2Fmagazin%2Fsystemische-gespraechsfuehrung-mehr-haltung-als-technik%2F\" title=\"Bei Facebook teilen\" aria-label=\"Bei Facebook teilen\" role=\"button\" rel=\"nofollow\" class=\"shariff-link\" style=\"; background-color:#3b5998; color:#fff\" target=\"_blank\"><span class=\"shariff-icon\" style=\"\"><svg width=\"32px\" height=\"20px\" xmlns=\"http:\/\/www.w3.org\/2000\/svg\" viewBox=\"0 0 18 32\"><path fill=\"#3b5998\" d=\"M17.1 0.2v4.7h-2.8q-1.5 0-2.1 0.6t-0.5 1.9v3.4h5.2l-0.7 5.3h-4.5v13.6h-5.5v-13.6h-4.5v-5.3h4.5v-3.9q0-3.3 1.9-5.2t5-1.8q2.6 0 4.1 0.2z\"\/><\/svg><\/span><\/a><\/li><li class=\"shariff-button twitter shariff-nocustomcolor\" style=\"background-color:#595959\"><a href=\"https:\/\/twitter.com\/share?url=https%3A%2F%2Fwww.weiterbildungsmarkt.net%2Fmagazin%2Fsystemische-gespraechsfuehrung-mehr-haltung-als-technik%2F&text=Systemische%20Gespr%C3%A4chsF%C3%9CHRUNG%20%E2%80%93%20mehr%20Haltung%20als%20Technik\" title=\"Bei X teilen\" aria-label=\"Bei X teilen\" role=\"button\" rel=\"noopener nofollow\" class=\"shariff-link\" style=\"; background-color:#000; color:#fff\" target=\"_blank\"><span class=\"shariff-icon\" style=\"\"><svg width=\"32px\" height=\"20px\" xmlns=\"http:\/\/www.w3.org\/2000\/svg\" viewBox=\"0 0 24 24\"><path fill=\"#000\" d=\"M14.258 10.152L23.176 0h-2.113l-7.747 8.813L7.133 0H0l9.352 13.328L0 23.973h2.113l8.176-9.309 6.531 9.309h7.133zm-2.895 3.293l-.949-1.328L2.875 1.56h3.246l6.086 8.523.945 1.328 7.91 11.078h-3.246zm0 0\"\/><\/svg><\/span><\/a><\/li><li class=\"shariff-button xing shariff-nocustomcolor\" style=\"background-color:#29888a\"><a href=\"https:\/\/www.xing.com\/spi\/shares\/new?url=https%3A%2F%2Fwww.weiterbildungsmarkt.net%2Fmagazin%2Fsystemische-gespraechsfuehrung-mehr-haltung-als-technik%2F\" title=\"Bei XING teilen\" aria-label=\"Bei XING teilen\" role=\"button\" rel=\"noopener nofollow\" class=\"shariff-link\" style=\"; background-color:#126567; color:#fff\" target=\"_blank\"><span class=\"shariff-icon\" style=\"\"><svg width=\"32px\" height=\"20px\" xmlns=\"http:\/\/www.w3.org\/2000\/svg\" viewBox=\"0 0 25 32\"><path fill=\"#126567\" d=\"M10.7 11.9q-0.2 0.3-4.6 8.2-0.5 0.8-1.2 0.8h-4.3q-0.4 0-0.5-0.3t0-0.6l4.5-8q0 0 0 0l-2.9-5q-0.2-0.4 0-0.7 0.2-0.3 0.5-0.3h4.3q0.7 0 1.2 0.8zM25.1 0.4q0.2 0.3 0 0.7l-9.4 16.7 6 11q0.2 0.4 0 0.6-0.2 0.3-0.6 0.3h-4.3q-0.7 0-1.2-0.8l-6-11.1q0.3-0.6 9.5-16.8 0.4-0.8 1.2-0.8h4.3q0.4 0 0.5 0.3z\"\/><\/svg><\/span><\/a><\/li><li class=\"shariff-button linkedin shariff-nocustomcolor\" style=\"background-color:#1488bf\"><a href=\"https:\/\/www.linkedin.com\/sharing\/share-offsite\/?url=https%3A%2F%2Fwww.weiterbildungsmarkt.net%2Fmagazin%2Fsystemische-gespraechsfuehrung-mehr-haltung-als-technik%2F\" title=\"Bei LinkedIn teilen\" aria-label=\"Bei LinkedIn teilen\" role=\"button\" rel=\"noopener nofollow\" class=\"shariff-link\" style=\"; background-color:#0077b5; color:#fff\" target=\"_blank\"><span class=\"shariff-icon\" style=\"\"><svg width=\"32px\" height=\"20px\" xmlns=\"http:\/\/www.w3.org\/2000\/svg\" viewBox=\"0 0 27 32\"><path fill=\"#0077b5\" d=\"M6.2 11.2v17.7h-5.9v-17.7h5.9zM6.6 5.7q0 1.3-0.9 2.2t-2.4 0.9h0q-1.5 0-2.4-0.9t-0.9-2.2 0.9-2.2 2.4-0.9 2.4 0.9 0.9 2.2zM27.4 18.7v10.1h-5.9v-9.5q0-1.9-0.7-2.9t-2.3-1.1q-1.1 0-1.9 0.6t-1.2 1.5q-0.2 0.5-0.2 1.4v9.9h-5.9q0-7.1 0-11.6t0-5.3l0-0.9h5.9v2.6h0q0.4-0.6 0.7-1t1-0.9 1.6-0.8 2-0.3q3 0 4.9 2t1.9 6z\"\/><\/svg><\/span><\/a><\/li><li class=\"shariff-button whatsapp shariff-nocustomcolor\" style=\"background-color:#5cbe4a\"><a href=\"https:\/\/api.whatsapp.com\/send?text=https%3A%2F%2Fwww.weiterbildungsmarkt.net%2Fmagazin%2Fsystemische-gespraechsfuehrung-mehr-haltung-als-technik%2F%20Systemische%20Gespr%C3%A4chsF%C3%9CHRUNG%20%E2%80%93%20mehr%20Haltung%20als%20Technik\" title=\"Bei Whatsapp teilen\" aria-label=\"Bei Whatsapp teilen\" role=\"button\" rel=\"noopener nofollow\" class=\"shariff-link\" style=\"; background-color:#34af23; color:#fff\" target=\"_blank\"><span class=\"shariff-icon\" style=\"\"><svg width=\"32px\" height=\"20px\" xmlns=\"http:\/\/www.w3.org\/2000\/svg\" viewBox=\"0 0 32 32\"><path fill=\"#34af23\" d=\"M17.6 17.4q0.2 0 1.7 0.8t1.6 0.9q0 0.1 0 0.3 0 0.6-0.3 1.4-0.3 0.7-1.3 1.2t-1.8 0.5q-1 0-3.4-1.1-1.7-0.8-3-2.1t-2.6-3.3q-1.3-1.9-1.3-3.5v-0.1q0.1-1.6 1.3-2.8 0.4-0.4 0.9-0.4 0.1 0 0.3 0t0.3 0q0.3 0 0.5 0.1t0.3 0.5q0.1 0.4 0.6 1.6t0.4 1.3q0 0.4-0.6 1t-0.6 0.8q0 0.1 0.1 0.3 0.6 1.3 1.8 2.4 1 0.9 2.7 1.8 0.2 0.1 0.4 0.1 0.3 0 1-0.9t0.9-0.9zM14 26.9q2.3 0 4.3-0.9t3.6-2.4 2.4-3.6 0.9-4.3-0.9-4.3-2.4-3.6-3.6-2.4-4.3-0.9-4.3 0.9-3.6 2.4-2.4 3.6-0.9 4.3q0 3.6 2.1 6.6l-1.4 4.2 4.3-1.4q2.8 1.9 6.2 1.9zM14 2.2q2.7 0 5.2 1.1t4.3 2.9 2.9 4.3 1.1 5.2-1.1 5.2-2.9 4.3-4.3 2.9-5.2 1.1q-3.5 0-6.5-1.7l-7.4 2.4 2.4-7.2q-1.9-3.2-1.9-6.9 0-2.7 1.1-5.2t2.9-4.3 4.3-2.9 5.2-1.1z\"\/><\/svg><\/span><\/a><\/li><li class=\"shariff-button pinterest shariff-nocustomcolor\" style=\"background-color:#e70f18\"><a href=\"https:\/\/www.pinterest.com\/pin\/create\/link\/?url=https%3A%2F%2Fwww.weiterbildungsmarkt.net%2Fmagazin%2Fsystemische-gespraechsfuehrung-mehr-haltung-als-technik%2F&media=https%3A%2F%2Fwww.weiterbildungsmarkt.net%2Fmagazin%2Fwp-content%2Fuploads%2F2023%2F05%2FSystemische-GespraechsFUeHRUNG.jpg&description=Systemische%20Gespr%C3%A4chsF%C3%9CHRUNG%20%E2%80%93%20mehr%20Haltung%20als%20Technik\" title=\"Bei Pinterest pinnen\" aria-label=\"Bei Pinterest pinnen\" role=\"button\" rel=\"noopener nofollow\" class=\"shariff-link\" style=\"; background-color:#cb2027; color:#fff\" target=\"_blank\"><span class=\"shariff-icon\" style=\"\"><svg width=\"32px\" height=\"20px\" xmlns=\"http:\/\/www.w3.org\/2000\/svg\" viewBox=\"0 0 27 32\"><path fill=\"#cb2027\" d=\"M27.4 16q0 3.7-1.8 6.9t-5 5-6.9 1.9q-2 0-3.9-0.6 1.1-1.7 1.4-2.9 0.2-0.6 1-3.8 0.4 0.7 1.3 1.2t2 0.5q2.1 0 3.8-1.2t2.7-3.4 0.9-4.8q0-2-1.1-3.8t-3.1-2.9-4.5-1.2q-1.9 0-3.5 0.5t-2.8 1.4-2 2-1.2 2.3-0.4 2.4q0 1.9 0.7 3.3t2.1 2q0.5 0.2 0.7-0.4 0-0.1 0.1-0.5t0.2-0.5q0.1-0.4-0.2-0.8-0.9-1.1-0.9-2.7 0-2.7 1.9-4.6t4.9-2q2.7 0 4.2 1.5t1.5 3.8q0 3-1.2 5.2t-3.1 2.1q-1.1 0-1.7-0.8t-0.4-1.9q0.1-0.6 0.5-1.7t0.5-1.8 0.2-1.4q0-0.9-0.5-1.5t-1.4-0.6q-1.1 0-1.9 1t-0.8 2.6q0 1.3 0.4 2.2l-1.8 7.5q-0.3 1.2-0.2 3.2-3.7-1.6-6-5t-2.3-7.6q0-3.7 1.9-6.9t5-5 6.9-1.9 6.9 1.9 5 5 1.8 6.9z\"\/><\/svg><\/span><\/a><\/li><\/ul><\/div>","protected":false},"excerpt":{"rendered":"<p>Ein Team zu f\u00fchren, geht stets mit einer sehr gro\u00dfen Verantwortung einher. \u00dcber die Jahre hinweg wurden immer wieder neue Ans\u00e4tze ausprobiert. Nachdem sich der autokratische F\u00fchrungsstil mit einer teamorientierten Gesellschaft nicht mehr vereinbaren lie\u00df und auch abflachende Hierarchien ein Vorgehen von oben nach unten (Top-Down) nach unserem sozialen Verst\u00e4ndnis nicht mehr effektiv und praktikabel [&hellip;]<\/p>\n","protected":false},"author":3,"featured_media":9032,"comment_status":"open","ping_status":"closed","sticky":false,"template":"","format":"standard","meta":{"_acf_changed":false,"footnotes":""},"categories":[5,37,34],"tags":[131,157,155],"class_list":["post-9028","post","type-post","status-publish","format-standard","has-post-thumbnail","hentry","category-coaching","category-gespraechsfuehrung","category-kommunikation","tag-coaching","tag-gespraechsfuehrung","tag-kommunikation"],"acf":[],"_links":{"self":[{"href":"https:\/\/www.weiterbildungsmarkt.net\/magazin\/wp-json\/wp\/v2\/posts\/9028","targetHints":{"allow":["GET"]}}],"collection":[{"href":"https:\/\/www.weiterbildungsmarkt.net\/magazin\/wp-json\/wp\/v2\/posts"}],"about":[{"href":"https:\/\/www.weiterbildungsmarkt.net\/magazin\/wp-json\/wp\/v2\/types\/post"}],"author":[{"embeddable":true,"href":"https:\/\/www.weiterbildungsmarkt.net\/magazin\/wp-json\/wp\/v2\/users\/3"}],"replies":[{"embeddable":true,"href":"https:\/\/www.weiterbildungsmarkt.net\/magazin\/wp-json\/wp\/v2\/comments?post=9028"}],"version-history":[{"count":1,"href":"https:\/\/www.weiterbildungsmarkt.net\/magazin\/wp-json\/wp\/v2\/posts\/9028\/revisions"}],"predecessor-version":[{"id":9031,"href":"https:\/\/www.weiterbildungsmarkt.net\/magazin\/wp-json\/wp\/v2\/posts\/9028\/revisions\/9031"}],"wp:featuredmedia":[{"embeddable":true,"href":"https:\/\/www.weiterbildungsmarkt.net\/magazin\/wp-json\/wp\/v2\/media\/9032"}],"wp:attachment":[{"href":"https:\/\/www.weiterbildungsmarkt.net\/magazin\/wp-json\/wp\/v2\/media?parent=9028"}],"wp:term":[{"taxonomy":"category","embeddable":true,"href":"https:\/\/www.weiterbildungsmarkt.net\/magazin\/wp-json\/wp\/v2\/categories?post=9028"},{"taxonomy":"post_tag","embeddable":true,"href":"https:\/\/www.weiterbildungsmarkt.net\/magazin\/wp-json\/wp\/v2\/tags?post=9028"}],"curies":[{"name":"wp","href":"https:\/\/api.w.org\/{rel}","templated":true}]}}