{"id":9117,"date":"2023-08-02T10:42:34","date_gmt":"2023-08-02T08:42:34","guid":{"rendered":"https:\/\/www.weiterbildungsmarkt.net\/magazin\/?p=9117"},"modified":"2023-07-13T15:43:15","modified_gmt":"2023-07-13T13:43:15","slug":"den-personalabbau-auf-faire-weise-gestalten","status":"publish","type":"post","link":"https:\/\/www.weiterbildungsmarkt.net\/magazin\/den-personalabbau-auf-faire-weise-gestalten\/","title":{"rendered":"Den Personalabbau auf faire Weise gestalten"},"content":{"rendered":"<p style=\"text-align: justify;\">Nicht wenige Konzerne und mittelst\u00e4ndische Unternehmen m\u00fcssen derzeit aufgrund gro\u00dfer Marktver\u00e4nderungen Personal abbauen. H\u00e4ufig beauftragen sie externe Berater, die sie dabei unterst\u00fctzen &#8211; auch um den Betriebsfrieden zu wahren. Ein Beispiel aus der Praxis!<\/p>\n<p style=\"text-align: justify;\">Im Sommer 2022 stand ein mittelst\u00e4ndisches Unternehmen vor der Alternative: Entweder wir senken unsere Kosten oder wir m\u00fcssen bald die Tore schlie\u00dfen &#8211; unter anderem wegen steigender Energiepreise und sinkender Auftragsvolumina. Also stellte die Gesch\u00e4ftsleitung alle Sachkosten auf den Pr\u00fcfstand. Was \u00fcberfl\u00fcssig war, wurde gestrichen. Doch das allein reichte nicht. Deshalb reifte in der Unternehmensleitung die Erkenntnis: Wir m\u00fcssen rund 20 Prozent unserer rund 240 Mitarbeiterinnen und Mitarbeiter entlassen.<\/p>\n<h2 style=\"text-align: justify;\">Ein Drehbuch f\u00fcr den Trennungsprozess schreiben<\/h2>\n<p style=\"text-align: justify;\">Leicht fiel der Gesch\u00e4ftsleitung des Familienunternehmens diese Entscheidung nicht \u2013 auch, weil sie bef\u00fcrchtete: Wenn wir in gr\u00f6\u00dferem Umfang Mitarbeiter entlassen, zerst\u00f6rt dies unsere von einem starken Wir-Gef\u00fchl gepr\u00e4gte Unternehmenskultur. Deshalb beschloss sie: Wir arbeiten mit einem Beratungsunternehmen zusammen, das<\/p>\n<ul style=\"text-align: justify;\">\n<li>uns hilft, den Trennungsprozess aus Mitarbeitersicht fair zu gestalten, und<\/li>\n<li>die Entlassenen dabei unterst\u00fctzt, f\u00fcr sich eine neue berufliche Perspektive zu entwerfen.<\/li>\n<\/ul>\n<p style=\"text-align: justify;\">Als Partner w\u00e4hlte die Gesch\u00e4ftsleitung die unter anderem auf das Thema Turnaround spezialisierte Unternehmensberatung Kraus &amp; Partner, Bruchsal. Ihr Senior-Consultant Thomas Fischer entwarf mit dem gesch\u00e4ftsf\u00fchrenden Gesellschafter des Unternehmens, dessen Personalleiter und drei eingeweihten F\u00fchrungskr\u00e4ften ein Konzept f\u00fcr den K\u00fcndigungs- und Trennungsprozess.<\/p>\n<p style=\"text-align: justify;\">Parallel dazu wurden alle gesetzlichen, tariflichen und betrieblichen Instrumente zur Personalanpassung ohne Entlassungen (z.B. Altersteilzeit, Teilzeitarbeit oder interne Versetzungen) gepr\u00fcft. Au\u00dferdem wurde der Betriebsrat informiert und mit ihm ein Sozialplan verhandelt. In dieser Phase waren alle Beteiligten noch zum Stillschweigen verpflichtet und unterschrieben eine entsprechende Erkl\u00e4rung.<\/p>\n<p style=\"text-align: justify;\">Den Auftakt des offiziellen K\u00fcndigungs- und Trennungsprozesses bildete ein zweist\u00fcndiges Meeting Anfang September 2022 mit der F\u00fchrungsmannschaft des Unternehmens. In ihm informierte der gesch\u00e4ftsf\u00fchrende Gesellschafter alle F\u00fchrungskr\u00e4fte \u00fcber das Programm zum Personalabbau und erl\u00e4uterte ihnen dessen geplanten Ablauf. Au\u00dferdem erstellte er mit ihnen unterst\u00fctzt von den externen Beratern eine Planung zum weiteren Vorgehen. Sie enthielt auch erste Absprachen dar\u00fcber, wer, wann, mit wem, welche Gespr\u00e4che wie f\u00fchrt.<\/p>\n<h2 style=\"text-align: justify;\">Die Betroffenen und ihre Vorgesetzten unterst\u00fctzen<\/h2>\n<p style=\"text-align: justify;\">Circa eine Woche sp\u00e4ter informierte der gesch\u00e4ftsf\u00fchrende Gesellschafter alle Mitarbeiter auf einer Betriebsversammlung \u00fcber den geplanten Personalabbau. Zudem teilte er ihnen mit, dass die F\u00fchrungskr\u00e4fte in den n\u00e4chsten Tagen auf die Mitarbeiter zukommen w\u00fcrden, um pers\u00f6nliche Gespr\u00e4che mit ihnen zu f\u00fchren. In der Versammlung wurden der Belegschaft auch Thomas Fischer und zwei seiner Beraterkollegen vorgestellt, die die Betroffenen im weiteren Prozess begleiten und unterst\u00fctzen sollten.<\/p>\n<p style=\"text-align: justify;\">Zwei Tage nach der Betriebsversammlung wurden die F\u00fchrungskr\u00e4fte, die die Mitarbeitergespr\u00e4che f\u00fchren sollten, in einem halbt\u00e4gigen Training auf diese Aufgabe vorbereitet. Danach f\u00fchrten die F\u00fchrungskr\u00e4fte die entsprechenden Gespr\u00e4che<\/p>\n<ul style=\"text-align: justify;\">\n<li>mit den Mitarbeitern, die das Unternehmen auf alle F\u00e4lle als Arbeitnehmer behalten wollte, und<\/li>\n<li>mit den Mitarbeitern, die es f\u00fcr das angebotene Freiwilligenprogramm gewinnen wollte.<\/li>\n<\/ul>\n<p style=\"text-align: justify;\">Nach Ablauf einer gesetzten Frist von drei Wochen hatten zwar 19 Mitarbeitende f\u00fcr sich entschieden: Wir trennen uns mit einer Abfindung im gemeinsamen Einvernehmen vom Unternehmen. Ihre Zahl gen\u00fcgte aber nicht, um die angestrebte Personalreduktion um 48 Mitarbeitende zu erreichen. Also starteten nun die offiziellen K\u00fcndigungsgespr\u00e4che, in denen die betriebsbedingten Trennungen besprochen wurden. Diese Gespr\u00e4che wurden mit den Betroffenen stets von der jeweiligen F\u00fchrungskraft und dem Personalleiter gef\u00fchrt.<\/p>\n<p style=\"text-align: justify;\">In den Gespr\u00e4chen war laut Aussagen von Thomas Fischer wichtig, \u201edie Trennungsbotschaft klar zu vermitteln, jedoch zugleich im Umgang mit den Betroffenen fair und wertsch\u00e4tzend zu bleiben\u201c. Betont wurde deshalb stets, dass die Trennung nichts mit der betreffenden Person und ihrer Leistung zu tun habe, sondern betriebsbedingt sei und auf Basis einer mit dem Betriebsrat verhandelten Sozialauswahl erfolge. Au\u00dferdem artikulierten die F\u00fchrungskraft und der Personalleiter in den Gespr\u00e4chen ihr Mitgef\u00fchl und sagten den Betroffenen nicht nur ihre pers\u00f6nliche, sondern auch eine Unterst\u00fctzung des Unternehmens beim Aufbau einer m\u00f6glichen beruflichen Alternative zu.<\/p>\n<h2 style=\"text-align: justify;\">Eine neue Perspektive als Betroffener entwickeln<\/h2>\n<p style=\"text-align: justify;\">Letztlich entschieden sich alle 29 betriebsbedingt gek\u00fcndigten Mitarbeitenden an dem vom Unternehmen angebotenen Newplacement-Prozess teilzunehmen. Also trafen sich Thomas Fischer und seine beiden Kollegen mit ihnen, um mit ihnen m\u00f6gliche neue berufliche pers\u00f6nliche Perspektiven zu erarbeiten. In den Gespr\u00e4chen vermittelte Fischer ihnen auch: \u201eIhr seid alle keine Berufseinsteiger. Ihr habt alle jahrelange Berufserfahrung. Deshalb k\u00f6nnt ihr in Unternehmen wichtiges Know-how einbringen.\u201c<\/p>\n<p style=\"text-align: justify;\">Anschlie\u00dfend fanden f\u00fcr alle Gek\u00fcndigten in Kleingruppen Bewerbertrainings statt. In ihnen entwickelten sie f\u00fcr sich eine berufliche Perspektive:<\/p>\n<ul style=\"text-align: justify;\">\n<li>Suche ich mir eine neue Stelle, gehe ich in den vorgezogenen Ruhestand oder mache ich mich selbstst\u00e4ndig?<\/li>\n<li>Steige ich beruflich gleich wieder voll ein oder nutze ich die Situation, um mich weiterzubilden?<\/li>\n<\/ul>\n<p style=\"text-align: justify;\">In den Trainings ermittelten die Teilnehmer auch, welche \u201eSt\u00e4rken\u201c sie als Bewerber in die Waagschale werfen k\u00f6nnen. Au\u00dferdem analysierten sie, bei welchen Unternehmen Bewerbungen Erfolg versprechend w\u00e4ren. Danach erstellten sie ihre Bewerberprofile und -mappen.<\/p>\n<h2 style=\"text-align: justify;\">Gek\u00fcndigte Mitarbeiter untersch\u00e4tzen oft ihre Kompetenz<\/h2>\n<p style=\"text-align: justify;\">Nach den Trainings traf sich jeder Stellensuchende mit einem der externen Berater, um der pers\u00f6nlichen Bewerbungsmappe und -strategie den letzten Schliff zu geben. Dies war n\u00f6tig, weil sich die meisten Teilnehmer seit Jahren nicht mehr beworben hatten. Entsprechend unsicher waren sie oft bez\u00fcglich des Vorgehens. Zudem waren ihnen h\u00e4ufig F\u00e4higkeiten nicht bewusst, die ihnen Pluspunkte bringen, sofern sie sich beim richtigen Unternehmen bewerben. Fischer nennt hierf\u00fcr ein Beispiel: \u201eEin Unternehmen mit etwa 200 Mitarbeitern hat eine andere Arbeitsstruktur und -kultur als ein Konzern. In ihm haben die Mitarbeiter meist nicht nur ein breiteres Aufgabenfeld, sie m\u00fcssen auch \u00f6fter improvisieren.\u201c In einem solchen Umfeld erfolgreich gearbeitet zu haben, kann beim Bewerben ein Plus sein.<\/p>\n<p style=\"text-align: justify;\">So vorbereitet bewarben sich die gek\u00fcndigten Mitarbeiter. Durch dieses gezielte Vorgehen hatten 15 der 29 entlassenen Mitarbeiter bis zum Jahresende, also vier Monate nach den Bewerbungstrainings schon wieder eine neue Stelle. F\u00fcnf weitere hatten entschieden, sich selbstst\u00e4ndig zu machen, und vier eine l\u00e4ngerfristige Weiterbildung bzw. Umschulung zu machen. Also hatte nur noch etwa jeder Sechste entlassene Mitarbeitende keine neue berufliche Perspektive \u2013 \u201eauch, weil zur Zeit viele Unternehmen qualifizierte Fach- und F\u00fchrungskr\u00e4fte h\u00e4nderingend suchen\u201c, gesteht Fischer.<\/p>\n<h2 style=\"text-align: justify;\">Das Vertrauen der \u201eSurvivor\u201c nicht verlieren<\/h2>\n<p style=\"text-align: justify;\">\u00dcber diese positive Entwicklung informierte der Gesch\u00e4ftsf\u00fchrer des Unternehmens im Januar 2023 die verbliebenen Mitarbeiter, die sogenannten \u201eSurvivor\u201c, in einer Kick-Off-Veranstaltung, die die Phase des Neustarts in dem gesundgeschrumpften Unternehmen einl\u00e4utete. Dies st\u00e4rkte die Identifikation der verbliebenen Mitarbeiter mit ihrem Arbeitgeber, weil sie sp\u00fcrten: Das Schicksal unserer Ex-Kollegen \u2013 und damit sicher auch unseres \u2013 ist unseren Chefs nicht egal.<\/p>\n<p style=\"text-align: justify;\">Ein solches Signal an die \u201eSurvivor\u201c zu senden, ist wichtig. Nicht nur, weil dies ein Ausdruck der Wertsch\u00e4tzung f\u00fcr die Ex-Mitarbeiter ist. Hinzu kommt: Die verbleibenden Mitarbeitenden beobachten und registrieren sehr genau, wie der Betrieb mit ihren bisherigen Kollegen umgeht. Hieraus leiten sie wiederum ab, welches \u201eSchicksal\u201c ihnen k\u00fcnftig eventuell droht. Deshalb f\u00fchrt ein Personalabbau- und Trennungsprozess, der von ihnen als nicht fair empfunden wird, oft zu einem nachhaltigen Vertrauensverlust bei den verbleibenden Mitarbeitenden.<\/p>\n<p style=\"text-align: justify;\"><strong>\u00dcber den Autor:<\/strong> Silas Koch, Darmstadt, arbeitet u.a. als Fachjournalist. Er ist auf IT- und Managementthemen spezialisiert.<\/p>\n<hr \/>\n<h3 style=\"text-align: justify;\">Checkliste Personalabbau-Projekt<\/h3>\n<p style=\"text-align: justify;\"><strong>Phase 1: Vorbereitungsphase <\/strong><\/p>\n<p style=\"text-align: justify;\">Pr\u00fcfung aller gesetzlichen, tariflichen und betrieblichen Instrumente zur Personalanpassung ohne Entlassungen:<\/p>\n<ol style=\"text-align: justify;\">\n<li>Konjunkturelles Kurzarbeitergeld<\/li>\n<li>F\u00f6rderung der beruflichen Weiterbildung<\/li>\n<li>Tarifliche und betriebliche Regelungen wie\n<ul>\n<li>Altersteilzeit<\/li>\n<li>Teilzeitarbeit<\/li>\n<li>Jahresarbeitszeitkonten zur Arbeitszeitflexibilisierung<\/li>\n<li>Interne Versetzungen<\/li>\n<li>\u201eSabbaticals\u201c<\/li>\n<\/ul>\n<\/li>\n<\/ol>\n<p style=\"text-align: justify;\"><strong>Phase 2: Unterrichtungs- und Verhandlungsphase <\/strong><\/p>\n<ul style=\"text-align: justify;\">\n<li>Unterrichtung der Arbeitnehmervertretung und des Wirtschaftsausschusses<\/li>\n<li>Beratung mit deren Vertretern bei sozialplanpflichtigen Entlassungen<\/li>\n<li>Erstellen eines Sozialplans<\/li>\n<\/ul>\n<p style=\"text-align: justify;\"><strong>Phase 3: Umsetzungsphase<\/strong><\/p>\n<p style=\"text-align: justify;\"><strong> Informieren aller Mitarbeiter <\/strong><\/p>\n<ul style=\"text-align: justify;\">\n<li style=\"list-style-type: none;\">\n<ul>\n<li>\u00fcber den Ablauf der geplanten Ma\u00dfnahmen<\/li>\n<li>\u00fcber die am Prozess beteiligten Personen<\/li>\n<li>\u00fcber Erfolgsquoten und Erfahrungen aus \u00e4hnlichen Projekten<\/li>\n<\/ul>\n<\/li>\n<\/ul>\n<p style=\"text-align: justify;\"><strong>Ziel:<\/strong> Vertrauensbildung zwischen den betroffenen Mitarbeitern und den am Prozess beteiligten Beratern<\/p>\n<p style=\"text-align: justify;\"><strong> Umsetzung der Trennungen<\/strong><\/p>\n<ul style=\"text-align: justify;\">\n<li>Gespr\u00e4chsf\u00fchrungstraining f\u00fcr die F\u00fchrungskr\u00e4fte<\/li>\n<li>Gespr\u00e4che mit Mitarbeitern, die man halten m\u00f6chte<\/li>\n<li>Umsetzung eines Freiwilligenprogramms<\/li>\n<li>Durchf\u00fchren der Trennungsgespr\u00e4che<\/li>\n<\/ul>\n<p style=\"text-align: justify;\"><strong> Training und Beratung f\u00fcr die ausscheidenden Mitarbeiter<\/strong><\/p>\n<ul style=\"text-align: justify;\">\n<li>Bewerbertraining in Gruppen<\/li>\n<li>Einzelberatung<\/li>\n<\/ul>\n<p style=\"text-align: justify;\"><strong>Ziele:<\/strong> Vorbereiten auf den Bewerbungsprozess,<\/p>\n<p style=\"text-align: justify;\">Erarbeiten professioneller Bewerbungsunterlagen,<\/p>\n<p style=\"text-align: justify;\">Vorbereiten auf Bewerbungsverfahren und Vorstellungsgespr\u00e4che,<\/p>\n<p style=\"text-align: justify;\">Erschlie\u00dfen beruflicher Alternativen (z. B. Selbst\u00e4ndigkeit)<\/p>\n<p style=\"text-align: justify;\"><strong> Vermittlung in neue Arbeit<\/strong><\/p>\n<ul style=\"text-align: justify;\">\n<li>Eventuell Vermittlung von Kontakten zu externen Unternehmen,<\/li>\n<li>Bewerbungscoaching nach Bedarf<\/li>\n<\/ul>\n<p style=\"text-align: justify;\"><strong>Ziel:<\/strong> m\u00f6glichst hohe Vermittlungsquote in ad\u00e4quate Anschlussbesch\u00e4ftigungen der gek\u00fcndigten Mitarbeiter<\/p>\n<p style=\"text-align: justify;\">Autor: Thomas Fischer, Senior Consultant bei der Unternehmensberatung Kraus &amp; Partner, Bruchsal<\/p>\n<div class=\"shariff shariff-align-left shariff-widget-align-left\"><ul class=\"shariff-buttons theme-round orientation-horizontal buttonsize-medium\"><li class=\"shariff-button facebook shariff-nocustomcolor\" style=\"background-color:#4273c8\"><a href=\"https:\/\/www.facebook.com\/sharer\/sharer.php?u=https%3A%2F%2Fwww.weiterbildungsmarkt.net%2Fmagazin%2Fden-personalabbau-auf-faire-weise-gestalten%2F\" title=\"Bei Facebook teilen\" aria-label=\"Bei Facebook teilen\" role=\"button\" rel=\"nofollow\" class=\"shariff-link\" style=\"; background-color:#3b5998; color:#fff\" target=\"_blank\"><span class=\"shariff-icon\" style=\"\"><svg width=\"32px\" height=\"20px\" xmlns=\"http:\/\/www.w3.org\/2000\/svg\" viewBox=\"0 0 18 32\"><path fill=\"#3b5998\" d=\"M17.1 0.2v4.7h-2.8q-1.5 0-2.1 0.6t-0.5 1.9v3.4h5.2l-0.7 5.3h-4.5v13.6h-5.5v-13.6h-4.5v-5.3h4.5v-3.9q0-3.3 1.9-5.2t5-1.8q2.6 0 4.1 0.2z\"\/><\/svg><\/span><\/a><\/li><li class=\"shariff-button twitter shariff-nocustomcolor\" style=\"background-color:#595959\"><a href=\"https:\/\/twitter.com\/share?url=https%3A%2F%2Fwww.weiterbildungsmarkt.net%2Fmagazin%2Fden-personalabbau-auf-faire-weise-gestalten%2F&text=Den%20Personalabbau%20auf%20faire%20Weise%20gestalten\" title=\"Bei X teilen\" aria-label=\"Bei X teilen\" role=\"button\" rel=\"noopener nofollow\" class=\"shariff-link\" style=\"; background-color:#000; color:#fff\" target=\"_blank\"><span class=\"shariff-icon\" style=\"\"><svg width=\"32px\" height=\"20px\" xmlns=\"http:\/\/www.w3.org\/2000\/svg\" viewBox=\"0 0 24 24\"><path fill=\"#000\" d=\"M14.258 10.152L23.176 0h-2.113l-7.747 8.813L7.133 0H0l9.352 13.328L0 23.973h2.113l8.176-9.309 6.531 9.309h7.133zm-2.895 3.293l-.949-1.328L2.875 1.56h3.246l6.086 8.523.945 1.328 7.91 11.078h-3.246zm0 0\"\/><\/svg><\/span><\/a><\/li><li class=\"shariff-button xing shariff-nocustomcolor\" style=\"background-color:#29888a\"><a href=\"https:\/\/www.xing.com\/spi\/shares\/new?url=https%3A%2F%2Fwww.weiterbildungsmarkt.net%2Fmagazin%2Fden-personalabbau-auf-faire-weise-gestalten%2F\" title=\"Bei XING teilen\" aria-label=\"Bei XING teilen\" role=\"button\" rel=\"noopener nofollow\" class=\"shariff-link\" style=\"; background-color:#126567; color:#fff\" target=\"_blank\"><span class=\"shariff-icon\" style=\"\"><svg width=\"32px\" height=\"20px\" xmlns=\"http:\/\/www.w3.org\/2000\/svg\" viewBox=\"0 0 25 32\"><path fill=\"#126567\" d=\"M10.7 11.9q-0.2 0.3-4.6 8.2-0.5 0.8-1.2 0.8h-4.3q-0.4 0-0.5-0.3t0-0.6l4.5-8q0 0 0 0l-2.9-5q-0.2-0.4 0-0.7 0.2-0.3 0.5-0.3h4.3q0.7 0 1.2 0.8zM25.1 0.4q0.2 0.3 0 0.7l-9.4 16.7 6 11q0.2 0.4 0 0.6-0.2 0.3-0.6 0.3h-4.3q-0.7 0-1.2-0.8l-6-11.1q0.3-0.6 9.5-16.8 0.4-0.8 1.2-0.8h4.3q0.4 0 0.5 0.3z\"\/><\/svg><\/span><\/a><\/li><li class=\"shariff-button linkedin shariff-nocustomcolor\" style=\"background-color:#1488bf\"><a href=\"https:\/\/www.linkedin.com\/sharing\/share-offsite\/?url=https%3A%2F%2Fwww.weiterbildungsmarkt.net%2Fmagazin%2Fden-personalabbau-auf-faire-weise-gestalten%2F\" title=\"Bei LinkedIn teilen\" aria-label=\"Bei LinkedIn teilen\" role=\"button\" rel=\"noopener nofollow\" class=\"shariff-link\" style=\"; background-color:#0077b5; color:#fff\" target=\"_blank\"><span class=\"shariff-icon\" style=\"\"><svg width=\"32px\" height=\"20px\" xmlns=\"http:\/\/www.w3.org\/2000\/svg\" viewBox=\"0 0 27 32\"><path fill=\"#0077b5\" d=\"M6.2 11.2v17.7h-5.9v-17.7h5.9zM6.6 5.7q0 1.3-0.9 2.2t-2.4 0.9h0q-1.5 0-2.4-0.9t-0.9-2.2 0.9-2.2 2.4-0.9 2.4 0.9 0.9 2.2zM27.4 18.7v10.1h-5.9v-9.5q0-1.9-0.7-2.9t-2.3-1.1q-1.1 0-1.9 0.6t-1.2 1.5q-0.2 0.5-0.2 1.4v9.9h-5.9q0-7.1 0-11.6t0-5.3l0-0.9h5.9v2.6h0q0.4-0.6 0.7-1t1-0.9 1.6-0.8 2-0.3q3 0 4.9 2t1.9 6z\"\/><\/svg><\/span><\/a><\/li><li class=\"shariff-button whatsapp shariff-nocustomcolor\" style=\"background-color:#5cbe4a\"><a href=\"https:\/\/api.whatsapp.com\/send?text=https%3A%2F%2Fwww.weiterbildungsmarkt.net%2Fmagazin%2Fden-personalabbau-auf-faire-weise-gestalten%2F%20Den%20Personalabbau%20auf%20faire%20Weise%20gestalten\" title=\"Bei Whatsapp teilen\" aria-label=\"Bei Whatsapp teilen\" role=\"button\" rel=\"noopener nofollow\" class=\"shariff-link\" style=\"; background-color:#34af23; color:#fff\" target=\"_blank\"><span class=\"shariff-icon\" style=\"\"><svg width=\"32px\" height=\"20px\" xmlns=\"http:\/\/www.w3.org\/2000\/svg\" viewBox=\"0 0 32 32\"><path fill=\"#34af23\" d=\"M17.6 17.4q0.2 0 1.7 0.8t1.6 0.9q0 0.1 0 0.3 0 0.6-0.3 1.4-0.3 0.7-1.3 1.2t-1.8 0.5q-1 0-3.4-1.1-1.7-0.8-3-2.1t-2.6-3.3q-1.3-1.9-1.3-3.5v-0.1q0.1-1.6 1.3-2.8 0.4-0.4 0.9-0.4 0.1 0 0.3 0t0.3 0q0.3 0 0.5 0.1t0.3 0.5q0.1 0.4 0.6 1.6t0.4 1.3q0 0.4-0.6 1t-0.6 0.8q0 0.1 0.1 0.3 0.6 1.3 1.8 2.4 1 0.9 2.7 1.8 0.2 0.1 0.4 0.1 0.3 0 1-0.9t0.9-0.9zM14 26.9q2.3 0 4.3-0.9t3.6-2.4 2.4-3.6 0.9-4.3-0.9-4.3-2.4-3.6-3.6-2.4-4.3-0.9-4.3 0.9-3.6 2.4-2.4 3.6-0.9 4.3q0 3.6 2.1 6.6l-1.4 4.2 4.3-1.4q2.8 1.9 6.2 1.9zM14 2.2q2.7 0 5.2 1.1t4.3 2.9 2.9 4.3 1.1 5.2-1.1 5.2-2.9 4.3-4.3 2.9-5.2 1.1q-3.5 0-6.5-1.7l-7.4 2.4 2.4-7.2q-1.9-3.2-1.9-6.9 0-2.7 1.1-5.2t2.9-4.3 4.3-2.9 5.2-1.1z\"\/><\/svg><\/span><\/a><\/li><li class=\"shariff-button pinterest shariff-nocustomcolor\" style=\"background-color:#e70f18\"><a href=\"https:\/\/www.pinterest.com\/pin\/create\/link\/?url=https%3A%2F%2Fwww.weiterbildungsmarkt.net%2Fmagazin%2Fden-personalabbau-auf-faire-weise-gestalten%2F&media=https%3A%2F%2Fwww.weiterbildungsmarkt.net%2Fmagazin%2Fwp-content%2Fuploads%2F2023%2F07%2FDen-Personalabbau-auf-faire-Weise-gestalten.jpg&description=Den%20Personalabbau%20auf%20faire%20Weise%20gestalten\" title=\"Bei Pinterest pinnen\" aria-label=\"Bei Pinterest pinnen\" role=\"button\" rel=\"noopener nofollow\" class=\"shariff-link\" style=\"; background-color:#cb2027; color:#fff\" target=\"_blank\"><span class=\"shariff-icon\" style=\"\"><svg width=\"32px\" height=\"20px\" xmlns=\"http:\/\/www.w3.org\/2000\/svg\" viewBox=\"0 0 27 32\"><path fill=\"#cb2027\" d=\"M27.4 16q0 3.7-1.8 6.9t-5 5-6.9 1.9q-2 0-3.9-0.6 1.1-1.7 1.4-2.9 0.2-0.6 1-3.8 0.4 0.7 1.3 1.2t2 0.5q2.1 0 3.8-1.2t2.7-3.4 0.9-4.8q0-2-1.1-3.8t-3.1-2.9-4.5-1.2q-1.9 0-3.5 0.5t-2.8 1.4-2 2-1.2 2.3-0.4 2.4q0 1.9 0.7 3.3t2.1 2q0.5 0.2 0.7-0.4 0-0.1 0.1-0.5t0.2-0.5q0.1-0.4-0.2-0.8-0.9-1.1-0.9-2.7 0-2.7 1.9-4.6t4.9-2q2.7 0 4.2 1.5t1.5 3.8q0 3-1.2 5.2t-3.1 2.1q-1.1 0-1.7-0.8t-0.4-1.9q0.1-0.6 0.5-1.7t0.5-1.8 0.2-1.4q0-0.9-0.5-1.5t-1.4-0.6q-1.1 0-1.9 1t-0.8 2.6q0 1.3 0.4 2.2l-1.8 7.5q-0.3 1.2-0.2 3.2-3.7-1.6-6-5t-2.3-7.6q0-3.7 1.9-6.9t5-5 6.9-1.9 6.9 1.9 5 5 1.8 6.9z\"\/><\/svg><\/span><\/a><\/li><\/ul><\/div>","protected":false},"excerpt":{"rendered":"<p>Nicht wenige Konzerne und mittelst\u00e4ndische Unternehmen m\u00fcssen derzeit aufgrund gro\u00dfer Marktver\u00e4nderungen Personal abbauen. H\u00e4ufig beauftragen sie externe Berater, die sie dabei unterst\u00fctzen &#8211; auch um den Betriebsfrieden zu wahren. Ein Beispiel aus der Praxis! Im Sommer 2022 stand ein mittelst\u00e4ndisches Unternehmen vor der Alternative: Entweder wir senken unsere Kosten oder wir m\u00fcssen bald die Tore [&hellip;]<\/p>\n","protected":false},"author":3,"featured_media":9120,"comment_status":"open","ping_status":"closed","sticky":false,"template":"","format":"standard","meta":{"_acf_changed":false,"footnotes":""},"categories":[48,50],"tags":[154,153],"class_list":["post-9117","post","type-post","status-publish","format-standard","has-post-thumbnail","hentry","category-management","category-human-resource-management","tag-fuehrungskraefteentwicklung","tag-fuehrungskraeftetraining"],"acf":[],"_links":{"self":[{"href":"https:\/\/www.weiterbildungsmarkt.net\/magazin\/wp-json\/wp\/v2\/posts\/9117","targetHints":{"allow":["GET"]}}],"collection":[{"href":"https:\/\/www.weiterbildungsmarkt.net\/magazin\/wp-json\/wp\/v2\/posts"}],"about":[{"href":"https:\/\/www.weiterbildungsmarkt.net\/magazin\/wp-json\/wp\/v2\/types\/post"}],"author":[{"embeddable":true,"href":"https:\/\/www.weiterbildungsmarkt.net\/magazin\/wp-json\/wp\/v2\/users\/3"}],"replies":[{"embeddable":true,"href":"https:\/\/www.weiterbildungsmarkt.net\/magazin\/wp-json\/wp\/v2\/comments?post=9117"}],"version-history":[{"count":2,"href":"https:\/\/www.weiterbildungsmarkt.net\/magazin\/wp-json\/wp\/v2\/posts\/9117\/revisions"}],"predecessor-version":[{"id":9119,"href":"https:\/\/www.weiterbildungsmarkt.net\/magazin\/wp-json\/wp\/v2\/posts\/9117\/revisions\/9119"}],"wp:featuredmedia":[{"embeddable":true,"href":"https:\/\/www.weiterbildungsmarkt.net\/magazin\/wp-json\/wp\/v2\/media\/9120"}],"wp:attachment":[{"href":"https:\/\/www.weiterbildungsmarkt.net\/magazin\/wp-json\/wp\/v2\/media?parent=9117"}],"wp:term":[{"taxonomy":"category","embeddable":true,"href":"https:\/\/www.weiterbildungsmarkt.net\/magazin\/wp-json\/wp\/v2\/categories?post=9117"},{"taxonomy":"post_tag","embeddable":true,"href":"https:\/\/www.weiterbildungsmarkt.net\/magazin\/wp-json\/wp\/v2\/tags?post=9117"}],"curies":[{"name":"wp","href":"https:\/\/api.w.org\/{rel}","templated":true}]}}