{"id":9432,"date":"2024-02-20T10:22:29","date_gmt":"2024-02-20T08:22:29","guid":{"rendered":"https:\/\/www.weiterbildungsmarkt.net\/magazin\/?p=9432"},"modified":"2024-01-30T17:42:42","modified_gmt":"2024-01-30T15:42:42","slug":"generation-z-anders-als-gedacht","status":"publish","type":"post","link":"https:\/\/www.weiterbildungsmarkt.net\/magazin\/generation-z-anders-als-gedacht\/","title":{"rendered":"Generation Z: Anders als gedacht?"},"content":{"rendered":"<p style=\"text-align: justify;\">Die Angeh\u00f6rigen der Generation Z sind nicht faul und egozentrisch \u2013 wie oft beklagt. Sie haben aber zum Teil andere Bed\u00fcrfnisse als beispielsweise die Baby-Bommer. Das gilt es bei ihrer F\u00fchrung zu beachten.<\/p>\n<p style=\"text-align: justify;\">\u201eDie Angeh\u00f6rigen der Generation Z sind nicht so leistungsbereit wie unsere \u00e4lteren Mitarbeiter.\u201c Diese Klage h\u00f6rt man oft von F\u00fchrungskr\u00e4ften \u00fcber die nach 1995 geborenen Nachwuchskr\u00e4fte in ihrer Organisation.<\/p>\n<h2 style=\"text-align: justify;\">Generation Z so heterogen wie die der Baby-Boomer<\/h2>\n<p style=\"text-align: justify;\">Doch ist das wirklich so? Nein! In der Generation Z gibt es ebenso viele leistungsbereite Frauen und M\u00e4nner wie vor 50 Jahren als das Gros der sogenannten Baby-Boomer ins Berufsleben eintrat.<\/p>\n<p style=\"text-align: justify;\">Doch die Rahmenbedingungen waren andere. Auf eine freie Stelle bewarben sich damals meist viele Personen. Deshalb konnten die Unternehmen sich die besten Kandidaten aussuchen und ihnen die Arbeitsbedingungen weitgehend diktieren. Heute hingegen bewerben sich auf eine freie Stelle, wenn \u00fcberhaupt, oft nur ein, zwei Personen. Deshalb m\u00fcssen die Unternehmen bei den Anforderungen, die sie an ihre k\u00fcnftigen Mitarbeiter stellen, heute oft schon gro\u00dfe Zugest\u00e4ndnisse machen. Und diese Situation wird sich noch versch\u00e4rfen, wenn es in Deutschland die etwa 18 Millionen in Rente gehenden Baby-Boomer durch die nur 11 Millionen Gen-Z-ler zu ersetzen gilt.<\/p>\n<h2 style=\"text-align: justify;\">Die Z-ler k\u00f6nnen mehr fordern, weil sie so wenige sind<\/h2>\n<p style=\"text-align: justify;\">Deshalb sind die Unternehmen im Betriebsalltag vermehrt mit Mitarbeitern konfrontiert, die zum Beispiel eine geringere Eigenmotivation haben und deshalb mehr F\u00fchrung brauchen. Au\u00dferdem fehlen den Neuen oft noch Kompetenzen. Also m\u00fcssen die Unternehmen mehr Ressourcen als fr\u00fcher f\u00fcr die F\u00fchrung und Entwicklung der neuen Mitarbeiter aufwenden.<\/p>\n<p style=\"text-align: justify;\">Doch auch die Bed\u00fcrfnisse der leistungsstarken jungen Mitarbeiter (nicht nur der Generation Z) haben sich gewandelt. Viele wollen nicht mehr, dass die Erwerbsarbeit ihr gesamtes Leben dominiert. Deshalb arbeiten sie vermehrt Teilzeitarbeit. Au\u00dferdem pochen sie h\u00e4ufiger auf die M\u00f6glichkeit, remote zu arbeiten oder mal eine l\u00e4ngere Auszeit zu nehmen.<\/p>\n<p style=\"text-align: justify;\">Dasselbe gilt bez\u00fcglich ihrer Entwicklungs- und Karrierem\u00f6glichkeiten. Die jungen Leute warten seltener als ihre Eltern darauf, dass ihnen diese gew\u00e4hrt werden; sie fordern diese aktiv ein. Und wenn sie diese nicht bekommen? Dann wechseln sie schneller den Arbeitgeber.<\/p>\n<h2 style=\"text-align: justify;\">Die Unternehmen m\u00fcssen ihre Personalpolitik \u00fcberdenken<\/h2>\n<p style=\"text-align: justify;\">F\u00fcr die Betriebe bedeutet dies: Sie m\u00fcssen ihre Personalarbeit neu justieren. Sie m\u00fcssen sich fragen, inwieweit ihre Personalpolitik insgesamt noch den Erwartungen ihrer Mitarbeiter entspricht \u2013 \u00e4hnlich wie sie dies bei ihren Produkten tun, wenn sich die Kundenbed\u00fcrfnisse gewandelt haben.<\/p>\n<p style=\"text-align: justify;\">Und ihre F\u00fchrungskr\u00e4fte m\u00fcssen eine gr\u00f6\u00dfere Verhaltensflexibilit\u00e4t zeigen, weil ihre Mitarbeiter oft<\/p>\n<ul style=\"text-align: justify;\">\n<li>einen sehr unterschiedlichen fachlichen und pers\u00f6nlichen Reifegrad haben und<\/li>\n<li>divergierende individuelle Bed\u00fcrfnisse artikulieren.<\/li>\n<\/ul>\n<p style=\"text-align: justify;\">Zudem erfolgt die Zusammenarbeit verst\u00e4rkt hybrid oder gar rein virtuell. Die Mitarbeiter arbeiten also mal im Betrieb, mal zuhause oder woanders.<\/p>\n<p style=\"text-align: justify;\">Diese Personal- und Arbeitssituation erfordert einen F\u00fchrungsstil, bei dem die F\u00fchrungskr\u00e4fte ihr Verhalten sehr stark dem jeweiligen Gegen\u00fcber und der jeweiligen Situation anpassen. Sie m\u00fcssen also<\/p>\n<ul style=\"text-align: justify;\">\n<li>ihre Mitarbeiter mal loben, mal ihr Verhalten hinterfragen,<\/li>\n<li>ihre Mitarbeiter mal aktiv unterst\u00fctzen, mal sich bewusst zur\u00fccknehmen,<\/li>\n<li>mal Ver\u00e4nderungen stark forcieren, mal bewusst den Fu\u00df vom Gas nehmen.<\/li>\n<\/ul>\n<h2 style=\"text-align: justify;\">Das F\u00fchrungsverhalten muss flexibler werden<\/h2>\n<p style=\"text-align: justify;\">Diese Verhaltensflexibilit\u00e4t setzt voraus, dass die F\u00fchrungskr\u00e4fte in einem lebendigen Dialog mit ihrem Team stehen, in dem sie unter anderem erkunden:<\/p>\n<ul style=\"text-align: justify;\">\n<li>Was ist meinen Mitarbeitern wichtig?<\/li>\n<li>Wo dr\u00fcckt sie der Schuh?<\/li>\n<li>Was erleichtert bzw. erschwert es ihnen, sich f\u00fcr das Erreichen der Ziele zu engagieren?<\/li>\n<\/ul>\n<p style=\"text-align: justify;\">Denn nur wenn sie in einem von wechselseitiger Akzeptanz und Wertsch\u00e4tzung gepr\u00e4gten Dialog mit ihren Mitarbeitern stehen, entsteht eine von Vertrauen gepr\u00e4gte Beziehung zwischen ihnen und k\u00f6nnen sie deren Denken und Verhalten gezielt beeinflussen.<\/p>\n<p style=\"text-align: justify;\">Die F\u00fchrungskr\u00e4fte sollten also danach streben, ein Umfeld zu schaffen, in dem andere Menschen<\/p>\n<ul style=\"text-align: justify;\">\n<li>freiwillig ihnen und ihren Ideen folgen und<\/li>\n<li>ihr Denken und Handeln eigeninitiativ daraufhin hinterfragen, inwieweit sie damit ihren Beitrag zum Erreichen der Ziele leisten.<\/li>\n<\/ul>\n<h2 style=\"text-align: justify;\">Dem Nachwuchs Identifikationsm\u00f6glichkeiten bieten<\/h2>\n<p style=\"text-align: justify;\">Ihr Ziel muss es letztlich sein, im Betrieb ein Milieu und in der Zusammenarbeit ein Klima zu kreieren, in dem (nicht nur) die Angeh\u00f6rigen der Generation Z sich wohl und wertgesch\u00e4tzt f\u00fchlen, weshalb sie sich mit ihrem Arbeitgeber und ihrer Arbeit identifizieren. Daran f\u00fchrt kein Weg vorbei, denn: Die jungen Mitarbeiter sind die Zukunft der Unternehmen.<\/p>\n<hr \/>\n<p style=\"text-align: justify;\"><strong><img loading=\"lazy\" decoding=\"async\" class=\"wp-image-9330 alignright\" src=\"https:\/\/www.weiterbildungsmarkt.net\/magazin\/wp-content\/uploads\/2023\/11\/Cover-Buch_Generation-Z-214x300.jpg\" alt=\"Cover-Buch_Generation Z\" width=\"107\" height=\"150\" srcset=\"https:\/\/www.weiterbildungsmarkt.net\/magazin\/wp-content\/uploads\/2023\/11\/Cover-Buch_Generation-Z-214x300.jpg 214w, https:\/\/www.weiterbildungsmarkt.net\/magazin\/wp-content\/uploads\/2023\/11\/Cover-Buch_Generation-Z-732x1024.jpg 732w, https:\/\/www.weiterbildungsmarkt.net\/magazin\/wp-content\/uploads\/2023\/11\/Cover-Buch_Generation-Z-768x1075.jpg 768w, https:\/\/www.weiterbildungsmarkt.net\/magazin\/wp-content\/uploads\/2023\/11\/Cover-Buch_Generation-Z-1097x1536.jpg 1097w, https:\/\/www.weiterbildungsmarkt.net\/magazin\/wp-content\/uploads\/2023\/11\/Cover-Buch_Generation-Z-1463x2048.jpg 1463w, https:\/\/www.weiterbildungsmarkt.net\/magazin\/wp-content\/uploads\/2023\/11\/Cover-Buch_Generation-Z-696x974.jpg 696w, https:\/\/www.weiterbildungsmarkt.net\/magazin\/wp-content\/uploads\/2023\/11\/Cover-Buch_Generation-Z-1068x1495.jpg 1068w, https:\/\/www.weiterbildungsmarkt.net\/magazin\/wp-content\/uploads\/2023\/11\/Cover-Buch_Generation-Z-300x420.jpg 300w, https:\/\/www.weiterbildungsmarkt.net\/magazin\/wp-content\/uploads\/2023\/11\/Cover-Buch_Generation-Z.jpg 1772w\" sizes=\"auto, (max-width: 107px) 100vw, 107px\" \/>Buchtipp<\/strong>: \u201e<a href=\"https:\/\/amzn.to\/47qybrk\" target=\"_blank\" rel=\"noopener\">Generation Z \u2013 Ganz anders als gedacht: Wie sie tickt, wie sie handelt und wie wir ihr Potenzial erschlie\u00dfen<\/a>\u201c.<\/p>\n<p style=\"text-align: justify;\"><strong>\u00dcber den Autor:<\/strong><\/p>\n<p style=\"text-align: justify;\"><img loading=\"lazy\" decoding=\"async\" class=\"alignleft size-thumbnail wp-image-9329\" src=\"https:\/\/www.weiterbildungsmarkt.net\/magazin\/wp-content\/uploads\/2023\/11\/Behm-Felix_Portrait-120x120.jpg\" alt=\"Behm, Felix_Portrait\" width=\"120\" height=\"120\" \/><strong>Felix Behm<\/strong> ist Keynote Speaker und Experte f\u00fcr die Themen Generation Z und zukunftsorientierte Mitarbeiterf\u00fchrung. Als ehemaliger Personaler in F\u00fchrungspositionen wei\u00df er, wovon er spricht. 2022 wurde er als Deutscher Meister im Public Speaking ausgezeichnet. Im Oktober 2023 erschien sein Buch \u201e<a href=\"https:\/\/amzn.to\/47qybrk\" target=\"_blank\" rel=\"noopener\">Generation Z \u2013 Ganz anders als gedacht: Wie sie tickt, wie sie handelt und wie wir ihr Potenzial erschlie\u00dfen<\/a>\u201c.<\/p>\n<div class=\"shariff shariff-align-flex-start shariff-widget-align-flex-start\"><ul class=\"shariff-buttons theme-round orientation-horizontal buttonsize-medium\"><li class=\"shariff-button facebook shariff-nocustomcolor\" style=\"background-color:#4273c8\"><a href=\"https:\/\/www.facebook.com\/sharer\/sharer.php?u=https%3A%2F%2Fwww.weiterbildungsmarkt.net%2Fmagazin%2Fgeneration-z-anders-als-gedacht%2F\" title=\"Bei Facebook teilen\" aria-label=\"Bei Facebook teilen\" role=\"button\" rel=\"nofollow\" class=\"shariff-link\" style=\"; background-color:#3b5998; color:#fff\" target=\"_blank\"><span class=\"shariff-icon\" style=\"\"><svg width=\"32px\" height=\"20px\" xmlns=\"http:\/\/www.w3.org\/2000\/svg\" viewBox=\"0 0 18 32\"><path fill=\"#3b5998\" d=\"M17.1 0.2v4.7h-2.8q-1.5 0-2.1 0.6t-0.5 1.9v3.4h5.2l-0.7 5.3h-4.5v13.6h-5.5v-13.6h-4.5v-5.3h4.5v-3.9q0-3.3 1.9-5.2t5-1.8q2.6 0 4.1 0.2z\"\/><\/svg><\/span><\/a><\/li><li class=\"shariff-button twitter shariff-nocustomcolor\" style=\"background-color:#595959\"><a href=\"https:\/\/twitter.com\/share?url=https%3A%2F%2Fwww.weiterbildungsmarkt.net%2Fmagazin%2Fgeneration-z-anders-als-gedacht%2F&text=Generation%20Z%3A%20Anders%20als%20gedacht%3F\" title=\"Bei X teilen\" aria-label=\"Bei X teilen\" role=\"button\" rel=\"noopener nofollow\" class=\"shariff-link\" style=\"; background-color:#000; color:#fff\" target=\"_blank\"><span class=\"shariff-icon\" style=\"\"><svg width=\"32px\" height=\"20px\" xmlns=\"http:\/\/www.w3.org\/2000\/svg\" viewBox=\"0 0 24 24\"><path fill=\"#000\" d=\"M14.258 10.152L23.176 0h-2.113l-7.747 8.813L7.133 0H0l9.352 13.328L0 23.973h2.113l8.176-9.309 6.531 9.309h7.133zm-2.895 3.293l-.949-1.328L2.875 1.56h3.246l6.086 8.523.945 1.328 7.91 11.078h-3.246zm0 0\"\/><\/svg><\/span><\/a><\/li><li class=\"shariff-button xing shariff-nocustomcolor\" style=\"background-color:#29888a\"><a href=\"https:\/\/www.xing.com\/spi\/shares\/new?url=https%3A%2F%2Fwww.weiterbildungsmarkt.net%2Fmagazin%2Fgeneration-z-anders-als-gedacht%2F\" title=\"Bei XING teilen\" aria-label=\"Bei XING teilen\" role=\"button\" rel=\"noopener nofollow\" class=\"shariff-link\" style=\"; background-color:#126567; color:#fff\" target=\"_blank\"><span class=\"shariff-icon\" style=\"\"><svg width=\"32px\" height=\"20px\" xmlns=\"http:\/\/www.w3.org\/2000\/svg\" viewBox=\"0 0 25 32\"><path fill=\"#126567\" d=\"M10.7 11.9q-0.2 0.3-4.6 8.2-0.5 0.8-1.2 0.8h-4.3q-0.4 0-0.5-0.3t0-0.6l4.5-8q0 0 0 0l-2.9-5q-0.2-0.4 0-0.7 0.2-0.3 0.5-0.3h4.3q0.7 0 1.2 0.8zM25.1 0.4q0.2 0.3 0 0.7l-9.4 16.7 6 11q0.2 0.4 0 0.6-0.2 0.3-0.6 0.3h-4.3q-0.7 0-1.2-0.8l-6-11.1q0.3-0.6 9.5-16.8 0.4-0.8 1.2-0.8h4.3q0.4 0 0.5 0.3z\"\/><\/svg><\/span><\/a><\/li><li class=\"shariff-button linkedin shariff-nocustomcolor\" style=\"background-color:#1488bf\"><a href=\"https:\/\/www.linkedin.com\/sharing\/share-offsite\/?url=https%3A%2F%2Fwww.weiterbildungsmarkt.net%2Fmagazin%2Fgeneration-z-anders-als-gedacht%2F\" title=\"Bei LinkedIn teilen\" aria-label=\"Bei LinkedIn teilen\" role=\"button\" rel=\"noopener nofollow\" class=\"shariff-link\" style=\"; background-color:#0077b5; color:#fff\" target=\"_blank\"><span class=\"shariff-icon\" style=\"\"><svg width=\"32px\" height=\"20px\" xmlns=\"http:\/\/www.w3.org\/2000\/svg\" viewBox=\"0 0 27 32\"><path fill=\"#0077b5\" d=\"M6.2 11.2v17.7h-5.9v-17.7h5.9zM6.6 5.7q0 1.3-0.9 2.2t-2.4 0.9h0q-1.5 0-2.4-0.9t-0.9-2.2 0.9-2.2 2.4-0.9 2.4 0.9 0.9 2.2zM27.4 18.7v10.1h-5.9v-9.5q0-1.9-0.7-2.9t-2.3-1.1q-1.1 0-1.9 0.6t-1.2 1.5q-0.2 0.5-0.2 1.4v9.9h-5.9q0-7.1 0-11.6t0-5.3l0-0.9h5.9v2.6h0q0.4-0.6 0.7-1t1-0.9 1.6-0.8 2-0.3q3 0 4.9 2t1.9 6z\"\/><\/svg><\/span><\/a><\/li><li class=\"shariff-button whatsapp shariff-nocustomcolor\" style=\"background-color:#5cbe4a\"><a href=\"https:\/\/api.whatsapp.com\/send?text=https%3A%2F%2Fwww.weiterbildungsmarkt.net%2Fmagazin%2Fgeneration-z-anders-als-gedacht%2F%20Generation%20Z%3A%20Anders%20als%20gedacht%3F\" title=\"Bei Whatsapp teilen\" aria-label=\"Bei Whatsapp teilen\" role=\"button\" rel=\"noopener nofollow\" class=\"shariff-link\" style=\"; background-color:#34af23; color:#fff\" target=\"_blank\"><span class=\"shariff-icon\" style=\"\"><svg width=\"32px\" height=\"20px\" xmlns=\"http:\/\/www.w3.org\/2000\/svg\" viewBox=\"0 0 32 32\"><path fill=\"#34af23\" d=\"M17.6 17.4q0.2 0 1.7 0.8t1.6 0.9q0 0.1 0 0.3 0 0.6-0.3 1.4-0.3 0.7-1.3 1.2t-1.8 0.5q-1 0-3.4-1.1-1.7-0.8-3-2.1t-2.6-3.3q-1.3-1.9-1.3-3.5v-0.1q0.1-1.6 1.3-2.8 0.4-0.4 0.9-0.4 0.1 0 0.3 0t0.3 0q0.3 0 0.5 0.1t0.3 0.5q0.1 0.4 0.6 1.6t0.4 1.3q0 0.4-0.6 1t-0.6 0.8q0 0.1 0.1 0.3 0.6 1.3 1.8 2.4 1 0.9 2.7 1.8 0.2 0.1 0.4 0.1 0.3 0 1-0.9t0.9-0.9zM14 26.9q2.3 0 4.3-0.9t3.6-2.4 2.4-3.6 0.9-4.3-0.9-4.3-2.4-3.6-3.6-2.4-4.3-0.9-4.3 0.9-3.6 2.4-2.4 3.6-0.9 4.3q0 3.6 2.1 6.6l-1.4 4.2 4.3-1.4q2.8 1.9 6.2 1.9zM14 2.2q2.7 0 5.2 1.1t4.3 2.9 2.9 4.3 1.1 5.2-1.1 5.2-2.9 4.3-4.3 2.9-5.2 1.1q-3.5 0-6.5-1.7l-7.4 2.4 2.4-7.2q-1.9-3.2-1.9-6.9 0-2.7 1.1-5.2t2.9-4.3 4.3-2.9 5.2-1.1z\"\/><\/svg><\/span><\/a><\/li><li class=\"shariff-button pinterest shariff-nocustomcolor\" style=\"background-color:#e70f18\"><a href=\"https:\/\/www.pinterest.com\/pin\/create\/link\/?url=https%3A%2F%2Fwww.weiterbildungsmarkt.net%2Fmagazin%2Fgeneration-z-anders-als-gedacht%2F&media=https%3A%2F%2Fwww.weiterbildungsmarkt.net%2Fmagazin%2Fwp-content%2Fuploads%2F2024%2F02%2FGeneration-Z-Anders-als-gedacht.jpg&description=Generation%20Z%3A%20Anders%20als%20gedacht%3F\" title=\"Bei Pinterest pinnen\" aria-label=\"Bei Pinterest pinnen\" role=\"button\" rel=\"noopener nofollow\" class=\"shariff-link\" style=\"; background-color:#cb2027; color:#fff\" target=\"_blank\"><span class=\"shariff-icon\" style=\"\"><svg width=\"32px\" height=\"20px\" xmlns=\"http:\/\/www.w3.org\/2000\/svg\" viewBox=\"0 0 27 32\"><path fill=\"#cb2027\" d=\"M27.4 16q0 3.7-1.8 6.9t-5 5-6.9 1.9q-2 0-3.9-0.6 1.1-1.7 1.4-2.9 0.2-0.6 1-3.8 0.4 0.7 1.3 1.2t2 0.5q2.1 0 3.8-1.2t2.7-3.4 0.9-4.8q0-2-1.1-3.8t-3.1-2.9-4.5-1.2q-1.9 0-3.5 0.5t-2.8 1.4-2 2-1.2 2.3-0.4 2.4q0 1.9 0.7 3.3t2.1 2q0.5 0.2 0.7-0.4 0-0.1 0.1-0.5t0.2-0.5q0.1-0.4-0.2-0.8-0.9-1.1-0.9-2.7 0-2.7 1.9-4.6t4.9-2q2.7 0 4.2 1.5t1.5 3.8q0 3-1.2 5.2t-3.1 2.1q-1.1 0-1.7-0.8t-0.4-1.9q0.1-0.6 0.5-1.7t0.5-1.8 0.2-1.4q0-0.9-0.5-1.5t-1.4-0.6q-1.1 0-1.9 1t-0.8 2.6q0 1.3 0.4 2.2l-1.8 7.5q-0.3 1.2-0.2 3.2-3.7-1.6-6-5t-2.3-7.6q0-3.7 1.9-6.9t5-5 6.9-1.9 6.9 1.9 5 5 1.8 6.9z\"\/><\/svg><\/span><\/a><\/li><\/ul><\/div>","protected":false},"excerpt":{"rendered":"<p>Die Angeh\u00f6rigen der Generation Z sind nicht faul und egozentrisch \u2013 wie oft beklagt. Sie haben aber zum Teil andere Bed\u00fcrfnisse als beispielsweise die Baby-Bommer. Das gilt es bei ihrer F\u00fchrung zu beachten. \u201eDie Angeh\u00f6rigen der Generation Z sind nicht so leistungsbereit wie unsere \u00e4lteren Mitarbeiter.\u201c Diese Klage h\u00f6rt man oft von F\u00fchrungskr\u00e4ften \u00fcber die [&hellip;]<\/p>\n","protected":false},"author":3,"featured_media":9437,"comment_status":"open","ping_status":"closed","sticky":false,"template":"","format":"standard","meta":{"_acf_changed":false,"footnotes":""},"categories":[50,51],"tags":[170,132,182],"class_list":["post-9432","post","type-post","status-publish","format-standard","has-post-thumbnail","hentry","category-human-resource-management","category-personalmanagement","tag-human-resources","tag-personalentwicklung","tag-unternehmenskultur"],"acf":[],"_links":{"self":[{"href":"https:\/\/www.weiterbildungsmarkt.net\/magazin\/wp-json\/wp\/v2\/posts\/9432","targetHints":{"allow":["GET"]}}],"collection":[{"href":"https:\/\/www.weiterbildungsmarkt.net\/magazin\/wp-json\/wp\/v2\/posts"}],"about":[{"href":"https:\/\/www.weiterbildungsmarkt.net\/magazin\/wp-json\/wp\/v2\/types\/post"}],"author":[{"embeddable":true,"href":"https:\/\/www.weiterbildungsmarkt.net\/magazin\/wp-json\/wp\/v2\/users\/3"}],"replies":[{"embeddable":true,"href":"https:\/\/www.weiterbildungsmarkt.net\/magazin\/wp-json\/wp\/v2\/comments?post=9432"}],"version-history":[{"count":2,"href":"https:\/\/www.weiterbildungsmarkt.net\/magazin\/wp-json\/wp\/v2\/posts\/9432\/revisions"}],"predecessor-version":[{"id":9434,"href":"https:\/\/www.weiterbildungsmarkt.net\/magazin\/wp-json\/wp\/v2\/posts\/9432\/revisions\/9434"}],"wp:featuredmedia":[{"embeddable":true,"href":"https:\/\/www.weiterbildungsmarkt.net\/magazin\/wp-json\/wp\/v2\/media\/9437"}],"wp:attachment":[{"href":"https:\/\/www.weiterbildungsmarkt.net\/magazin\/wp-json\/wp\/v2\/media?parent=9432"}],"wp:term":[{"taxonomy":"category","embeddable":true,"href":"https:\/\/www.weiterbildungsmarkt.net\/magazin\/wp-json\/wp\/v2\/categories?post=9432"},{"taxonomy":"post_tag","embeddable":true,"href":"https:\/\/www.weiterbildungsmarkt.net\/magazin\/wp-json\/wp\/v2\/tags?post=9432"}],"curies":[{"name":"wp","href":"https:\/\/api.w.org\/{rel}","templated":true}]}}