{"id":9478,"date":"2024-04-16T10:16:35","date_gmt":"2024-04-16T08:16:35","guid":{"rendered":"https:\/\/www.weiterbildungsmarkt.net\/magazin\/?p=9478"},"modified":"2024-02-05T12:53:49","modified_gmt":"2024-02-05T10:53:49","slug":"die-generation-z-als-impuls-und-ideengeber-nutzen","status":"publish","type":"post","link":"https:\/\/www.weiterbildungsmarkt.net\/magazin\/die-generation-z-als-impuls-und-ideengeber-nutzen\/","title":{"rendered":"Die Generation Z als Impuls- und Ideengeber nutzen"},"content":{"rendered":"<p style=\"text-align: justify;\">Nicht nur die Mitarbeiter der Unternehmen, auch deren Kunden sind zunehmend Angeh\u00f6rige der Generation Z. Entsprechend wichtig ist es, ihre Bed\u00fcrfnisse zu kennen und zu verstehen, denn: Ihnen geh\u00f6rt die Zukunft.<\/p>\n<p style=\"text-align: justify;\">\u201eDie Angeh\u00f6rigen der Generation Z ticken anders als unsere \u00e4lteren Mitarbeiter.\u201c Diese Klage h\u00f6rt man oft von Unternehmern. Stimmt, die nach 1995 geborenen jungen Frauen und M\u00e4nner ticken teilweise anders \u2013 doch prim\u00e4r, weil sie unter anderen gesellschaftlichen Rahmenbedingungen aufwuchsen als ihre \u00e4lteren Kollegen.<\/p>\n<h2 style=\"text-align: justify;\">Auf Augenh\u00f6he mit der Generation Z kommunizieren<\/h2>\n<p style=\"text-align: justify;\">So versuchten zum Beispiel die Eltern der Gen-Z-ler \u2013 verallgemeinert formuliert \u2013 mit ihren Spr\u00f6sslingen, soweit m\u00f6glich, auf Augenh\u00f6he zu kommunizieren. Sie banden diese zudem in ihre Entscheidungen ein:<\/p>\n<ul style=\"text-align: justify;\">\n<li>\u201eWas sollen wir heute Abend essen?\u201c<\/li>\n<li>\u201eWohin sollen wir in Urlaub fahren?\u201c<\/li>\n<li>\u201eWelches Handy willst du?\u201c.<\/li>\n<\/ul>\n<p style=\"text-align: justify;\">\u00c4hnliches gilt f\u00fcr ihre Erzieher in den Schulen. Das pr\u00e4gte die Gen-Z-ler. Deshalb k\u00f6nnen sie sich mit \u201eChefs\u201c, die sie in ihren Augen von oben herab behandeln, nur schwer identifizieren.<\/p>\n<p style=\"text-align: justify;\">Die Generation Z ist zudem die erste Generation in deren Kindheit das Internet und die E-Mail-Kommunikation bereits existierten. Und sp\u00e4testens in ihrer Jugend waren die Social Media nahezu omnipr\u00e4sent. Entsprechend selbstverst\u00e4ndlich nutzen sie diese Tools zum Sich-Informieren, Kommunizieren und Beziehungen aufbauen und pflegen; aber auch um sich mit Online-Spielen zu am\u00fcsieren.<\/p>\n<h2 style=\"text-align: justify;\">Die Bed\u00fcrfnisse der Gen-Z-ler wahr- und ernstnehmen<\/h2>\n<p style=\"text-align: justify;\">Hierbei brannten sich Erwartungen in die K\u00f6pfe der jungen Frauen und M\u00e4nner ein, die sie auch bei der Arbeit zeigen. Denn Online-Spiele sind fast immer wie folgt aufgebaut: Es gibt<\/p>\n<ul style=\"text-align: justify;\">\n<li>klare Ziele, die es zu erreichen gilt,<\/li>\n<li>viele Etappenziele (bzw. Levels) auf dem Weg dorthin, und<\/li>\n<li>jede Menge Online-Tools, wie \u201eSuperkr\u00e4fte\u201c, die beim Vorw\u00e4rtskommen helfen.<\/li>\n<\/ul>\n<p style=\"text-align: justify;\">Und w\u00e4hrend die Gamer versuchen das n\u00e4chste Level zu erklimmen, werden sie fortw\u00e4hrend<\/p>\n<ul style=\"text-align: justify;\">\n<li>gelobt (\u201eSch\u00f6n, dass du wieder da bist.\u201c \u201eWow, du hast Ausdauer.\u201c, \u201eDu bist ein echter Meister.\u201c) und<\/li>\n<li>belohnt (mit Herzchen, Extra-Leben usw.).<\/li>\n<\/ul>\n<p style=\"text-align: justify;\">Auch das pr\u00e4gt, weshalb viele Gen-Z-ler bevorzugt T\u00e4tigkeiten aus\u00fcben, bei denen sie h\u00e4ufig ein Teilziel erreichen, wof\u00fcr sie gelobt werden (oder sich selbst auf die Schulter klopfen k\u00f6nnen).<\/p>\n<h2 style=\"text-align: justify;\">Den Gen-Z-lern oft und zeitnah ein Feedback geben<\/h2>\n<p style=\"text-align: justify;\">Diese Erwartungshaltung n\u00e4hren auch die Social Media, in denen die Gen-Z-ler t\u00e4glich fast acht Stunden verbringen. Denn Instagram, TikTok, YouTube &amp; Co stillen nicht nur ihr Bed\u00fcrfnis, Teil einer \u201eCommunity\u201c zu sein. Dort erfahren sie oft auch die gew\u00fcnschte Anerkennung in Form von \u201eLikes\u201c, die sie f\u00fcr gepostete Kommentare, Bilder usw. erhalten \u2013 und zwar sehr zeitnah und im Idealfall von vielen.<\/p>\n<p style=\"text-align: justify;\">Auch das pr\u00e4gt ihre Erwartungshaltung. Deshalb sollten zum Beispiel mittelst\u00e4ndische Unternehmer den Gen-Z-lern oft ein positives Feedback geben \u2013 und zwar auch f\u00fcr Dinge, die aus ihrer Warte selbstverst\u00e4ndlich sind, wie dass sie<\/p>\n<ul style=\"text-align: justify;\">\n<li>regelm\u00e4\u00dfig p\u00fcnktlich zur Arbeit kommen oder<\/li>\n<li>Bereitschaft zur Teamarbeit oder zum Lernen zeigen oder<\/li>\n<li>Teil- und Routineaufgaben professionell erledigen,<\/li>\n<\/ul>\n<p style=\"text-align: justify;\">denn dann sind sie auch f\u00fcr ihre Hinweise offen, was sie anders besser machen k\u00f6nnten.<\/p>\n<h2 style=\"text-align: justify;\">Die Gen-Z-ler Teil einer Community werden lassen<\/h2>\n<p style=\"text-align: justify;\">Zudem sollte es in Betrieben, die m\u00f6chten, dass die Gen-Z-ler ihnen treu bleiben, auch Foren geben, wo diese offen ihre Meinungen und Bed\u00fcrfnisse \u00e4u\u00dfern k\u00f6nnen \u2013 zum Beispiel in den Teambesprechungen. Beziehungsf\u00f6rdernd sind zudem Events, die dem pers\u00f6nlichen Kennenlernen dienen \u2013 speziell dann, wenn die Mitarbeiter sich nur sporadisch sehen, zum Beispiel weil sie zu unterschiedlichen Zeiten oder an verschiedenen Orten arbeiten. Das k\u00f6nnen auch so banale Dinge wie ein gemeinsames Fr\u00fchst\u00fcck oder eine gemeinsame Wanderung sein.<\/p>\n<p style=\"text-align: justify;\">Dies sind nur einige der sozialisationsbedingten Effekte, die Unternehmen beim Umgang mit der Generation Z beachten sollten. Auf diese k\u00f6nnen F\u00fchrungskr\u00e4fte nur ad\u00e4quat reagieren, wenn sie diese kennen und wissen, was die Bed\u00fcrfnisse der jungen Leute sind. Das setzt voraus, dass sie regelm\u00e4\u00dfig das Gespr\u00e4ch mit dem Nachwuchs suchen und ihm zuh\u00f6ren. Dann wird ihnen zumeist auch klar: Die Generation Z tickt zwar anders als meine, doch sie ist ebenso heterogen wie dies meine im Teen- und Twen-Alter war.<\/p>\n<h2 style=\"text-align: justify;\">Der Generation Z vorurteilsfrei begegnen<\/h2>\n<p style=\"text-align: justify;\">Dies ist der erste Schritt, um Vorurteile gegen\u00fcber der Generation Z abzubauen. Und dies erm\u00f6glicht es wiederum, ihre St\u00e4rken wahrzunehmen und gezielt zu nutzen. So zum Beispiel den Befund, dass die Gen-Z-ler die digitalen Medien ganz selbstverst\u00e4ndlich zum Sich-Informieren, Kommunizieren und Beziehungen pflegen nutzen. Dies er\u00f6ffnet Unternehmen u.a. die Chance, nicht nur die betriebsinterne Kommunikation (und Kooperation), sondern auch die mit den Kunden neu zu gestalten.<\/p>\n<p style=\"text-align: justify;\">\u00c4hnlich verh\u00e4lt es sich mit dem Befund, dass die Gen-Z-ler, wenn sie etwas wissen m\u00f6chten, dies einfach \u201egoogeln\u201c. Oder sich Erkl\u00e4rvideos auf YouTube anschauen. Oder eine entsprechende Frage in Internetforen posten. Au\u00dferdem, dass sie ganz selbstverst\u00e4ndlich Online-Apps beispielsweise zum Sprachen-lernen nutzen\u2013 auch weil sich diese Art zu lernen, leicht in ihren Alltag integrieren l\u00e4sst. Dies erm\u00f6glicht es Unternehmen, eine ganz neue Lernkultur in ihrer Organisation zu etablieren \u2013 mit Lerndesigns, die dem Bedarf und den M\u00f6glichkeiten in der modernen, digitalen Welt entsprechen.<\/p>\n<h2 style=\"text-align: justify;\">Sich bewusst sein: Die Generation Z ist die Zukunft<\/h2>\n<p style=\"text-align: justify;\">Sie sehen, die Generation Z bietet Ihnen viele M\u00f6glichkeiten, Ihr Unternehmen zukunftsfit zu machen \u2013 sofern Sie ihr vorurteilsfrei begegnen und ihre Interessen ernst nehmen. Dies sollten Sie tun, denn: Die jungen Mitarbeiter sind die Zukunft Ihres Unternehmens \u2013 und zwar nicht nur wegen des Fachkr\u00e4ftemangels.<\/p>\n<p style=\"text-align: justify;\">Hinzu kommt: Auch von Ihren Kunden geh\u00f6ren immer mehr der Generation Z an bzw. haben \u00e4hnliche Bed\u00fcrfnisse wie diese. Auch deshalb sollten Sie auf die Stimme der Gen-Z-ler h\u00f6ren, denn von ihnen gehen, wenn es darum geht, Ihr Unternehmen zukunftsfit zu machen, oft wertvolle Ver\u00e4nderungsimpulse aus.<\/p>\n<hr \/>\n<p style=\"text-align: justify;\"><strong><img loading=\"lazy\" decoding=\"async\" class=\"wp-image-9330 alignright\" src=\"https:\/\/www.weiterbildungsmarkt.net\/magazin\/wp-content\/uploads\/2023\/11\/Cover-Buch_Generation-Z-214x300.jpg\" alt=\"Cover-Buch_Generation Z\" width=\"107\" height=\"150\" srcset=\"https:\/\/www.weiterbildungsmarkt.net\/magazin\/wp-content\/uploads\/2023\/11\/Cover-Buch_Generation-Z-214x300.jpg 214w, https:\/\/www.weiterbildungsmarkt.net\/magazin\/wp-content\/uploads\/2023\/11\/Cover-Buch_Generation-Z-732x1024.jpg 732w, https:\/\/www.weiterbildungsmarkt.net\/magazin\/wp-content\/uploads\/2023\/11\/Cover-Buch_Generation-Z-768x1075.jpg 768w, https:\/\/www.weiterbildungsmarkt.net\/magazin\/wp-content\/uploads\/2023\/11\/Cover-Buch_Generation-Z-1097x1536.jpg 1097w, https:\/\/www.weiterbildungsmarkt.net\/magazin\/wp-content\/uploads\/2023\/11\/Cover-Buch_Generation-Z-1463x2048.jpg 1463w, https:\/\/www.weiterbildungsmarkt.net\/magazin\/wp-content\/uploads\/2023\/11\/Cover-Buch_Generation-Z-696x974.jpg 696w, https:\/\/www.weiterbildungsmarkt.net\/magazin\/wp-content\/uploads\/2023\/11\/Cover-Buch_Generation-Z-1068x1495.jpg 1068w, https:\/\/www.weiterbildungsmarkt.net\/magazin\/wp-content\/uploads\/2023\/11\/Cover-Buch_Generation-Z-300x420.jpg 300w, https:\/\/www.weiterbildungsmarkt.net\/magazin\/wp-content\/uploads\/2023\/11\/Cover-Buch_Generation-Z.jpg 1772w\" sizes=\"auto, (max-width: 107px) 100vw, 107px\" \/>Buchtipp<\/strong>: \u201e<a href=\"https:\/\/amzn.to\/47qybrk\" target=\"_blank\" rel=\"noopener\">Generation Z \u2013 Ganz anders als gedacht: Wie sie tickt, wie sie handelt und wie wir ihr Potenzial erschlie\u00dfen<\/a>\u201c.<\/p>\n<p style=\"text-align: justify;\"><strong>\u00dcber den Autor:<\/strong><\/p>\n<p style=\"text-align: justify;\"><img loading=\"lazy\" decoding=\"async\" class=\"alignleft size-thumbnail wp-image-9329\" src=\"https:\/\/www.weiterbildungsmarkt.net\/magazin\/wp-content\/uploads\/2023\/11\/Behm-Felix_Portrait-120x120.jpg\" alt=\"Behm, Felix_Portrait\" width=\"120\" height=\"120\" \/><strong>Felix Behm<\/strong> ist Keynote Speaker und Experte f\u00fcr die Themen Generation Z und zukunftsorientierte Mitarbeiterf\u00fchrung. Als ehemaliger Personaler in F\u00fchrungspositionen wei\u00df er, wovon er spricht. 2022 wurde er als Deutscher Meister im Public Speaking ausgezeichnet. Im Oktober 2023 erschien sein Buch \u201e<a href=\"https:\/\/amzn.to\/47qybrk\" target=\"_blank\" rel=\"noopener\">Generation Z \u2013 Ganz anders als gedacht: Wie sie tickt, wie sie handelt und wie wir ihr Potenzial erschlie\u00dfen<\/a>\u201c.<\/p>\n<div class=\"shariff shariff-align-left shariff-widget-align-left\"><ul class=\"shariff-buttons theme-round orientation-horizontal buttonsize-medium\"><li class=\"shariff-button facebook shariff-nocustomcolor\" style=\"background-color:#4273c8\"><a href=\"https:\/\/www.facebook.com\/sharer\/sharer.php?u=https%3A%2F%2Fwww.weiterbildungsmarkt.net%2Fmagazin%2Fdie-generation-z-als-impuls-und-ideengeber-nutzen%2F\" title=\"Bei Facebook teilen\" aria-label=\"Bei Facebook teilen\" role=\"button\" rel=\"nofollow\" class=\"shariff-link\" style=\"; background-color:#3b5998; color:#fff\" target=\"_blank\"><span class=\"shariff-icon\" style=\"\"><svg width=\"32px\" height=\"20px\" xmlns=\"http:\/\/www.w3.org\/2000\/svg\" viewBox=\"0 0 18 32\"><path fill=\"#3b5998\" d=\"M17.1 0.2v4.7h-2.8q-1.5 0-2.1 0.6t-0.5 1.9v3.4h5.2l-0.7 5.3h-4.5v13.6h-5.5v-13.6h-4.5v-5.3h4.5v-3.9q0-3.3 1.9-5.2t5-1.8q2.6 0 4.1 0.2z\"\/><\/svg><\/span><\/a><\/li><li class=\"shariff-button twitter shariff-nocustomcolor\" style=\"background-color:#595959\"><a href=\"https:\/\/twitter.com\/share?url=https%3A%2F%2Fwww.weiterbildungsmarkt.net%2Fmagazin%2Fdie-generation-z-als-impuls-und-ideengeber-nutzen%2F&text=Die%20Generation%20Z%20als%20Impuls-%20und%20Ideengeber%20nutzen\" title=\"Bei X teilen\" aria-label=\"Bei X teilen\" role=\"button\" rel=\"noopener nofollow\" class=\"shariff-link\" style=\"; background-color:#000; color:#fff\" target=\"_blank\"><span class=\"shariff-icon\" style=\"\"><svg width=\"32px\" height=\"20px\" xmlns=\"http:\/\/www.w3.org\/2000\/svg\" viewBox=\"0 0 24 24\"><path fill=\"#000\" d=\"M14.258 10.152L23.176 0h-2.113l-7.747 8.813L7.133 0H0l9.352 13.328L0 23.973h2.113l8.176-9.309 6.531 9.309h7.133zm-2.895 3.293l-.949-1.328L2.875 1.56h3.246l6.086 8.523.945 1.328 7.91 11.078h-3.246zm0 0\"\/><\/svg><\/span><\/a><\/li><li class=\"shariff-button xing shariff-nocustomcolor\" style=\"background-color:#29888a\"><a href=\"https:\/\/www.xing.com\/spi\/shares\/new?url=https%3A%2F%2Fwww.weiterbildungsmarkt.net%2Fmagazin%2Fdie-generation-z-als-impuls-und-ideengeber-nutzen%2F\" title=\"Bei XING teilen\" aria-label=\"Bei XING teilen\" role=\"button\" rel=\"noopener nofollow\" class=\"shariff-link\" style=\"; background-color:#126567; color:#fff\" target=\"_blank\"><span class=\"shariff-icon\" style=\"\"><svg width=\"32px\" height=\"20px\" xmlns=\"http:\/\/www.w3.org\/2000\/svg\" viewBox=\"0 0 25 32\"><path fill=\"#126567\" d=\"M10.7 11.9q-0.2 0.3-4.6 8.2-0.5 0.8-1.2 0.8h-4.3q-0.4 0-0.5-0.3t0-0.6l4.5-8q0 0 0 0l-2.9-5q-0.2-0.4 0-0.7 0.2-0.3 0.5-0.3h4.3q0.7 0 1.2 0.8zM25.1 0.4q0.2 0.3 0 0.7l-9.4 16.7 6 11q0.2 0.4 0 0.6-0.2 0.3-0.6 0.3h-4.3q-0.7 0-1.2-0.8l-6-11.1q0.3-0.6 9.5-16.8 0.4-0.8 1.2-0.8h4.3q0.4 0 0.5 0.3z\"\/><\/svg><\/span><\/a><\/li><li class=\"shariff-button linkedin shariff-nocustomcolor\" style=\"background-color:#1488bf\"><a href=\"https:\/\/www.linkedin.com\/sharing\/share-offsite\/?url=https%3A%2F%2Fwww.weiterbildungsmarkt.net%2Fmagazin%2Fdie-generation-z-als-impuls-und-ideengeber-nutzen%2F\" title=\"Bei LinkedIn teilen\" aria-label=\"Bei LinkedIn teilen\" role=\"button\" rel=\"noopener nofollow\" class=\"shariff-link\" style=\"; background-color:#0077b5; color:#fff\" target=\"_blank\"><span class=\"shariff-icon\" style=\"\"><svg width=\"32px\" height=\"20px\" xmlns=\"http:\/\/www.w3.org\/2000\/svg\" viewBox=\"0 0 27 32\"><path fill=\"#0077b5\" d=\"M6.2 11.2v17.7h-5.9v-17.7h5.9zM6.6 5.7q0 1.3-0.9 2.2t-2.4 0.9h0q-1.5 0-2.4-0.9t-0.9-2.2 0.9-2.2 2.4-0.9 2.4 0.9 0.9 2.2zM27.4 18.7v10.1h-5.9v-9.5q0-1.9-0.7-2.9t-2.3-1.1q-1.1 0-1.9 0.6t-1.2 1.5q-0.2 0.5-0.2 1.4v9.9h-5.9q0-7.1 0-11.6t0-5.3l0-0.9h5.9v2.6h0q0.4-0.6 0.7-1t1-0.9 1.6-0.8 2-0.3q3 0 4.9 2t1.9 6z\"\/><\/svg><\/span><\/a><\/li><li class=\"shariff-button whatsapp shariff-nocustomcolor\" style=\"background-color:#5cbe4a\"><a href=\"https:\/\/api.whatsapp.com\/send?text=https%3A%2F%2Fwww.weiterbildungsmarkt.net%2Fmagazin%2Fdie-generation-z-als-impuls-und-ideengeber-nutzen%2F%20Die%20Generation%20Z%20als%20Impuls-%20und%20Ideengeber%20nutzen\" title=\"Bei Whatsapp teilen\" aria-label=\"Bei Whatsapp teilen\" role=\"button\" rel=\"noopener nofollow\" class=\"shariff-link\" style=\"; background-color:#34af23; color:#fff\" target=\"_blank\"><span class=\"shariff-icon\" style=\"\"><svg width=\"32px\" height=\"20px\" xmlns=\"http:\/\/www.w3.org\/2000\/svg\" viewBox=\"0 0 32 32\"><path fill=\"#34af23\" d=\"M17.6 17.4q0.2 0 1.7 0.8t1.6 0.9q0 0.1 0 0.3 0 0.6-0.3 1.4-0.3 0.7-1.3 1.2t-1.8 0.5q-1 0-3.4-1.1-1.7-0.8-3-2.1t-2.6-3.3q-1.3-1.9-1.3-3.5v-0.1q0.1-1.6 1.3-2.8 0.4-0.4 0.9-0.4 0.1 0 0.3 0t0.3 0q0.3 0 0.5 0.1t0.3 0.5q0.1 0.4 0.6 1.6t0.4 1.3q0 0.4-0.6 1t-0.6 0.8q0 0.1 0.1 0.3 0.6 1.3 1.8 2.4 1 0.9 2.7 1.8 0.2 0.1 0.4 0.1 0.3 0 1-0.9t0.9-0.9zM14 26.9q2.3 0 4.3-0.9t3.6-2.4 2.4-3.6 0.9-4.3-0.9-4.3-2.4-3.6-3.6-2.4-4.3-0.9-4.3 0.9-3.6 2.4-2.4 3.6-0.9 4.3q0 3.6 2.1 6.6l-1.4 4.2 4.3-1.4q2.8 1.9 6.2 1.9zM14 2.2q2.7 0 5.2 1.1t4.3 2.9 2.9 4.3 1.1 5.2-1.1 5.2-2.9 4.3-4.3 2.9-5.2 1.1q-3.5 0-6.5-1.7l-7.4 2.4 2.4-7.2q-1.9-3.2-1.9-6.9 0-2.7 1.1-5.2t2.9-4.3 4.3-2.9 5.2-1.1z\"\/><\/svg><\/span><\/a><\/li><li class=\"shariff-button pinterest shariff-nocustomcolor\" style=\"background-color:#e70f18\"><a href=\"https:\/\/www.pinterest.com\/pin\/create\/link\/?url=https%3A%2F%2Fwww.weiterbildungsmarkt.net%2Fmagazin%2Fdie-generation-z-als-impuls-und-ideengeber-nutzen%2F&media=https%3A%2F%2Fwww.weiterbildungsmarkt.net%2Fmagazin%2Fwp-content%2Fuploads%2F2024%2F04%2FDie-Generation-Z-als-Impuls-und-Ideengeber-nutzen.jpg&description=Die%20Generation%20Z%20als%20Impuls-%20und%20Ideengeber%20nutzen\" title=\"Bei Pinterest pinnen\" aria-label=\"Bei Pinterest pinnen\" role=\"button\" rel=\"noopener nofollow\" class=\"shariff-link\" style=\"; background-color:#cb2027; color:#fff\" target=\"_blank\"><span class=\"shariff-icon\" style=\"\"><svg width=\"32px\" height=\"20px\" xmlns=\"http:\/\/www.w3.org\/2000\/svg\" viewBox=\"0 0 27 32\"><path fill=\"#cb2027\" d=\"M27.4 16q0 3.7-1.8 6.9t-5 5-6.9 1.9q-2 0-3.9-0.6 1.1-1.7 1.4-2.9 0.2-0.6 1-3.8 0.4 0.7 1.3 1.2t2 0.5q2.1 0 3.8-1.2t2.7-3.4 0.9-4.8q0-2-1.1-3.8t-3.1-2.9-4.5-1.2q-1.9 0-3.5 0.5t-2.8 1.4-2 2-1.2 2.3-0.4 2.4q0 1.9 0.7 3.3t2.1 2q0.5 0.2 0.7-0.4 0-0.1 0.1-0.5t0.2-0.5q0.1-0.4-0.2-0.8-0.9-1.1-0.9-2.7 0-2.7 1.9-4.6t4.9-2q2.7 0 4.2 1.5t1.5 3.8q0 3-1.2 5.2t-3.1 2.1q-1.1 0-1.7-0.8t-0.4-1.9q0.1-0.6 0.5-1.7t0.5-1.8 0.2-1.4q0-0.9-0.5-1.5t-1.4-0.6q-1.1 0-1.9 1t-0.8 2.6q0 1.3 0.4 2.2l-1.8 7.5q-0.3 1.2-0.2 3.2-3.7-1.6-6-5t-2.3-7.6q0-3.7 1.9-6.9t5-5 6.9-1.9 6.9 1.9 5 5 1.8 6.9z\"\/><\/svg><\/span><\/a><\/li><\/ul><\/div>","protected":false},"excerpt":{"rendered":"<p>Nicht nur die Mitarbeiter der Unternehmen, auch deren Kunden sind zunehmend Angeh\u00f6rige der Generation Z. Entsprechend wichtig ist es, ihre Bed\u00fcrfnisse zu kennen und zu verstehen, denn: Ihnen geh\u00f6rt die Zukunft. \u201eDie Angeh\u00f6rigen der Generation Z ticken anders als unsere \u00e4lteren Mitarbeiter.\u201c Diese Klage h\u00f6rt man oft von Unternehmern. Stimmt, die nach 1995 geborenen jungen [&hellip;]<\/p>\n","protected":false},"author":3,"featured_media":9481,"comment_status":"open","ping_status":"closed","sticky":false,"template":"","format":"standard","meta":{"_acf_changed":false,"footnotes":""},"categories":[50,7,51],"tags":[154,153,170],"class_list":["post-9478","post","type-post","status-publish","format-standard","has-post-thumbnail","hentry","category-human-resource-management","category-personalentwicklung","category-personalmanagement","tag-fuehrungskraefteentwicklung","tag-fuehrungskraeftetraining","tag-human-resources"],"acf":[],"_links":{"self":[{"href":"https:\/\/www.weiterbildungsmarkt.net\/magazin\/wp-json\/wp\/v2\/posts\/9478","targetHints":{"allow":["GET"]}}],"collection":[{"href":"https:\/\/www.weiterbildungsmarkt.net\/magazin\/wp-json\/wp\/v2\/posts"}],"about":[{"href":"https:\/\/www.weiterbildungsmarkt.net\/magazin\/wp-json\/wp\/v2\/types\/post"}],"author":[{"embeddable":true,"href":"https:\/\/www.weiterbildungsmarkt.net\/magazin\/wp-json\/wp\/v2\/users\/3"}],"replies":[{"embeddable":true,"href":"https:\/\/www.weiterbildungsmarkt.net\/magazin\/wp-json\/wp\/v2\/comments?post=9478"}],"version-history":[{"count":2,"href":"https:\/\/www.weiterbildungsmarkt.net\/magazin\/wp-json\/wp\/v2\/posts\/9478\/revisions"}],"predecessor-version":[{"id":9480,"href":"https:\/\/www.weiterbildungsmarkt.net\/magazin\/wp-json\/wp\/v2\/posts\/9478\/revisions\/9480"}],"wp:featuredmedia":[{"embeddable":true,"href":"https:\/\/www.weiterbildungsmarkt.net\/magazin\/wp-json\/wp\/v2\/media\/9481"}],"wp:attachment":[{"href":"https:\/\/www.weiterbildungsmarkt.net\/magazin\/wp-json\/wp\/v2\/media?parent=9478"}],"wp:term":[{"taxonomy":"category","embeddable":true,"href":"https:\/\/www.weiterbildungsmarkt.net\/magazin\/wp-json\/wp\/v2\/categories?post=9478"},{"taxonomy":"post_tag","embeddable":true,"href":"https:\/\/www.weiterbildungsmarkt.net\/magazin\/wp-json\/wp\/v2\/tags?post=9478"}],"curies":[{"name":"wp","href":"https:\/\/api.w.org\/{rel}","templated":true}]}}