{"id":9579,"date":"2024-07-02T10:29:33","date_gmt":"2024-07-02T08:29:33","guid":{"rendered":"https:\/\/www.weiterbildungsmarkt.net\/magazin\/?p=9579"},"modified":"2024-05-17T12:31:59","modified_gmt":"2024-05-17T10:31:59","slug":"die-ersten-schritte-beim-umstrukturieren-und-zusammenlegen-von-teams","status":"publish","type":"post","link":"https:\/\/www.weiterbildungsmarkt.net\/magazin\/die-ersten-schritte-beim-umstrukturieren-und-zusammenlegen-von-teams\/","title":{"rendered":"Die ersten Schritte beim Umstrukturieren und Zusammenlegen von Teams"},"content":{"rendered":"<p style=\"text-align: justify;\">Wenn Unternehmen Teams in ihrer Organisation neu formieren m\u00f6chten, rufen ihre Mitarbeiter selten laut \u201eHurra\u201c \u2013 denn hierdurch ver\u00e4ndert sich f\u00fcr sie auch viel Gewohntes. Entsprechend sorgsam sollte man bei solchen Vorhaben die ersten Schritte planen.<\/p>\n<p style=\"text-align: justify;\">Immer wieder m\u00fcssen oder wollen Unternehmen Teams in ihrer Organisation neu formieren \u2013 aus den unterschiedlichen Gr\u00fcnden. Bei ihren Mitarbeitern st\u00f6\u00dft diese Nachricht in der Regel nicht auf allzu gro\u00dfe Begeisterung, denn mit der Umstrukturierung von Teams sind meist solche betriebswirtschaftlichen Ziele verbunden wie<\/p>\n<ul style=\"text-align: justify;\">\n<li>Effizienzsteigerung,<\/li>\n<li>Kostenreduktion und,<\/li>\n<li>Steigerung der Reaktions-\/Innovationsgeschwindigkeit.<\/li>\n<\/ul>\n<p style=\"text-align: justify;\">Zudem bedeutet die Umformierung von Teams stets: Diese werden in ihrer Entwicklung zur\u00fcckgeworfen. Aus einem eingespielten Team wird sozusagen wieder ein frisch zusammengew\u00fcrfelter Haufen von Menschen, der sich erst wieder als Team finden muss \u2026 und hiermit sind in der Regel auch Konflikte verbunden.<\/p>\n<p style=\"text-align: justify;\">Das wissen die Mitglieder der aktuellen Teams. Sie wissen zudem: Durch die Umstrukturierung ver\u00e4ndern sich neben den Arbeitsprozessen auch meine Arbeitsinhalte \u2013 zumindest teilweise. Also brauche ich neue Kenntnisse und F\u00e4higkeiten. Au\u00dferdem ver\u00e4ndern sich die Arbeitsbeziehungen. Ich muss also zum Teil mit neuen Kollegen kooperieren. Au\u00dferdem verliere sie bei einer solchen Reorganisation vermutlich den Status sowie einige Privilegien, die ich mir im aktuellen Team m\u00fchsam erarbeitet habe.<\/p>\n<p style=\"text-align: justify;\">Aus all diesen Gr\u00fcnden hegen Mitarbeiter gegen eine Neu- oder Umstrukturierung ihrer Teams oft Bedenken \u2013 Bedenken, die sich nicht selten zu Widerst\u00e4nden verfestigen, wenn die Mitarbeiter im Changeprozess das Gef\u00fchl haben: Meine Interessen und Bed\u00fcrfnisse werden nicht ausreichend ber\u00fccksichtigt.<\/p>\n<p style=\"text-align: justify;\">Entsprechend sorgf\u00e4ltig sollten solche Changeprojekte geplant und gemanagt werden, auch damit nicht bei Leistungstr\u00e4gern die Entscheidung reift: Jetzt reicht es mir; ich wechsele den Arbeitgeber.<\/p>\n<ol style=\"text-align: justify;\">\n<li><strong>Professionale Projektvorbereitung.<\/strong> Damit Sie Ihre Mitarbeiter als Mitstreiter f\u00fcr eine Neuformierung der Teams gewinnen, brauchen Sie eine klare Botschaft. \u00dcberlegen Sie sich deshalb, bevor Sie die angedachte Ver\u00e4nderung verk\u00fcnden:<\/li>\n<\/ol>\n<ul style=\"text-align: justify;\">\n<li>Warum ist eine Neuformierung der Teams n\u00f6tig? Worin zeigt sich diese Notwendigkeit im Betriebsalltag?<\/li>\n<li>Welche Konsequenzen hat dieser Change f\u00fcr die Mitarbeiter \u2013 auf der prozessualen, fachlichen und emotional-pers\u00f6nlichen Ebene?<\/li>\n<li>Welche tempor\u00e4ren und dauerhaften Mehrbelastungen sind f\u00fcr sie damit verbunden?<\/li>\n<li>Welchen Nutzen ziehen die Mitarbeiter aus der Ver\u00e4nderung?<\/li>\n<\/ul>\n<p style=\"text-align: justify;\">Entwickeln Sie zudem eine (vorl\u00e4ufige) \u201eRoadmap\u201c f\u00fcr den Changeprozess. Wie soll er ablaufen? Welche Unterst\u00fctzung erfahren die Teammitglieder in ihm?<\/p>\n<ol style=\"text-align: justify;\" start=\"2\">\n<li><strong>Klare Information, offene Kommunikation. <\/strong>Informieren Sie die Teammitglieder im pers\u00f6nlichen Gespr\u00e4ch \u00fcber die geplante Ver\u00e4nderung. Stellen Sie deren Notwendigkeit m\u00f6glichst anhand von Beispielen aus dem Betriebsalltag dar, damit die Mitarbeiter sehen: Die Umstrukturierung ist n\u00f6tig! Fragen Sie sie im Bedarfsfall auch: Was geschieht, wenn wir jetzt nicht aktiv werden? Wie sieht es dann in zwei, drei Jahren zum Beispiel mit unserer Wettbewerbsf\u00e4higkeit aus? K\u00f6nnen wir dann noch die Kundenw\u00fcnsche befriedigen? Kommunizieren Sie aber auch offen, dass Sie wissen, dass die Reorganisation f\u00fcr Ihre Mitarbeiter zahlreiche \u00c4nderungen mit sich bringt und f\u00fcr sie zumindest tempor\u00e4r eine Mehrbelastung bedeutet.<\/li>\n<li><strong>Die Bedenken wahr und ernst nehmen.<\/strong> Fordern Sie Ihre Mitarbeiter aktiv auf, Ihre Meinungen und Bedenken zu dem Vorhaben zu \u00e4u\u00dfern, denn: Nur wenn Sie diese kennen, k\u00f6nnen Sie hierauf angemessen reagieren. F\u00fchren Sie mit den Teammitgliedern deshalb einen offenen, lebendigen Dialog. Sprechen Sie dabei auch eigeninitiativ die Knackpunkte aus ihrer Sicht an. So zum Beispiel, dass die Teammitglieder mit teils neuen Kollegen zurechtkommen m\u00fcssen. Oder dass sie k\u00fcnftig verst\u00e4rkt virtuell zusammenarbeiten werden. Denn das zeigt den Mitarbeitern: Unsere \u201eChefs\u201c haben bei ihren Entscheidungen auch uns im Blick!<\/li>\n<li><strong>Die Betroffenen in die Gestaltung einbinden. <\/strong>Achten Sie im Gespr\u00e4ch darauf, dass sie nicht \u00fcber das Changeprojekt selbst debattieren. Dieses wurde aus den Gr\u00fcnden A, B und C beschlossen und wird realisiert. Das steht fest! Binden Sie die Mitarbeiter aber soweit m\u00f6glich in die Projektgestaltung ein. Denn je mehr Ideen von ihnen in den Change einflie\u00dfen, umso st\u00e4rker identifizieren sie sich mit ihm. Er\u00f6rtern Sie mit ihnen zum Beispiel:<\/li>\n<\/ol>\n<ul style=\"text-align: justify;\">\n<li>Wie sorgen wir daf\u00fcr, dass im neu formierten Team ein echter Teamspirit entsteht?<\/li>\n<li>Wie verst\u00e4ndigen wir uns auf neue Regeln der Zusammenarbeit?<\/li>\n<li>Wie gehen wir mit den Irritationen in der Anfangszeit um?<\/li>\n<li>Wie checken wir im Prozess, ob wir wirklich auf dem Weg sind, das Ziel, \u201eeffizienter\u201c, \u201ekundenorientierter\u201c zu werden, zu erreichen?<\/li>\n<\/ul>\n<ol style=\"text-align: justify;\" start=\"5\">\n<li><strong>Unterst\u00fctzung beim Change gew\u00e4hren. <\/strong>Sagen Sie den Mitarbeitern seitens des Unternehmens die n\u00f6tige Unterst\u00fctzung zu, die sie beim Bew\u00e4ltigen der aus der Ver\u00e4nderung resultierenden Herausforderungen brauchen. So zum Beispiel Schulungen in der Nutzung der neu eingesetzten Technik. Oder Coachings bei Konflikten in der neu strukturierten Zusammenarbeit. Sagen Sie ihnen zudem, dass Sie ihnen jederzeit als Ansprechpartner bei Problemen zur Verf\u00fcgung stehen, denn dies sei u.a. ihre Funktion als F\u00fchrungskraft.<\/li>\n<li><strong>Flexibel auf den Bedarf reagieren. <\/strong>Formulieren Sie mit den Teammitgliedern Etappenziele, die es auf dem Weg zum Ziel, dass aus dem neuformierten Team ein Spitzenteam wird, zu erreichen gilt. So zum Beispiel das Sich-verst\u00e4ndigen auf neue Regeln im Umgang miteinander. Oder das Ein\u00fcben gewisser Verhaltensweisen, so dass aus ihnen neue Routinen werden. Checken Sie das Erreichen der Etappenziele regelm\u00e4\u00dfig mit den Mitarbeitern und passen Sie bei Bedarf das Projektdesign den Erfordernissen an. Denn der Erfolg und Verlauf von Change-Projekten, die auch die Zusammenarbeit und Kultur tangieren, l\u00e4sst sich vorab nur bedingt planen. Entsprechend schnell entsteht bei den Betroffenen das Gef\u00fchl \u201eDas funktioniert nicht\u201c oder \u201eFr\u00fcher war alles besser\u201c.<\/li>\n<li><strong>Teilerfolge aufzeigen, Mitarbeiter loben.<\/strong> Sorgen Sie deshalb als F\u00fchrungskraft daf\u00fcr, dass die Ver\u00e4nderungsenergie nicht erlahmt. Zum Beispiel, indem Sie die Mitarbeiter immer wieder auch auf kleine Erfolge hinweisen und diese f\u00fcr ihr Engagement loben. So zum Beispiel:<\/li>\n<\/ol>\n<ul style=\"text-align: justify;\">\n<li>\u201eJetzt haben wir uns schon drei Mal als Team getroffen und extrem produktiv \u00fcber unser Vorhaben diskutiert.\u201c Oder:<\/li>\n<li>\u201eJetzt haben wir uns bereits auf neue Regeln f\u00fcr die Zusammenarbeit verst\u00e4ndigt.\u201c Oder:<\/li>\n<li>\u201eJetzt kommunizieren wir schon viel effektiver mit der neuen Digitaltechnik miteinander.\u201c<\/li>\n<\/ul>\n<p style=\"text-align: justify;\">Und zeigen Sie sich im Projektverlauf gro\u00dfz\u00fcgig. Lassen Sie zum Beispiel auch mal einige Pizzen oder Flaschen Sekt springen, wenn ein Teilziel erreicht wurde oder Sie das Gef\u00fchl haben: Das t\u00e4te dem Teamgeist jetzt gut.<\/p>\n<h3 style=\"text-align: justify;\">\u00dcber den Autor:<\/h3>\n<p style=\"text-align: justify;\"><strong><img loading=\"lazy\" decoding=\"async\" class=\"alignleft size-thumbnail wp-image-662\" src=\"https:\/\/www.weiterbildungsmarkt.net\/magazin\/wp-content\/uploads\/2013\/08\/Kraus-Georg-Dr-ohne-Brille-2007-120x120.jpg\" alt=\"Georg Kraus\" width=\"120\" height=\"120\" srcset=\"https:\/\/www.weiterbildungsmarkt.net\/magazin\/wp-content\/uploads\/2013\/08\/Kraus-Georg-Dr-ohne-Brille-2007-120x120.jpg 120w, https:\/\/www.weiterbildungsmarkt.net\/magazin\/wp-content\/uploads\/2013\/08\/Kraus-Georg-Dr-ohne-Brille-2007-210x210.jpg 210w\" sizes=\"auto, (max-width: 120px) 100vw, 120px\" \/>Dr. Georg Kraus<\/strong> ist gesch\u00e4ftsf\u00fchrender Gesellschafter der Unternehmensberatung Kraus &amp; Partner, Bruchsal. Der diplomierte Wirtschaftsingenieur ist u.a. Lehrbeauftragter an der Universit\u00e4t Karlsruhe, der IAE in Aix-en-provence und der technischen Universit\u00e4t Clausthal.<\/p>\n<div class=\"shariff shariff-align-left shariff-widget-align-left\"><ul class=\"shariff-buttons theme-round orientation-horizontal buttonsize-medium\"><li class=\"shariff-button facebook shariff-nocustomcolor\" style=\"background-color:#4273c8\"><a href=\"https:\/\/www.facebook.com\/sharer\/sharer.php?u=https%3A%2F%2Fwww.weiterbildungsmarkt.net%2Fmagazin%2Fdie-ersten-schritte-beim-umstrukturieren-und-zusammenlegen-von-teams%2F\" title=\"Bei Facebook teilen\" aria-label=\"Bei Facebook teilen\" role=\"button\" rel=\"nofollow\" class=\"shariff-link\" style=\"; background-color:#3b5998; color:#fff\" target=\"_blank\"><span class=\"shariff-icon\" style=\"\"><svg width=\"32px\" height=\"20px\" xmlns=\"http:\/\/www.w3.org\/2000\/svg\" viewBox=\"0 0 18 32\"><path fill=\"#3b5998\" d=\"M17.1 0.2v4.7h-2.8q-1.5 0-2.1 0.6t-0.5 1.9v3.4h5.2l-0.7 5.3h-4.5v13.6h-5.5v-13.6h-4.5v-5.3h4.5v-3.9q0-3.3 1.9-5.2t5-1.8q2.6 0 4.1 0.2z\"\/><\/svg><\/span><\/a><\/li><li class=\"shariff-button twitter shariff-nocustomcolor\" style=\"background-color:#595959\"><a href=\"https:\/\/twitter.com\/share?url=https%3A%2F%2Fwww.weiterbildungsmarkt.net%2Fmagazin%2Fdie-ersten-schritte-beim-umstrukturieren-und-zusammenlegen-von-teams%2F&text=Die%20ersten%20Schritte%20beim%20Umstrukturieren%20und%20Zusammenlegen%20von%20Teams\" title=\"Bei X teilen\" aria-label=\"Bei X teilen\" role=\"button\" rel=\"noopener nofollow\" class=\"shariff-link\" style=\"; background-color:#000; color:#fff\" target=\"_blank\"><span class=\"shariff-icon\" style=\"\"><svg width=\"32px\" height=\"20px\" xmlns=\"http:\/\/www.w3.org\/2000\/svg\" viewBox=\"0 0 24 24\"><path fill=\"#000\" d=\"M14.258 10.152L23.176 0h-2.113l-7.747 8.813L7.133 0H0l9.352 13.328L0 23.973h2.113l8.176-9.309 6.531 9.309h7.133zm-2.895 3.293l-.949-1.328L2.875 1.56h3.246l6.086 8.523.945 1.328 7.91 11.078h-3.246zm0 0\"\/><\/svg><\/span><\/a><\/li><li class=\"shariff-button xing shariff-nocustomcolor\" style=\"background-color:#29888a\"><a href=\"https:\/\/www.xing.com\/spi\/shares\/new?url=https%3A%2F%2Fwww.weiterbildungsmarkt.net%2Fmagazin%2Fdie-ersten-schritte-beim-umstrukturieren-und-zusammenlegen-von-teams%2F\" title=\"Bei XING teilen\" aria-label=\"Bei XING teilen\" role=\"button\" rel=\"noopener nofollow\" class=\"shariff-link\" style=\"; background-color:#126567; color:#fff\" target=\"_blank\"><span class=\"shariff-icon\" style=\"\"><svg width=\"32px\" height=\"20px\" xmlns=\"http:\/\/www.w3.org\/2000\/svg\" viewBox=\"0 0 25 32\"><path fill=\"#126567\" d=\"M10.7 11.9q-0.2 0.3-4.6 8.2-0.5 0.8-1.2 0.8h-4.3q-0.4 0-0.5-0.3t0-0.6l4.5-8q0 0 0 0l-2.9-5q-0.2-0.4 0-0.7 0.2-0.3 0.5-0.3h4.3q0.7 0 1.2 0.8zM25.1 0.4q0.2 0.3 0 0.7l-9.4 16.7 6 11q0.2 0.4 0 0.6-0.2 0.3-0.6 0.3h-4.3q-0.7 0-1.2-0.8l-6-11.1q0.3-0.6 9.5-16.8 0.4-0.8 1.2-0.8h4.3q0.4 0 0.5 0.3z\"\/><\/svg><\/span><\/a><\/li><li class=\"shariff-button linkedin shariff-nocustomcolor\" style=\"background-color:#1488bf\"><a href=\"https:\/\/www.linkedin.com\/sharing\/share-offsite\/?url=https%3A%2F%2Fwww.weiterbildungsmarkt.net%2Fmagazin%2Fdie-ersten-schritte-beim-umstrukturieren-und-zusammenlegen-von-teams%2F\" title=\"Bei LinkedIn teilen\" aria-label=\"Bei LinkedIn teilen\" role=\"button\" rel=\"noopener nofollow\" class=\"shariff-link\" style=\"; background-color:#0077b5; color:#fff\" target=\"_blank\"><span class=\"shariff-icon\" style=\"\"><svg width=\"32px\" height=\"20px\" xmlns=\"http:\/\/www.w3.org\/2000\/svg\" viewBox=\"0 0 27 32\"><path fill=\"#0077b5\" d=\"M6.2 11.2v17.7h-5.9v-17.7h5.9zM6.6 5.7q0 1.3-0.9 2.2t-2.4 0.9h0q-1.5 0-2.4-0.9t-0.9-2.2 0.9-2.2 2.4-0.9 2.4 0.9 0.9 2.2zM27.4 18.7v10.1h-5.9v-9.5q0-1.9-0.7-2.9t-2.3-1.1q-1.1 0-1.9 0.6t-1.2 1.5q-0.2 0.5-0.2 1.4v9.9h-5.9q0-7.1 0-11.6t0-5.3l0-0.9h5.9v2.6h0q0.4-0.6 0.7-1t1-0.9 1.6-0.8 2-0.3q3 0 4.9 2t1.9 6z\"\/><\/svg><\/span><\/a><\/li><li class=\"shariff-button whatsapp shariff-nocustomcolor\" style=\"background-color:#5cbe4a\"><a href=\"https:\/\/api.whatsapp.com\/send?text=https%3A%2F%2Fwww.weiterbildungsmarkt.net%2Fmagazin%2Fdie-ersten-schritte-beim-umstrukturieren-und-zusammenlegen-von-teams%2F%20Die%20ersten%20Schritte%20beim%20Umstrukturieren%20und%20Zusammenlegen%20von%20Teams\" title=\"Bei Whatsapp teilen\" aria-label=\"Bei Whatsapp teilen\" role=\"button\" rel=\"noopener nofollow\" class=\"shariff-link\" style=\"; background-color:#34af23; color:#fff\" target=\"_blank\"><span class=\"shariff-icon\" style=\"\"><svg width=\"32px\" height=\"20px\" xmlns=\"http:\/\/www.w3.org\/2000\/svg\" viewBox=\"0 0 32 32\"><path fill=\"#34af23\" d=\"M17.6 17.4q0.2 0 1.7 0.8t1.6 0.9q0 0.1 0 0.3 0 0.6-0.3 1.4-0.3 0.7-1.3 1.2t-1.8 0.5q-1 0-3.4-1.1-1.7-0.8-3-2.1t-2.6-3.3q-1.3-1.9-1.3-3.5v-0.1q0.1-1.6 1.3-2.8 0.4-0.4 0.9-0.4 0.1 0 0.3 0t0.3 0q0.3 0 0.5 0.1t0.3 0.5q0.1 0.4 0.6 1.6t0.4 1.3q0 0.4-0.6 1t-0.6 0.8q0 0.1 0.1 0.3 0.6 1.3 1.8 2.4 1 0.9 2.7 1.8 0.2 0.1 0.4 0.1 0.3 0 1-0.9t0.9-0.9zM14 26.9q2.3 0 4.3-0.9t3.6-2.4 2.4-3.6 0.9-4.3-0.9-4.3-2.4-3.6-3.6-2.4-4.3-0.9-4.3 0.9-3.6 2.4-2.4 3.6-0.9 4.3q0 3.6 2.1 6.6l-1.4 4.2 4.3-1.4q2.8 1.9 6.2 1.9zM14 2.2q2.7 0 5.2 1.1t4.3 2.9 2.9 4.3 1.1 5.2-1.1 5.2-2.9 4.3-4.3 2.9-5.2 1.1q-3.5 0-6.5-1.7l-7.4 2.4 2.4-7.2q-1.9-3.2-1.9-6.9 0-2.7 1.1-5.2t2.9-4.3 4.3-2.9 5.2-1.1z\"\/><\/svg><\/span><\/a><\/li><li class=\"shariff-button pinterest shariff-nocustomcolor\" style=\"background-color:#e70f18\"><a href=\"https:\/\/www.pinterest.com\/pin\/create\/link\/?url=https%3A%2F%2Fwww.weiterbildungsmarkt.net%2Fmagazin%2Fdie-ersten-schritte-beim-umstrukturieren-und-zusammenlegen-von-teams%2F&media=https%3A%2F%2Fwww.weiterbildungsmarkt.net%2Fmagazin%2Fwp-content%2Fuploads%2F2024%2F05%2FDie-ersten-Schritte-beim-Umstrukturieren-und-Zusammenlegen-von-Teams.jpg&description=Die%20ersten%20Schritte%20beim%20Umstrukturieren%20und%20Zusammenlegen%20von%20Teams\" title=\"Bei Pinterest pinnen\" aria-label=\"Bei Pinterest pinnen\" role=\"button\" rel=\"noopener nofollow\" class=\"shariff-link\" style=\"; background-color:#cb2027; color:#fff\" target=\"_blank\"><span class=\"shariff-icon\" style=\"\"><svg width=\"32px\" height=\"20px\" xmlns=\"http:\/\/www.w3.org\/2000\/svg\" viewBox=\"0 0 27 32\"><path fill=\"#cb2027\" d=\"M27.4 16q0 3.7-1.8 6.9t-5 5-6.9 1.9q-2 0-3.9-0.6 1.1-1.7 1.4-2.9 0.2-0.6 1-3.8 0.4 0.7 1.3 1.2t2 0.5q2.1 0 3.8-1.2t2.7-3.4 0.9-4.8q0-2-1.1-3.8t-3.1-2.9-4.5-1.2q-1.9 0-3.5 0.5t-2.8 1.4-2 2-1.2 2.3-0.4 2.4q0 1.9 0.7 3.3t2.1 2q0.5 0.2 0.7-0.4 0-0.1 0.1-0.5t0.2-0.5q0.1-0.4-0.2-0.8-0.9-1.1-0.9-2.7 0-2.7 1.9-4.6t4.9-2q2.7 0 4.2 1.5t1.5 3.8q0 3-1.2 5.2t-3.1 2.1q-1.1 0-1.7-0.8t-0.4-1.9q0.1-0.6 0.5-1.7t0.5-1.8 0.2-1.4q0-0.9-0.5-1.5t-1.4-0.6q-1.1 0-1.9 1t-0.8 2.6q0 1.3 0.4 2.2l-1.8 7.5q-0.3 1.2-0.2 3.2-3.7-1.6-6-5t-2.3-7.6q0-3.7 1.9-6.9t5-5 6.9-1.9 6.9 1.9 5 5 1.8 6.9z\"\/><\/svg><\/span><\/a><\/li><\/ul><\/div>","protected":false},"excerpt":{"rendered":"<p>Wenn Unternehmen Teams in ihrer Organisation neu formieren m\u00f6chten, rufen ihre Mitarbeiter selten laut \u201eHurra\u201c \u2013 denn hierdurch ver\u00e4ndert sich f\u00fcr sie auch viel Gewohntes. Entsprechend sorgsam sollte man bei solchen Vorhaben die ersten Schritte planen. Immer wieder m\u00fcssen oder wollen Unternehmen Teams in ihrer Organisation neu formieren \u2013 aus den unterschiedlichen Gr\u00fcnden. Bei ihren [&hellip;]<\/p>\n","protected":false},"author":3,"featured_media":9582,"comment_status":"open","ping_status":"closed","sticky":false,"template":"","format":"standard","meta":{"_acf_changed":false,"footnotes":""},"categories":[48,33],"tags":[154,153,78],"class_list":["post-9579","post","type-post","status-publish","format-standard","has-post-thumbnail","hentry","category-management","category-leadership","tag-fuehrungskraefteentwicklung","tag-fuehrungskraeftetraining","tag-leadership-2"],"acf":[],"_links":{"self":[{"href":"https:\/\/www.weiterbildungsmarkt.net\/magazin\/wp-json\/wp\/v2\/posts\/9579","targetHints":{"allow":["GET"]}}],"collection":[{"href":"https:\/\/www.weiterbildungsmarkt.net\/magazin\/wp-json\/wp\/v2\/posts"}],"about":[{"href":"https:\/\/www.weiterbildungsmarkt.net\/magazin\/wp-json\/wp\/v2\/types\/post"}],"author":[{"embeddable":true,"href":"https:\/\/www.weiterbildungsmarkt.net\/magazin\/wp-json\/wp\/v2\/users\/3"}],"replies":[{"embeddable":true,"href":"https:\/\/www.weiterbildungsmarkt.net\/magazin\/wp-json\/wp\/v2\/comments?post=9579"}],"version-history":[{"count":2,"href":"https:\/\/www.weiterbildungsmarkt.net\/magazin\/wp-json\/wp\/v2\/posts\/9579\/revisions"}],"predecessor-version":[{"id":9581,"href":"https:\/\/www.weiterbildungsmarkt.net\/magazin\/wp-json\/wp\/v2\/posts\/9579\/revisions\/9581"}],"wp:featuredmedia":[{"embeddable":true,"href":"https:\/\/www.weiterbildungsmarkt.net\/magazin\/wp-json\/wp\/v2\/media\/9582"}],"wp:attachment":[{"href":"https:\/\/www.weiterbildungsmarkt.net\/magazin\/wp-json\/wp\/v2\/media?parent=9579"}],"wp:term":[{"taxonomy":"category","embeddable":true,"href":"https:\/\/www.weiterbildungsmarkt.net\/magazin\/wp-json\/wp\/v2\/categories?post=9579"},{"taxonomy":"post_tag","embeddable":true,"href":"https:\/\/www.weiterbildungsmarkt.net\/magazin\/wp-json\/wp\/v2\/tags?post=9579"}],"curies":[{"name":"wp","href":"https:\/\/api.w.org\/{rel}","templated":true}]}}