{"id":2279,"date":"2015-02-18T16:24:18","date_gmt":"2015-02-18T14:24:18","guid":{"rendered":"http:\/\/www.weiterbildungsmarkt.net\/news\/?p=2279"},"modified":"2017-03-29T18:10:42","modified_gmt":"2017-03-29T16:10:42","slug":"die-zeit-kostbarste-ressource-des-menschen-warum-laeuft-sie-uns-davon","status":"publish","type":"post","link":"https:\/\/www.weiterbildungsmarkt.net\/news\/die-zeit-kostbarste-ressource-des-menschen-warum-laeuft-sie-uns-davon-2279\/","title":{"rendered":"Die Zeit &#8211; kostbarste Ressource des Menschen. Warum l\u00e4uft sie uns davon?"},"content":{"rendered":"<p><strong>\u201eFocus&#8220; &#8211; Themen f\u00fcrs Leben bei ORF Radio Vorarlberg. <\/strong><\/p>\n<p>Mit Dr. Franz J. Schweifer, Zeitforscher, Temposoph, M\u00f6dling bei Wien.<\/p>\n<p><a title=\"ORF-Radiosendung Focus: Die Zeit...\" href=\"http:\/\/vorarlberg.orf.at\/radio\/stories\/2674395\/\" target=\"_blank\" rel=\"noopener nofollow\" class=\"external external_icon\">Download zum Nachh\u00f6ren.<\/a><\/p>\n<hr \/><br \/>\n<p align=\"LEFT\"><strong><em>In der Sendung \u201eFocus &#8211; Themen f\u00fcrs Leben\u201c spricht Zeitforscher Dr. Franz J. Schweifer bei ORF Radio Vorarlberg \u00fcber das Thema: \u201eZeit &#8211; die kostbarste Ressource des Menschen: Warum l\u00e4uft uns die Zeit davon?\u201c<\/em><\/strong><\/p>\n<hr \/><br \/>\n<p align=\"LEFT\">Auszug aus dem ORF-Radio-Trailer bzw. ORF V- Newsletter &#8222;FOCUS &amp; ANSICHTEN&#8220; 42\/2014:<\/p>\n<hr \/><br \/>\n<p align=\"LEFT\"><em>Du<\/em><strong><em> liebe Zeit<\/em><\/strong><\/p>\n<p align=\"LEFT\"><em>Da habe ich einen geh\u00f6rt<\/em><\/p>\n<p align=\"LEFT\"><em>wie er seufzte: Du liebe Zeit!<\/em><\/p>\n<p align=\"LEFT\"><em>Was hei\u00dft da Du liebe Zeit?<\/em><\/p>\n<p align=\"LEFT\"><em>Du unliebe Zeit, muss es hei\u00dfen<\/em><\/p>\n<p align=\"LEFT\"><em>Du ungeliebte Zeit!<\/em><\/p>\n<p align=\"LEFT\"><em>von dieser Unzeit, in der wir<\/em><\/p>\n<p align=\"LEFT\"><em>leben m\u00fcssen. Und doch<\/em><\/p>\n<p align=\"LEFT\"><em>Sie ist unsere einzige Zeit<\/em><\/p>\n<p align=\"LEFT\"><em>Unsere Lebenszeit<\/em><\/p>\n<p align=\"LEFT\"><em>Und wenn wir das Leben lieben<\/em><\/p>\n<p align=\"LEFT\"><em>k\u00f6nnen wir nicht ganz lieblos<\/em><\/p>\n<p align=\"LEFT\"><em>gegen diese unsere Zeit sein<\/em><\/p>\n<p align=\"LEFT\"><em>Wir m\u00fcssen sie ja nicht genau so<\/em><\/p>\n<p align=\"LEFT\"><em>lassen, wie sie uns traf.<\/em><\/p>\n<p align=\"LEFT\">(<strong>Erich Fried<\/strong>)<\/p>\n<p><b><\/b><b><span style=\"font-family: Verdana,Bold;font-size: xx-small\"><span style=\"font-family: Verdana,Bold;font-size: xx-small\"><br \/><br \/>\n<\/span><\/span><\/b><\/p>\n<p align=\"LEFT\">Die <strong>Ursachen<\/strong> f\u00fcr den Zeitnotstand sind vielf\u00e4ltig und das Gef\u00fchl des zu wenig<\/p>\n<p align=\"LEFT\">Zeit-Habens ist allgegenw\u00e4rtig. Man kann die Zeitknappheit und Eile so<\/p>\n<p align=\"LEFT\">internalisieren, dass man es gar nicht mehr merkt, sagt Franz Schweifer. Man<\/p>\n<p align=\"LEFT\">empfindet das Warten als Horror. Vor der Angst, dass keine Leere entsteht<\/p>\n<p align=\"LEFT\">und damit keine Leere entsteht, tun wir etwas. \u201eArbeiten ist leichter als<\/p>\n<p align=\"LEFT\">leben&#8220;- Schweifer sieht in dem Satz sehr viel Weisheit. Da f\u00e4llt uns, wenn wir<\/p>\n<p align=\"LEFT\">etwas tun, das Unangenehme nicht so auf. Viele Zeitgenossen haben auch<\/p>\n<p align=\"LEFT\">eine Verpassensangst und w\u00e4hlen die f\u00fcr sie sinngebende Formulierung: \u201eIch<\/p>\n<p align=\"LEFT\">eile, also bin ich.\u201c Wir wollen m\u00f6glichst viele Erlebnisse und Handlungen<\/p>\n<p align=\"LEFT\">unterbringen, weil danach nichts wartet und es gibt ja auch so viel.<\/p>\n<p align=\"LEFT\">Wir leben im <strong>AGS-Zeitalter<\/strong> &#8211; das steht f\u00fcr <strong>a<\/strong>lles, <strong>g<\/strong>leichzeitig und <strong>s<\/strong>ofort. Dazu passt<\/p>\n<p align=\"LEFT\">der Satz von Michail Gorbatschow: &#8222;Wer zu sp\u00e4t kommt, den bestraft das<\/p>\n<p align=\"LEFT\">Leben.&#8220; Also nimm dich in Acht. Und so treffen wir bei der Frage nach der Zeit<\/p>\n<p align=\"LEFT\">auf die Dimension des Diesseits und Jenseits. In unserer Zeit hat man den<\/p>\n<p align=\"LEFT\">Gott durch andere G\u00f6tter ersetzt, wie etwa Geld, das Materielle und das<\/p>\n<p align=\"LEFT\">Schaffen. Wenn nach dem Leben nichts auf uns wartet, m\u00fcssen wir uns vorher beeilen.<\/p>\n<p align=\"LEFT\">Aktivit\u00e4ten im Beruf sind ein Ausweis eines vollen Kalenders, einer<\/p>\n<p align=\"LEFT\">Rechtfertigung meines Daseins, meiner Bedeutung etc. etc.<\/p>\n<p align=\"LEFT\">Und was ist der <strong>Ausweg<\/strong>? Der Rauswurf aus der Zeit-Bahn? Wer nicht vom<\/p>\n<p align=\"LEFT\">Weg abkommt, der bleibt auf der Strecke. \u201eWenn man auf Tempo ist, merkt<\/p>\n<p align=\"LEFT\">man nicht, dass man wie auf Schienen f\u00e4hrt, wenn man hinausgeworfen wird,<\/p>\n<p align=\"LEFT\">denkt man sich erst ja, das stimmt\u201c, merkt Zeitforscher Schweifer kritisch an.<\/p>\n<hr \/><br \/>\n<p align=\"LEFT\"><strong>Soeben erschienen:<\/strong> Franz J. Schweifer <a title=\"Ach du liebe Zeit\" href=\"http:\/\/www.verlagdrkovac.de\/978-3-8300-8127-2.htm%20\" target=\"_blank\" rel=\"noopener nofollow\" class=\"external external_icon\">\u201eACH DU LIEBE ZEIT.<\/a> Rastlos<\/p>\n<p align=\"LEFT\">zwischen Lust und Last. Hintergr\u00fcnde \u2013 Ursachen \u2013 Auswege\u201c,\u00a0Verlag Dr. Kovac,<\/p>\n<p align=\"LEFT\">Hamburg 2014.<\/p>\n<p align=\"LEFT\"><strong>Weitere Publikation<\/strong>: &#8222;ZEIT &#8211; MACHT &#8211; OHNMACHT&#8220;,\u00a0Verlag Dr. Kovac, Hamburg 2012.<\/p>\n<p align=\"LEFT\">Infos abrufbar unter gleichem Link wie &#8222;Ach du liebe Zeit&#8220;.<\/p>\n<div class=\"shariff shariff-align-left shariff-widget-align-left\"><ul class=\"shariff-buttons theme-round orientation-horizontal buttonsize-medium\"><li class=\"shariff-button facebook shariff-nocustomcolor\" style=\"background-color:#4273c8\"><a href=\"https:\/\/www.facebook.com\/sharer\/sharer.php?u=https%3A%2F%2Fwww.weiterbildungsmarkt.net%2Fnews%2Fdie-zeit-kostbarste-ressource-des-menschen-warum-laeuft-sie-uns-davon-2279%2F\" title=\"Bei Facebook teilen\" aria-label=\"Bei Facebook teilen\" role=\"button\" rel=\"nofollow\" class=\"shariff-link external external_icon\" style=\"; background-color:#3b5998; color:#fff\" target=\"_blank\"><span class=\"shariff-icon\" style=\"\"><svg width=\"32px\" height=\"20px\" xmlns=\"http:\/\/www.w3.org\/2000\/svg\" viewBox=\"0 0 18 32\"><path fill=\"#3b5998\" d=\"M17.1 0.2v4.7h-2.8q-1.5 0-2.1 0.6t-0.5 1.9v3.4h5.2l-0.7 5.3h-4.5v13.6h-5.5v-13.6h-4.5v-5.3h4.5v-3.9q0-3.3 1.9-5.2t5-1.8q2.6 0 4.1 0.2z\"\/><\/svg><\/span><\/a><\/li><li class=\"shariff-button twitter shariff-nocustomcolor\" style=\"background-color:#595959\"><a href=\"https:\/\/twitter.com\/share?url=https%3A%2F%2Fwww.weiterbildungsmarkt.net%2Fnews%2Fdie-zeit-kostbarste-ressource-des-menschen-warum-laeuft-sie-uns-davon-2279%2F&text=Die%20Zeit%20%E2%80%93%20kostbarste%20Ressource%20des%20Menschen.%20Warum%20l%C3%A4uft%20sie%20uns%20davon%3F\" title=\"Bei X teilen\" aria-label=\"Bei X teilen\" role=\"button\" rel=\"noopener nofollow\" class=\"shariff-link\" style=\"; background-color:#000; color:#fff\" target=\"_blank\"><span class=\"shariff-icon\" style=\"\"><svg width=\"32px\" height=\"20px\" xmlns=\"http:\/\/www.w3.org\/2000\/svg\" viewBox=\"0 0 24 24\"><path fill=\"#000\" d=\"M14.258 10.152L23.176 0h-2.113l-7.747 8.813L7.133 0H0l9.352 13.328L0 23.973h2.113l8.176-9.309 6.531 9.309h7.133zm-2.895 3.293l-.949-1.328L2.875 1.56h3.246l6.086 8.523.945 1.328 7.91 11.078h-3.246zm0 0\"\/><\/svg><\/span><\/a><\/li><li class=\"shariff-button xing shariff-nocustomcolor\" style=\"background-color:#29888a\"><a href=\"https:\/\/www.xing.com\/spi\/shares\/new?url=https%3A%2F%2Fwww.weiterbildungsmarkt.net%2Fnews%2Fdie-zeit-kostbarste-ressource-des-menschen-warum-laeuft-sie-uns-davon-2279%2F\" title=\"Bei XING teilen\" aria-label=\"Bei XING teilen\" role=\"button\" rel=\"noopener nofollow\" class=\"shariff-link external external_icon\" style=\"; background-color:#126567; color:#fff\" target=\"_blank\"><span class=\"shariff-icon\" style=\"\"><svg width=\"32px\" height=\"20px\" xmlns=\"http:\/\/www.w3.org\/2000\/svg\" viewBox=\"0 0 25 32\"><path fill=\"#126567\" d=\"M10.7 11.9q-0.2 0.3-4.6 8.2-0.5 0.8-1.2 0.8h-4.3q-0.4 0-0.5-0.3t0-0.6l4.5-8q0 0 0 0l-2.9-5q-0.2-0.4 0-0.7 0.2-0.3 0.5-0.3h4.3q0.7 0 1.2 0.8zM25.1 0.4q0.2 0.3 0 0.7l-9.4 16.7 6 11q0.2 0.4 0 0.6-0.2 0.3-0.6 0.3h-4.3q-0.7 0-1.2-0.8l-6-11.1q0.3-0.6 9.5-16.8 0.4-0.8 1.2-0.8h4.3q0.4 0 0.5 0.3z\"\/><\/svg><\/span><\/a><\/li><li class=\"shariff-button linkedin shariff-nocustomcolor\" style=\"background-color:#1488bf\"><a href=\"https:\/\/www.linkedin.com\/sharing\/share-offsite\/?url=https%3A%2F%2Fwww.weiterbildungsmarkt.net%2Fnews%2Fdie-zeit-kostbarste-ressource-des-menschen-warum-laeuft-sie-uns-davon-2279%2F\" title=\"Bei LinkedIn teilen\" aria-label=\"Bei LinkedIn teilen\" role=\"button\" rel=\"noopener nofollow\" class=\"shariff-link external external_icon\" style=\"; background-color:#0077b5; color:#fff\" target=\"_blank\"><span class=\"shariff-icon\" style=\"\"><svg width=\"32px\" height=\"20px\" xmlns=\"http:\/\/www.w3.org\/2000\/svg\" viewBox=\"0 0 27 32\"><path fill=\"#0077b5\" d=\"M6.2 11.2v17.7h-5.9v-17.7h5.9zM6.6 5.7q0 1.3-0.9 2.2t-2.4 0.9h0q-1.5 0-2.4-0.9t-0.9-2.2 0.9-2.2 2.4-0.9 2.4 0.9 0.9 2.2zM27.4 18.7v10.1h-5.9v-9.5q0-1.9-0.7-2.9t-2.3-1.1q-1.1 0-1.9 0.6t-1.2 1.5q-0.2 0.5-0.2 1.4v9.9h-5.9q0-7.1 0-11.6t0-5.3l0-0.9h5.9v2.6h0q0.4-0.6 0.7-1t1-0.9 1.6-0.8 2-0.3q3 0 4.9 2t1.9 6z\"\/><\/svg><\/span><\/a><\/li><li class=\"shariff-button whatsapp shariff-nocustomcolor\" style=\"background-color:#5cbe4a\"><a href=\"https:\/\/api.whatsapp.com\/send?text=https%3A%2F%2Fwww.weiterbildungsmarkt.net%2Fnews%2Fdie-zeit-kostbarste-ressource-des-menschen-warum-laeuft-sie-uns-davon-2279%2F%20Die%20Zeit%20%E2%80%93%20kostbarste%20Ressource%20des%20Menschen.%20Warum%20l%C3%A4uft%20sie%20uns%20davon%3F\" title=\"Bei Whatsapp teilen\" aria-label=\"Bei Whatsapp teilen\" role=\"button\" rel=\"noopener nofollow\" class=\"shariff-link external external_icon\" style=\"; background-color:#34af23; color:#fff\" target=\"_blank\"><span class=\"shariff-icon\" style=\"\"><svg width=\"32px\" height=\"20px\" xmlns=\"http:\/\/www.w3.org\/2000\/svg\" viewBox=\"0 0 32 32\"><path fill=\"#34af23\" d=\"M17.6 17.4q0.2 0 1.7 0.8t1.6 0.9q0 0.1 0 0.3 0 0.6-0.3 1.4-0.3 0.7-1.3 1.2t-1.8 0.5q-1 0-3.4-1.1-1.7-0.8-3-2.1t-2.6-3.3q-1.3-1.9-1.3-3.5v-0.1q0.1-1.6 1.3-2.8 0.4-0.4 0.9-0.4 0.1 0 0.3 0t0.3 0q0.3 0 0.5 0.1t0.3 0.5q0.1 0.4 0.6 1.6t0.4 1.3q0 0.4-0.6 1t-0.6 0.8q0 0.1 0.1 0.3 0.6 1.3 1.8 2.4 1 0.9 2.7 1.8 0.2 0.1 0.4 0.1 0.3 0 1-0.9t0.9-0.9zM14 26.9q2.3 0 4.3-0.9t3.6-2.4 2.4-3.6 0.9-4.3-0.9-4.3-2.4-3.6-3.6-2.4-4.3-0.9-4.3 0.9-3.6 2.4-2.4 3.6-0.9 4.3q0 3.6 2.1 6.6l-1.4 4.2 4.3-1.4q2.8 1.9 6.2 1.9zM14 2.2q2.7 0 5.2 1.1t4.3 2.9 2.9 4.3 1.1 5.2-1.1 5.2-2.9 4.3-4.3 2.9-5.2 1.1q-3.5 0-6.5-1.7l-7.4 2.4 2.4-7.2q-1.9-3.2-1.9-6.9 0-2.7 1.1-5.2t2.9-4.3 4.3-2.9 5.2-1.1z\"\/><\/svg><\/span><\/a><\/li><li class=\"shariff-button pinterest shariff-nocustomcolor\" style=\"background-color:#e70f18\"><a href=\"https:\/\/www.pinterest.com\/pin\/create\/link\/?url=https%3A%2F%2Fwww.weiterbildungsmarkt.net%2Fnews%2Fdie-zeit-kostbarste-ressource-des-menschen-warum-laeuft-sie-uns-davon-2279%2F&media=https%3A%2F%2Fwww.weiterbildungsmarkt.net%2Fnews%2Fwp-content%2Fuploads%2F2015%2F02%2FPresseFoto_-FJSchweifer.jpg&description=Die%20Zeit%20%E2%80%93%20kostbarste%20Ressource%20des%20Menschen.%20Warum%20l%C3%A4uft%20sie%20uns%20davon%3F\" title=\"Bei Pinterest pinnen\" aria-label=\"Bei Pinterest pinnen\" role=\"button\" rel=\"noopener nofollow\" class=\"shariff-link\" style=\"; background-color:#cb2027; color:#fff\" target=\"_blank\"><span class=\"shariff-icon\" style=\"\"><svg width=\"32px\" height=\"20px\" xmlns=\"http:\/\/www.w3.org\/2000\/svg\" viewBox=\"0 0 27 32\"><path fill=\"#cb2027\" d=\"M27.4 16q0 3.7-1.8 6.9t-5 5-6.9 1.9q-2 0-3.9-0.6 1.1-1.7 1.4-2.9 0.2-0.6 1-3.8 0.4 0.7 1.3 1.2t2 0.5q2.1 0 3.8-1.2t2.7-3.4 0.9-4.8q0-2-1.1-3.8t-3.1-2.9-4.5-1.2q-1.9 0-3.5 0.5t-2.8 1.4-2 2-1.2 2.3-0.4 2.4q0 1.9 0.7 3.3t2.1 2q0.5 0.2 0.7-0.4 0-0.1 0.1-0.5t0.2-0.5q0.1-0.4-0.2-0.8-0.9-1.1-0.9-2.7 0-2.7 1.9-4.6t4.9-2q2.7 0 4.2 1.5t1.5 3.8q0 3-1.2 5.2t-3.1 2.1q-1.1 0-1.7-0.8t-0.4-1.9q0.1-0.6 0.5-1.7t0.5-1.8 0.2-1.4q0-0.9-0.5-1.5t-1.4-0.6q-1.1 0-1.9 1t-0.8 2.6q0 1.3 0.4 2.2l-1.8 7.5q-0.3 1.2-0.2 3.2-3.7-1.6-6-5t-2.3-7.6q0-3.7 1.9-6.9t5-5 6.9-1.9 6.9 1.9 5 5 1.8 6.9z\"\/><\/svg><\/span><\/a><\/li><\/ul><\/div>","protected":false},"excerpt":{"rendered":"<p>\u201eFocus&#8220; &#8211; Themen f\u00fcrs Leben bei ORF Radio Vorarlberg. Mit Dr. Franz J. Schweifer, Zeitforscher, Temposoph, M\u00f6dling bei Wien. Download zum Nachh\u00f6ren. In der Sendung \u201eFocus &#8211; Themen f\u00fcrs Leben\u201c spricht Zeitforscher Dr. Franz J. Schweifer bei ORF Radio Vorarlberg \u00fcber das Thema: \u201eZeit &#8211; die kostbarste Ressource des Menschen: Warum l\u00e4uft uns die Zeit [&hellip;]<\/p>\n","protected":false},"author":121,"featured_media":2207,"comment_status":"closed","ping_status":"closed","sticky":false,"template":"","format":"video","meta":{"_acf_changed":false,"footnotes":""},"categories":[1,111,112],"tags":[392,393,43,304,102,391],"class_list":["post-2279","post","type-post","status-publish","format-video","has-post-thumbnail","hentry","category-weiterbildung","category-buchvorstellung","category-neuigkeiten","tag-lebensqualitaet","tag-philosophie","tag-selbstmanagement","tag-work-life-balance","tag-zeitmanagement","tag-zeitqualitaet","post_format-post-format-video"],"acf":[],"_links":{"self":[{"href":"https:\/\/www.weiterbildungsmarkt.net\/news\/wp-json\/wp\/v2\/posts\/2279","targetHints":{"allow":["GET"]}}],"collection":[{"href":"https:\/\/www.weiterbildungsmarkt.net\/news\/wp-json\/wp\/v2\/posts"}],"about":[{"href":"https:\/\/www.weiterbildungsmarkt.net\/news\/wp-json\/wp\/v2\/types\/post"}],"author":[{"embeddable":true,"href":"https:\/\/www.weiterbildungsmarkt.net\/news\/wp-json\/wp\/v2\/users\/121"}],"replies":[{"embeddable":true,"href":"https:\/\/www.weiterbildungsmarkt.net\/news\/wp-json\/wp\/v2\/comments?post=2279"}],"version-history":[{"count":5,"href":"https:\/\/www.weiterbildungsmarkt.net\/news\/wp-json\/wp\/v2\/posts\/2279\/revisions"}],"predecessor-version":[{"id":2284,"href":"https:\/\/www.weiterbildungsmarkt.net\/news\/wp-json\/wp\/v2\/posts\/2279\/revisions\/2284"}],"wp:featuredmedia":[{"embeddable":true,"href":"https:\/\/www.weiterbildungsmarkt.net\/news\/wp-json\/wp\/v2\/media\/2207"}],"wp:attachment":[{"href":"https:\/\/www.weiterbildungsmarkt.net\/news\/wp-json\/wp\/v2\/media?parent=2279"}],"wp:term":[{"taxonomy":"category","embeddable":true,"href":"https:\/\/www.weiterbildungsmarkt.net\/news\/wp-json\/wp\/v2\/categories?post=2279"},{"taxonomy":"post_tag","embeddable":true,"href":"https:\/\/www.weiterbildungsmarkt.net\/news\/wp-json\/wp\/v2\/tags?post=2279"}],"curies":[{"name":"wp","href":"https:\/\/api.w.org\/{rel}","templated":true}]}}