{"id":3220,"date":"2016-05-17T14:02:31","date_gmt":"2016-05-17T12:02:31","guid":{"rendered":"http:\/\/www.weiterbildungsmarkt.net\/news\/?p=3220"},"modified":"2016-05-17T14:04:23","modified_gmt":"2016-05-17T12:04:23","slug":"philosophisches-denken-in-der-praxis-die-nacht-der-philosophie","status":"publish","type":"post","link":"https:\/\/www.weiterbildungsmarkt.net\/news\/philosophisches-denken-in-der-praxis-die-nacht-der-philosophie-3220\/","title":{"rendered":"Philosophisches Denken in der Praxis \u2013 Die Nacht der Philosophie"},"content":{"rendered":"<p><em><strong>Philosophieren mit Konrad Paul Liessmann \u00fcber &#8222;Gott und Geld&#8220; im Caf\u00e9 Korb. <\/strong><\/em><\/p>\n<p><em><strong>Namhafte PhilosophInnen wie Konrad Paul Liessmann von der Universit\u00e4t Wien sprechen im Rahmen der &#8222;Nacht der Philosophie&#8220; in unterschiedlichen Locations in Wien. Das Publikum ist eingeladen, sich an den philosophischen Gespr\u00e4chen zu beteiligen.<\/strong><\/em><\/p>\n<p>Das Prinzip des Mitphilosophierens bei der von der Gesellschaft f\u00fcr Angewandte Philosophie (GAP) organisierten Nacht der Philosophie hat in den vergangenen Jahren schon eine gro\u00dfe Zahl an Interessierten angelockt. Das Programm am 25. Mai ist so vielf\u00e4ltig wie die Fragen des Lebens selbst. An \u00fcber 10 Locations sprechen renommierte PhilosophInnen zu alltagsrelevanten Themen. Gabriele Ruf Zoratti\u00a0philosophiert mit Kindern, Markus Riedenauer spricht zu &#8222;Selbstverwirklichung&#8220; und Robert Pfaller \u00fcber &#8222;Das gewisse Etwas und der Wechsel der Beleuchtung&#8220;.<\/p>\n<p><strong>\u00dcber Gott und das Geld<br \/><br \/>\n<\/strong>Konrad Paul Liessmann und Donata Romizi, der wissenschaftliche Leiter und die Koordinatorin des Universit\u00e4tslehrgangs &#8222;Philosophische Praxis&#8220; an der Universit\u00e4t Wien, werden zum Thema &#8222;Die Vertreibung der H\u00e4ndler aus dem Tempel. \u00dcber Gott und Geld&#8220; um 19 Uhr im Caf\u00e9 Korb mit dem Publikum sprechen. Philosophische Denkanst\u00f6\u00dfe kommen auch von Cornelia Br\u00fcll, Marina Marcovich und Benedikt Michal, die am ersten Durchgang der postgradualen Weiterbildung &#8222;Philosophische Praxis&#8220; teilgenommen haben.<\/p>\n<p><strong>Philosophische PraktikerInnen<br \/><br \/>\n<\/strong>Dem Praxisbezug der &#8222;akademischen&#8220; Philosophie stellt sich der Universit\u00e4tslehrgang &#8222;Philosophische Praxis&#8220;, der vom Postgraduate Center der Universit\u00e4t Wien angeboten wird. Er hat sich als erstes universit\u00e4res und postgraduales Weiterbildungsprogramm f\u00fcr diese Disziplin im deutschsprachigen Raum positioniert. Ziel ist es, unter der Leitung von erfahrenen philosophischen PraktikerInnen Ans\u00e4tze und Methoden der Philosophischen Praxis zu erfahren und praxisnah zu \u00fcben.<\/p>\n<p><strong>&#8222;Die Nacht der Philosophie&#8220;<br \/><br \/>\nZeit:<\/strong> Mittwoch, 25. Mai 2016, ab 18 Uhr<br \/><br \/>\n<strong>Ort:<\/strong> Verschiedene Wiener Kaffeeh\u00e4user<\/p>\n<p><strong>Weitere Informationen zur Nacht der Philosophie:<\/strong> <a href=\"http:\/\/www.gap.or.at\" target=\"_blank\" rel=\"noopener nofollow\" class=\"external external_icon\">http:\/\/www.gap.or.at<\/a><\/p>\n<p><strong>Vortrag Konrad Paul Liessmann: &#8222;Die Vertreibung der H\u00e4ndler aus dem Tempel. \u00dcber Gott und Geld&#8220;<br \/><br \/>\nZeit:<\/strong> Mittwoch, 25. Mai 2016, 19 Uhr<br \/><br \/>\n<strong>Ort:<\/strong> Caf\u00e9 Korb, 1010 Wien, Brandst\u00e4tte 9<\/p>\n<p><strong>Weitere Informationen zum Universit\u00e4tslehrgang:<\/strong> <a href=\"http:\/\/www.postgraduatecenter.at\/philopraxis\" target=\"_blank\" rel=\"noopener nofollow\" class=\"external external_icon\">www.postgraduatecenter.at\/philopraxis<\/a><\/p>\n<p><strong>Wissenschaftlicher Kontakt:<br \/><br \/>\n<\/strong>Dr. Donata Romizi<br \/><br \/>\nWissenschaftliche Koordination<br \/><br \/>\nUniversit\u00e4tslehrgang &#8222;Philosophische Praxis&#8220;<br \/><br \/>\nPostgraduate Center, Universit\u00e4t Wien<br \/><br \/>\nT +43-1-4277-10834<br \/><br \/>\nphilosophische.praxis(et)univie.ac.at<\/p>\n<div class=\"shariff shariff-align-left shariff-widget-align-left\"><ul class=\"shariff-buttons theme-round orientation-horizontal buttonsize-medium\"><li class=\"shariff-button facebook shariff-nocustomcolor\" style=\"background-color:#4273c8\"><a href=\"https:\/\/www.facebook.com\/sharer\/sharer.php?u=https%3A%2F%2Fwww.weiterbildungsmarkt.net%2Fnews%2Fphilosophisches-denken-in-der-praxis-die-nacht-der-philosophie-3220%2F\" title=\"Bei Facebook teilen\" aria-label=\"Bei Facebook teilen\" role=\"button\" rel=\"nofollow\" class=\"shariff-link external external_icon\" style=\"; background-color:#3b5998; color:#fff\" target=\"_blank\"><span class=\"shariff-icon\" style=\"\"><svg width=\"32px\" height=\"20px\" xmlns=\"http:\/\/www.w3.org\/2000\/svg\" viewBox=\"0 0 18 32\"><path fill=\"#3b5998\" d=\"M17.1 0.2v4.7h-2.8q-1.5 0-2.1 0.6t-0.5 1.9v3.4h5.2l-0.7 5.3h-4.5v13.6h-5.5v-13.6h-4.5v-5.3h4.5v-3.9q0-3.3 1.9-5.2t5-1.8q2.6 0 4.1 0.2z\"\/><\/svg><\/span><\/a><\/li><li class=\"shariff-button twitter shariff-nocustomcolor\" style=\"background-color:#595959\"><a href=\"https:\/\/twitter.com\/share?url=https%3A%2F%2Fwww.weiterbildungsmarkt.net%2Fnews%2Fphilosophisches-denken-in-der-praxis-die-nacht-der-philosophie-3220%2F&text=Philosophisches%20Denken%20in%20der%20Praxis%20%E2%80%93%20Die%20Nacht%20der%20Philosophie\" title=\"Bei X teilen\" aria-label=\"Bei X teilen\" role=\"button\" rel=\"noopener nofollow\" class=\"shariff-link\" style=\"; background-color:#000; color:#fff\" target=\"_blank\"><span class=\"shariff-icon\" style=\"\"><svg width=\"32px\" height=\"20px\" xmlns=\"http:\/\/www.w3.org\/2000\/svg\" viewBox=\"0 0 24 24\"><path fill=\"#000\" d=\"M14.258 10.152L23.176 0h-2.113l-7.747 8.813L7.133 0H0l9.352 13.328L0 23.973h2.113l8.176-9.309 6.531 9.309h7.133zm-2.895 3.293l-.949-1.328L2.875 1.56h3.246l6.086 8.523.945 1.328 7.91 11.078h-3.246zm0 0\"\/><\/svg><\/span><\/a><\/li><li class=\"shariff-button xing shariff-nocustomcolor\" style=\"background-color:#29888a\"><a href=\"https:\/\/www.xing.com\/spi\/shares\/new?url=https%3A%2F%2Fwww.weiterbildungsmarkt.net%2Fnews%2Fphilosophisches-denken-in-der-praxis-die-nacht-der-philosophie-3220%2F\" title=\"Bei XING teilen\" aria-label=\"Bei XING teilen\" role=\"button\" rel=\"noopener nofollow\" class=\"shariff-link external external_icon\" style=\"; background-color:#126567; color:#fff\" target=\"_blank\"><span class=\"shariff-icon\" style=\"\"><svg width=\"32px\" height=\"20px\" xmlns=\"http:\/\/www.w3.org\/2000\/svg\" viewBox=\"0 0 25 32\"><path fill=\"#126567\" d=\"M10.7 11.9q-0.2 0.3-4.6 8.2-0.5 0.8-1.2 0.8h-4.3q-0.4 0-0.5-0.3t0-0.6l4.5-8q0 0 0 0l-2.9-5q-0.2-0.4 0-0.7 0.2-0.3 0.5-0.3h4.3q0.7 0 1.2 0.8zM25.1 0.4q0.2 0.3 0 0.7l-9.4 16.7 6 11q0.2 0.4 0 0.6-0.2 0.3-0.6 0.3h-4.3q-0.7 0-1.2-0.8l-6-11.1q0.3-0.6 9.5-16.8 0.4-0.8 1.2-0.8h4.3q0.4 0 0.5 0.3z\"\/><\/svg><\/span><\/a><\/li><li class=\"shariff-button linkedin shariff-nocustomcolor\" style=\"background-color:#1488bf\"><a href=\"https:\/\/www.linkedin.com\/sharing\/share-offsite\/?url=https%3A%2F%2Fwww.weiterbildungsmarkt.net%2Fnews%2Fphilosophisches-denken-in-der-praxis-die-nacht-der-philosophie-3220%2F\" title=\"Bei LinkedIn teilen\" aria-label=\"Bei LinkedIn teilen\" role=\"button\" rel=\"noopener nofollow\" class=\"shariff-link external external_icon\" style=\"; background-color:#0077b5; color:#fff\" target=\"_blank\"><span class=\"shariff-icon\" style=\"\"><svg width=\"32px\" height=\"20px\" xmlns=\"http:\/\/www.w3.org\/2000\/svg\" viewBox=\"0 0 27 32\"><path fill=\"#0077b5\" d=\"M6.2 11.2v17.7h-5.9v-17.7h5.9zM6.6 5.7q0 1.3-0.9 2.2t-2.4 0.9h0q-1.5 0-2.4-0.9t-0.9-2.2 0.9-2.2 2.4-0.9 2.4 0.9 0.9 2.2zM27.4 18.7v10.1h-5.9v-9.5q0-1.9-0.7-2.9t-2.3-1.1q-1.1 0-1.9 0.6t-1.2 1.5q-0.2 0.5-0.2 1.4v9.9h-5.9q0-7.1 0-11.6t0-5.3l0-0.9h5.9v2.6h0q0.4-0.6 0.7-1t1-0.9 1.6-0.8 2-0.3q3 0 4.9 2t1.9 6z\"\/><\/svg><\/span><\/a><\/li><li class=\"shariff-button whatsapp shariff-nocustomcolor\" style=\"background-color:#5cbe4a\"><a href=\"https:\/\/api.whatsapp.com\/send?text=https%3A%2F%2Fwww.weiterbildungsmarkt.net%2Fnews%2Fphilosophisches-denken-in-der-praxis-die-nacht-der-philosophie-3220%2F%20Philosophisches%20Denken%20in%20der%20Praxis%20%E2%80%93%20Die%20Nacht%20der%20Philosophie\" title=\"Bei Whatsapp teilen\" aria-label=\"Bei Whatsapp teilen\" role=\"button\" rel=\"noopener nofollow\" class=\"shariff-link external external_icon\" style=\"; background-color:#34af23; color:#fff\" target=\"_blank\"><span class=\"shariff-icon\" style=\"\"><svg width=\"32px\" height=\"20px\" xmlns=\"http:\/\/www.w3.org\/2000\/svg\" viewBox=\"0 0 32 32\"><path fill=\"#34af23\" d=\"M17.6 17.4q0.2 0 1.7 0.8t1.6 0.9q0 0.1 0 0.3 0 0.6-0.3 1.4-0.3 0.7-1.3 1.2t-1.8 0.5q-1 0-3.4-1.1-1.7-0.8-3-2.1t-2.6-3.3q-1.3-1.9-1.3-3.5v-0.1q0.1-1.6 1.3-2.8 0.4-0.4 0.9-0.4 0.1 0 0.3 0t0.3 0q0.3 0 0.5 0.1t0.3 0.5q0.1 0.4 0.6 1.6t0.4 1.3q0 0.4-0.6 1t-0.6 0.8q0 0.1 0.1 0.3 0.6 1.3 1.8 2.4 1 0.9 2.7 1.8 0.2 0.1 0.4 0.1 0.3 0 1-0.9t0.9-0.9zM14 26.9q2.3 0 4.3-0.9t3.6-2.4 2.4-3.6 0.9-4.3-0.9-4.3-2.4-3.6-3.6-2.4-4.3-0.9-4.3 0.9-3.6 2.4-2.4 3.6-0.9 4.3q0 3.6 2.1 6.6l-1.4 4.2 4.3-1.4q2.8 1.9 6.2 1.9zM14 2.2q2.7 0 5.2 1.1t4.3 2.9 2.9 4.3 1.1 5.2-1.1 5.2-2.9 4.3-4.3 2.9-5.2 1.1q-3.5 0-6.5-1.7l-7.4 2.4 2.4-7.2q-1.9-3.2-1.9-6.9 0-2.7 1.1-5.2t2.9-4.3 4.3-2.9 5.2-1.1z\"\/><\/svg><\/span><\/a><\/li><li class=\"shariff-button pinterest shariff-nocustomcolor\" style=\"background-color:#e70f18\"><a href=\"https:\/\/www.pinterest.com\/pin\/create\/link\/?url=https%3A%2F%2Fwww.weiterbildungsmarkt.net%2Fnews%2Fphilosophisches-denken-in-der-praxis-die-nacht-der-philosophie-3220%2F&media=https%3A%2F%2Fwww.weiterbildungsmarkt.net%2Fnews%2Fwp-content%2Fuploads%2F2014%2F06%2FLogo-Postgraduate-Center.jpg&description=Philosophisches%20Denken%20in%20der%20Praxis%20%E2%80%93%20Die%20Nacht%20der%20Philosophie\" title=\"Bei Pinterest pinnen\" aria-label=\"Bei Pinterest pinnen\" role=\"button\" rel=\"noopener nofollow\" class=\"shariff-link\" style=\"; background-color:#cb2027; color:#fff\" target=\"_blank\"><span class=\"shariff-icon\" style=\"\"><svg width=\"32px\" height=\"20px\" xmlns=\"http:\/\/www.w3.org\/2000\/svg\" viewBox=\"0 0 27 32\"><path fill=\"#cb2027\" d=\"M27.4 16q0 3.7-1.8 6.9t-5 5-6.9 1.9q-2 0-3.9-0.6 1.1-1.7 1.4-2.9 0.2-0.6 1-3.8 0.4 0.7 1.3 1.2t2 0.5q2.1 0 3.8-1.2t2.7-3.4 0.9-4.8q0-2-1.1-3.8t-3.1-2.9-4.5-1.2q-1.9 0-3.5 0.5t-2.8 1.4-2 2-1.2 2.3-0.4 2.4q0 1.9 0.7 3.3t2.1 2q0.5 0.2 0.7-0.4 0-0.1 0.1-0.5t0.2-0.5q0.1-0.4-0.2-0.8-0.9-1.1-0.9-2.7 0-2.7 1.9-4.6t4.9-2q2.7 0 4.2 1.5t1.5 3.8q0 3-1.2 5.2t-3.1 2.1q-1.1 0-1.7-0.8t-0.4-1.9q0.1-0.6 0.5-1.7t0.5-1.8 0.2-1.4q0-0.9-0.5-1.5t-1.4-0.6q-1.1 0-1.9 1t-0.8 2.6q0 1.3 0.4 2.2l-1.8 7.5q-0.3 1.2-0.2 3.2-3.7-1.6-6-5t-2.3-7.6q0-3.7 1.9-6.9t5-5 6.9-1.9 6.9 1.9 5 5 1.8 6.9z\"\/><\/svg><\/span><\/a><\/li><\/ul><\/div>","protected":false},"excerpt":{"rendered":"<p>Philosophieren mit Konrad Paul Liessmann \u00fcber &#8222;Gott und Geld&#8220; im Caf\u00e9 Korb. Namhafte PhilosophInnen wie Konrad Paul Liessmann von der Universit\u00e4t Wien sprechen im Rahmen der &#8222;Nacht der Philosophie&#8220; in unterschiedlichen Locations in Wien. Das Publikum ist eingeladen, sich an den philosophischen Gespr\u00e4chen zu beteiligen. Das Prinzip des Mitphilosophierens bei der von der Gesellschaft f\u00fcr [&hellip;]<\/p>\n","protected":false},"author":25,"featured_media":1841,"comment_status":"closed","ping_status":"closed","sticky":false,"template":"","format":"standard","meta":{"_acf_changed":false,"footnotes":""},"categories":[1],"tags":[],"class_list":["post-3220","post","type-post","status-publish","format-standard","has-post-thumbnail","hentry","category-weiterbildung"],"acf":[],"_links":{"self":[{"href":"https:\/\/www.weiterbildungsmarkt.net\/news\/wp-json\/wp\/v2\/posts\/3220","targetHints":{"allow":["GET"]}}],"collection":[{"href":"https:\/\/www.weiterbildungsmarkt.net\/news\/wp-json\/wp\/v2\/posts"}],"about":[{"href":"https:\/\/www.weiterbildungsmarkt.net\/news\/wp-json\/wp\/v2\/types\/post"}],"author":[{"embeddable":true,"href":"https:\/\/www.weiterbildungsmarkt.net\/news\/wp-json\/wp\/v2\/users\/25"}],"replies":[{"embeddable":true,"href":"https:\/\/www.weiterbildungsmarkt.net\/news\/wp-json\/wp\/v2\/comments?post=3220"}],"version-history":[{"count":5,"href":"https:\/\/www.weiterbildungsmarkt.net\/news\/wp-json\/wp\/v2\/posts\/3220\/revisions"}],"predecessor-version":[{"id":3225,"href":"https:\/\/www.weiterbildungsmarkt.net\/news\/wp-json\/wp\/v2\/posts\/3220\/revisions\/3225"}],"wp:featuredmedia":[{"embeddable":true,"href":"https:\/\/www.weiterbildungsmarkt.net\/news\/wp-json\/wp\/v2\/media\/1841"}],"wp:attachment":[{"href":"https:\/\/www.weiterbildungsmarkt.net\/news\/wp-json\/wp\/v2\/media?parent=3220"}],"wp:term":[{"taxonomy":"category","embeddable":true,"href":"https:\/\/www.weiterbildungsmarkt.net\/news\/wp-json\/wp\/v2\/categories?post=3220"},{"taxonomy":"post_tag","embeddable":true,"href":"https:\/\/www.weiterbildungsmarkt.net\/news\/wp-json\/wp\/v2\/tags?post=3220"}],"curies":[{"name":"wp","href":"https:\/\/api.w.org\/{rel}","templated":true}]}}