{"id":3690,"date":"2016-10-17T06:30:48","date_gmt":"2016-10-17T04:30:48","guid":{"rendered":"http:\/\/www.weiterbildungsmarkt.net\/news\/?p=3690"},"modified":"2026-02-16T19:27:31","modified_gmt":"2026-02-16T18:27:31","slug":"schulen-und-lehrbetriebe-bilden-digitale-kompetenzen-zu-wenig-aus","status":"publish","type":"post","link":"https:\/\/www.weiterbildungsmarkt.net\/news\/schulen-und-lehrbetriebe-bilden-digitale-kompetenzen-zu-wenig-aus-3690\/","title":{"rendered":"Schulen und Lehrbetriebe bilden digitale Kompetenzen zu wenig aus"},"content":{"rendered":"<p style=\"text-align: justify;\"><strong>AK Studie: \u201eDigital Divide\u201c unter Wiener Jugendlichen<\/strong><\/p>\n<p style=\"text-align: justify;\"><strong>Schulen und Lehrbetriebe bilden digitale Kompetenzen zu wenig aus \u2013 Spaltung der Jugendlichen in Digital Natives und Digital Naives<\/strong><\/p>\n<p style=\"text-align: justify;\">Die Welt scheint \u201edurchdigitalisiert\u201c, aber die Ausbildung ist es nicht: Nur die H\u00e4lfte der Wiener Lehrlinge arbeitet in den Ausbildungsbetrieben mit Computer und Internet. In Schultypen, die nicht mit Matura abschlie\u00dfen, arbeiten nur 60 Prozent mit digitalen Hilfsmitteln, in maturaf\u00fchrenden Schulen sind es immerhin 80 Prozent. W\u00e4hrend sich alle Jugendlichen souver\u00e4n im Netz bewegen k\u00f6nnen, fehlen gerade jenen mit geringer formaler Bildung wichtige Kompetenzen, um Technologien gezielt zum Erreichen eigener Ziele in Schule und Arbeit einzusetzen. Das ergibt eine aktuelle Studie des Instituts f\u00fcr Jugendkulturforschung im Auftrag der Arbeiterkammer.<\/p>\n<p style=\"text-align: justify;\">Befragt wurden 500 Wiener Jugendliche zwischen 15 und 19 Jahren. 96 Prozent von ihnen besitzen ein Smartphone, zwei Drittel auch einen eigenen Laptop. Dagegen wird die IT-Ausstattung der Schulen von den Jugendlichen als altmodisch kritisiert, ebenso trauen die Jugendlichen ihren Eltern wenig digitale Kompetenz zu. M\u00e4dchen wie Burschen sehen sich im Bereich Technik selbstbewusst als \u201eMeinungsf\u00fchrerInnen\u201c im Haushalt und in der Schule.<\/p>\n<p style=\"text-align: justify;\">F\u00fcr die Jugendlichen sind die wichtigsten Quellen zur Wissensbeschaffung wenig \u00fcberraschend Google und Wikipedia, doch auch YouTube wird als Informationskanal immer wichtiger. Nat\u00fcrlich hat sich auch das althergebrachte Schummeln weiterentwickelt: Dass Haus\u00fcbungen in Chat-Gruppen geteilt werden, ist f\u00fcr ein Drittel der Befragten g\u00e4ngige Praxis. 29 Prozent der Befragten nutzen das Smartphone als digitalen Schummelzettel bei Tests, wobei Kontrollversuche von LehrerInnen meist ins Leere gehen. Ein Teilnehmer schildert zum Beispiel: \u201eIch investiere meine Zeit eher, um einen Text zu suchen, der sich nach mir anh\u00f6rt und ver\u00e4ndere den Inhalt nach mir, als dass ich selbst das Referat ausarbeite.\u201c<\/p>\n<p style=\"text-align: justify;\"><strong>Allerdings gibt es gro\u00dfe Unterschiede zwischen den Schultypen:<\/strong><\/p>\n<p style=\"text-align: justify;\">W\u00e4hrend in maturaf\u00fchrenden Schulen 40 Prozent der Jugendlichen Internetrecherchen f\u00fcr ihre Haus\u00fcbungen nutzen, sind es in nicht maturaf\u00fchrenden Schulen nur 15 Prozent.<\/p>\n<p style=\"text-align: justify;\">Ein \u201eDigital Divide\u201c verl\u00e4uft demnach nicht nur zwischen den Generationen, er tut sich auch unter den Jungen auf \u2013 und verl\u00e4uft hier vor allem entlang der Grenzen sozialer Ungleichheit. Jugendlichen mit niedriger formaler Bildung werden nicht genug digitale Kompetenzen vermittelt, um etwa digitale Medien zur Erreichung pers\u00f6nlicher Ziele zu verwenden, auf sozialen Netzwerken ihren eigenen Standpunkt zu artikulieren oder digitale Medien f\u00fcr die Schule zu benutzen.<\/p>\n<p style=\"text-align: justify;\">F\u00fcr eine hochwertige und breite digitale Bildung f\u00fcr alle stehen f\u00fcr die AK dringend notwendige Ma\u00dfnahmen im Bildungsbereich aus. Dazu geh\u00f6ren:<\/p>\n<p style=\"text-align: justify;\">+ Digitales Kompetenzmodell fl\u00e4chendeckend umsetzen: Kein Kind soll die Pflichtschule ohne digitale Grundkompetenzen verlassen (www.digikomp.at)<\/p>\n<p style=\"text-align: justify;\">+ Ausdehnung der Berufsschulzeit und damit mehr Zeit f\u00fcr das Entwickeln berufsspezifischer digitaler Kompetenzen. Daf\u00fcr m\u00fcssen auch die Ausbildungspl\u00e4ne in der dualen Ausbildung und die Lehrpl\u00e4ne der Berufsschulen \u00fcberarbeitet werden.<\/p>\n<p style=\"text-align: justify;\">+ Leistungsf\u00e4hige IT-Infrastruktur f\u00fcr die Schulen: Daf\u00fcr k\u00f6nnten Teile der Mittel der Bildungsstiftungen aus den Bankenabgaben zur Verf\u00fcgung gestellt werden.<\/p>\n<p style=\"text-align: justify;\">+ Gezielte Weiterbildung f\u00fcr Lehrkr\u00e4fte zu Inhalten, Methoden und M\u00f6glichkeiten des digitalen Lernens<\/p>\n<p style=\"text-align: justify;\">HINWEIS: AK Veranstaltung \u201eMind the Gap! Bildung f\u00fcr eine digitalisierte Lebenswelt\u201c. Studienpr\u00e4sentation und Diskussion unter anderem mit Studienautor Philipp Ikrath. Montag, 10. Oktober, 18:00, Bildungszentrum der AK Wien, 1040, Theresianumgasse 16-18. Programm unter: https:\/\/wien.arbeiterkammer.at\/dialogarbeitdigital<\/p>\n<p style=\"text-align: justify;\">R\u00fcckfragen &amp; Kontakt:<\/p>\n<p style=\"text-align: justify;\">Arbeiterkammer Wien<br \/><br \/>\nHannah Krumschnabel<br \/><br \/>\n(+43-1) 501 65-2699<br \/><br \/>\nhannah.krumschnabel@akwien.at<br \/><br \/>\nhttp:\/\/wien.arbeiterkammer.at<\/p>\n<p style=\"text-align: justify;\">Quelle: APA Ots<\/p>\n<div class=\"shariff shariff-align-flex-start shariff-widget-align-flex-start\"><ul class=\"shariff-buttons theme-round orientation-horizontal buttonsize-medium\"><li class=\"shariff-button facebook shariff-nocustomcolor\" style=\"background-color:#4273c8\"><a href=\"https:\/\/www.facebook.com\/sharer\/sharer.php?u=https%3A%2F%2Fwww.weiterbildungsmarkt.net%2Fnews%2Fschulen-und-lehrbetriebe-bilden-digitale-kompetenzen-zu-wenig-aus-3690%2F\" title=\"Bei Facebook teilen\" aria-label=\"Bei Facebook teilen\" role=\"button\" rel=\"nofollow\" class=\"shariff-link external external_icon\" style=\"; background-color:#3b5998; color:#fff\" target=\"_blank\"><span class=\"shariff-icon\" style=\"\"><svg width=\"32px\" height=\"20px\" xmlns=\"http:\/\/www.w3.org\/2000\/svg\" viewBox=\"0 0 18 32\"><path fill=\"#3b5998\" d=\"M17.1 0.2v4.7h-2.8q-1.5 0-2.1 0.6t-0.5 1.9v3.4h5.2l-0.7 5.3h-4.5v13.6h-5.5v-13.6h-4.5v-5.3h4.5v-3.9q0-3.3 1.9-5.2t5-1.8q2.6 0 4.1 0.2z\"\/><\/svg><\/span><\/a><\/li><li class=\"shariff-button twitter shariff-nocustomcolor\" style=\"background-color:#595959\"><a href=\"https:\/\/twitter.com\/share?url=https%3A%2F%2Fwww.weiterbildungsmarkt.net%2Fnews%2Fschulen-und-lehrbetriebe-bilden-digitale-kompetenzen-zu-wenig-aus-3690%2F&text=Schulen%20und%20Lehrbetriebe%20bilden%20digitale%20Kompetenzen%20zu%20wenig%20aus\" title=\"Bei X teilen\" aria-label=\"Bei X teilen\" role=\"button\" rel=\"noopener nofollow\" class=\"shariff-link\" style=\"; background-color:#000; color:#fff\" target=\"_blank\"><span class=\"shariff-icon\" style=\"\"><svg width=\"32px\" height=\"20px\" xmlns=\"http:\/\/www.w3.org\/2000\/svg\" viewBox=\"0 0 24 24\"><path fill=\"#000\" d=\"M14.258 10.152L23.176 0h-2.113l-7.747 8.813L7.133 0H0l9.352 13.328L0 23.973h2.113l8.176-9.309 6.531 9.309h7.133zm-2.895 3.293l-.949-1.328L2.875 1.56h3.246l6.086 8.523.945 1.328 7.91 11.078h-3.246zm0 0\"\/><\/svg><\/span><\/a><\/li><li class=\"shariff-button xing shariff-nocustomcolor\" style=\"background-color:#29888a\"><a href=\"https:\/\/www.xing.com\/spi\/shares\/new?url=https%3A%2F%2Fwww.weiterbildungsmarkt.net%2Fnews%2Fschulen-und-lehrbetriebe-bilden-digitale-kompetenzen-zu-wenig-aus-3690%2F\" title=\"Bei XING teilen\" aria-label=\"Bei XING teilen\" role=\"button\" rel=\"noopener nofollow\" class=\"shariff-link external external_icon\" style=\"; background-color:#126567; color:#fff\" target=\"_blank\"><span class=\"shariff-icon\" style=\"\"><svg width=\"32px\" height=\"20px\" xmlns=\"http:\/\/www.w3.org\/2000\/svg\" viewBox=\"0 0 25 32\"><path fill=\"#126567\" d=\"M10.7 11.9q-0.2 0.3-4.6 8.2-0.5 0.8-1.2 0.8h-4.3q-0.4 0-0.5-0.3t0-0.6l4.5-8q0 0 0 0l-2.9-5q-0.2-0.4 0-0.7 0.2-0.3 0.5-0.3h4.3q0.7 0 1.2 0.8zM25.1 0.4q0.2 0.3 0 0.7l-9.4 16.7 6 11q0.2 0.4 0 0.6-0.2 0.3-0.6 0.3h-4.3q-0.7 0-1.2-0.8l-6-11.1q0.3-0.6 9.5-16.8 0.4-0.8 1.2-0.8h4.3q0.4 0 0.5 0.3z\"\/><\/svg><\/span><\/a><\/li><li class=\"shariff-button linkedin shariff-nocustomcolor\" style=\"background-color:#1488bf\"><a href=\"https:\/\/www.linkedin.com\/sharing\/share-offsite\/?url=https%3A%2F%2Fwww.weiterbildungsmarkt.net%2Fnews%2Fschulen-und-lehrbetriebe-bilden-digitale-kompetenzen-zu-wenig-aus-3690%2F\" title=\"Bei LinkedIn teilen\" aria-label=\"Bei LinkedIn teilen\" role=\"button\" rel=\"noopener nofollow\" class=\"shariff-link external external_icon\" style=\"; background-color:#0077b5; color:#fff\" target=\"_blank\"><span class=\"shariff-icon\" style=\"\"><svg width=\"32px\" height=\"20px\" xmlns=\"http:\/\/www.w3.org\/2000\/svg\" viewBox=\"0 0 27 32\"><path fill=\"#0077b5\" d=\"M6.2 11.2v17.7h-5.9v-17.7h5.9zM6.6 5.7q0 1.3-0.9 2.2t-2.4 0.9h0q-1.5 0-2.4-0.9t-0.9-2.2 0.9-2.2 2.4-0.9 2.4 0.9 0.9 2.2zM27.4 18.7v10.1h-5.9v-9.5q0-1.9-0.7-2.9t-2.3-1.1q-1.1 0-1.9 0.6t-1.2 1.5q-0.2 0.5-0.2 1.4v9.9h-5.9q0-7.1 0-11.6t0-5.3l0-0.9h5.9v2.6h0q0.4-0.6 0.7-1t1-0.9 1.6-0.8 2-0.3q3 0 4.9 2t1.9 6z\"\/><\/svg><\/span><\/a><\/li><li class=\"shariff-button whatsapp shariff-nocustomcolor\" style=\"background-color:#5cbe4a\"><a href=\"https:\/\/api.whatsapp.com\/send?text=https%3A%2F%2Fwww.weiterbildungsmarkt.net%2Fnews%2Fschulen-und-lehrbetriebe-bilden-digitale-kompetenzen-zu-wenig-aus-3690%2F%20Schulen%20und%20Lehrbetriebe%20bilden%20digitale%20Kompetenzen%20zu%20wenig%20aus\" title=\"Bei Whatsapp teilen\" aria-label=\"Bei Whatsapp teilen\" role=\"button\" rel=\"noopener nofollow\" class=\"shariff-link external external_icon\" style=\"; background-color:#34af23; color:#fff\" target=\"_blank\"><span class=\"shariff-icon\" style=\"\"><svg width=\"32px\" height=\"20px\" xmlns=\"http:\/\/www.w3.org\/2000\/svg\" viewBox=\"0 0 32 32\"><path fill=\"#34af23\" d=\"M17.6 17.4q0.2 0 1.7 0.8t1.6 0.9q0 0.1 0 0.3 0 0.6-0.3 1.4-0.3 0.7-1.3 1.2t-1.8 0.5q-1 0-3.4-1.1-1.7-0.8-3-2.1t-2.6-3.3q-1.3-1.9-1.3-3.5v-0.1q0.1-1.6 1.3-2.8 0.4-0.4 0.9-0.4 0.1 0 0.3 0t0.3 0q0.3 0 0.5 0.1t0.3 0.5q0.1 0.4 0.6 1.6t0.4 1.3q0 0.4-0.6 1t-0.6 0.8q0 0.1 0.1 0.3 0.6 1.3 1.8 2.4 1 0.9 2.7 1.8 0.2 0.1 0.4 0.1 0.3 0 1-0.9t0.9-0.9zM14 26.9q2.3 0 4.3-0.9t3.6-2.4 2.4-3.6 0.9-4.3-0.9-4.3-2.4-3.6-3.6-2.4-4.3-0.9-4.3 0.9-3.6 2.4-2.4 3.6-0.9 4.3q0 3.6 2.1 6.6l-1.4 4.2 4.3-1.4q2.8 1.9 6.2 1.9zM14 2.2q2.7 0 5.2 1.1t4.3 2.9 2.9 4.3 1.1 5.2-1.1 5.2-2.9 4.3-4.3 2.9-5.2 1.1q-3.5 0-6.5-1.7l-7.4 2.4 2.4-7.2q-1.9-3.2-1.9-6.9 0-2.7 1.1-5.2t2.9-4.3 4.3-2.9 5.2-1.1z\"\/><\/svg><\/span><\/a><\/li><li class=\"shariff-button pinterest shariff-nocustomcolor\" style=\"background-color:#e70f18\"><a href=\"https:\/\/www.pinterest.com\/pin\/create\/link\/?url=https%3A%2F%2Fwww.weiterbildungsmarkt.net%2Fnews%2Fschulen-und-lehrbetriebe-bilden-digitale-kompetenzen-zu-wenig-aus-3690%2F&media=https%3A%2F%2Fwww.weiterbildungsmarkt.net%2Fnews%2Fwp-content%2Fuploads%2F2016%2F09%2FTrendStudien3.png&description=Schulen%20und%20Lehrbetriebe%20bilden%20digitale%20Kompetenzen%20zu%20wenig%20aus\" title=\"Bei Pinterest pinnen\" aria-label=\"Bei Pinterest pinnen\" role=\"button\" rel=\"noopener nofollow\" class=\"shariff-link\" style=\"; background-color:#cb2027; color:#fff\" target=\"_blank\"><span class=\"shariff-icon\" style=\"\"><svg width=\"32px\" height=\"20px\" xmlns=\"http:\/\/www.w3.org\/2000\/svg\" viewBox=\"0 0 27 32\"><path fill=\"#cb2027\" d=\"M27.4 16q0 3.7-1.8 6.9t-5 5-6.9 1.9q-2 0-3.9-0.6 1.1-1.7 1.4-2.9 0.2-0.6 1-3.8 0.4 0.7 1.3 1.2t2 0.5q2.1 0 3.8-1.2t2.7-3.4 0.9-4.8q0-2-1.1-3.8t-3.1-2.9-4.5-1.2q-1.9 0-3.5 0.5t-2.8 1.4-2 2-1.2 2.3-0.4 2.4q0 1.9 0.7 3.3t2.1 2q0.5 0.2 0.7-0.4 0-0.1 0.1-0.5t0.2-0.5q0.1-0.4-0.2-0.8-0.9-1.1-0.9-2.7 0-2.7 1.9-4.6t4.9-2q2.7 0 4.2 1.5t1.5 3.8q0 3-1.2 5.2t-3.1 2.1q-1.1 0-1.7-0.8t-0.4-1.9q0.1-0.6 0.5-1.7t0.5-1.8 0.2-1.4q0-0.9-0.5-1.5t-1.4-0.6q-1.1 0-1.9 1t-0.8 2.6q0 1.3 0.4 2.2l-1.8 7.5q-0.3 1.2-0.2 3.2-3.7-1.6-6-5t-2.3-7.6q0-3.7 1.9-6.9t5-5 6.9-1.9 6.9 1.9 5 5 1.8 6.9z\"\/><\/svg><\/span><\/a><\/li><\/ul><\/div>","protected":false},"excerpt":{"rendered":"<p>AK Studie: \u201eDigital Divide\u201c unter Wiener Jugendlichen Schulen und Lehrbetriebe bilden digitale Kompetenzen zu wenig aus \u2013 Spaltung der Jugendlichen in Digital Natives und Digital Naives Die Welt scheint \u201edurchdigitalisiert\u201c, aber die Ausbildung ist es nicht: Nur die H\u00e4lfte der Wiener Lehrlinge arbeitet in den Ausbildungsbetrieben mit Computer und Internet. In Schultypen, die nicht mit [&hellip;]<\/p>\n","protected":false},"author":193,"featured_media":3636,"comment_status":"closed","ping_status":"closed","sticky":false,"template":"","format":"standard","meta":{"_acf_changed":false,"footnotes":""},"categories":[112,1],"tags":[],"class_list":["post-3690","post","type-post","status-publish","format-standard","has-post-thumbnail","hentry","category-neuigkeiten","category-weiterbildung"],"acf":[],"_links":{"self":[{"href":"https:\/\/www.weiterbildungsmarkt.net\/news\/wp-json\/wp\/v2\/posts\/3690","targetHints":{"allow":["GET"]}}],"collection":[{"href":"https:\/\/www.weiterbildungsmarkt.net\/news\/wp-json\/wp\/v2\/posts"}],"about":[{"href":"https:\/\/www.weiterbildungsmarkt.net\/news\/wp-json\/wp\/v2\/types\/post"}],"author":[{"embeddable":true,"href":"https:\/\/www.weiterbildungsmarkt.net\/news\/wp-json\/wp\/v2\/users\/193"}],"replies":[{"embeddable":true,"href":"https:\/\/www.weiterbildungsmarkt.net\/news\/wp-json\/wp\/v2\/comments?post=3690"}],"version-history":[{"count":4,"href":"https:\/\/www.weiterbildungsmarkt.net\/news\/wp-json\/wp\/v2\/posts\/3690\/revisions"}],"predecessor-version":[{"id":9965,"href":"https:\/\/www.weiterbildungsmarkt.net\/news\/wp-json\/wp\/v2\/posts\/3690\/revisions\/9965"}],"wp:featuredmedia":[{"embeddable":true,"href":"https:\/\/www.weiterbildungsmarkt.net\/news\/wp-json\/wp\/v2\/media\/3636"}],"wp:attachment":[{"href":"https:\/\/www.weiterbildungsmarkt.net\/news\/wp-json\/wp\/v2\/media?parent=3690"}],"wp:term":[{"taxonomy":"category","embeddable":true,"href":"https:\/\/www.weiterbildungsmarkt.net\/news\/wp-json\/wp\/v2\/categories?post=3690"},{"taxonomy":"post_tag","embeddable":true,"href":"https:\/\/www.weiterbildungsmarkt.net\/news\/wp-json\/wp\/v2\/tags?post=3690"}],"curies":[{"name":"wp","href":"https:\/\/api.w.org\/{rel}","templated":true}]}}