{"id":3979,"date":"2017-01-11T06:53:02","date_gmt":"2017-01-11T04:53:02","guid":{"rendered":"http:\/\/www.weiterbildungsmarkt.net\/news\/?p=3979"},"modified":"2026-01-08T10:41:33","modified_gmt":"2026-01-08T09:41:33","slug":"berufe-mit-der-hoechsten-und-niedrigsten-psychischen-belastung","status":"publish","type":"post","link":"https:\/\/www.weiterbildungsmarkt.net\/news\/berufe-mit-der-hoechsten-und-niedrigsten-psychischen-belastung-3979\/","title":{"rendered":"Berufe mit der h\u00f6chsten und niedrigsten psychischen Belastung"},"content":{"rendered":"<p style=\"text-align: justify;\"><strong>Was sind die Berufe ohne Zeitdruck?<\/strong><\/p>\n<p style=\"text-align: justify;\"><strong>Lehrer\/-innen, Regalbetreuer\/-innen, Textilarbeiter\/-innen und Sozialwissenschafter\/-innen sowie Bauarbeiter sind am st\u00e4rksten psychisch belastet. Zwei Drittel aller Besch\u00e4ftigten haben berufsbedingten Stress. Das sind die alarmierenden Ergebnisse einer aktuellen Auswertung des \u00d6sterreichischen Arbeitsgesundheitsmonitors der AK Ober\u00f6sterreich. Die Arbeiterkammer fordert daher, die Evaluierung der psychischen Belastungen am Arbeitsplatz und vor allem die Umsetzung der daraus folgenden Ma\u00dfnahmen ernst zu nehmen.<\/strong><\/p>\n<p style=\"text-align: justify;\">Der Arbeitsgesundheitsmonitor beschreibt die subjektive gesundheitliche Befindlichkeit der Arbeitnehmer\/-innen. In einer aktuellen Auswertung wurden die psychischen Belastungen und der arbeitsbedingte Stress der Besch\u00e4ftigten in \u00d6sterreich unter die Lupe genommen. Das Ergebnis: Fast 30 Prozent aller Besch\u00e4ftigten sind psychisch stark belastet. Besonders betroffen sind Lehrer\/-innen an Schulen (52 Prozent), Regalbetreuer\/-innen (45 Prozent), Textilarbeiter\/-innen und Sozialwissenschafter\/-innen (je 39 Prozent) sowie Bauarbeiter (37 Prozent).<\/p>\n<p style=\"text-align: justify;\">Zwei Drittel aller Besch\u00e4ftigten geben an, durch Stress belastet zu sein. Hauptgr\u00fcnde f\u00fcr arbeitsbedingten Stress sind die hohe Arbeitsbelastung sowie Zeitdruck bei zu wenig Arbeitsautonomie und M\u00f6glichkeiten zur Weiterbildung. \u201eDie Arbeitnehmerinnen und Arbeitnehmer brauchen ein gutes und gesundes Gleichgewicht zwischen Arbeitsanforderungen und Arbeitsressourcen, um arbeitsf\u00e4hig bleiben zu k\u00f6nnen\u201c, sagt AK-Pr\u00e4sident Dr. Johann Kalliauer.<\/p>\n<p style=\"text-align: justify;\">Unter Demotivation durch die Arbeitsbedingungen leidet fast die H\u00e4lfte der Besch\u00e4ftigten. Mehr als ein Drittel kann nach der Arbeit nicht abschalten, ebenso viele entfremden sich von ihrer Arbeit, weil sie keinen Sinn darin sehen. Auch Zeitdruck spielt eine gro\u00dfe Rolle:<br \/><br \/>\n40 Prozent der Besch\u00e4ftigten, die unter Zeitdruck stehen, weisen mehrfache psychische Belastungen auf.<\/p>\n<p style=\"text-align: justify;\">Hohe Verantwortung, dauernde Konzentration und Zeitdruck sind die Hauptursachen f\u00fcr psychische Belastungen von Arbeitnehmern\/-innen. Dahinter folgen Parteienverkehr und Kundenkontakt, L\u00e4rm, mangelnde R\u00fcckzugsm\u00f6glichkeiten, Kontrolle und \u00dcberwachung sowie mangelnde Unterst\u00fctzung durch den Chef.<\/p>\n<p style=\"text-align: justify;\">Im Zeitraum zwischen 1994 und 2014 ist die Zahl der Krankenstandstage aufgrund berufsbedingter psychischer Erkrankungen von einer Million auf 3,6 Millionen gestiegen. \u201eDiese hohe Zahl resultiert nicht nur aus einem permanenten Anstieg von belastenden Faktoren in der Arbeitswelt. Sie hat auch damit zu tun, dass Krankenst\u00e4nde aufgrund psychischer Erkrankungen besonders lange dauern\u201c, erkl\u00e4rt Kalliauer. Der daraus resultierende wirtschaftliche Schaden bel\u00e4uft sich laut Berechnungen der Arbeiterkammer Wien auf 3,3 Milliarden Euro pro Jahr. \u201eUnd das, obwohl anzunehmen ist, dass viele Besch\u00e4ftigte mit psychischen Erkrankungen arbeiten gehen, obwohl auskurieren oder eine Therapie besser w\u00e4ren\u201c, sagt der AK-Pr\u00e4sident.<\/p>\n<p style=\"text-align: justify;\">\u201eDie Evaluierung psychischer Belastungen am Arbeitsplatz und vor allem die Umsetzung der daraus folgenden Ma\u00dfnahmen sind unbedingt ernst zu nehmen. Betriebe, die bewusst die psychische Gesundheit der Besch\u00e4ftigten gef\u00e4hrden, m\u00fcssen in die Pflicht genommen werden\u201c, fordert AK-Pr\u00e4sident Kalliauer. Zu seinem Forderungskatalog z\u00e4hlen zudem die Weiterentwicklung der betrieblichen Gesundheitsf\u00f6rderung und die Einf\u00fchrung eines betrieblichen Eingliederungsmanagements. Letzteres soll daf\u00fcr sorgen, dass aus dem Krankenstand zur\u00fcckkehrende Arbeitnehmer\/-innen nicht gleich wieder denselben belastenden und krankmachenden Faktoren ausgesetzt sind und dass sie schrittweise ohne Druck in ihre T\u00e4tigkeiten zur\u00fcckfinden k\u00f6nnen.<\/p>\n<p style=\"text-align: justify;\">Weitere Infos zum Arbeitsgesundheitsmonitor, der von IFES im Auftrag der AK Ober\u00f6sterreich erhoben wird, gibt es unter ooe.arbeiterkammer.at.<\/p>\n<p style=\"text-align: justify;\">R\u00fcckfragen &amp; Kontakt:<\/p>\n<p style=\"text-align: justify;\">Arbeiterkammer Ober\u00f6sterreich, Kommunikation<br \/><br \/>\nMag. Dominik Bittendorfer<br \/><br \/>\n(0732) 6906-2191<br \/><br \/>\ndominik.bittendorfer@akooe.at<br \/><br \/>\nooe.arbeiterkammer.at<\/p>\n<p style=\"text-align: justify;\">Quelle: APA Ots<\/p>\n<div class=\"shariff shariff-align-left shariff-widget-align-left\"><ul class=\"shariff-buttons theme-round orientation-horizontal buttonsize-medium\"><li class=\"shariff-button facebook shariff-nocustomcolor\" style=\"background-color:#4273c8\"><a href=\"https:\/\/www.facebook.com\/sharer\/sharer.php?u=https%3A%2F%2Fwww.weiterbildungsmarkt.net%2Fnews%2Fberufe-mit-der-hoechsten-und-niedrigsten-psychischen-belastung-3979%2F\" title=\"Bei Facebook teilen\" aria-label=\"Bei Facebook teilen\" role=\"button\" rel=\"nofollow\" class=\"shariff-link external external_icon\" style=\"; background-color:#3b5998; color:#fff\" target=\"_blank\"><span class=\"shariff-icon\" style=\"\"><svg width=\"32px\" height=\"20px\" xmlns=\"http:\/\/www.w3.org\/2000\/svg\" viewBox=\"0 0 18 32\"><path fill=\"#3b5998\" d=\"M17.1 0.2v4.7h-2.8q-1.5 0-2.1 0.6t-0.5 1.9v3.4h5.2l-0.7 5.3h-4.5v13.6h-5.5v-13.6h-4.5v-5.3h4.5v-3.9q0-3.3 1.9-5.2t5-1.8q2.6 0 4.1 0.2z\"\/><\/svg><\/span><\/a><\/li><li class=\"shariff-button twitter shariff-nocustomcolor\" style=\"background-color:#595959\"><a href=\"https:\/\/twitter.com\/share?url=https%3A%2F%2Fwww.weiterbildungsmarkt.net%2Fnews%2Fberufe-mit-der-hoechsten-und-niedrigsten-psychischen-belastung-3979%2F&text=Berufe%20mit%20der%20h%C3%B6chsten%20und%20niedrigsten%20psychischen%20Belastung\" title=\"Bei X teilen\" aria-label=\"Bei X teilen\" role=\"button\" rel=\"noopener nofollow\" class=\"shariff-link\" style=\"; background-color:#000; color:#fff\" target=\"_blank\"><span class=\"shariff-icon\" style=\"\"><svg width=\"32px\" height=\"20px\" xmlns=\"http:\/\/www.w3.org\/2000\/svg\" viewBox=\"0 0 24 24\"><path fill=\"#000\" d=\"M14.258 10.152L23.176 0h-2.113l-7.747 8.813L7.133 0H0l9.352 13.328L0 23.973h2.113l8.176-9.309 6.531 9.309h7.133zm-2.895 3.293l-.949-1.328L2.875 1.56h3.246l6.086 8.523.945 1.328 7.91 11.078h-3.246zm0 0\"\/><\/svg><\/span><\/a><\/li><li class=\"shariff-button xing shariff-nocustomcolor\" style=\"background-color:#29888a\"><a href=\"https:\/\/www.xing.com\/spi\/shares\/new?url=https%3A%2F%2Fwww.weiterbildungsmarkt.net%2Fnews%2Fberufe-mit-der-hoechsten-und-niedrigsten-psychischen-belastung-3979%2F\" title=\"Bei XING teilen\" aria-label=\"Bei XING teilen\" role=\"button\" rel=\"noopener nofollow\" class=\"shariff-link external external_icon\" style=\"; background-color:#126567; color:#fff\" target=\"_blank\"><span class=\"shariff-icon\" style=\"\"><svg width=\"32px\" height=\"20px\" xmlns=\"http:\/\/www.w3.org\/2000\/svg\" viewBox=\"0 0 25 32\"><path fill=\"#126567\" d=\"M10.7 11.9q-0.2 0.3-4.6 8.2-0.5 0.8-1.2 0.8h-4.3q-0.4 0-0.5-0.3t0-0.6l4.5-8q0 0 0 0l-2.9-5q-0.2-0.4 0-0.7 0.2-0.3 0.5-0.3h4.3q0.7 0 1.2 0.8zM25.1 0.4q0.2 0.3 0 0.7l-9.4 16.7 6 11q0.2 0.4 0 0.6-0.2 0.3-0.6 0.3h-4.3q-0.7 0-1.2-0.8l-6-11.1q0.3-0.6 9.5-16.8 0.4-0.8 1.2-0.8h4.3q0.4 0 0.5 0.3z\"\/><\/svg><\/span><\/a><\/li><li class=\"shariff-button linkedin shariff-nocustomcolor\" style=\"background-color:#1488bf\"><a href=\"https:\/\/www.linkedin.com\/sharing\/share-offsite\/?url=https%3A%2F%2Fwww.weiterbildungsmarkt.net%2Fnews%2Fberufe-mit-der-hoechsten-und-niedrigsten-psychischen-belastung-3979%2F\" title=\"Bei LinkedIn teilen\" aria-label=\"Bei LinkedIn teilen\" role=\"button\" rel=\"noopener nofollow\" class=\"shariff-link external external_icon\" style=\"; background-color:#0077b5; color:#fff\" target=\"_blank\"><span class=\"shariff-icon\" style=\"\"><svg width=\"32px\" height=\"20px\" xmlns=\"http:\/\/www.w3.org\/2000\/svg\" viewBox=\"0 0 27 32\"><path fill=\"#0077b5\" d=\"M6.2 11.2v17.7h-5.9v-17.7h5.9zM6.6 5.7q0 1.3-0.9 2.2t-2.4 0.9h0q-1.5 0-2.4-0.9t-0.9-2.2 0.9-2.2 2.4-0.9 2.4 0.9 0.9 2.2zM27.4 18.7v10.1h-5.9v-9.5q0-1.9-0.7-2.9t-2.3-1.1q-1.1 0-1.9 0.6t-1.2 1.5q-0.2 0.5-0.2 1.4v9.9h-5.9q0-7.1 0-11.6t0-5.3l0-0.9h5.9v2.6h0q0.4-0.6 0.7-1t1-0.9 1.6-0.8 2-0.3q3 0 4.9 2t1.9 6z\"\/><\/svg><\/span><\/a><\/li><li class=\"shariff-button whatsapp shariff-nocustomcolor\" style=\"background-color:#5cbe4a\"><a href=\"https:\/\/api.whatsapp.com\/send?text=https%3A%2F%2Fwww.weiterbildungsmarkt.net%2Fnews%2Fberufe-mit-der-hoechsten-und-niedrigsten-psychischen-belastung-3979%2F%20Berufe%20mit%20der%20h%C3%B6chsten%20und%20niedrigsten%20psychischen%20Belastung\" title=\"Bei Whatsapp teilen\" aria-label=\"Bei Whatsapp teilen\" role=\"button\" rel=\"noopener nofollow\" class=\"shariff-link external external_icon\" style=\"; background-color:#34af23; color:#fff\" target=\"_blank\"><span class=\"shariff-icon\" style=\"\"><svg width=\"32px\" height=\"20px\" xmlns=\"http:\/\/www.w3.org\/2000\/svg\" viewBox=\"0 0 32 32\"><path fill=\"#34af23\" d=\"M17.6 17.4q0.2 0 1.7 0.8t1.6 0.9q0 0.1 0 0.3 0 0.6-0.3 1.4-0.3 0.7-1.3 1.2t-1.8 0.5q-1 0-3.4-1.1-1.7-0.8-3-2.1t-2.6-3.3q-1.3-1.9-1.3-3.5v-0.1q0.1-1.6 1.3-2.8 0.4-0.4 0.9-0.4 0.1 0 0.3 0t0.3 0q0.3 0 0.5 0.1t0.3 0.5q0.1 0.4 0.6 1.6t0.4 1.3q0 0.4-0.6 1t-0.6 0.8q0 0.1 0.1 0.3 0.6 1.3 1.8 2.4 1 0.9 2.7 1.8 0.2 0.1 0.4 0.1 0.3 0 1-0.9t0.9-0.9zM14 26.9q2.3 0 4.3-0.9t3.6-2.4 2.4-3.6 0.9-4.3-0.9-4.3-2.4-3.6-3.6-2.4-4.3-0.9-4.3 0.9-3.6 2.4-2.4 3.6-0.9 4.3q0 3.6 2.1 6.6l-1.4 4.2 4.3-1.4q2.8 1.9 6.2 1.9zM14 2.2q2.7 0 5.2 1.1t4.3 2.9 2.9 4.3 1.1 5.2-1.1 5.2-2.9 4.3-4.3 2.9-5.2 1.1q-3.5 0-6.5-1.7l-7.4 2.4 2.4-7.2q-1.9-3.2-1.9-6.9 0-2.7 1.1-5.2t2.9-4.3 4.3-2.9 5.2-1.1z\"\/><\/svg><\/span><\/a><\/li><li class=\"shariff-button pinterest shariff-nocustomcolor\" style=\"background-color:#e70f18\"><a href=\"https:\/\/www.pinterest.com\/pin\/create\/link\/?url=https%3A%2F%2Fwww.weiterbildungsmarkt.net%2Fnews%2Fberufe-mit-der-hoechsten-und-niedrigsten-psychischen-belastung-3979%2F&media=https%3A%2F%2Fwww.weiterbildungsmarkt.net%2Fnews%2Fwp-content%2Fuploads%2F2016%2F09%2FTrendStudien3.png&description=Berufe%20mit%20der%20h%C3%B6chsten%20und%20niedrigsten%20psychischen%20Belastung\" title=\"Bei Pinterest pinnen\" aria-label=\"Bei Pinterest pinnen\" role=\"button\" rel=\"noopener nofollow\" class=\"shariff-link\" style=\"; background-color:#cb2027; color:#fff\" target=\"_blank\"><span class=\"shariff-icon\" style=\"\"><svg width=\"32px\" height=\"20px\" xmlns=\"http:\/\/www.w3.org\/2000\/svg\" viewBox=\"0 0 27 32\"><path fill=\"#cb2027\" d=\"M27.4 16q0 3.7-1.8 6.9t-5 5-6.9 1.9q-2 0-3.9-0.6 1.1-1.7 1.4-2.9 0.2-0.6 1-3.8 0.4 0.7 1.3 1.2t2 0.5q2.1 0 3.8-1.2t2.7-3.4 0.9-4.8q0-2-1.1-3.8t-3.1-2.9-4.5-1.2q-1.9 0-3.5 0.5t-2.8 1.4-2 2-1.2 2.3-0.4 2.4q0 1.9 0.7 3.3t2.1 2q0.5 0.2 0.7-0.4 0-0.1 0.1-0.5t0.2-0.5q0.1-0.4-0.2-0.8-0.9-1.1-0.9-2.7 0-2.7 1.9-4.6t4.9-2q2.7 0 4.2 1.5t1.5 3.8q0 3-1.2 5.2t-3.1 2.1q-1.1 0-1.7-0.8t-0.4-1.9q0.1-0.6 0.5-1.7t0.5-1.8 0.2-1.4q0-0.9-0.5-1.5t-1.4-0.6q-1.1 0-1.9 1t-0.8 2.6q0 1.3 0.4 2.2l-1.8 7.5q-0.3 1.2-0.2 3.2-3.7-1.6-6-5t-2.3-7.6q0-3.7 1.9-6.9t5-5 6.9-1.9 6.9 1.9 5 5 1.8 6.9z\"\/><\/svg><\/span><\/a><\/li><\/ul><\/div>","protected":false},"excerpt":{"rendered":"<p>Was sind die Berufe ohne Zeitdruck? Lehrer\/-innen, Regalbetreuer\/-innen, Textilarbeiter\/-innen und Sozialwissenschafter\/-innen sowie Bauarbeiter sind am st\u00e4rksten psychisch belastet. Zwei Drittel aller Besch\u00e4ftigten haben berufsbedingten Stress. Das sind die alarmierenden Ergebnisse einer aktuellen Auswertung des \u00d6sterreichischen Arbeitsgesundheitsmonitors der AK Ober\u00f6sterreich. Die Arbeiterkammer fordert daher, die Evaluierung der psychischen Belastungen am Arbeitsplatz und vor allem die Umsetzung [&hellip;]<\/p>\n","protected":false},"author":193,"featured_media":3636,"comment_status":"closed","ping_status":"closed","sticky":false,"template":"","format":"standard","meta":{"_acf_changed":false,"footnotes":""},"categories":[110],"tags":[],"class_list":["post-3979","post","type-post","status-publish","format-standard","has-post-thumbnail","hentry","category-studien"],"acf":[],"_links":{"self":[{"href":"https:\/\/www.weiterbildungsmarkt.net\/news\/wp-json\/wp\/v2\/posts\/3979","targetHints":{"allow":["GET"]}}],"collection":[{"href":"https:\/\/www.weiterbildungsmarkt.net\/news\/wp-json\/wp\/v2\/posts"}],"about":[{"href":"https:\/\/www.weiterbildungsmarkt.net\/news\/wp-json\/wp\/v2\/types\/post"}],"author":[{"embeddable":true,"href":"https:\/\/www.weiterbildungsmarkt.net\/news\/wp-json\/wp\/v2\/users\/193"}],"replies":[{"embeddable":true,"href":"https:\/\/www.weiterbildungsmarkt.net\/news\/wp-json\/wp\/v2\/comments?post=3979"}],"version-history":[{"count":5,"href":"https:\/\/www.weiterbildungsmarkt.net\/news\/wp-json\/wp\/v2\/posts\/3979\/revisions"}],"predecessor-version":[{"id":9702,"href":"https:\/\/www.weiterbildungsmarkt.net\/news\/wp-json\/wp\/v2\/posts\/3979\/revisions\/9702"}],"wp:featuredmedia":[{"embeddable":true,"href":"https:\/\/www.weiterbildungsmarkt.net\/news\/wp-json\/wp\/v2\/media\/3636"}],"wp:attachment":[{"href":"https:\/\/www.weiterbildungsmarkt.net\/news\/wp-json\/wp\/v2\/media?parent=3979"}],"wp:term":[{"taxonomy":"category","embeddable":true,"href":"https:\/\/www.weiterbildungsmarkt.net\/news\/wp-json\/wp\/v2\/categories?post=3979"},{"taxonomy":"post_tag","embeddable":true,"href":"https:\/\/www.weiterbildungsmarkt.net\/news\/wp-json\/wp\/v2\/tags?post=3979"}],"curies":[{"name":"wp","href":"https:\/\/api.w.org\/{rel}","templated":true}]}}