{"id":4161,"date":"2017-03-01T06:28:18","date_gmt":"2017-03-01T04:28:18","guid":{"rendered":"https:\/\/www.weiterbildungsmarkt.net\/news\/?p=4161"},"modified":"2020-08-04T15:22:43","modified_gmt":"2020-08-04T13:22:43","slug":"neun-thesen-zum-bedarf-fuer-fachkraefte-heute-und-morgen","status":"publish","type":"post","link":"https:\/\/www.weiterbildungsmarkt.net\/news\/neun-thesen-zum-bedarf-fuer-fachkraefte-heute-und-morgen-4161\/","title":{"rendered":"Neun Thesen zum Bedarf f\u00fcr Fachkr\u00e4fte heute und morgen"},"content":{"rendered":"<p style=\"text-align: justify;\">Der Umsatz mit Big-Data-L\u00f6sungen soll in den kommenden zehn Jahren laut dem Expertennetzwerk Wikibon von zuletzt 18 Milliarden (2014) auf \u00fcber 92 Milliarden (2026) US-Dollar wachsen. Dieser enorme Bedeutungszuwachs stellt den Arbeitsmarkt und die Besch\u00e4ftigten vor neue Herausforderungen: Einerseits werden bereits heute im IKT-Bereich in Deutschland h\u00e4nderingend Fachkr\u00e4fte gesucht. Andererseits ver\u00e4ndern sich Kompetenzen und F\u00e4higkeiten, die von den Mitarbeitern gefordert werden. Welche Kompetenzen im Umgang mit Big Data derzeit gefragt sind und welche F\u00e4higkeiten in Zukunft eine gr\u00f6\u00dfere Rolle spielen werden, damit besch\u00e4ftigt sich die Kurzstudie &#8222;Fachkr\u00e4fte f\u00fcr Smart Data: Neun Thesen zum Bedarf heute und morgen&#8220;, die die Smart-Data-Begleitforschung in Zusammenarbeit mit dem Hasso-Plattner-Institut durchgef\u00fchrt hat und heute im Rahmen des 10. Nationalen IT-Gipfels in Saarbr\u00fccken vorstellt.<\/p>\n<p style=\"text-align: justify;\">Prof. Dr. Stefan J\u00e4hnichen, Leiter der Smart-Data-Begleitforschung vom FZI Forschungszentrum Informatik: &#8222;Unsere Untersuchung zeigt, dass sich die Anforderungen an die Fachkr\u00e4fte von morgen angesichts des Bedeutungszuwachses datengetriebener Gesch\u00e4ftsmodelle drastisch ver\u00e4ndern. So werden rechtliche Kompetenzen in Fragen des Datenschutzes und technische F\u00e4higkeiten hinsichtlich neuer Datensicherheitskonzepte an Bedeutung gewinnen. Gleichzeitig sind bereits heute Logik und Abstraktionsf\u00e4higkeit im Umgang mit Big Data wichtiger als reines Technologiewissen. Das wird auch in Zukunft so sein. Ein Punkt ist aus meiner Sicht ganz zentral: Da die Wertsch\u00f6pfung mit Hilfe von Big Data die gesamte Organisation betrifft und nicht die Grenzen der IT-Abteilung kennt, wird Interdisziplinarit\u00e4t immer wichtiger.&#8220;<\/p>\n<p style=\"text-align: justify;\"><strong>Die Ergebnisse der Studie wurden in den folgenden neun Thesen zusammengef\u00fchrt:<\/strong><\/p>\n<p style=\"text-align: justify;\">(1) Logik und Abstraktionsf\u00e4higkeit mehr gefragt als reines Technologiewissen: Wichtiger als Spezialwissen zu Programmen, Modulen oder Tools sind die F\u00e4higkeiten von Fachkr\u00e4ften, logisch und analytisch sowie abstrahiert denken zu k\u00f6nnen.<\/p>\n<p style=\"text-align: justify;\">(2) Mathematische Kenntnisse werden wichtiger: Kenntnisse von Methoden der Statistik und Optimierung bilden auch in Zukunft Schl\u00fcsselkompetenzen f\u00fcr Fachkr\u00e4fte im Umfeld von Smart Data.<\/p>\n<p style=\"text-align: justify;\">(3) Branchenwissen wird zur Kernkompetenz f\u00fcr Smart Data: Neben technologischem Know-how ist praktisches Branchenwissen f\u00fcr die erfolgreiche Entwicklung und Etablierung von Smart-Data-Technologien von zentraler Bedeutung.<\/p>\n<p style=\"text-align: justify;\">(4) Interdisziplinarit\u00e4t macht aus Big Data &#8222;Smart Data&#8220;: Smart-Data-Experten m\u00fcssen raus aus dem Silo, denn Smart Data entsteht durch die Zusammenf\u00fchrung von Fachwissen verschiedener Disziplinen und der Kollaboration mit anderen Experten.<\/p>\n<p style=\"text-align: justify;\">(5) Datenschutz-Kenntnisse sind eine Kernkompetenz: Nur mit Kenntnissen im Bereich des Datenschutzes k\u00f6nnen sich Fachkr\u00e4fte souver\u00e4n im Smart-Data-Umfeld bewegen.<\/p>\n<p style=\"text-align: justify;\">(6) Smart Data braucht Datensicherheitskompetenzen: Die sicherheitstechnisch-methodischen Kompetenzen werden von allen Kompetenzen den gr\u00f6\u00dften Bedeutungszuwachs erfahren.<\/p>\n<p style=\"text-align: justify;\">(7) Fort- und Weiterbildungen entscheidend f\u00fcr Entwicklung und Sicherung qualifizierten Personals: Neben der Anwerbung junger Absolventinnen und Absolventen der relevanten Studieng\u00e4nge spielt f\u00fcr Institutionen und Organisationen im Smart-Data-Umfeld die Fort- bzw. Weiterbildung der eigenen Fachkr\u00e4fte eine entscheidende Rolle, um Qualifikationsl\u00fccken zu begegnen.<\/p>\n<p style=\"text-align: justify;\">(8) Corporate Digital Responsibility ist mehr als ein vor\u00fcbergehender Trend: Soziale Verantwortung von Unternehmen gewinnt auch bei Fachkr\u00e4ften im digitalen Gesch\u00e4ft zunehmend an Bedeutung.<\/p>\n<p style=\"text-align: justify;\">(9) Besonders Arbeitgeber sind in der Verantwortung: Institutionen und Organisationen aus dem Smart-Data-Umfeld m\u00fcssen selbst einen Beitrag zur Nachwuchsf\u00f6rderung leisten, um ihren Fachkr\u00e4ftebedarf nachhaltig zu sichern.<\/p>\n<p style=\"text-align: justify;\">Grundlage f\u00fcr die Studie war einerseits ein Expertenworkshop zum Thema &#8222;Fachkr\u00e4fte f\u00fcr Smart Data&#8220;, der im Juni 2016 im Rahmen der Arbeitskreissitzung Big Data des Bitkom stattfand, andererseits eine Onlinebefragung, an der 43 ausgew\u00e4hlte Smart-Data-Expertinnen und -Experten teilnahmen. Befragt wurden Vertreterinnen und Vertreter von Unternehmen und Institutionen unterschiedlicher Gr\u00f6\u00dfe, wobei knapp die H\u00e4lfte der Unternehmen weniger als 100 Mitarbeiterinnen und Mitarbeiter besch\u00e4ftigt. Ein Drittel der Befragten ist in Unternehmen oder Organisationen aus dem Bereich der Informations- und Kommunikationstechnologien t\u00e4tig und etwa jeder zehnte in den Bereichen Gesundheit, Metall\/Maschinen- und Fahrzeugbau und der Finanz- und Versicherungswirtschaft.<\/p>\n<p style=\"text-align: justify;\">Die Studie steht unter http:\/\/bit.ly\/2fwfGuc zum Download bereit.<\/p>\n<p style=\"text-align: justify;\"><strong>\u00dcber Smart Data &#8211; Innovationen aus Daten<\/strong><\/p>\n<p style=\"text-align: justify;\">Mit dem Technologieprogramm &#8222;Smart Data &#8211; Innovationen aus Daten&#8220; f\u00f6rdert das BMWi von 2014 bis 2018 insgesamt 13 Leuchtturmprojekte, die den zuk\u00fcnftigen Markt von Big-Data-Technologien f\u00fcr die deutsche Wirtschaft erschlie\u00dfen sollen, mit rund 30 Millionen Euro. Die beteiligten Unternehmen und Organisationen bringen weitere 25 Millionen Euro auf, so dass das Programm \u00fcber ein Gesamtvolumen von etwa 55 Millionen Euro verf\u00fcgt. Smart Data ist Teil der Hightech-Strategie und der Digitalen Agenda der Bundesregierung. Weitere Informationen zum Smart-Data-Technologieprogramm finden Sie unter www.smart-data-programm.de.<\/p>\n<p style=\"text-align: justify;\">Ansprechpartner f\u00fcr die Presse:<\/p>\n<p style=\"text-align: justify;\">Hanna Irmisch<br \/><br \/>\nSmart-Data-Begleitforschung<br \/><br \/>\nc\/o LoeschHundLiepold Kommunikation GmbH<br \/><br \/>\nHauptstra\u00dfe 28, D-10827 Berlin<br \/><br \/>\nTel.: 030-4000 652-25<br \/><br \/>\nFax: 030-4000 652-20<br \/><br \/>\nE-Mail: smartdata@lhlk.de<br \/><br \/>\nInternet: www.smart-data-programm.de<\/p>\n<p style=\"text-align: justify;\">Quelle: Presseportal.de<\/p>\n<div class=\"shariff shariff-align-flex-start shariff-widget-align-flex-start\"><ul class=\"shariff-buttons theme-round orientation-horizontal buttonsize-medium\"><li class=\"shariff-button facebook shariff-nocustomcolor\" style=\"background-color:#4273c8\"><a href=\"https:\/\/www.facebook.com\/sharer\/sharer.php?u=https%3A%2F%2Fwww.weiterbildungsmarkt.net%2Fnews%2Fneun-thesen-zum-bedarf-fuer-fachkraefte-heute-und-morgen-4161%2F\" title=\"Bei Facebook teilen\" aria-label=\"Bei Facebook teilen\" role=\"button\" rel=\"nofollow\" class=\"shariff-link external external_icon\" style=\"; background-color:#3b5998; color:#fff\" target=\"_blank\"><span class=\"shariff-icon\" style=\"\"><svg width=\"32px\" height=\"20px\" xmlns=\"http:\/\/www.w3.org\/2000\/svg\" viewBox=\"0 0 18 32\"><path fill=\"#3b5998\" d=\"M17.1 0.2v4.7h-2.8q-1.5 0-2.1 0.6t-0.5 1.9v3.4h5.2l-0.7 5.3h-4.5v13.6h-5.5v-13.6h-4.5v-5.3h4.5v-3.9q0-3.3 1.9-5.2t5-1.8q2.6 0 4.1 0.2z\"\/><\/svg><\/span><\/a><\/li><li class=\"shariff-button twitter shariff-nocustomcolor\" style=\"background-color:#595959\"><a href=\"https:\/\/twitter.com\/share?url=https%3A%2F%2Fwww.weiterbildungsmarkt.net%2Fnews%2Fneun-thesen-zum-bedarf-fuer-fachkraefte-heute-und-morgen-4161%2F&text=Neun%20Thesen%20zum%20Bedarf%20f%C3%BCr%20Fachkr%C3%A4fte%20heute%20und%20morgen\" title=\"Bei X teilen\" aria-label=\"Bei X teilen\" role=\"button\" rel=\"noopener nofollow\" class=\"shariff-link\" style=\"; background-color:#000; color:#fff\" target=\"_blank\"><span class=\"shariff-icon\" style=\"\"><svg width=\"32px\" height=\"20px\" xmlns=\"http:\/\/www.w3.org\/2000\/svg\" viewBox=\"0 0 24 24\"><path fill=\"#000\" d=\"M14.258 10.152L23.176 0h-2.113l-7.747 8.813L7.133 0H0l9.352 13.328L0 23.973h2.113l8.176-9.309 6.531 9.309h7.133zm-2.895 3.293l-.949-1.328L2.875 1.56h3.246l6.086 8.523.945 1.328 7.91 11.078h-3.246zm0 0\"\/><\/svg><\/span><\/a><\/li><li class=\"shariff-button xing shariff-nocustomcolor\" style=\"background-color:#29888a\"><a href=\"https:\/\/www.xing.com\/spi\/shares\/new?url=https%3A%2F%2Fwww.weiterbildungsmarkt.net%2Fnews%2Fneun-thesen-zum-bedarf-fuer-fachkraefte-heute-und-morgen-4161%2F\" title=\"Bei XING teilen\" aria-label=\"Bei XING teilen\" role=\"button\" rel=\"noopener nofollow\" class=\"shariff-link external external_icon\" style=\"; background-color:#126567; color:#fff\" target=\"_blank\"><span class=\"shariff-icon\" style=\"\"><svg width=\"32px\" height=\"20px\" xmlns=\"http:\/\/www.w3.org\/2000\/svg\" viewBox=\"0 0 25 32\"><path fill=\"#126567\" d=\"M10.7 11.9q-0.2 0.3-4.6 8.2-0.5 0.8-1.2 0.8h-4.3q-0.4 0-0.5-0.3t0-0.6l4.5-8q0 0 0 0l-2.9-5q-0.2-0.4 0-0.7 0.2-0.3 0.5-0.3h4.3q0.7 0 1.2 0.8zM25.1 0.4q0.2 0.3 0 0.7l-9.4 16.7 6 11q0.2 0.4 0 0.6-0.2 0.3-0.6 0.3h-4.3q-0.7 0-1.2-0.8l-6-11.1q0.3-0.6 9.5-16.8 0.4-0.8 1.2-0.8h4.3q0.4 0 0.5 0.3z\"\/><\/svg><\/span><\/a><\/li><li class=\"shariff-button linkedin shariff-nocustomcolor\" style=\"background-color:#1488bf\"><a href=\"https:\/\/www.linkedin.com\/sharing\/share-offsite\/?url=https%3A%2F%2Fwww.weiterbildungsmarkt.net%2Fnews%2Fneun-thesen-zum-bedarf-fuer-fachkraefte-heute-und-morgen-4161%2F\" title=\"Bei LinkedIn teilen\" aria-label=\"Bei LinkedIn teilen\" role=\"button\" rel=\"noopener nofollow\" class=\"shariff-link external external_icon\" style=\"; background-color:#0077b5; color:#fff\" target=\"_blank\"><span class=\"shariff-icon\" style=\"\"><svg width=\"32px\" height=\"20px\" xmlns=\"http:\/\/www.w3.org\/2000\/svg\" viewBox=\"0 0 27 32\"><path fill=\"#0077b5\" d=\"M6.2 11.2v17.7h-5.9v-17.7h5.9zM6.6 5.7q0 1.3-0.9 2.2t-2.4 0.9h0q-1.5 0-2.4-0.9t-0.9-2.2 0.9-2.2 2.4-0.9 2.4 0.9 0.9 2.2zM27.4 18.7v10.1h-5.9v-9.5q0-1.9-0.7-2.9t-2.3-1.1q-1.1 0-1.9 0.6t-1.2 1.5q-0.2 0.5-0.2 1.4v9.9h-5.9q0-7.1 0-11.6t0-5.3l0-0.9h5.9v2.6h0q0.4-0.6 0.7-1t1-0.9 1.6-0.8 2-0.3q3 0 4.9 2t1.9 6z\"\/><\/svg><\/span><\/a><\/li><li class=\"shariff-button whatsapp shariff-nocustomcolor\" style=\"background-color:#5cbe4a\"><a href=\"https:\/\/api.whatsapp.com\/send?text=https%3A%2F%2Fwww.weiterbildungsmarkt.net%2Fnews%2Fneun-thesen-zum-bedarf-fuer-fachkraefte-heute-und-morgen-4161%2F%20Neun%20Thesen%20zum%20Bedarf%20f%C3%BCr%20Fachkr%C3%A4fte%20heute%20und%20morgen\" title=\"Bei Whatsapp teilen\" aria-label=\"Bei Whatsapp teilen\" role=\"button\" rel=\"noopener nofollow\" class=\"shariff-link external external_icon\" style=\"; background-color:#34af23; color:#fff\" target=\"_blank\"><span class=\"shariff-icon\" style=\"\"><svg width=\"32px\" height=\"20px\" xmlns=\"http:\/\/www.w3.org\/2000\/svg\" viewBox=\"0 0 32 32\"><path fill=\"#34af23\" d=\"M17.6 17.4q0.2 0 1.7 0.8t1.6 0.9q0 0.1 0 0.3 0 0.6-0.3 1.4-0.3 0.7-1.3 1.2t-1.8 0.5q-1 0-3.4-1.1-1.7-0.8-3-2.1t-2.6-3.3q-1.3-1.9-1.3-3.5v-0.1q0.1-1.6 1.3-2.8 0.4-0.4 0.9-0.4 0.1 0 0.3 0t0.3 0q0.3 0 0.5 0.1t0.3 0.5q0.1 0.4 0.6 1.6t0.4 1.3q0 0.4-0.6 1t-0.6 0.8q0 0.1 0.1 0.3 0.6 1.3 1.8 2.4 1 0.9 2.7 1.8 0.2 0.1 0.4 0.1 0.3 0 1-0.9t0.9-0.9zM14 26.9q2.3 0 4.3-0.9t3.6-2.4 2.4-3.6 0.9-4.3-0.9-4.3-2.4-3.6-3.6-2.4-4.3-0.9-4.3 0.9-3.6 2.4-2.4 3.6-0.9 4.3q0 3.6 2.1 6.6l-1.4 4.2 4.3-1.4q2.8 1.9 6.2 1.9zM14 2.2q2.7 0 5.2 1.1t4.3 2.9 2.9 4.3 1.1 5.2-1.1 5.2-2.9 4.3-4.3 2.9-5.2 1.1q-3.5 0-6.5-1.7l-7.4 2.4 2.4-7.2q-1.9-3.2-1.9-6.9 0-2.7 1.1-5.2t2.9-4.3 4.3-2.9 5.2-1.1z\"\/><\/svg><\/span><\/a><\/li><li class=\"shariff-button pinterest shariff-nocustomcolor\" style=\"background-color:#e70f18\"><a href=\"https:\/\/www.pinterest.com\/pin\/create\/link\/?url=https%3A%2F%2Fwww.weiterbildungsmarkt.net%2Fnews%2Fneun-thesen-zum-bedarf-fuer-fachkraefte-heute-und-morgen-4161%2F&media=https%3A%2F%2Fwww.weiterbildungsmarkt.net%2Fnews%2Fwp-content%2Fuploads%2F2016%2F09%2FTrendStudien3.png&description=Neun%20Thesen%20zum%20Bedarf%20f%C3%BCr%20Fachkr%C3%A4fte%20heute%20und%20morgen\" title=\"Bei Pinterest pinnen\" aria-label=\"Bei Pinterest pinnen\" role=\"button\" rel=\"noopener nofollow\" class=\"shariff-link\" style=\"; background-color:#cb2027; color:#fff\" target=\"_blank\"><span class=\"shariff-icon\" style=\"\"><svg width=\"32px\" height=\"20px\" xmlns=\"http:\/\/www.w3.org\/2000\/svg\" viewBox=\"0 0 27 32\"><path fill=\"#cb2027\" d=\"M27.4 16q0 3.7-1.8 6.9t-5 5-6.9 1.9q-2 0-3.9-0.6 1.1-1.7 1.4-2.9 0.2-0.6 1-3.8 0.4 0.7 1.3 1.2t2 0.5q2.1 0 3.8-1.2t2.7-3.4 0.9-4.8q0-2-1.1-3.8t-3.1-2.9-4.5-1.2q-1.9 0-3.5 0.5t-2.8 1.4-2 2-1.2 2.3-0.4 2.4q0 1.9 0.7 3.3t2.1 2q0.5 0.2 0.7-0.4 0-0.1 0.1-0.5t0.2-0.5q0.1-0.4-0.2-0.8-0.9-1.1-0.9-2.7 0-2.7 1.9-4.6t4.9-2q2.7 0 4.2 1.5t1.5 3.8q0 3-1.2 5.2t-3.1 2.1q-1.1 0-1.7-0.8t-0.4-1.9q0.1-0.6 0.5-1.7t0.5-1.8 0.2-1.4q0-0.9-0.5-1.5t-1.4-0.6q-1.1 0-1.9 1t-0.8 2.6q0 1.3 0.4 2.2l-1.8 7.5q-0.3 1.2-0.2 3.2-3.7-1.6-6-5t-2.3-7.6q0-3.7 1.9-6.9t5-5 6.9-1.9 6.9 1.9 5 5 1.8 6.9z\"\/><\/svg><\/span><\/a><\/li><\/ul><\/div>","protected":false},"excerpt":{"rendered":"<p>Der Umsatz mit Big-Data-L\u00f6sungen soll in den kommenden zehn Jahren laut dem Expertennetzwerk Wikibon von zuletzt 18 Milliarden (2014) auf \u00fcber 92 Milliarden (2026) US-Dollar wachsen. Dieser enorme Bedeutungszuwachs stellt den Arbeitsmarkt und die Besch\u00e4ftigten vor neue Herausforderungen: Einerseits werden bereits heute im IKT-Bereich in Deutschland h\u00e4nderingend Fachkr\u00e4fte gesucht. Andererseits ver\u00e4ndern sich Kompetenzen und F\u00e4higkeiten, [&hellip;]<\/p>\n","protected":false},"author":193,"featured_media":3636,"comment_status":"closed","ping_status":"closed","sticky":false,"template":"","format":"standard","meta":{"_acf_changed":false,"footnotes":""},"categories":[110],"tags":[],"class_list":["post-4161","post","type-post","status-publish","format-standard","has-post-thumbnail","hentry","category-studien"],"acf":[],"_links":{"self":[{"href":"https:\/\/www.weiterbildungsmarkt.net\/news\/wp-json\/wp\/v2\/posts\/4161","targetHints":{"allow":["GET"]}}],"collection":[{"href":"https:\/\/www.weiterbildungsmarkt.net\/news\/wp-json\/wp\/v2\/posts"}],"about":[{"href":"https:\/\/www.weiterbildungsmarkt.net\/news\/wp-json\/wp\/v2\/types\/post"}],"author":[{"embeddable":true,"href":"https:\/\/www.weiterbildungsmarkt.net\/news\/wp-json\/wp\/v2\/users\/193"}],"replies":[{"embeddable":true,"href":"https:\/\/www.weiterbildungsmarkt.net\/news\/wp-json\/wp\/v2\/comments?post=4161"}],"version-history":[{"count":3,"href":"https:\/\/www.weiterbildungsmarkt.net\/news\/wp-json\/wp\/v2\/posts\/4161\/revisions"}],"predecessor-version":[{"id":8121,"href":"https:\/\/www.weiterbildungsmarkt.net\/news\/wp-json\/wp\/v2\/posts\/4161\/revisions\/8121"}],"wp:featuredmedia":[{"embeddable":true,"href":"https:\/\/www.weiterbildungsmarkt.net\/news\/wp-json\/wp\/v2\/media\/3636"}],"wp:attachment":[{"href":"https:\/\/www.weiterbildungsmarkt.net\/news\/wp-json\/wp\/v2\/media?parent=4161"}],"wp:term":[{"taxonomy":"category","embeddable":true,"href":"https:\/\/www.weiterbildungsmarkt.net\/news\/wp-json\/wp\/v2\/categories?post=4161"},{"taxonomy":"post_tag","embeddable":true,"href":"https:\/\/www.weiterbildungsmarkt.net\/news\/wp-json\/wp\/v2\/tags?post=4161"}],"curies":[{"name":"wp","href":"https:\/\/api.w.org\/{rel}","templated":true}]}}