{"id":4379,"date":"2017-02-15T08:01:56","date_gmt":"2017-02-15T06:01:56","guid":{"rendered":"https:\/\/www.weiterbildungsmarkt.net\/news\/?p=4379"},"modified":"2026-01-08T10:41:47","modified_gmt":"2026-01-08T09:41:47","slug":"lehrer-fuer-digitale-bildung-begeistern","status":"publish","type":"post","link":"https:\/\/www.weiterbildungsmarkt.net\/news\/lehrer-fuer-digitale-bildung-begeistern-4379\/","title":{"rendered":"Lehrer f\u00fcr digitale Bildung begeistern"},"content":{"rendered":"<p style=\"text-align: justify;\"><strong>OCG und IBM bieten Workshop-Reihe \u201eInformatisches Denken und Programmieren\u201c<\/strong><\/p>\n<p style=\"text-align: justify;\">Deutsch, Mathematik, Sprachen, Turnen, klassische Lerngegenst\u00e4nde \u2013 diese F\u00e4cher sieht die traditionelle Bildung vor. In einem modernen Bildungssystem des 21. Jahrhunderts m\u00fcssen aber auch digitale Kompetenzen vermittelt werden. Viele Lehrerinnen und Lehrer stehen gerade damit vor einer gro\u00dfen Herausforderung, da sie daf\u00fcr bislang nicht ausgebildet wurden. Die \u00d6sterreichische Computer Gesellschaft (OCG) l\u00e4dt daher alle Lehrerinnen und Lehrer der 1. bis 8. Schulstufe in Kooperation mit IBM zur dreit\u00e4gigen Workshop-Reihe \u201eInformatisches Denken und Programmieren\u201c ein, die von 16. bis 18.2.2017 stattfindet.<\/p>\n<p style=\"text-align: justify;\">Die Digitalstrategie und das Bekenntnis von Bundesministerin Hammerschmid und Bundeskanzler Kern zur digitalen Bildung sind eine Sache, \u201eaber wir m\u00fcssen die digitale Bildung in \u00d6sterreich jetzt rasch und praxisbezogen vorantreiben \u2013 ohne die Lehrerinnen und Lehrer rasch einzubeziehen, wird das nicht gehen\u201c, ist Ronald Bieber, Generalsekret\u00e4r der \u00d6sterreichischen Computer Gesellschaft (OCG) \u00fcberzeugt. \u201eViele Lehrer haben regelrecht Angst, sich vor der Klasse zu blamieren, wenn sich zeigt, dass sie nicht perfekt mit Hardware und Software umgehen k\u00f6nnen, oder noch schlimmer, wenn es kompetentere Sch\u00fcler gibt\u201c, wei\u00df Ronald Bieber aus Gespr\u00e4chen mit P\u00e4dagogen \u2013 daher bietet die OCG bereits seit vielen Jahren immer wieder entsprechende Lehrer-Aus- und Weiterbildungs-Angebote.<\/p>\n<p style=\"text-align: justify;\"><strong>Partnerschaft OCG \u2013 IBM<\/strong><\/p>\n<p style=\"text-align: justify;\">OCG und IBM kooperieren seit vielen Jahren im Bereich digitale Bildung. \u201eGerade in so innovativen Bereichen wie Informationstechnologie k\u00f6nnen immer wieder engagierte Sch\u00fcler ihre Lehrer gerade beim Umgang mit den digitalen Medien sehr unterst\u00fctzen \u2013 das gegenseitige Lehren und Lernen sollte dabei im Mittelpunkt stehen,\u201c meint Tatjana Oppitz, Generaldirektorin von IBM \u00d6sterreich. Sie appelliert besonders an Lehrerinnen, keine Scheu vor Computer und Co. zu haben: \u201eEs sind wirklich keine Vorkenntnisse erforderlich, wir freuen uns besonders, wenn Frauen an den Workshops teilnehmen\u201c, so Oppitz.<\/p>\n<p style=\"text-align: justify;\"><strong>Spannende neue Unterrichtschancen<\/strong><\/p>\n<p style=\"text-align: justify;\">Aktuell findet im Februar in Kooperation mit IBM eine dreit\u00e4gige Einstiegs-Workshop-Reihe unter dem Titel \u201eInformatisches Denken und Programmieren\u201c statt, zu der alle Lehrerinnen und Lehrer eingeladen sind. \u201eInformatisches Denken und Programmieren\u201c erm\u00f6glicht Lehrerinnen und Lehrern der Primar- und Sekundarstufe I einen einfachen Einstieg in die Welt der Informatik. Gezeigt werden M\u00f6glichkeiten moderner IT-Didaktik, die gleich selbst ausprobiert werden k\u00f6nnen. Experten der OCG und von IBM \u00d6sterreich unterst\u00fctzen die P\u00e4dagogen in dieser Workshop-Reihe beim Erlernen von ersten Programmierkenntnissen mit und auch ohne Computer. \u201eProgrammieren f\u00f6rdert zudem die Entwicklung von Probleml\u00f6sungskompetenzen und kreative Ideenfindung\u201c, unterstreicht Ronald Bieber die positiven Eigenschaften.<\/p>\n<p style=\"text-align: justify;\">Die Workshops sind so abgestimmt, dass die Teilnehmer auch ohne Computer einsteigen k\u00f6nnen, \u201ewir legen viel Wert auf die Vermittlung von \u201eComputational Thinking\u201c (CT), d.h. informatisches Denken, das auch in der neuen Digitalstrategie von Ministerin Hammerschmid verankert ist\u201c, erkl\u00e4rt Johann Stockinger, Leiter Forschung und Innovation der OCG. Am ersten Tag der Workshop-Reihe geht es daher um ein Kennenlernen und Ausprobieren von M\u00f6glichkeiten, CT sinnvoll mit oder ohne Computer in den Unterricht zu integrieren \u2013 egal ob in Mathematik, Deutsch, Englisch, Musik oder Technischem Werken.<\/p>\n<p style=\"text-align: justify;\"><strong>Scratch, Python und Lego WeDo 2.0<\/strong><\/p>\n<p style=\"text-align: justify;\">Das konkrete Kennenlernen von einfachen Programmiersprachen steht am zweiten Workshop-Tag im Mittelpunkt. \u201eIn Anlehnung an den Lehrplan Gro\u00dfbritanniens beginnen wir zum Einstieg in das Thema Coding mit der ikonischen Programmiersprache Scratch, bereiten aber auch den \u00dcbergang zu Python, einer textbasierten Programmiersprache, vor\u201c, beschreibt Univ.-Prof. Gerald Futschek von der TU Wien und langj\u00e4hriger Informatik-Didaktik-Experte, das Konzept. Konstruktionistische Lerntheorien in Kombination mit Programmieren k\u00f6nnen sehr gut mit dem neuen Lego WeDo 2.0 Education Set vermittelt werden, dazu gibt es eine eigene Lerneinheit.<\/p>\n<p style=\"text-align: justify;\">Der dritte Tag ist dem tieferen Kennenlernen von Scratch und Python gewidmet. Python bietet beim Coding viele spannende M\u00f6glichkeiten. Mit dem kleinen Minicomputer Raspberry Pi schafft man die Einbindung von grundlegenden Elektronik-Konzepten und einen ersten Einblick in das Internet der Dinge und die Interaktion mit der Au\u00dfenwelt. Ein guter Weg, Python zu erlernen, ist die Vermittlung \u00fcber das Spiel Minecraft, das bei Sch\u00fclern sehr beliebt ist \u2013 wie das in der Praxis funktioniert wird ebenfalls am dritten Workshop-Tag gezeigt.<\/p>\n<p style=\"text-align: justify;\">Die Workshops finden von 16. bis 18.2.2017 jeweils von 9 bis 16 Uhr statt. Information und Anmeldung:<br \/><br \/>\nhttp:\/\/www.ocg.at\/informatisches_Denken_2017 . Die Workshop-Reihe<br \/><br \/>\nwird vom Wiener Stadtschulrat als Fortbildungsveranstaltung anerkannt.<\/p>\n<p style=\"text-align: justify;\">Quelle: APA Ots<\/p>\n<div class=\"shariff shariff-align-flex-start shariff-widget-align-flex-start\"><ul class=\"shariff-buttons theme-round orientation-horizontal buttonsize-medium\"><li class=\"shariff-button facebook shariff-nocustomcolor\" style=\"background-color:#4273c8\"><a href=\"https:\/\/www.facebook.com\/sharer\/sharer.php?u=https%3A%2F%2Fwww.weiterbildungsmarkt.net%2Fnews%2Flehrer-fuer-digitale-bildung-begeistern-4379%2F\" title=\"Bei Facebook teilen\" aria-label=\"Bei Facebook teilen\" role=\"button\" rel=\"nofollow\" class=\"shariff-link external external_icon\" style=\"; background-color:#3b5998; color:#fff\" target=\"_blank\"><span class=\"shariff-icon\" style=\"\"><svg width=\"32px\" height=\"20px\" xmlns=\"http:\/\/www.w3.org\/2000\/svg\" viewBox=\"0 0 18 32\"><path fill=\"#3b5998\" d=\"M17.1 0.2v4.7h-2.8q-1.5 0-2.1 0.6t-0.5 1.9v3.4h5.2l-0.7 5.3h-4.5v13.6h-5.5v-13.6h-4.5v-5.3h4.5v-3.9q0-3.3 1.9-5.2t5-1.8q2.6 0 4.1 0.2z\"\/><\/svg><\/span><\/a><\/li><li class=\"shariff-button twitter shariff-nocustomcolor\" style=\"background-color:#595959\"><a href=\"https:\/\/twitter.com\/share?url=https%3A%2F%2Fwww.weiterbildungsmarkt.net%2Fnews%2Flehrer-fuer-digitale-bildung-begeistern-4379%2F&text=Lehrer%20f%C3%BCr%20digitale%20Bildung%20begeistern\" title=\"Bei X teilen\" aria-label=\"Bei X teilen\" role=\"button\" rel=\"noopener nofollow\" class=\"shariff-link\" style=\"; background-color:#000; color:#fff\" target=\"_blank\"><span class=\"shariff-icon\" style=\"\"><svg width=\"32px\" height=\"20px\" xmlns=\"http:\/\/www.w3.org\/2000\/svg\" viewBox=\"0 0 24 24\"><path fill=\"#000\" d=\"M14.258 10.152L23.176 0h-2.113l-7.747 8.813L7.133 0H0l9.352 13.328L0 23.973h2.113l8.176-9.309 6.531 9.309h7.133zm-2.895 3.293l-.949-1.328L2.875 1.56h3.246l6.086 8.523.945 1.328 7.91 11.078h-3.246zm0 0\"\/><\/svg><\/span><\/a><\/li><li class=\"shariff-button xing shariff-nocustomcolor\" style=\"background-color:#29888a\"><a href=\"https:\/\/www.xing.com\/spi\/shares\/new?url=https%3A%2F%2Fwww.weiterbildungsmarkt.net%2Fnews%2Flehrer-fuer-digitale-bildung-begeistern-4379%2F\" title=\"Bei XING teilen\" aria-label=\"Bei XING teilen\" role=\"button\" rel=\"noopener nofollow\" class=\"shariff-link external external_icon\" style=\"; background-color:#126567; color:#fff\" target=\"_blank\"><span class=\"shariff-icon\" style=\"\"><svg width=\"32px\" height=\"20px\" xmlns=\"http:\/\/www.w3.org\/2000\/svg\" viewBox=\"0 0 25 32\"><path fill=\"#126567\" d=\"M10.7 11.9q-0.2 0.3-4.6 8.2-0.5 0.8-1.2 0.8h-4.3q-0.4 0-0.5-0.3t0-0.6l4.5-8q0 0 0 0l-2.9-5q-0.2-0.4 0-0.7 0.2-0.3 0.5-0.3h4.3q0.7 0 1.2 0.8zM25.1 0.4q0.2 0.3 0 0.7l-9.4 16.7 6 11q0.2 0.4 0 0.6-0.2 0.3-0.6 0.3h-4.3q-0.7 0-1.2-0.8l-6-11.1q0.3-0.6 9.5-16.8 0.4-0.8 1.2-0.8h4.3q0.4 0 0.5 0.3z\"\/><\/svg><\/span><\/a><\/li><li class=\"shariff-button linkedin shariff-nocustomcolor\" style=\"background-color:#1488bf\"><a href=\"https:\/\/www.linkedin.com\/sharing\/share-offsite\/?url=https%3A%2F%2Fwww.weiterbildungsmarkt.net%2Fnews%2Flehrer-fuer-digitale-bildung-begeistern-4379%2F\" title=\"Bei LinkedIn teilen\" aria-label=\"Bei LinkedIn teilen\" role=\"button\" rel=\"noopener nofollow\" class=\"shariff-link external external_icon\" style=\"; background-color:#0077b5; color:#fff\" target=\"_blank\"><span class=\"shariff-icon\" style=\"\"><svg width=\"32px\" height=\"20px\" xmlns=\"http:\/\/www.w3.org\/2000\/svg\" viewBox=\"0 0 27 32\"><path fill=\"#0077b5\" d=\"M6.2 11.2v17.7h-5.9v-17.7h5.9zM6.6 5.7q0 1.3-0.9 2.2t-2.4 0.9h0q-1.5 0-2.4-0.9t-0.9-2.2 0.9-2.2 2.4-0.9 2.4 0.9 0.9 2.2zM27.4 18.7v10.1h-5.9v-9.5q0-1.9-0.7-2.9t-2.3-1.1q-1.1 0-1.9 0.6t-1.2 1.5q-0.2 0.5-0.2 1.4v9.9h-5.9q0-7.1 0-11.6t0-5.3l0-0.9h5.9v2.6h0q0.4-0.6 0.7-1t1-0.9 1.6-0.8 2-0.3q3 0 4.9 2t1.9 6z\"\/><\/svg><\/span><\/a><\/li><li class=\"shariff-button whatsapp shariff-nocustomcolor\" style=\"background-color:#5cbe4a\"><a href=\"https:\/\/api.whatsapp.com\/send?text=https%3A%2F%2Fwww.weiterbildungsmarkt.net%2Fnews%2Flehrer-fuer-digitale-bildung-begeistern-4379%2F%20Lehrer%20f%C3%BCr%20digitale%20Bildung%20begeistern\" title=\"Bei Whatsapp teilen\" aria-label=\"Bei Whatsapp teilen\" role=\"button\" rel=\"noopener nofollow\" class=\"shariff-link external external_icon\" style=\"; background-color:#34af23; color:#fff\" target=\"_blank\"><span class=\"shariff-icon\" style=\"\"><svg width=\"32px\" height=\"20px\" xmlns=\"http:\/\/www.w3.org\/2000\/svg\" viewBox=\"0 0 32 32\"><path fill=\"#34af23\" d=\"M17.6 17.4q0.2 0 1.7 0.8t1.6 0.9q0 0.1 0 0.3 0 0.6-0.3 1.4-0.3 0.7-1.3 1.2t-1.8 0.5q-1 0-3.4-1.1-1.7-0.8-3-2.1t-2.6-3.3q-1.3-1.9-1.3-3.5v-0.1q0.1-1.6 1.3-2.8 0.4-0.4 0.9-0.4 0.1 0 0.3 0t0.3 0q0.3 0 0.5 0.1t0.3 0.5q0.1 0.4 0.6 1.6t0.4 1.3q0 0.4-0.6 1t-0.6 0.8q0 0.1 0.1 0.3 0.6 1.3 1.8 2.4 1 0.9 2.7 1.8 0.2 0.1 0.4 0.1 0.3 0 1-0.9t0.9-0.9zM14 26.9q2.3 0 4.3-0.9t3.6-2.4 2.4-3.6 0.9-4.3-0.9-4.3-2.4-3.6-3.6-2.4-4.3-0.9-4.3 0.9-3.6 2.4-2.4 3.6-0.9 4.3q0 3.6 2.1 6.6l-1.4 4.2 4.3-1.4q2.8 1.9 6.2 1.9zM14 2.2q2.7 0 5.2 1.1t4.3 2.9 2.9 4.3 1.1 5.2-1.1 5.2-2.9 4.3-4.3 2.9-5.2 1.1q-3.5 0-6.5-1.7l-7.4 2.4 2.4-7.2q-1.9-3.2-1.9-6.9 0-2.7 1.1-5.2t2.9-4.3 4.3-2.9 5.2-1.1z\"\/><\/svg><\/span><\/a><\/li><li class=\"shariff-button pinterest shariff-nocustomcolor\" style=\"background-color:#e70f18\"><a href=\"https:\/\/www.pinterest.com\/pin\/create\/link\/?url=https%3A%2F%2Fwww.weiterbildungsmarkt.net%2Fnews%2Flehrer-fuer-digitale-bildung-begeistern-4379%2F&media=https%3A%2F%2Fwww.weiterbildungsmarkt.net%2Fnews%2Fwp-content%2Fuploads%2F2017%2F11%2FNT174.png&description=Lehrer%20f%C3%BCr%20digitale%20Bildung%20begeistern\" title=\"Bei Pinterest pinnen\" aria-label=\"Bei Pinterest pinnen\" role=\"button\" rel=\"noopener nofollow\" class=\"shariff-link\" style=\"; background-color:#cb2027; color:#fff\" target=\"_blank\"><span class=\"shariff-icon\" style=\"\"><svg width=\"32px\" height=\"20px\" xmlns=\"http:\/\/www.w3.org\/2000\/svg\" viewBox=\"0 0 27 32\"><path fill=\"#cb2027\" d=\"M27.4 16q0 3.7-1.8 6.9t-5 5-6.9 1.9q-2 0-3.9-0.6 1.1-1.7 1.4-2.9 0.2-0.6 1-3.8 0.4 0.7 1.3 1.2t2 0.5q2.1 0 3.8-1.2t2.7-3.4 0.9-4.8q0-2-1.1-3.8t-3.1-2.9-4.5-1.2q-1.9 0-3.5 0.5t-2.8 1.4-2 2-1.2 2.3-0.4 2.4q0 1.9 0.7 3.3t2.1 2q0.5 0.2 0.7-0.4 0-0.1 0.1-0.5t0.2-0.5q0.1-0.4-0.2-0.8-0.9-1.1-0.9-2.7 0-2.7 1.9-4.6t4.9-2q2.7 0 4.2 1.5t1.5 3.8q0 3-1.2 5.2t-3.1 2.1q-1.1 0-1.7-0.8t-0.4-1.9q0.1-0.6 0.5-1.7t0.5-1.8 0.2-1.4q0-0.9-0.5-1.5t-1.4-0.6q-1.1 0-1.9 1t-0.8 2.6q0 1.3 0.4 2.2l-1.8 7.5q-0.3 1.2-0.2 3.2-3.7-1.6-6-5t-2.3-7.6q0-3.7 1.9-6.9t5-5 6.9-1.9 6.9 1.9 5 5 1.8 6.9z\"\/><\/svg><\/span><\/a><\/li><\/ul><\/div>","protected":false},"excerpt":{"rendered":"<p>OCG und IBM bieten Workshop-Reihe \u201eInformatisches Denken und Programmieren\u201c Deutsch, Mathematik, Sprachen, Turnen, klassische Lerngegenst\u00e4nde \u2013 diese F\u00e4cher sieht die traditionelle Bildung vor. In einem modernen Bildungssystem des 21. Jahrhunderts m\u00fcssen aber auch digitale Kompetenzen vermittelt werden. Viele Lehrerinnen und Lehrer stehen gerade damit vor einer gro\u00dfen Herausforderung, da sie daf\u00fcr bislang nicht ausgebildet wurden. [&hellip;]<\/p>\n","protected":false},"author":192,"featured_media":6108,"comment_status":"closed","ping_status":"closed","sticky":false,"template":"","format":"standard","meta":{"_acf_changed":false,"footnotes":""},"categories":[112,1],"tags":[],"class_list":["post-4379","post","type-post","status-publish","format-standard","has-post-thumbnail","hentry","category-neuigkeiten","category-weiterbildung"],"acf":[],"_links":{"self":[{"href":"https:\/\/www.weiterbildungsmarkt.net\/news\/wp-json\/wp\/v2\/posts\/4379","targetHints":{"allow":["GET"]}}],"collection":[{"href":"https:\/\/www.weiterbildungsmarkt.net\/news\/wp-json\/wp\/v2\/posts"}],"about":[{"href":"https:\/\/www.weiterbildungsmarkt.net\/news\/wp-json\/wp\/v2\/types\/post"}],"author":[{"embeddable":true,"href":"https:\/\/www.weiterbildungsmarkt.net\/news\/wp-json\/wp\/v2\/users\/192"}],"replies":[{"embeddable":true,"href":"https:\/\/www.weiterbildungsmarkt.net\/news\/wp-json\/wp\/v2\/comments?post=4379"}],"version-history":[{"count":3,"href":"https:\/\/www.weiterbildungsmarkt.net\/news\/wp-json\/wp\/v2\/posts\/4379\/revisions"}],"predecessor-version":[{"id":9721,"href":"https:\/\/www.weiterbildungsmarkt.net\/news\/wp-json\/wp\/v2\/posts\/4379\/revisions\/9721"}],"wp:featuredmedia":[{"embeddable":true,"href":"https:\/\/www.weiterbildungsmarkt.net\/news\/wp-json\/wp\/v2\/media\/6108"}],"wp:attachment":[{"href":"https:\/\/www.weiterbildungsmarkt.net\/news\/wp-json\/wp\/v2\/media?parent=4379"}],"wp:term":[{"taxonomy":"category","embeddable":true,"href":"https:\/\/www.weiterbildungsmarkt.net\/news\/wp-json\/wp\/v2\/categories?post=4379"},{"taxonomy":"post_tag","embeddable":true,"href":"https:\/\/www.weiterbildungsmarkt.net\/news\/wp-json\/wp\/v2\/tags?post=4379"}],"curies":[{"name":"wp","href":"https:\/\/api.w.org\/{rel}","templated":true}]}}