{"id":4574,"date":"2017-02-23T11:31:31","date_gmt":"2017-02-23T09:31:31","guid":{"rendered":"https:\/\/www.weiterbildungsmarkt.net\/news\/?p=4574"},"modified":"2020-08-04T15:22:43","modified_gmt":"2020-08-04T13:22:43","slug":"global-political-economy-of-sustainable-development","status":"publish","type":"post","link":"https:\/\/www.weiterbildungsmarkt.net\/news\/global-political-economy-of-sustainable-development-4574\/","title":{"rendered":"Global Political Economy of Sustainable Development &#8211; Neues Masterprogramm an der Universit\u00e4t Wien"},"content":{"rendered":"<p>Im Herbst 2017 startet das postgraduale Masterprogramm &#8222;Global Political Economy of Sustainable Development&#8220; erstmals an der Universit\u00e4t Wien. Der interdisziplin\u00e4re Universit\u00e4tslehrgang wird in drei Semestern Vollzeit bzw. in f\u00fcnf Semestern berufsbegleitend in Kooperation mit der \u00d6sterreichischen Forschungsstiftung f\u00fcr Internationale Entwicklung (\u00d6FSE) und der United Nations Industrial Development Organization (UNIDO) durchgef\u00fchrt. Die Unterrichtssprache ist Englisch. TeilnehmerInnen schlie\u00dfen mit dem akademischen Grad &#8222;Master of Science (MSc)&#8220; ab.<\/p>\n<p>Mit der Agenda 2030 f\u00fcr Nachhaltige Entwicklung und den Sustainable Development Goals haben die Vereinten Nationen einen neuen Referenzrahmen f\u00fcr die globale Politik definiert. Nachhaltige Entwicklung mit ihren drei Dimensionen \u2013 \u00f6konomisch, sozial, \u00f6kologisch \u2013 bildet daher das normative und konzeptuelle Leitbild des interdisziplin\u00e4ren Universit\u00e4tslehrgangs. Auf Basis eines pluralen Verst\u00e4ndnisses wissenschaftlicher Ans\u00e4tze sowie Theorien zu Globalisierung und Nachhaltigkeit vermittelt das Masterprogramm politikorientierte Kenntnisse und angewandte Methoden. Diese dienen der sozialen und \u00f6kologischen Gestaltung von Politik auf nationaler wie internationaler Ebene.<\/p>\n<p><strong>Zielgruppe und Qualifikation<\/strong><br \/><br \/>\nDie Weiterbildung richtet sich an Personen aus den Berufsfeldern der Entwicklungspolitik und<br \/><br \/>\n-zusammenarbeit sowie aus den Bereichen Umweltpolitik, Soziales sowie Wirtschafts- und Finanzpolitik (bzw. Personen, die diese T\u00e4tigkeiten anstreben). Gleicherma\u00dfen angesprochen sind MitarbeiterInnen von internationalen Organisationen, nationalen Regierungsstellen und \u00f6ffentlichen Einrichtungen, Hochschulen und Forschungseinrichtungen sowie international t\u00e4tigen Unternehmen.<\/p>\n<p>Die fachlich breite Basis und die Vielfalt an thematischen und interdisziplin\u00e4ren Spezialisierungsm\u00f6glichkeiten qualifizieren die AbsolventInnen zu einem Einsatz in unterschiedlichen Berufsfeldern. Die TeilnehmerInnen erwerben in der postgradualen Weiterbildung im Rahmen von 90 ECTS tiefgreifende analytische und methodische F\u00e4higkeiten. Sie sind nach Abschluss in der Lage, Ma\u00dfnahmen bzw. Politik f\u00fcr die Umsetzung von nachhaltiger Entwicklung im Hinblick auf soziale, \u00f6kologische sowie \u00f6konomische Problemstellungen zu gestalten.<\/p>\n<p>Die Anmeldefrist l\u00e4uft bis 31. Mai 2017.<br \/><br \/>\nN\u00e4here Informationen unter: <u><span style=\"color: #0066cc\">www.postgraduatecenter.at\/sustainable-development<\/span><\/u><\/p>\n<p><strong>Informationsabend<\/strong><br \/><br \/>\nZeit: Mittwoch, 22. M\u00e4rz 2017, 17-19 Uhr<br \/><br \/>\nOrt: Alois Wagner-Saal im C3 \u2013 Centrum f\u00fcr Internationale Entwicklung, 1090 Wien, Sensengasse 3<\/p>\n<p>Am 22. M\u00e4rz 2017 informieren der wissenschaftliche Leiter, Ulrich Brand, und der wissenschaftliche Koordinator, Werner Raza, \u00fcber Inhalt und Organisation des Masterprogramms. Die Teilnahme an der Veranstaltung ist kostenlos.<br \/><br \/>\nUm Anmeldung wird gebeten unter: <a href=\"mailto:info.sustainable-development@univie.ac.at\" target=\"_blank\" rel=\"noopener noreferrer\"><u><span style=\"color: #0066cc\">info.sustainable-development@univie.ac.at<\/span><\/u><\/a><\/p>\n<p><strong> Er\u00f6ffnungskonferenz \u2013 \u00d6ffentliche Auftaktveranstaltung zum Masterprogramm<\/strong><br \/><br \/>\nZeit: Donnerstag, 12. Oktober 2017, 18 Uhr und Freitag, 13. Oktober 2017, 9-17 Uhr<br \/><br \/>\nOrt: C3 \u2013 Centrum f\u00fcr Internationale Entwicklung, 1090 Wien, Sensengasse 3<\/p>\n<p>Am 12. Oktober 2017 wird der Studiengang mit prominenten internationalen ReferentInnen, u.a. Klaus T\u00f6pfer (ehemaliger Exekutivdirektor des Umweltprogramms der Vereinten Nationen UNEP) und Jayati Ghosh (Professorin an der Jawaharlal-Nehru-Universit\u00e4t in Neu Delhi) er\u00f6ffnet. Am 13. Oktober findet ein Konferenztag mit Panels und Workshops statt.<\/p>\n<p><strong>Kontakt<\/strong><br \/><br \/>\nMag. Daniela Baumgartner<br \/><br \/>\nProgram Management<br \/><br \/>\n\u00d6FSE ? \u00d6sterreichische Forschungsstiftung f\u00fcr Internationale Entwicklung<br \/><br \/>\nAustrian Research Foundation for International Development<br \/><br \/>\nT + 43-1-317 40 10-103<br \/><br \/>\n<u><span style=\"color: #0066cc\">info.sustainable-development@univie.ac.at<\/span><\/u><\/p>\n<p><strong>R\u00fcckfragehinweise<\/strong><br \/><br \/>\nMag. Lisa Hellmann, Bakk.<br \/><br \/>\nMarketing &amp; Communication<br \/><br \/>\nUniversit\u00e4t Wien &#8211; Postgraduate Center<br \/><br \/>\nT +43-1-4277-108 05<br \/><br \/>\nM +43-664-602 77-108 05<br \/><br \/>\n<u><span style=\"color: #0066cc\">lisa.hellmann@univie.ac.at<\/span><\/u><\/p>\n<p>Mag. Alexandra Frey<br \/><br \/>\nPresseb\u00fcro der Universit\u00e4t Wien<br \/><br \/>\nForschung und Lehre<br \/><br \/>\nUniversit\u00e4t Wien<br \/><br \/>\nT +43-1-4277-175 33<br \/><br \/>\nM +43-664-60277-175 33<br \/><br \/>\n<u><span style=\"color: #0066cc\">alexandra.frey@univie.ac.at<\/span><\/u><\/p>\n<div class=\"shariff shariff-align-left shariff-widget-align-left\"><ul class=\"shariff-buttons theme-round orientation-horizontal buttonsize-medium\"><li class=\"shariff-button facebook shariff-nocustomcolor\" style=\"background-color:#4273c8\"><a href=\"https:\/\/www.facebook.com\/sharer\/sharer.php?u=https%3A%2F%2Fwww.weiterbildungsmarkt.net%2Fnews%2Fglobal-political-economy-of-sustainable-development-4574%2F\" title=\"Bei Facebook teilen\" aria-label=\"Bei Facebook teilen\" role=\"button\" rel=\"nofollow\" class=\"shariff-link external external_icon\" style=\"; background-color:#3b5998; color:#fff\" target=\"_blank\"><span class=\"shariff-icon\" style=\"\"><svg width=\"32px\" height=\"20px\" xmlns=\"http:\/\/www.w3.org\/2000\/svg\" viewBox=\"0 0 18 32\"><path fill=\"#3b5998\" d=\"M17.1 0.2v4.7h-2.8q-1.5 0-2.1 0.6t-0.5 1.9v3.4h5.2l-0.7 5.3h-4.5v13.6h-5.5v-13.6h-4.5v-5.3h4.5v-3.9q0-3.3 1.9-5.2t5-1.8q2.6 0 4.1 0.2z\"\/><\/svg><\/span><\/a><\/li><li class=\"shariff-button twitter shariff-nocustomcolor\" style=\"background-color:#595959\"><a href=\"https:\/\/twitter.com\/share?url=https%3A%2F%2Fwww.weiterbildungsmarkt.net%2Fnews%2Fglobal-political-economy-of-sustainable-development-4574%2F&text=Global%20Political%20Economy%20of%20Sustainable%20Development%20%E2%80%93%20Neues%20Masterprogramm%20an%20der%20Universit%C3%A4t%20Wien\" title=\"Bei X teilen\" aria-label=\"Bei X teilen\" role=\"button\" rel=\"noopener nofollow\" class=\"shariff-link\" style=\"; background-color:#000; color:#fff\" target=\"_blank\"><span class=\"shariff-icon\" style=\"\"><svg width=\"32px\" height=\"20px\" xmlns=\"http:\/\/www.w3.org\/2000\/svg\" viewBox=\"0 0 24 24\"><path fill=\"#000\" d=\"M14.258 10.152L23.176 0h-2.113l-7.747 8.813L7.133 0H0l9.352 13.328L0 23.973h2.113l8.176-9.309 6.531 9.309h7.133zm-2.895 3.293l-.949-1.328L2.875 1.56h3.246l6.086 8.523.945 1.328 7.91 11.078h-3.246zm0 0\"\/><\/svg><\/span><\/a><\/li><li class=\"shariff-button xing shariff-nocustomcolor\" style=\"background-color:#29888a\"><a href=\"https:\/\/www.xing.com\/spi\/shares\/new?url=https%3A%2F%2Fwww.weiterbildungsmarkt.net%2Fnews%2Fglobal-political-economy-of-sustainable-development-4574%2F\" title=\"Bei XING teilen\" aria-label=\"Bei XING teilen\" role=\"button\" rel=\"noopener nofollow\" class=\"shariff-link external external_icon\" style=\"; background-color:#126567; color:#fff\" target=\"_blank\"><span class=\"shariff-icon\" style=\"\"><svg width=\"32px\" height=\"20px\" xmlns=\"http:\/\/www.w3.org\/2000\/svg\" viewBox=\"0 0 25 32\"><path fill=\"#126567\" d=\"M10.7 11.9q-0.2 0.3-4.6 8.2-0.5 0.8-1.2 0.8h-4.3q-0.4 0-0.5-0.3t0-0.6l4.5-8q0 0 0 0l-2.9-5q-0.2-0.4 0-0.7 0.2-0.3 0.5-0.3h4.3q0.7 0 1.2 0.8zM25.1 0.4q0.2 0.3 0 0.7l-9.4 16.7 6 11q0.2 0.4 0 0.6-0.2 0.3-0.6 0.3h-4.3q-0.7 0-1.2-0.8l-6-11.1q0.3-0.6 9.5-16.8 0.4-0.8 1.2-0.8h4.3q0.4 0 0.5 0.3z\"\/><\/svg><\/span><\/a><\/li><li class=\"shariff-button linkedin shariff-nocustomcolor\" style=\"background-color:#1488bf\"><a href=\"https:\/\/www.linkedin.com\/sharing\/share-offsite\/?url=https%3A%2F%2Fwww.weiterbildungsmarkt.net%2Fnews%2Fglobal-political-economy-of-sustainable-development-4574%2F\" title=\"Bei LinkedIn teilen\" aria-label=\"Bei LinkedIn teilen\" role=\"button\" rel=\"noopener nofollow\" class=\"shariff-link external external_icon\" style=\"; background-color:#0077b5; color:#fff\" target=\"_blank\"><span class=\"shariff-icon\" style=\"\"><svg width=\"32px\" height=\"20px\" xmlns=\"http:\/\/www.w3.org\/2000\/svg\" viewBox=\"0 0 27 32\"><path fill=\"#0077b5\" d=\"M6.2 11.2v17.7h-5.9v-17.7h5.9zM6.6 5.7q0 1.3-0.9 2.2t-2.4 0.9h0q-1.5 0-2.4-0.9t-0.9-2.2 0.9-2.2 2.4-0.9 2.4 0.9 0.9 2.2zM27.4 18.7v10.1h-5.9v-9.5q0-1.9-0.7-2.9t-2.3-1.1q-1.1 0-1.9 0.6t-1.2 1.5q-0.2 0.5-0.2 1.4v9.9h-5.9q0-7.1 0-11.6t0-5.3l0-0.9h5.9v2.6h0q0.4-0.6 0.7-1t1-0.9 1.6-0.8 2-0.3q3 0 4.9 2t1.9 6z\"\/><\/svg><\/span><\/a><\/li><li class=\"shariff-button whatsapp shariff-nocustomcolor\" style=\"background-color:#5cbe4a\"><a href=\"https:\/\/api.whatsapp.com\/send?text=https%3A%2F%2Fwww.weiterbildungsmarkt.net%2Fnews%2Fglobal-political-economy-of-sustainable-development-4574%2F%20Global%20Political%20Economy%20of%20Sustainable%20Development%20%E2%80%93%20Neues%20Masterprogramm%20an%20der%20Universit%C3%A4t%20Wien\" title=\"Bei Whatsapp teilen\" aria-label=\"Bei Whatsapp teilen\" role=\"button\" rel=\"noopener nofollow\" class=\"shariff-link external external_icon\" style=\"; background-color:#34af23; color:#fff\" target=\"_blank\"><span class=\"shariff-icon\" style=\"\"><svg width=\"32px\" height=\"20px\" xmlns=\"http:\/\/www.w3.org\/2000\/svg\" viewBox=\"0 0 32 32\"><path fill=\"#34af23\" d=\"M17.6 17.4q0.2 0 1.7 0.8t1.6 0.9q0 0.1 0 0.3 0 0.6-0.3 1.4-0.3 0.7-1.3 1.2t-1.8 0.5q-1 0-3.4-1.1-1.7-0.8-3-2.1t-2.6-3.3q-1.3-1.9-1.3-3.5v-0.1q0.1-1.6 1.3-2.8 0.4-0.4 0.9-0.4 0.1 0 0.3 0t0.3 0q0.3 0 0.5 0.1t0.3 0.5q0.1 0.4 0.6 1.6t0.4 1.3q0 0.4-0.6 1t-0.6 0.8q0 0.1 0.1 0.3 0.6 1.3 1.8 2.4 1 0.9 2.7 1.8 0.2 0.1 0.4 0.1 0.3 0 1-0.9t0.9-0.9zM14 26.9q2.3 0 4.3-0.9t3.6-2.4 2.4-3.6 0.9-4.3-0.9-4.3-2.4-3.6-3.6-2.4-4.3-0.9-4.3 0.9-3.6 2.4-2.4 3.6-0.9 4.3q0 3.6 2.1 6.6l-1.4 4.2 4.3-1.4q2.8 1.9 6.2 1.9zM14 2.2q2.7 0 5.2 1.1t4.3 2.9 2.9 4.3 1.1 5.2-1.1 5.2-2.9 4.3-4.3 2.9-5.2 1.1q-3.5 0-6.5-1.7l-7.4 2.4 2.4-7.2q-1.9-3.2-1.9-6.9 0-2.7 1.1-5.2t2.9-4.3 4.3-2.9 5.2-1.1z\"\/><\/svg><\/span><\/a><\/li><li class=\"shariff-button pinterest shariff-nocustomcolor\" style=\"background-color:#e70f18\"><a href=\"https:\/\/www.pinterest.com\/pin\/create\/link\/?url=https%3A%2F%2Fwww.weiterbildungsmarkt.net%2Fnews%2Fglobal-political-economy-of-sustainable-development-4574%2F&media=https%3A%2F%2Fwww.weiterbildungsmarkt.net%2Fnews%2Fwp-content%2Fuploads%2F2014%2F06%2FLogo-Postgraduate-Center.jpg&description=Global%20Political%20Economy%20of%20Sustainable%20Development%20%E2%80%93%20Neues%20Masterprogramm%20an%20der%20Universit%C3%A4t%20Wien\" title=\"Bei Pinterest pinnen\" aria-label=\"Bei Pinterest pinnen\" role=\"button\" rel=\"noopener nofollow\" class=\"shariff-link\" style=\"; background-color:#cb2027; color:#fff\" target=\"_blank\"><span class=\"shariff-icon\" style=\"\"><svg width=\"32px\" height=\"20px\" xmlns=\"http:\/\/www.w3.org\/2000\/svg\" viewBox=\"0 0 27 32\"><path fill=\"#cb2027\" d=\"M27.4 16q0 3.7-1.8 6.9t-5 5-6.9 1.9q-2 0-3.9-0.6 1.1-1.7 1.4-2.9 0.2-0.6 1-3.8 0.4 0.7 1.3 1.2t2 0.5q2.1 0 3.8-1.2t2.7-3.4 0.9-4.8q0-2-1.1-3.8t-3.1-2.9-4.5-1.2q-1.9 0-3.5 0.5t-2.8 1.4-2 2-1.2 2.3-0.4 2.4q0 1.9 0.7 3.3t2.1 2q0.5 0.2 0.7-0.4 0-0.1 0.1-0.5t0.2-0.5q0.1-0.4-0.2-0.8-0.9-1.1-0.9-2.7 0-2.7 1.9-4.6t4.9-2q2.7 0 4.2 1.5t1.5 3.8q0 3-1.2 5.2t-3.1 2.1q-1.1 0-1.7-0.8t-0.4-1.9q0.1-0.6 0.5-1.7t0.5-1.8 0.2-1.4q0-0.9-0.5-1.5t-1.4-0.6q-1.1 0-1.9 1t-0.8 2.6q0 1.3 0.4 2.2l-1.8 7.5q-0.3 1.2-0.2 3.2-3.7-1.6-6-5t-2.3-7.6q0-3.7 1.9-6.9t5-5 6.9-1.9 6.9 1.9 5 5 1.8 6.9z\"\/><\/svg><\/span><\/a><\/li><\/ul><\/div>","protected":false},"excerpt":{"rendered":"<p>Im Herbst 2017 startet das postgraduale Masterprogramm &#8222;Global Political Economy of Sustainable Development&#8220; erstmals an der Universit\u00e4t Wien. Der interdisziplin\u00e4re Universit\u00e4tslehrgang wird in drei Semestern Vollzeit bzw. in f\u00fcnf Semestern berufsbegleitend in Kooperation mit der \u00d6sterreichischen Forschungsstiftung f\u00fcr Internationale Entwicklung (\u00d6FSE) und der United Nations Industrial Development Organization (UNIDO) durchgef\u00fchrt. Die Unterrichtssprache ist Englisch. TeilnehmerInnen [&hellip;]<\/p>\n","protected":false},"author":25,"featured_media":1841,"comment_status":"closed","ping_status":"closed","sticky":false,"template":"","format":"standard","meta":{"_acf_changed":false,"footnotes":""},"categories":[1],"tags":[],"class_list":["post-4574","post","type-post","status-publish","format-standard","has-post-thumbnail","hentry","category-weiterbildung"],"acf":[],"_links":{"self":[{"href":"https:\/\/www.weiterbildungsmarkt.net\/news\/wp-json\/wp\/v2\/posts\/4574","targetHints":{"allow":["GET"]}}],"collection":[{"href":"https:\/\/www.weiterbildungsmarkt.net\/news\/wp-json\/wp\/v2\/posts"}],"about":[{"href":"https:\/\/www.weiterbildungsmarkt.net\/news\/wp-json\/wp\/v2\/types\/post"}],"author":[{"embeddable":true,"href":"https:\/\/www.weiterbildungsmarkt.net\/news\/wp-json\/wp\/v2\/users\/25"}],"replies":[{"embeddable":true,"href":"https:\/\/www.weiterbildungsmarkt.net\/news\/wp-json\/wp\/v2\/comments?post=4574"}],"version-history":[{"count":7,"href":"https:\/\/www.weiterbildungsmarkt.net\/news\/wp-json\/wp\/v2\/posts\/4574\/revisions"}],"predecessor-version":[{"id":8117,"href":"https:\/\/www.weiterbildungsmarkt.net\/news\/wp-json\/wp\/v2\/posts\/4574\/revisions\/8117"}],"wp:featuredmedia":[{"embeddable":true,"href":"https:\/\/www.weiterbildungsmarkt.net\/news\/wp-json\/wp\/v2\/media\/1841"}],"wp:attachment":[{"href":"https:\/\/www.weiterbildungsmarkt.net\/news\/wp-json\/wp\/v2\/media?parent=4574"}],"wp:term":[{"taxonomy":"category","embeddable":true,"href":"https:\/\/www.weiterbildungsmarkt.net\/news\/wp-json\/wp\/v2\/categories?post=4574"},{"taxonomy":"post_tag","embeddable":true,"href":"https:\/\/www.weiterbildungsmarkt.net\/news\/wp-json\/wp\/v2\/tags?post=4574"}],"curies":[{"name":"wp","href":"https:\/\/api.w.org\/{rel}","templated":true}]}}