{"id":4991,"date":"2017-03-29T13:26:09","date_gmt":"2017-03-29T11:26:09","guid":{"rendered":"https:\/\/www.weiterbildungsmarkt.net\/news\/?p=4991"},"modified":"2020-02-12T14:26:48","modified_gmt":"2020-02-12T13:26:48","slug":"heute-leben-20170324-orf-studiogespraech-mit-zeitforscher-franz-j-schweifer","status":"publish","type":"post","link":"https:\/\/www.weiterbildungsmarkt.net\/news\/heute-leben-20170324-orf-studiogespraech-mit-zeitforscher-franz-j-schweifer-4991\/","title":{"rendered":"HEUTE LEBEN 20170324 &#8211; ORF Studiogespr\u00e4ch mit Zeitforscher Franz J. Schweifer"},"content":{"rendered":"<p>Franz J. SCHWEIFER ist Zeitforscher &amp; Philosoph (&#8222;Temposoph&#8220; &#8211; so seine Eigendefinition). Als Gesch\u00e4ftsf\u00fchrer des Beratungsinstituts &#8222;Die ManagementOASE &#8211; Schweifer &amp; Partner, Coaching. Training. Consulting.&#8220; ber\u00e4t er gemeinsam mit seiner Frau und einem Expert\/innen-Team nationale wie internationale Unternehmen. In seinem neuen Buch <strong><em>TEMPO ALL\u00b4ARRABBIATA<\/em> <\/strong>wirft er einen kritischen Blick auf das Zeitgef\u00fchl und Zeitmanagement vieler Menschen.<\/p>\n<p>Das Studiogespr\u00e4ch ist in der ORF-TVthek abrufbar unter:<br \/><br \/>\nhttp:\/\/tvthek.orf.at\/profile\/heute-leben\/4660213\/heute-leben\/13922261<\/p>\n<p>Oder l\u00e4ngerfristig auf YouTube unter:<br \/><br \/>\n<iframe loading=\"lazy\" title=\"HEUTE LEBEN 20170324 Studiogespr\u00e4ch mit Zeitforscher Franz J. Schweifer\" width=\"640\" height=\"360\" src=\"https:\/\/www.youtube.com\/embed\/cTIA6-CeBIM?feature=oembed\" frameborder=\"0\" allow=\"accelerometer; autoplay; clipboard-write; encrypted-media; gyroscope; picture-in-picture; web-share\" referrerpolicy=\"strict-origin-when-cross-origin\" allowfullscreen><\/iframe><\/p>\n<p><strong><br \/><br \/>\nZum aktuellen Buch:<\/strong><br \/><br \/>\nTempo all\u2019arrabbiata. Kritische Zeitenblicke eines Temposophen. Eine Zeit-Anthologie f\u00fcr Querdenker (Philosophische Praxis) Taschenbuch \u2013 1. Januar 2017 von Franz J. Schweifer<\/p>\n<p>Tempo all\u00b4arrabbiata\u201c ist keine pikante Neukreation f\u00fcr Liebhaber italienischer Kochkunst, sondern eine pointierte Zeit-Anthologie f\u00fcr Querdenker. Sie greift in konzentrierten Essays und Fachbeitr\u00e4gen bemerkenswerte Widerspr\u00fcche und Themen auf, die unseren Umgang mit Zeit ber\u00fchren. Offensichtlich oder latent.<br \/><br \/>\nEs sind kritische Zeitenblicke eines \u201eTemposophen\u201c, die Gewohntes in Frage oder auf den Kopf stellen \u2013 und so neue Einsichten erm\u00f6glichen, gleichzeitig zu eigenen Reflexionen und Schl\u00fcssen einladen.<br \/><br \/>\nEin ungew\u00f6hnliches Zeit-Lesebuch mit einer Prise Ironie und Humor. Anregend. Aufschlussreich. Scharfsinnig. Ganz \u00e1 la \u201earrabbiata\u201c.<\/p>\n<p><strong>Infos<\/strong> zum aktuellen Buch und zu fr\u00fcheren Publikationen wie <strong><em>ACH DU LIEBE ZEIT<\/em><\/strong> oder <strong><em>ZEIT \u2013 MACHT \u2013 OHNMACHT<\/em><\/strong> unter: <a href=\"http:\/\/www.verlagdrkovac.de\/978-3-8300-9288-9.htm\" target=\"_blank\" rel=\"noopener nofollow\" class=\"external external_icon\">http:\/\/www.verlagdrkovac.de\/978-3-8300-9288-9.htm<\/a><\/p>\n<p><strong><br \/><br \/>\nAktuelle Workshops &amp; Seminare:<\/strong><\/p>\n<ul><br \/>\n<li>Ach du liebe Zeit (Seminar)<em>\u00a0<\/em><\/li><br \/>\n<li>Zeit meisterhaft managen\u00a0 (Seminar)<\/li><br \/>\n<li>Work-Life-Balance\u00a0 (Seminar)<\/li><br \/>\n<li>Angina temporis &#8211; Zeitentz\u00fcndungsKur\u00a0 (Seminar)<\/li><br \/>\n<li>DownSpeeding im Sommer\u00a0 (Seminar)<\/li><br \/>\n<li>DownSpeeding im Advent <em>(Seminar)<\/em><\/li><br \/>\n<li>ZeitPrivatissimum (KleingruppenCoaching)<\/li><br \/>\n<li>Synergy Map &#8211; Navi f\u00fcr den Kopf\u00a0 (KurzWorkshop)<\/li><br \/>\n<li><span lang=\"DE-AT\">Stress meisterhaft managen\u00a0\u00a0<span lang=\"DE\">(Seminar)<\/span>\u00a0<\/span><\/li><br \/>\n<li><span lang=\"DE-AT\">Managing yourself &amp; Leading others<\/span> (Seminar)<\/li><br \/>\n<li>WerteManagement kompakt (Vortrag\/KurzWorkshop)<\/li><br \/>\n<\/ul>\n<p>&nbsp;<\/p>\n<div class=\"shariff shariff-align-left shariff-widget-align-left\"><ul class=\"shariff-buttons theme-round orientation-horizontal buttonsize-medium\"><li class=\"shariff-button facebook shariff-nocustomcolor\" style=\"background-color:#4273c8\"><a href=\"https:\/\/www.facebook.com\/sharer\/sharer.php?u=https%3A%2F%2Fwww.weiterbildungsmarkt.net%2Fnews%2Fheute-leben-20170324-orf-studiogespraech-mit-zeitforscher-franz-j-schweifer-4991%2F\" title=\"Bei Facebook teilen\" aria-label=\"Bei Facebook teilen\" role=\"button\" rel=\"nofollow\" class=\"shariff-link external external_icon\" style=\"; background-color:#3b5998; color:#fff\" target=\"_blank\"><span class=\"shariff-icon\" style=\"\"><svg width=\"32px\" height=\"20px\" xmlns=\"http:\/\/www.w3.org\/2000\/svg\" viewBox=\"0 0 18 32\"><path fill=\"#3b5998\" d=\"M17.1 0.2v4.7h-2.8q-1.5 0-2.1 0.6t-0.5 1.9v3.4h5.2l-0.7 5.3h-4.5v13.6h-5.5v-13.6h-4.5v-5.3h4.5v-3.9q0-3.3 1.9-5.2t5-1.8q2.6 0 4.1 0.2z\"\/><\/svg><\/span><\/a><\/li><li class=\"shariff-button twitter shariff-nocustomcolor\" style=\"background-color:#595959\"><a href=\"https:\/\/twitter.com\/share?url=https%3A%2F%2Fwww.weiterbildungsmarkt.net%2Fnews%2Fheute-leben-20170324-orf-studiogespraech-mit-zeitforscher-franz-j-schweifer-4991%2F&text=HEUTE%20LEBEN%2020170324%20%E2%80%93%20ORF%20Studiogespr%C3%A4ch%20mit%20Zeitforscher%20Franz%20J.%20Schweifer\" title=\"Bei X teilen\" aria-label=\"Bei X teilen\" role=\"button\" rel=\"noopener nofollow\" class=\"shariff-link\" style=\"; background-color:#000; color:#fff\" target=\"_blank\"><span class=\"shariff-icon\" style=\"\"><svg width=\"32px\" height=\"20px\" xmlns=\"http:\/\/www.w3.org\/2000\/svg\" viewBox=\"0 0 24 24\"><path fill=\"#000\" d=\"M14.258 10.152L23.176 0h-2.113l-7.747 8.813L7.133 0H0l9.352 13.328L0 23.973h2.113l8.176-9.309 6.531 9.309h7.133zm-2.895 3.293l-.949-1.328L2.875 1.56h3.246l6.086 8.523.945 1.328 7.91 11.078h-3.246zm0 0\"\/><\/svg><\/span><\/a><\/li><li class=\"shariff-button xing shariff-nocustomcolor\" style=\"background-color:#29888a\"><a href=\"https:\/\/www.xing.com\/spi\/shares\/new?url=https%3A%2F%2Fwww.weiterbildungsmarkt.net%2Fnews%2Fheute-leben-20170324-orf-studiogespraech-mit-zeitforscher-franz-j-schweifer-4991%2F\" title=\"Bei XING teilen\" aria-label=\"Bei XING teilen\" role=\"button\" rel=\"noopener nofollow\" class=\"shariff-link external external_icon\" style=\"; background-color:#126567; color:#fff\" target=\"_blank\"><span class=\"shariff-icon\" style=\"\"><svg width=\"32px\" height=\"20px\" xmlns=\"http:\/\/www.w3.org\/2000\/svg\" viewBox=\"0 0 25 32\"><path fill=\"#126567\" d=\"M10.7 11.9q-0.2 0.3-4.6 8.2-0.5 0.8-1.2 0.8h-4.3q-0.4 0-0.5-0.3t0-0.6l4.5-8q0 0 0 0l-2.9-5q-0.2-0.4 0-0.7 0.2-0.3 0.5-0.3h4.3q0.7 0 1.2 0.8zM25.1 0.4q0.2 0.3 0 0.7l-9.4 16.7 6 11q0.2 0.4 0 0.6-0.2 0.3-0.6 0.3h-4.3q-0.7 0-1.2-0.8l-6-11.1q0.3-0.6 9.5-16.8 0.4-0.8 1.2-0.8h4.3q0.4 0 0.5 0.3z\"\/><\/svg><\/span><\/a><\/li><li class=\"shariff-button linkedin shariff-nocustomcolor\" style=\"background-color:#1488bf\"><a href=\"https:\/\/www.linkedin.com\/sharing\/share-offsite\/?url=https%3A%2F%2Fwww.weiterbildungsmarkt.net%2Fnews%2Fheute-leben-20170324-orf-studiogespraech-mit-zeitforscher-franz-j-schweifer-4991%2F\" title=\"Bei LinkedIn teilen\" aria-label=\"Bei LinkedIn teilen\" role=\"button\" rel=\"noopener nofollow\" class=\"shariff-link external external_icon\" style=\"; background-color:#0077b5; color:#fff\" target=\"_blank\"><span class=\"shariff-icon\" style=\"\"><svg width=\"32px\" height=\"20px\" xmlns=\"http:\/\/www.w3.org\/2000\/svg\" viewBox=\"0 0 27 32\"><path fill=\"#0077b5\" d=\"M6.2 11.2v17.7h-5.9v-17.7h5.9zM6.6 5.7q0 1.3-0.9 2.2t-2.4 0.9h0q-1.5 0-2.4-0.9t-0.9-2.2 0.9-2.2 2.4-0.9 2.4 0.9 0.9 2.2zM27.4 18.7v10.1h-5.9v-9.5q0-1.9-0.7-2.9t-2.3-1.1q-1.1 0-1.9 0.6t-1.2 1.5q-0.2 0.5-0.2 1.4v9.9h-5.9q0-7.1 0-11.6t0-5.3l0-0.9h5.9v2.6h0q0.4-0.6 0.7-1t1-0.9 1.6-0.8 2-0.3q3 0 4.9 2t1.9 6z\"\/><\/svg><\/span><\/a><\/li><li class=\"shariff-button whatsapp shariff-nocustomcolor\" style=\"background-color:#5cbe4a\"><a href=\"https:\/\/api.whatsapp.com\/send?text=https%3A%2F%2Fwww.weiterbildungsmarkt.net%2Fnews%2Fheute-leben-20170324-orf-studiogespraech-mit-zeitforscher-franz-j-schweifer-4991%2F%20HEUTE%20LEBEN%2020170324%20%E2%80%93%20ORF%20Studiogespr%C3%A4ch%20mit%20Zeitforscher%20Franz%20J.%20Schweifer\" title=\"Bei Whatsapp teilen\" aria-label=\"Bei Whatsapp teilen\" role=\"button\" rel=\"noopener nofollow\" class=\"shariff-link external external_icon\" style=\"; background-color:#34af23; color:#fff\" target=\"_blank\"><span class=\"shariff-icon\" style=\"\"><svg width=\"32px\" height=\"20px\" xmlns=\"http:\/\/www.w3.org\/2000\/svg\" viewBox=\"0 0 32 32\"><path fill=\"#34af23\" d=\"M17.6 17.4q0.2 0 1.7 0.8t1.6 0.9q0 0.1 0 0.3 0 0.6-0.3 1.4-0.3 0.7-1.3 1.2t-1.8 0.5q-1 0-3.4-1.1-1.7-0.8-3-2.1t-2.6-3.3q-1.3-1.9-1.3-3.5v-0.1q0.1-1.6 1.3-2.8 0.4-0.4 0.9-0.4 0.1 0 0.3 0t0.3 0q0.3 0 0.5 0.1t0.3 0.5q0.1 0.4 0.6 1.6t0.4 1.3q0 0.4-0.6 1t-0.6 0.8q0 0.1 0.1 0.3 0.6 1.3 1.8 2.4 1 0.9 2.7 1.8 0.2 0.1 0.4 0.1 0.3 0 1-0.9t0.9-0.9zM14 26.9q2.3 0 4.3-0.9t3.6-2.4 2.4-3.6 0.9-4.3-0.9-4.3-2.4-3.6-3.6-2.4-4.3-0.9-4.3 0.9-3.6 2.4-2.4 3.6-0.9 4.3q0 3.6 2.1 6.6l-1.4 4.2 4.3-1.4q2.8 1.9 6.2 1.9zM14 2.2q2.7 0 5.2 1.1t4.3 2.9 2.9 4.3 1.1 5.2-1.1 5.2-2.9 4.3-4.3 2.9-5.2 1.1q-3.5 0-6.5-1.7l-7.4 2.4 2.4-7.2q-1.9-3.2-1.9-6.9 0-2.7 1.1-5.2t2.9-4.3 4.3-2.9 5.2-1.1z\"\/><\/svg><\/span><\/a><\/li><li class=\"shariff-button pinterest shariff-nocustomcolor\" style=\"background-color:#e70f18\"><a href=\"https:\/\/www.pinterest.com\/pin\/create\/link\/?url=https%3A%2F%2Fwww.weiterbildungsmarkt.net%2Fnews%2Fheute-leben-20170324-orf-studiogespraech-mit-zeitforscher-franz-j-schweifer-4991%2F&media=https%3A%2F%2Fwww.weiterbildungsmarkt.net%2Fnews%2Fwp-content%2Fuploads%2F2015%2F02%2FPresseFoto_-FJSchweifer.jpg&description=HEUTE%20LEBEN%2020170324%20%E2%80%93%20ORF%20Studiogespr%C3%A4ch%20mit%20Zeitforscher%20Franz%20J.%20Schweifer\" title=\"Bei Pinterest pinnen\" aria-label=\"Bei Pinterest pinnen\" role=\"button\" rel=\"noopener nofollow\" class=\"shariff-link\" style=\"; background-color:#cb2027; color:#fff\" target=\"_blank\"><span class=\"shariff-icon\" style=\"\"><svg width=\"32px\" height=\"20px\" xmlns=\"http:\/\/www.w3.org\/2000\/svg\" viewBox=\"0 0 27 32\"><path fill=\"#cb2027\" d=\"M27.4 16q0 3.7-1.8 6.9t-5 5-6.9 1.9q-2 0-3.9-0.6 1.1-1.7 1.4-2.9 0.2-0.6 1-3.8 0.4 0.7 1.3 1.2t2 0.5q2.1 0 3.8-1.2t2.7-3.4 0.9-4.8q0-2-1.1-3.8t-3.1-2.9-4.5-1.2q-1.9 0-3.5 0.5t-2.8 1.4-2 2-1.2 2.3-0.4 2.4q0 1.9 0.7 3.3t2.1 2q0.5 0.2 0.7-0.4 0-0.1 0.1-0.5t0.2-0.5q0.1-0.4-0.2-0.8-0.9-1.1-0.9-2.7 0-2.7 1.9-4.6t4.9-2q2.7 0 4.2 1.5t1.5 3.8q0 3-1.2 5.2t-3.1 2.1q-1.1 0-1.7-0.8t-0.4-1.9q0.1-0.6 0.5-1.7t0.5-1.8 0.2-1.4q0-0.9-0.5-1.5t-1.4-0.6q-1.1 0-1.9 1t-0.8 2.6q0 1.3 0.4 2.2l-1.8 7.5q-0.3 1.2-0.2 3.2-3.7-1.6-6-5t-2.3-7.6q0-3.7 1.9-6.9t5-5 6.9-1.9 6.9 1.9 5 5 1.8 6.9z\"\/><\/svg><\/span><\/a><\/li><\/ul><\/div>","protected":false},"excerpt":{"rendered":"<p>Franz J. SCHWEIFER ist Zeitforscher &amp; Philosoph (&#8222;Temposoph&#8220; &#8211; so seine Eigendefinition). Als Gesch\u00e4ftsf\u00fchrer des Beratungsinstituts &#8222;Die ManagementOASE &#8211; Schweifer &amp; Partner, Coaching. Training. Consulting.&#8220; ber\u00e4t er gemeinsam mit seiner Frau und einem Expert\/innen-Team nationale wie internationale Unternehmen. In seinem neuen Buch TEMPO ALL\u00b4ARRABBIATA wirft er einen kritischen Blick auf das Zeitgef\u00fchl und Zeitmanagement vieler [&hellip;]<\/p>\n","protected":false},"author":121,"featured_media":2207,"comment_status":"closed","ping_status":"closed","sticky":false,"template":"","format":"video","meta":{"_acf_changed":false,"footnotes":""},"categories":[111,112],"tags":[303,102],"class_list":["post-4991","post","type-post","status-publish","format-video","has-post-thumbnail","hentry","category-buchvorstellung","category-neuigkeiten","tag-lebenszeit","tag-zeitmanagement","post_format-post-format-video"],"acf":[],"_links":{"self":[{"href":"https:\/\/www.weiterbildungsmarkt.net\/news\/wp-json\/wp\/v2\/posts\/4991","targetHints":{"allow":["GET"]}}],"collection":[{"href":"https:\/\/www.weiterbildungsmarkt.net\/news\/wp-json\/wp\/v2\/posts"}],"about":[{"href":"https:\/\/www.weiterbildungsmarkt.net\/news\/wp-json\/wp\/v2\/types\/post"}],"author":[{"embeddable":true,"href":"https:\/\/www.weiterbildungsmarkt.net\/news\/wp-json\/wp\/v2\/users\/121"}],"replies":[{"embeddable":true,"href":"https:\/\/www.weiterbildungsmarkt.net\/news\/wp-json\/wp\/v2\/comments?post=4991"}],"version-history":[{"count":4,"href":"https:\/\/www.weiterbildungsmarkt.net\/news\/wp-json\/wp\/v2\/posts\/4991\/revisions"}],"predecessor-version":[{"id":7825,"href":"https:\/\/www.weiterbildungsmarkt.net\/news\/wp-json\/wp\/v2\/posts\/4991\/revisions\/7825"}],"wp:featuredmedia":[{"embeddable":true,"href":"https:\/\/www.weiterbildungsmarkt.net\/news\/wp-json\/wp\/v2\/media\/2207"}],"wp:attachment":[{"href":"https:\/\/www.weiterbildungsmarkt.net\/news\/wp-json\/wp\/v2\/media?parent=4991"}],"wp:term":[{"taxonomy":"category","embeddable":true,"href":"https:\/\/www.weiterbildungsmarkt.net\/news\/wp-json\/wp\/v2\/categories?post=4991"},{"taxonomy":"post_tag","embeddable":true,"href":"https:\/\/www.weiterbildungsmarkt.net\/news\/wp-json\/wp\/v2\/tags?post=4991"}],"curies":[{"name":"wp","href":"https:\/\/api.w.org\/{rel}","templated":true}]}}