{"id":5276,"date":"2017-08-22T07:52:03","date_gmt":"2017-08-22T05:52:03","guid":{"rendered":"https:\/\/www.weiterbildungsmarkt.net\/news\/?p=5276"},"modified":"2025-10-30T16:58:50","modified_gmt":"2025-10-30T15:58:50","slug":"mehr-verantwortung-fuer-die-neue-generation-vaeter","status":"publish","type":"post","link":"https:\/\/www.weiterbildungsmarkt.net\/news\/mehr-verantwortung-fuer-die-neue-generation-vaeter-5276\/","title":{"rendered":"Mehr Verantwortung f\u00fcr die neue Generation V\u00e4ter!"},"content":{"rendered":"<p style=\"text-align: justify;\">Hohe Anspr\u00fcche an die eigene Leistung als Frau und Mutter und h\u00e4ufig selbst auferlegter Perfektionismus setzen viele M\u00fctter in ihrem Alltag unter Druck. Damit einher geht der Wunsch, immer alles unter Kontrolle haben zu wollen. Eine aktuelle Studie, die das rheingold Institut zusammen mit der Online-Plattform for-me-online.de des Konsumg\u00fcterherstellers Procter &amp; Gamble (P&amp;G) durchgef\u00fchrt hat, zeigt, dass 78 % der M\u00fctter der Meinung sind, sie haben alles im Griff, auch wenn es zu Hause mal drunter und dr\u00fcber geht. Dabei geben M\u00fctter nur selten Aufgaben an die V\u00e4ter ab, denn rund die H\u00e4lfte der befragten Frauen (51 %) \u00fcbernehmen Dinge lieber selbst, bevor sie sich mit dem Partner dar\u00fcber auseinandersetzen, wer welche Aufgabe erledigen soll. Doch die neue Generation V\u00e4ter ist durchaus bereit, mehr Aufgaben im Haushalt und bei der Familienorganisation zu \u00fcbernehmen. Gleichzeitig zeigt die Studie: Bei den M\u00fcttern steigt langsam das Bewusstsein, dass sie nicht alles schaffen k\u00f6nnen. Der Vatertag am 25. Mai ist eine gute Gelegenheit zu honorieren, was V\u00e4ter leisten, aber auch aufzuzeigen, wie eine gleichberechtigte Teilung der Arbeit in Haushalt und Familie aussehen kann.<\/p>\n<figure id=\"attachment_5278\" aria-describedby=\"caption-attachment-5278\" style=\"width: 710px\" class=\"wp-caption aligncenter\"><img loading=\"lazy\" decoding=\"async\" class=\"size-full wp-image-5278\" src=\"https:\/\/www.weiterbildungsmarkt.net\/news\/wp-content\/uploads\/2017\/05\/mehr-verantwortung-fuer-die-neue-generation-vaeter-rheingold-studie-zeigt-jede-zweite-mutter-gibt-he.jpg\" alt=\"mehr-verantwortung-fuer-die-neue-generation-vaeter-rheingold-studie-zeigt-jede-zweite-mutter-gibt-he\" width=\"710\" height=\"1353\" srcset=\"https:\/\/www.weiterbildungsmarkt.net\/news\/wp-content\/uploads\/2017\/05\/mehr-verantwortung-fuer-die-neue-generation-vaeter-rheingold-studie-zeigt-jede-zweite-mutter-gibt-he.jpg 710w, https:\/\/www.weiterbildungsmarkt.net\/news\/wp-content\/uploads\/2017\/05\/mehr-verantwortung-fuer-die-neue-generation-vaeter-rheingold-studie-zeigt-jede-zweite-mutter-gibt-he-157x300.jpg 157w, https:\/\/www.weiterbildungsmarkt.net\/news\/wp-content\/uploads\/2017\/05\/mehr-verantwortung-fuer-die-neue-generation-vaeter-rheingold-studie-zeigt-jede-zweite-mutter-gibt-he-537x1024.jpg 537w, https:\/\/www.weiterbildungsmarkt.net\/news\/wp-content\/uploads\/2017\/05\/mehr-verantwortung-fuer-die-neue-generation-vaeter-rheingold-studie-zeigt-jede-zweite-mutter-gibt-he-220x420.jpg 220w\" sizes=\"auto, (max-width: 710px) 100vw, 710px\" \/><figcaption id=\"caption-attachment-5278\" class=\"wp-caption-text\">Infografik zur Working Mom Studie, durchgef\u00fchrt vom rheingold Institut im Auftrag der P&amp;G Onlineplattform &#8222;for me&#8220; \/ Quellenangabe: &#8222;obs\/Procter &amp; Gamble Germany GmbH &amp; Co Operations oHG&#8220;<\/figcaption><\/figure><br \/>\n<p style=\"text-align: justify;\"><strong>M\u00fctter haben die Hosen an<\/strong><\/p>\n<p style=\"text-align: justify;\">In vielen deutschen Haushalten liegt die Familienorganisation in den H\u00e4nden der Frauen. Bei ihnen laufen alle F\u00e4den zusammen und oft wahren nur sie den \u00dcberblick im komplexen Familienalltag. Daher wundert es nicht, dass mehr als zwei Drittel (69 %) der M\u00fctter sich als Familienoberhaupt sehen. Eine Mutter \u00e4u\u00dfert im Rahmen der Studie, ihr Mann sei der Meinung, alle m\u00fcssten immer nach ihrer Nase tanzen. Eine andere berichtet, sie sehe sich als liebende Mutter und gleichzeitig als Chef der Familie. Hierbei wird deutlich, dass M\u00fctter aktiv versuchen, alle Rollen in der Familie zu besetzen und nach M\u00f6glichkeit anfallende Aufgaben selbst zu \u00fcbernehmen. Ihre Partner nehmen dabei oft eine Nebenrolle ein und haben teilweise M\u00fche, sich im Familienalltag als gleichberechtigter Part zu positionieren.<\/p>\n<p style=\"text-align: justify;\"><strong>M\u00fctter &amp; V\u00e4ter gemeinsam auf dem richtigen Weg in die Zukunft<\/strong><\/p>\n<p style=\"text-align: justify;\">Der erste Schritt zur Ver\u00e4nderung ist bereits getan: 68 % der M\u00fctter haben eingesehen, dass sie nicht alles schaffen k\u00f6nnen. Einige M\u00fctter berichten, dass sie sich bewusst nicht mehr selbst um alles k\u00fcmmern und Verantwortung teilen. So sagt eine befragte Mutter: &#8222;Heute bin ich nicht mehr diejenige, die alles an sich rei\u00dft und alles selber macht. Heute habe ich Zeit, die Aufgaben zu verteilen, sodass jeder mitmacht!&#8220; Diese Ver\u00e4nderungen treffen auf eine neue Generation V\u00e4ter, die nicht nur Ern\u00e4hrer sein, sondern auch ihre Partnerinnen entlasten k\u00f6nnen. &#8222;Frauen haben heutzutage vom Kopf her verstanden, dass sie Verantwortung und Aufgaben mit dem Partner teilen k\u00f6nnen. Das Wissen darum wird nur noch nicht ausreichend umgesetzt&#8220;, so Birgit Langebartels, Studienleiterin und Head of Kids &amp; Family Research bei rheingold. &#8222;Frauen halten weiterhin zu sehr an dem Idealbild fest, alles alleine und auch am besten schaffen zu k\u00f6nnen. Notwendig ist, dass sie mit ihren Partnern in einen wertsch\u00e4tzenden Austausch kommen, Zust\u00e4ndigkeiten besprechen und diese im Alltag ein\u00fcben. Verantwortung abgeben kann man lernen. Zudem hat sich das M\u00e4nnerbild ebenfalls sehr gewandelt. M\u00e4nner sind noch unsicher, wie sie dieses neue Bild ausf\u00fcllen k\u00f6nnen, w\u00fcnschen sich jedoch eingebunden zu werden.&#8220; Der Vatertag sollte daher ein Anlass sein, die bisherige Leistung der V\u00e4ter und ihre Bereitschaft, die Arbeit und Familienorganisation zu teilen, zu w\u00fcrdigen. Das best\u00e4rkt Frauen darin, Aufgaben und Verantwortung weiterhin abzugeben. Denn nur so kann Gleichberechtigung bei der Kindererziehung und Familienorganisation, im Job und im Haushalt selbstverst\u00e4ndlich werden.<\/p>\n<p style=\"text-align: justify;\"><strong>\u00dcber die Studie<\/strong><\/p>\n<p style=\"text-align: justify;\">Das rheingold Institut befragte im Auftrag der Online-Plattform &#8222;for me&#8220; (www.for-me-online.de) von Procter &amp; Gamble von Oktober 2016 bis Januar 2017 berufst\u00e4tige M\u00fctter zwischen 20 und 50 Jahren. Die Daten wurden zweistufig erhoben: Etwa 40 Frauen befragte das Institut in qualitativen Einzelinterviews und 1.021 Frauen in einer bundesweiten quantitativen Online-Umfrage.<\/p>\n<p style=\"text-align: justify;\"><strong>\u00dcber Procter &amp; Gamble<\/strong><\/p>\n<p style=\"text-align: justify;\">Procter &amp; Gamble (P&amp;G) bietet Verbrauchern auf der ganzen Welt eines der st\u00e4rksten Portfolios mit qualitativ hochwertigen und f\u00fchrenden Marken wie Always\u00ae, Ambi Pur\u00ae, Ariel\u00ae, Bounty\u00ae, Charmin\u00ae, Crest\u00ae, Dawn\u00ae, Downy\u00ae, Fairy\u00ae, Febreze\u00ae, Gain\u00ae, Gillette\u00ae, Head &amp; Shoulders\u00ae, Lenor\u00ae, Olaz\u00ae, Oral-B\u00ae, Pampers\u00ae, Pantene\u00ae, SK-II\u00ae, Tide\u00ae, Wick\u00ae und Whisper\u00ae.<\/p>\n<p style=\"text-align: justify;\">for me (www.for-me-online.de) ist eine der gr\u00f6\u00dften Frauen-Communitys in Deutschland. Das Motto von for me lautet &#8222;Du selbst sein steht dir gut!&#8220;. Ziel der Plattform ist es, eine hilfreiche Quelle f\u00fcr Frauen in allen Lebenslagen zu sein und die vielf\u00e4ltigen Facetten von Frauen als Mutter, Partnerin oder im Beruf zu zeigen. for me m\u00f6chte Frauen mit Familie im Alltagsleben mit Rat und Inspiration zu verschiedensten Themen unterst\u00fctzen &#8211; von Familie und Gesundheit, \u00fcber Wellness und Sch\u00f6nheit hin zu Rezepten und Inspiration f\u00fcr das Zuhause.<\/p>\n<p style=\"text-align: justify;\"><strong>\u00dcber rheingold<\/strong><\/p>\n<p style=\"text-align: justify;\">rheingold institut f\u00fchrt pro Jahr ca. 5.000 zweist\u00fcndige Explorationen zu allen Bereichen des Alltagslebens durch. Rund 45 feste und 55 freie Mitarbeiter erforschen M\u00e4rkte, Medien und Kultur. Daraus ist ein einzigartiger Erfahrungsschatz zu unterschiedlichsten Themen geworden. Von ganz intimen menschlichen Ph\u00e4nomenen bis hin zur Politik und Alltagskultur. rheingold verf\u00fcgt damit \u00fcber das umfassendste, stets aktuelle, qualitative Wissen \u00fcber Verbraucher weltweit.<\/p>\n<p style=\"text-align: justify;\">Quelle: Presseportal.de<\/p>\n<div class=\"shariff shariff-align-left shariff-widget-align-left\"><ul class=\"shariff-buttons theme-round orientation-horizontal buttonsize-medium\"><li class=\"shariff-button facebook shariff-nocustomcolor\" style=\"background-color:#4273c8\"><a href=\"https:\/\/www.facebook.com\/sharer\/sharer.php?u=https%3A%2F%2Fwww.weiterbildungsmarkt.net%2Fnews%2Fmehr-verantwortung-fuer-die-neue-generation-vaeter-5276%2F\" title=\"Bei Facebook teilen\" aria-label=\"Bei Facebook teilen\" role=\"button\" rel=\"nofollow\" class=\"shariff-link external external_icon\" style=\"; background-color:#3b5998; color:#fff\" target=\"_blank\"><span class=\"shariff-icon\" style=\"\"><svg width=\"32px\" height=\"20px\" xmlns=\"http:\/\/www.w3.org\/2000\/svg\" viewBox=\"0 0 18 32\"><path fill=\"#3b5998\" d=\"M17.1 0.2v4.7h-2.8q-1.5 0-2.1 0.6t-0.5 1.9v3.4h5.2l-0.7 5.3h-4.5v13.6h-5.5v-13.6h-4.5v-5.3h4.5v-3.9q0-3.3 1.9-5.2t5-1.8q2.6 0 4.1 0.2z\"\/><\/svg><\/span><\/a><\/li><li class=\"shariff-button twitter shariff-nocustomcolor\" style=\"background-color:#595959\"><a href=\"https:\/\/twitter.com\/share?url=https%3A%2F%2Fwww.weiterbildungsmarkt.net%2Fnews%2Fmehr-verantwortung-fuer-die-neue-generation-vaeter-5276%2F&text=Mehr%20Verantwortung%20f%C3%BCr%20die%20neue%20Generation%20V%C3%A4ter%21\" title=\"Bei X teilen\" aria-label=\"Bei X teilen\" role=\"button\" rel=\"noopener nofollow\" class=\"shariff-link\" style=\"; background-color:#000; color:#fff\" target=\"_blank\"><span class=\"shariff-icon\" style=\"\"><svg width=\"32px\" height=\"20px\" xmlns=\"http:\/\/www.w3.org\/2000\/svg\" viewBox=\"0 0 24 24\"><path fill=\"#000\" d=\"M14.258 10.152L23.176 0h-2.113l-7.747 8.813L7.133 0H0l9.352 13.328L0 23.973h2.113l8.176-9.309 6.531 9.309h7.133zm-2.895 3.293l-.949-1.328L2.875 1.56h3.246l6.086 8.523.945 1.328 7.91 11.078h-3.246zm0 0\"\/><\/svg><\/span><\/a><\/li><li class=\"shariff-button xing shariff-nocustomcolor\" style=\"background-color:#29888a\"><a href=\"https:\/\/www.xing.com\/spi\/shares\/new?url=https%3A%2F%2Fwww.weiterbildungsmarkt.net%2Fnews%2Fmehr-verantwortung-fuer-die-neue-generation-vaeter-5276%2F\" title=\"Bei XING teilen\" aria-label=\"Bei XING teilen\" role=\"button\" rel=\"noopener nofollow\" class=\"shariff-link external external_icon\" style=\"; background-color:#126567; color:#fff\" target=\"_blank\"><span class=\"shariff-icon\" style=\"\"><svg width=\"32px\" height=\"20px\" xmlns=\"http:\/\/www.w3.org\/2000\/svg\" viewBox=\"0 0 25 32\"><path fill=\"#126567\" d=\"M10.7 11.9q-0.2 0.3-4.6 8.2-0.5 0.8-1.2 0.8h-4.3q-0.4 0-0.5-0.3t0-0.6l4.5-8q0 0 0 0l-2.9-5q-0.2-0.4 0-0.7 0.2-0.3 0.5-0.3h4.3q0.7 0 1.2 0.8zM25.1 0.4q0.2 0.3 0 0.7l-9.4 16.7 6 11q0.2 0.4 0 0.6-0.2 0.3-0.6 0.3h-4.3q-0.7 0-1.2-0.8l-6-11.1q0.3-0.6 9.5-16.8 0.4-0.8 1.2-0.8h4.3q0.4 0 0.5 0.3z\"\/><\/svg><\/span><\/a><\/li><li class=\"shariff-button linkedin shariff-nocustomcolor\" style=\"background-color:#1488bf\"><a href=\"https:\/\/www.linkedin.com\/sharing\/share-offsite\/?url=https%3A%2F%2Fwww.weiterbildungsmarkt.net%2Fnews%2Fmehr-verantwortung-fuer-die-neue-generation-vaeter-5276%2F\" title=\"Bei LinkedIn teilen\" aria-label=\"Bei LinkedIn teilen\" role=\"button\" rel=\"noopener nofollow\" class=\"shariff-link external external_icon\" style=\"; background-color:#0077b5; color:#fff\" target=\"_blank\"><span class=\"shariff-icon\" style=\"\"><svg width=\"32px\" height=\"20px\" xmlns=\"http:\/\/www.w3.org\/2000\/svg\" viewBox=\"0 0 27 32\"><path fill=\"#0077b5\" d=\"M6.2 11.2v17.7h-5.9v-17.7h5.9zM6.6 5.7q0 1.3-0.9 2.2t-2.4 0.9h0q-1.5 0-2.4-0.9t-0.9-2.2 0.9-2.2 2.4-0.9 2.4 0.9 0.9 2.2zM27.4 18.7v10.1h-5.9v-9.5q0-1.9-0.7-2.9t-2.3-1.1q-1.1 0-1.9 0.6t-1.2 1.5q-0.2 0.5-0.2 1.4v9.9h-5.9q0-7.1 0-11.6t0-5.3l0-0.9h5.9v2.6h0q0.4-0.6 0.7-1t1-0.9 1.6-0.8 2-0.3q3 0 4.9 2t1.9 6z\"\/><\/svg><\/span><\/a><\/li><li class=\"shariff-button whatsapp shariff-nocustomcolor\" style=\"background-color:#5cbe4a\"><a href=\"https:\/\/api.whatsapp.com\/send?text=https%3A%2F%2Fwww.weiterbildungsmarkt.net%2Fnews%2Fmehr-verantwortung-fuer-die-neue-generation-vaeter-5276%2F%20Mehr%20Verantwortung%20f%C3%BCr%20die%20neue%20Generation%20V%C3%A4ter%21\" title=\"Bei Whatsapp teilen\" aria-label=\"Bei Whatsapp teilen\" role=\"button\" rel=\"noopener nofollow\" class=\"shariff-link external external_icon\" style=\"; background-color:#34af23; color:#fff\" target=\"_blank\"><span class=\"shariff-icon\" style=\"\"><svg width=\"32px\" height=\"20px\" xmlns=\"http:\/\/www.w3.org\/2000\/svg\" viewBox=\"0 0 32 32\"><path fill=\"#34af23\" d=\"M17.6 17.4q0.2 0 1.7 0.8t1.6 0.9q0 0.1 0 0.3 0 0.6-0.3 1.4-0.3 0.7-1.3 1.2t-1.8 0.5q-1 0-3.4-1.1-1.7-0.8-3-2.1t-2.6-3.3q-1.3-1.9-1.3-3.5v-0.1q0.1-1.6 1.3-2.8 0.4-0.4 0.9-0.4 0.1 0 0.3 0t0.3 0q0.3 0 0.5 0.1t0.3 0.5q0.1 0.4 0.6 1.6t0.4 1.3q0 0.4-0.6 1t-0.6 0.8q0 0.1 0.1 0.3 0.6 1.3 1.8 2.4 1 0.9 2.7 1.8 0.2 0.1 0.4 0.1 0.3 0 1-0.9t0.9-0.9zM14 26.9q2.3 0 4.3-0.9t3.6-2.4 2.4-3.6 0.9-4.3-0.9-4.3-2.4-3.6-3.6-2.4-4.3-0.9-4.3 0.9-3.6 2.4-2.4 3.6-0.9 4.3q0 3.6 2.1 6.6l-1.4 4.2 4.3-1.4q2.8 1.9 6.2 1.9zM14 2.2q2.7 0 5.2 1.1t4.3 2.9 2.9 4.3 1.1 5.2-1.1 5.2-2.9 4.3-4.3 2.9-5.2 1.1q-3.5 0-6.5-1.7l-7.4 2.4 2.4-7.2q-1.9-3.2-1.9-6.9 0-2.7 1.1-5.2t2.9-4.3 4.3-2.9 5.2-1.1z\"\/><\/svg><\/span><\/a><\/li><li class=\"shariff-button pinterest shariff-nocustomcolor\" style=\"background-color:#e70f18\"><a href=\"https:\/\/www.pinterest.com\/pin\/create\/link\/?url=https%3A%2F%2Fwww.weiterbildungsmarkt.net%2Fnews%2Fmehr-verantwortung-fuer-die-neue-generation-vaeter-5276%2F&media=https%3A%2F%2Fwww.weiterbildungsmarkt.net%2Fnews%2Fwp-content%2Fuploads%2F2017%2F02%2FInfografik2-1.jpg&description=Mehr%20Verantwortung%20f%C3%BCr%20die%20neue%20Generation%20V%C3%A4ter%21\" title=\"Bei Pinterest pinnen\" aria-label=\"Bei Pinterest pinnen\" role=\"button\" rel=\"noopener nofollow\" class=\"shariff-link\" style=\"; background-color:#cb2027; color:#fff\" target=\"_blank\"><span class=\"shariff-icon\" style=\"\"><svg width=\"32px\" height=\"20px\" xmlns=\"http:\/\/www.w3.org\/2000\/svg\" viewBox=\"0 0 27 32\"><path fill=\"#cb2027\" d=\"M27.4 16q0 3.7-1.8 6.9t-5 5-6.9 1.9q-2 0-3.9-0.6 1.1-1.7 1.4-2.9 0.2-0.6 1-3.8 0.4 0.7 1.3 1.2t2 0.5q2.1 0 3.8-1.2t2.7-3.4 0.9-4.8q0-2-1.1-3.8t-3.1-2.9-4.5-1.2q-1.9 0-3.5 0.5t-2.8 1.4-2 2-1.2 2.3-0.4 2.4q0 1.9 0.7 3.3t2.1 2q0.5 0.2 0.7-0.4 0-0.1 0.1-0.5t0.2-0.5q0.1-0.4-0.2-0.8-0.9-1.1-0.9-2.7 0-2.7 1.9-4.6t4.9-2q2.7 0 4.2 1.5t1.5 3.8q0 3-1.2 5.2t-3.1 2.1q-1.1 0-1.7-0.8t-0.4-1.9q0.1-0.6 0.5-1.7t0.5-1.8 0.2-1.4q0-0.9-0.5-1.5t-1.4-0.6q-1.1 0-1.9 1t-0.8 2.6q0 1.3 0.4 2.2l-1.8 7.5q-0.3 1.2-0.2 3.2-3.7-1.6-6-5t-2.3-7.6q0-3.7 1.9-6.9t5-5 6.9-1.9 6.9 1.9 5 5 1.8 6.9z\"\/><\/svg><\/span><\/a><\/li><\/ul><\/div>","protected":false},"excerpt":{"rendered":"<p>Hohe Anspr\u00fcche an die eigene Leistung als Frau und Mutter und h\u00e4ufig selbst auferlegter Perfektionismus setzen viele M\u00fctter in ihrem Alltag unter Druck. Damit einher geht der Wunsch, immer alles unter Kontrolle haben zu wollen. Eine aktuelle Studie, die das rheingold Institut zusammen mit der Online-Plattform for-me-online.de des Konsumg\u00fcterherstellers Procter &amp; Gamble (P&amp;G) durchgef\u00fchrt hat, [&hellip;]<\/p>\n","protected":false},"author":173,"featured_media":4472,"comment_status":"closed","ping_status":"closed","sticky":false,"template":"","format":"standard","meta":{"_acf_changed":false,"footnotes":""},"categories":[371,110],"tags":[],"class_list":["post-5276","post","type-post","status-publish","format-standard","has-post-thumbnail","hentry","category-infografik","category-studien"],"acf":[],"_links":{"self":[{"href":"https:\/\/www.weiterbildungsmarkt.net\/news\/wp-json\/wp\/v2\/posts\/5276","targetHints":{"allow":["GET"]}}],"collection":[{"href":"https:\/\/www.weiterbildungsmarkt.net\/news\/wp-json\/wp\/v2\/posts"}],"about":[{"href":"https:\/\/www.weiterbildungsmarkt.net\/news\/wp-json\/wp\/v2\/types\/post"}],"author":[{"embeddable":true,"href":"https:\/\/www.weiterbildungsmarkt.net\/news\/wp-json\/wp\/v2\/users\/173"}],"replies":[{"embeddable":true,"href":"https:\/\/www.weiterbildungsmarkt.net\/news\/wp-json\/wp\/v2\/comments?post=5276"}],"version-history":[{"count":4,"href":"https:\/\/www.weiterbildungsmarkt.net\/news\/wp-json\/wp\/v2\/posts\/5276\/revisions"}],"predecessor-version":[{"id":9528,"href":"https:\/\/www.weiterbildungsmarkt.net\/news\/wp-json\/wp\/v2\/posts\/5276\/revisions\/9528"}],"wp:featuredmedia":[{"embeddable":true,"href":"https:\/\/www.weiterbildungsmarkt.net\/news\/wp-json\/wp\/v2\/media\/4472"}],"wp:attachment":[{"href":"https:\/\/www.weiterbildungsmarkt.net\/news\/wp-json\/wp\/v2\/media?parent=5276"}],"wp:term":[{"taxonomy":"category","embeddable":true,"href":"https:\/\/www.weiterbildungsmarkt.net\/news\/wp-json\/wp\/v2\/categories?post=5276"},{"taxonomy":"post_tag","embeddable":true,"href":"https:\/\/www.weiterbildungsmarkt.net\/news\/wp-json\/wp\/v2\/tags?post=5276"}],"curies":[{"name":"wp","href":"https:\/\/api.w.org\/{rel}","templated":true}]}}