{"id":5592,"date":"2017-07-04T08:07:50","date_gmt":"2017-07-04T06:07:50","guid":{"rendered":"https:\/\/www.weiterbildungsmarkt.net\/news\/?p=5592"},"modified":"2017-06-26T22:08:20","modified_gmt":"2017-06-26T20:08:20","slug":"deutsche-arbeitnehmer-haben-grosses-interesse-an-weiterbildung-kuemmern-sich-selbst-nicht-darum","status":"publish","type":"post","link":"https:\/\/www.weiterbildungsmarkt.net\/news\/deutsche-arbeitnehmer-haben-grosses-interesse-an-weiterbildung-kuemmern-sich-selbst-nicht-darum-5592\/","title":{"rendered":"Deutsche Arbeitnehmer haben gro\u00dfes Interesse an Weiterbildung &#8211; k\u00fcmmern sich selbst aber nicht darum"},"content":{"rendered":"<p style=\"text-align: justify;\"><strong>Fortkommen im Job ist gefragt &#8211; mehr als 80% der deutschen Arbeitnehmer haben Interesse an beruflicher Weiterbildung. Bei den unter 40-J\u00e4hrigen liegt der Wert mit \u00fcber 90% sogar noch dar\u00fcber. Mit steigendem Lebensalter sinkt der Wert etwas &#8211; bei den \u00fcber 50-j\u00e4hrigen Angestellten sind es noch knapp drei Viertel, die Interesse signalisieren. Drei Viertel der Befragten geben an, dass sie bei ihrer letzten Weiterbildungsma\u00dfnahme F\u00e4higkeiten erworben haben, die ihnen im Berufsleben weiterhelfen. Dies ist das Ergebnis einer Befragung von Indeed, der weltweit gr\u00f6\u00dften Jobseite, unter 1.064 Angestellten in Deutschland.<\/strong><\/p>\n<figure id=\"attachment_5593\" aria-describedby=\"caption-attachment-5593\" style=\"width: 960px\" class=\"wp-caption aligncenter\"><img loading=\"lazy\" decoding=\"async\" class=\"size-full wp-image-5593\" src=\"https:\/\/www.weiterbildungsmarkt.net\/news\/wp-content\/uploads\/2017\/06\/indeed.jpg\" alt=\"Arbeitnehmer haben gro\u00dfes Interesse an Weiterbildung\" width=\"960\" height=\"1636\" srcset=\"https:\/\/www.weiterbildungsmarkt.net\/news\/wp-content\/uploads\/2017\/06\/indeed.jpg 960w, https:\/\/www.weiterbildungsmarkt.net\/news\/wp-content\/uploads\/2017\/06\/indeed-176x300.jpg 176w, https:\/\/www.weiterbildungsmarkt.net\/news\/wp-content\/uploads\/2017\/06\/indeed-768x1309.jpg 768w, https:\/\/www.weiterbildungsmarkt.net\/news\/wp-content\/uploads\/2017\/06\/indeed-601x1024.jpg 601w, https:\/\/www.weiterbildungsmarkt.net\/news\/wp-content\/uploads\/2017\/06\/indeed-246x420.jpg 246w\" sizes=\"auto, (max-width: 960px) 100vw, 960px\" \/><figcaption id=\"caption-attachment-5593\" class=\"wp-caption-text\">Infografik: Gro\u00dfes Interesse an Weiterbildung. Weiterer Text \u00fcber ots und www.presseportal.de\/nr\/110144 \/ Quellenangabe: &#8222;obs\/Indeed Deutschland GmbH&#8220;<\/figcaption><\/figure><br \/>\n<p style=\"text-align: justify;\">Bei der Mehrheit der Befragten k\u00fcmmert sich der Arbeitgeber um entsprechende Weiterbildungen und schl\u00e4gt passende interne oder externe Schulungen vor. Rund ein Drittel der Arbeitnehmer erh\u00e4lt keine Weiterbildungsangebote von Arbeitgeberseite, bei Arbeitern sind es sogar knapp \u00fcber 50%.<\/p>\n<p style=\"text-align: justify;\">Bei den Arbeitnehmern, die keine Weiterbildungsangebote vom Arbeitgeber erhalten, zeigen zwei Drittel auch keine Eigeninitiative, k\u00fcmmern sich also selbst nicht um die eigene Fortentwicklung. &#8222;Aus Sicht der Arbeitnehmer ist Weiterbildung also offenbar eine Bringschuld des Arbeitgebers. Denn grunds\u00e4tzliches Interesse besteht, aber es mangelt an der Eigeninitiative. Dabei m\u00fcssten jeder Arbeitnehmer selbst am besten wissen, wo er sich verbessern oder weiterentwickeln kann&#8220;, sagt Frank Hensgens, Gesch\u00e4ftsf\u00fchrer von Indeed Deutschland.<\/p>\n<p style=\"text-align: justify;\"><strong>Weiterbildung auch am Wochenende<\/strong><\/p>\n<p style=\"text-align: justify;\">50% der Befragten w\u00fcrden auch ein Wochenende f\u00fcr die eigene Weiterbildung investieren. Urlaubstage oder einen finanzielle Beitrag beizusteuern, liegen dagegen deutlich zur\u00fcck. Etwa ein Drittel der Befragten ist \u00fcberhaupt nicht bereit, in welcher Form auch immer, in die eigene Weiterbildung zu investieren. Je \u00e4lter die Befragten Arbeitnehmer sind, umso weniger Bereitschaft besteht, selbst etwas einzubringen.<\/p>\n<p style=\"text-align: justify;\">Geht es um die Anreize f\u00fcr eine Weiterbildung, so stehen fachliche\/inhaltliche Themen und die pers\u00f6nliche Weiterentwicklung an der Spitze. Gerade f\u00fcr j\u00fcngere Arbeitnehmer ist der Punkt &#8222;Vorankommen beim gegenw\u00e4rtigen Arbeitnehmer&#8220; besonders relevant &#8211; hier liegen die Werte deutlich h\u00f6her als bei \u00e4lteren Befragten.<\/p>\n<p style=\"text-align: justify;\">Die Umfrage unter 1.064 deutschen Arbeitnehmern wurde zwischen dem 24. April und 3. Mai 2017 durchgef\u00fchrt.<\/p>\n<p style=\"text-align: justify;\"><strong>Zahlen im Detail<\/strong><\/p>\n<p style=\"text-align: justify;\">Haben Sie grunds\u00e4tzlich Interesse an beruflicher Weiterbildung?<br \/><br \/>\nJa: 83,7%<br \/><br \/>\nNein: 16,3%<\/p>\n<p style=\"text-align: justify;\">Macht Ihnen Ihr Arbeitgeber Weiterbildungsangebote?<br \/><br \/>\nJa, interne Angebote: 56,2%<br \/><br \/>\nJa, externe Angebote: 39,2%<br \/><br \/>\nNein, keine Angebote: 33,1%<\/p>\n<p style=\"text-align: justify;\">Wenn der Arbeitnehmer keine Weiterbildungsangebote macht, k\u00fcmmern Sie<br \/><br \/>\nsich selbst um Ihre eigene Weiterbildung und schlagen Sie Ihrem<br \/><br \/>\nArbeitgeber passende Angebote vor?<br \/><br \/>\nJa: 33,2%<br \/><br \/>\nNein: 66,8%<\/p>\n<p style=\"text-align: justify;\">Wie viele Weiterbildungstage pro Jahr halten Sie f\u00fcr angemessen?<br \/><br \/>\n1-3: 35,4%<br \/><br \/>\n4-5: 33,5%<br \/><br \/>\n6-7: 17,9%<br \/><br \/>\nMehr als 7: 13,3%<\/p>\n<p style=\"text-align: justify;\">W\u00e4ren Sie bereit, auch ganz konkret in die eigene Weiterbildung zu<br \/><br \/>\ninvestieren? (Mehrfachnennungen m\u00f6glich)<br \/><br \/>\nJa, ich w\u00fcrde das auch am Wochenende machen: 48,6%<br \/><br \/>\nJa, ich w\u00fcrde daf\u00fcr Urlaubstag(e) einsetzen: 17,1%<br \/><br \/>\nJa, ich w\u00fcrde bis zu 10 Prozent der Kosten \u00fcbernehmen: 25,2%<br \/><br \/>\nJa, ich w\u00fcrde bis zu 25 Prozent der Kosten \u00fcbernehmen: 10,5%<br \/><br \/>\nJa, ich w\u00fcrde auch \u00fcber 25 Prozent der Kosten \u00fcbernehmen: 4,8%<br \/><br \/>\nNein, dazu bin ich nicht bereit: 31,7%<\/p>\n<p style=\"text-align: justify;\">Was sind f\u00fcr Sie die wichtigsten Argumente f\u00fcr eine Weiterbildung?<br \/><br \/>\nMehrfachnennungen m\u00f6glich)<br \/><br \/>\nFachliche Weiterentwicklung: 75,6%<br \/><br \/>\nPers\u00f6nliche Weiterentwicklung: 66,0%<br \/><br \/>\nVorankommen bei meinem gegenw\u00e4rtigen Arbeitgeber: 42,4%<br \/><br \/>\nInsgesamt die Verbesserung meiner Karriere-Perspektive: 41,1%<\/p>\n<p style=\"text-align: justify;\">Wenn Sie an Ihre letzte Weiterbildungsma\u00dfnahme denken: Haben Sie das<br \/><br \/>\nGef\u00fchl, dass Sie F\u00e4higkeiten erworben haben, die Ihnen fortan im<br \/><br \/>\nBerufsleben geholfen haben?<br \/><br \/>\nJa: 75,9%<br \/><br \/>\nNein: 24,1%<\/p>\n<p style=\"text-align: justify;\">Quelle: <a href=\"http:\/\/www.presseportal.de\/pm\/110144\/3654258\" target=\"_blank\" rel=\"noopener nofollow\" class=\"external external_icon\">Presseportal.de<\/a><\/p>\n<div class=\"shariff shariff-align-flex-start shariff-widget-align-flex-start\"><ul class=\"shariff-buttons theme-round orientation-horizontal buttonsize-medium\"><li class=\"shariff-button facebook shariff-nocustomcolor\" style=\"background-color:#4273c8\"><a href=\"https:\/\/www.facebook.com\/sharer\/sharer.php?u=https%3A%2F%2Fwww.weiterbildungsmarkt.net%2Fnews%2Fdeutsche-arbeitnehmer-haben-grosses-interesse-an-weiterbildung-kuemmern-sich-selbst-nicht-darum-5592%2F\" title=\"Bei Facebook teilen\" aria-label=\"Bei Facebook teilen\" role=\"button\" rel=\"nofollow\" class=\"shariff-link external external_icon\" style=\"; background-color:#3b5998; color:#fff\" target=\"_blank\"><span class=\"shariff-icon\" style=\"\"><svg width=\"32px\" height=\"20px\" xmlns=\"http:\/\/www.w3.org\/2000\/svg\" viewBox=\"0 0 18 32\"><path fill=\"#3b5998\" d=\"M17.1 0.2v4.7h-2.8q-1.5 0-2.1 0.6t-0.5 1.9v3.4h5.2l-0.7 5.3h-4.5v13.6h-5.5v-13.6h-4.5v-5.3h4.5v-3.9q0-3.3 1.9-5.2t5-1.8q2.6 0 4.1 0.2z\"\/><\/svg><\/span><\/a><\/li><li class=\"shariff-button twitter shariff-nocustomcolor\" style=\"background-color:#595959\"><a href=\"https:\/\/twitter.com\/share?url=https%3A%2F%2Fwww.weiterbildungsmarkt.net%2Fnews%2Fdeutsche-arbeitnehmer-haben-grosses-interesse-an-weiterbildung-kuemmern-sich-selbst-nicht-darum-5592%2F&text=Deutsche%20Arbeitnehmer%20haben%20gro%C3%9Fes%20Interesse%20an%20Weiterbildung%20%E2%80%93%20k%C3%BCmmern%20sich%20selbst%20aber%20nicht%20darum\" title=\"Bei X teilen\" aria-label=\"Bei X teilen\" role=\"button\" rel=\"noopener nofollow\" class=\"shariff-link\" style=\"; background-color:#000; color:#fff\" target=\"_blank\"><span class=\"shariff-icon\" style=\"\"><svg width=\"32px\" height=\"20px\" xmlns=\"http:\/\/www.w3.org\/2000\/svg\" viewBox=\"0 0 24 24\"><path fill=\"#000\" d=\"M14.258 10.152L23.176 0h-2.113l-7.747 8.813L7.133 0H0l9.352 13.328L0 23.973h2.113l8.176-9.309 6.531 9.309h7.133zm-2.895 3.293l-.949-1.328L2.875 1.56h3.246l6.086 8.523.945 1.328 7.91 11.078h-3.246zm0 0\"\/><\/svg><\/span><\/a><\/li><li class=\"shariff-button xing shariff-nocustomcolor\" style=\"background-color:#29888a\"><a href=\"https:\/\/www.xing.com\/spi\/shares\/new?url=https%3A%2F%2Fwww.weiterbildungsmarkt.net%2Fnews%2Fdeutsche-arbeitnehmer-haben-grosses-interesse-an-weiterbildung-kuemmern-sich-selbst-nicht-darum-5592%2F\" title=\"Bei XING teilen\" aria-label=\"Bei XING teilen\" role=\"button\" rel=\"noopener nofollow\" class=\"shariff-link external external_icon\" style=\"; background-color:#126567; color:#fff\" target=\"_blank\"><span class=\"shariff-icon\" style=\"\"><svg width=\"32px\" height=\"20px\" xmlns=\"http:\/\/www.w3.org\/2000\/svg\" viewBox=\"0 0 25 32\"><path fill=\"#126567\" d=\"M10.7 11.9q-0.2 0.3-4.6 8.2-0.5 0.8-1.2 0.8h-4.3q-0.4 0-0.5-0.3t0-0.6l4.5-8q0 0 0 0l-2.9-5q-0.2-0.4 0-0.7 0.2-0.3 0.5-0.3h4.3q0.7 0 1.2 0.8zM25.1 0.4q0.2 0.3 0 0.7l-9.4 16.7 6 11q0.2 0.4 0 0.6-0.2 0.3-0.6 0.3h-4.3q-0.7 0-1.2-0.8l-6-11.1q0.3-0.6 9.5-16.8 0.4-0.8 1.2-0.8h4.3q0.4 0 0.5 0.3z\"\/><\/svg><\/span><\/a><\/li><li class=\"shariff-button linkedin shariff-nocustomcolor\" style=\"background-color:#1488bf\"><a href=\"https:\/\/www.linkedin.com\/sharing\/share-offsite\/?url=https%3A%2F%2Fwww.weiterbildungsmarkt.net%2Fnews%2Fdeutsche-arbeitnehmer-haben-grosses-interesse-an-weiterbildung-kuemmern-sich-selbst-nicht-darum-5592%2F\" title=\"Bei LinkedIn teilen\" aria-label=\"Bei LinkedIn teilen\" role=\"button\" rel=\"noopener nofollow\" class=\"shariff-link external external_icon\" style=\"; background-color:#0077b5; color:#fff\" target=\"_blank\"><span class=\"shariff-icon\" style=\"\"><svg width=\"32px\" height=\"20px\" xmlns=\"http:\/\/www.w3.org\/2000\/svg\" viewBox=\"0 0 27 32\"><path fill=\"#0077b5\" d=\"M6.2 11.2v17.7h-5.9v-17.7h5.9zM6.6 5.7q0 1.3-0.9 2.2t-2.4 0.9h0q-1.5 0-2.4-0.9t-0.9-2.2 0.9-2.2 2.4-0.9 2.4 0.9 0.9 2.2zM27.4 18.7v10.1h-5.9v-9.5q0-1.9-0.7-2.9t-2.3-1.1q-1.1 0-1.9 0.6t-1.2 1.5q-0.2 0.5-0.2 1.4v9.9h-5.9q0-7.1 0-11.6t0-5.3l0-0.9h5.9v2.6h0q0.4-0.6 0.7-1t1-0.9 1.6-0.8 2-0.3q3 0 4.9 2t1.9 6z\"\/><\/svg><\/span><\/a><\/li><li class=\"shariff-button whatsapp shariff-nocustomcolor\" style=\"background-color:#5cbe4a\"><a href=\"https:\/\/api.whatsapp.com\/send?text=https%3A%2F%2Fwww.weiterbildungsmarkt.net%2Fnews%2Fdeutsche-arbeitnehmer-haben-grosses-interesse-an-weiterbildung-kuemmern-sich-selbst-nicht-darum-5592%2F%20Deutsche%20Arbeitnehmer%20haben%20gro%C3%9Fes%20Interesse%20an%20Weiterbildung%20%E2%80%93%20k%C3%BCmmern%20sich%20selbst%20aber%20nicht%20darum\" title=\"Bei Whatsapp teilen\" aria-label=\"Bei Whatsapp teilen\" role=\"button\" rel=\"noopener nofollow\" class=\"shariff-link external external_icon\" style=\"; background-color:#34af23; color:#fff\" target=\"_blank\"><span class=\"shariff-icon\" style=\"\"><svg width=\"32px\" height=\"20px\" xmlns=\"http:\/\/www.w3.org\/2000\/svg\" viewBox=\"0 0 32 32\"><path fill=\"#34af23\" d=\"M17.6 17.4q0.2 0 1.7 0.8t1.6 0.9q0 0.1 0 0.3 0 0.6-0.3 1.4-0.3 0.7-1.3 1.2t-1.8 0.5q-1 0-3.4-1.1-1.7-0.8-3-2.1t-2.6-3.3q-1.3-1.9-1.3-3.5v-0.1q0.1-1.6 1.3-2.8 0.4-0.4 0.9-0.4 0.1 0 0.3 0t0.3 0q0.3 0 0.5 0.1t0.3 0.5q0.1 0.4 0.6 1.6t0.4 1.3q0 0.4-0.6 1t-0.6 0.8q0 0.1 0.1 0.3 0.6 1.3 1.8 2.4 1 0.9 2.7 1.8 0.2 0.1 0.4 0.1 0.3 0 1-0.9t0.9-0.9zM14 26.9q2.3 0 4.3-0.9t3.6-2.4 2.4-3.6 0.9-4.3-0.9-4.3-2.4-3.6-3.6-2.4-4.3-0.9-4.3 0.9-3.6 2.4-2.4 3.6-0.9 4.3q0 3.6 2.1 6.6l-1.4 4.2 4.3-1.4q2.8 1.9 6.2 1.9zM14 2.2q2.7 0 5.2 1.1t4.3 2.9 2.9 4.3 1.1 5.2-1.1 5.2-2.9 4.3-4.3 2.9-5.2 1.1q-3.5 0-6.5-1.7l-7.4 2.4 2.4-7.2q-1.9-3.2-1.9-6.9 0-2.7 1.1-5.2t2.9-4.3 4.3-2.9 5.2-1.1z\"\/><\/svg><\/span><\/a><\/li><li class=\"shariff-button pinterest shariff-nocustomcolor\" style=\"background-color:#e70f18\"><a href=\"https:\/\/www.pinterest.com\/pin\/create\/link\/?url=https%3A%2F%2Fwww.weiterbildungsmarkt.net%2Fnews%2Fdeutsche-arbeitnehmer-haben-grosses-interesse-an-weiterbildung-kuemmern-sich-selbst-nicht-darum-5592%2F&media=https%3A%2F%2Fwww.weiterbildungsmarkt.net%2Fnews%2Fwp-content%2Fuploads%2F2017%2F02%2FInfografik2-1.jpg&description=Deutsche%20Arbeitnehmer%20haben%20gro%C3%9Fes%20Interesse%20an%20Weiterbildung%20%E2%80%93%20k%C3%BCmmern%20sich%20selbst%20aber%20nicht%20darum\" title=\"Bei Pinterest pinnen\" aria-label=\"Bei Pinterest pinnen\" role=\"button\" rel=\"noopener nofollow\" class=\"shariff-link\" style=\"; background-color:#cb2027; color:#fff\" target=\"_blank\"><span class=\"shariff-icon\" style=\"\"><svg width=\"32px\" height=\"20px\" xmlns=\"http:\/\/www.w3.org\/2000\/svg\" viewBox=\"0 0 27 32\"><path fill=\"#cb2027\" d=\"M27.4 16q0 3.7-1.8 6.9t-5 5-6.9 1.9q-2 0-3.9-0.6 1.1-1.7 1.4-2.9 0.2-0.6 1-3.8 0.4 0.7 1.3 1.2t2 0.5q2.1 0 3.8-1.2t2.7-3.4 0.9-4.8q0-2-1.1-3.8t-3.1-2.9-4.5-1.2q-1.9 0-3.5 0.5t-2.8 1.4-2 2-1.2 2.3-0.4 2.4q0 1.9 0.7 3.3t2.1 2q0.5 0.2 0.7-0.4 0-0.1 0.1-0.5t0.2-0.5q0.1-0.4-0.2-0.8-0.9-1.1-0.9-2.7 0-2.7 1.9-4.6t4.9-2q2.7 0 4.2 1.5t1.5 3.8q0 3-1.2 5.2t-3.1 2.1q-1.1 0-1.7-0.8t-0.4-1.9q0.1-0.6 0.5-1.7t0.5-1.8 0.2-1.4q0-0.9-0.5-1.5t-1.4-0.6q-1.1 0-1.9 1t-0.8 2.6q0 1.3 0.4 2.2l-1.8 7.5q-0.3 1.2-0.2 3.2-3.7-1.6-6-5t-2.3-7.6q0-3.7 1.9-6.9t5-5 6.9-1.9 6.9 1.9 5 5 1.8 6.9z\"\/><\/svg><\/span><\/a><\/li><\/ul><\/div>","protected":false},"excerpt":{"rendered":"<p>Fortkommen im Job ist gefragt &#8211; mehr als 80% der deutschen Arbeitnehmer haben Interesse an beruflicher Weiterbildung. Bei den unter 40-J\u00e4hrigen liegt der Wert mit \u00fcber 90% sogar noch dar\u00fcber. Mit steigendem Lebensalter sinkt der Wert etwas &#8211; bei den \u00fcber 50-j\u00e4hrigen Angestellten sind es noch knapp drei Viertel, die Interesse signalisieren. Drei Viertel der [&hellip;]<\/p>\n","protected":false},"author":173,"featured_media":4472,"comment_status":"closed","ping_status":"closed","sticky":false,"template":"","format":"standard","meta":{"_acf_changed":false,"footnotes":""},"categories":[371,112,110,1],"tags":[],"class_list":["post-5592","post","type-post","status-publish","format-standard","has-post-thumbnail","hentry","category-infografik","category-neuigkeiten","category-studien","category-weiterbildung"],"acf":[],"_links":{"self":[{"href":"https:\/\/www.weiterbildungsmarkt.net\/news\/wp-json\/wp\/v2\/posts\/5592","targetHints":{"allow":["GET"]}}],"collection":[{"href":"https:\/\/www.weiterbildungsmarkt.net\/news\/wp-json\/wp\/v2\/posts"}],"about":[{"href":"https:\/\/www.weiterbildungsmarkt.net\/news\/wp-json\/wp\/v2\/types\/post"}],"author":[{"embeddable":true,"href":"https:\/\/www.weiterbildungsmarkt.net\/news\/wp-json\/wp\/v2\/users\/173"}],"replies":[{"embeddable":true,"href":"https:\/\/www.weiterbildungsmarkt.net\/news\/wp-json\/wp\/v2\/comments?post=5592"}],"version-history":[{"count":2,"href":"https:\/\/www.weiterbildungsmarkt.net\/news\/wp-json\/wp\/v2\/posts\/5592\/revisions"}],"predecessor-version":[{"id":5595,"href":"https:\/\/www.weiterbildungsmarkt.net\/news\/wp-json\/wp\/v2\/posts\/5592\/revisions\/5595"}],"wp:featuredmedia":[{"embeddable":true,"href":"https:\/\/www.weiterbildungsmarkt.net\/news\/wp-json\/wp\/v2\/media\/4472"}],"wp:attachment":[{"href":"https:\/\/www.weiterbildungsmarkt.net\/news\/wp-json\/wp\/v2\/media?parent=5592"}],"wp:term":[{"taxonomy":"category","embeddable":true,"href":"https:\/\/www.weiterbildungsmarkt.net\/news\/wp-json\/wp\/v2\/categories?post=5592"},{"taxonomy":"post_tag","embeddable":true,"href":"https:\/\/www.weiterbildungsmarkt.net\/news\/wp-json\/wp\/v2\/tags?post=5592"}],"curies":[{"name":"wp","href":"https:\/\/api.w.org\/{rel}","templated":true}]}}