{"id":5686,"date":"2017-10-24T07:57:25","date_gmt":"2017-10-24T05:57:25","guid":{"rendered":"https:\/\/www.weiterbildungsmarkt.net\/news\/?p=5686"},"modified":"2017-07-05T11:59:58","modified_gmt":"2017-07-05T09:59:58","slug":"ericsson-veroeffentlicht-neue-consumerlab-studie-verbraucher-erwarten-konkrete-anwendungen-virtueller-realitaet-in-weniger-als-einem-jahr","status":"publish","type":"post","link":"https:\/\/www.weiterbildungsmarkt.net\/news\/ericsson-veroeffentlicht-neue-consumerlab-studie-verbraucher-erwarten-konkrete-anwendungen-virtueller-realitaet-in-weniger-als-einem-jahr-5686\/","title":{"rendered":"Ericsson ver\u00f6ffentlicht neue ConsumerLab-Studie Verbraucher erwarten konkrete Anwendungen virtueller Realit\u00e4t in weniger als einem Jahr"},"content":{"rendered":"<p style=\"text-align: justify;\"><strong>&#8211; Sieben von zehn Verbrauchern erwarten Etablierung von Augmented <\/strong><br \/><br \/>\n<strong> Reality (AR) und Virtual Reality (VR) im Alltag<\/strong><br \/><br \/>\n<strong> &#8211; Verbraucher vermuten bereits in weniger als einem Jahr <\/strong><br \/><br \/>\n<strong> beginnenden Ersatz herk\u00f6mmlicher Fernseher und Kinos durch <\/strong><br \/><br \/>\n<strong> virtuelle Bildschirme<\/strong><br \/><br \/>\n<strong> &#8211; Netztechnik 5G wird zentrale Rolle bei dieser Entwicklung <\/strong><br \/><br \/>\n<strong> spielen<\/strong><\/p>\n<p style=\"text-align: justify;\">Verbraucher in Deutschland erwarten, dass sich Anwendungen mit Virtual Reality (VR) und Augmented Reality (AR), also die \u00dcberlagerung der wahrgenommenen Umwelt mit virtuellen und interaktiven dreidimensionalen Inhalten, in bestimmten Bereichen zuerst etablieren wird. Die Netztechnik 5G sehen sie als entscheidende Voraussetzung f\u00fcr die technische Umsetzung dieser Anwendungen. Das ist das Ergebnis einer Studie des Ericsson ConsumerLab, bei der fr\u00fche Anwender der VR-Technik (Early Adopters) befragt wurden.<\/p>\n<p style=\"text-align: justify;\">Sieben von zehn der Befragten erwarten, dass sich VR und AR zuerst in den Medien, in der Weiterbildung, im Arbeitsumfeld, bei der Kommunikation, in der Reisebranche und im Einzelhandel etablieren werden. Sie sehen, dass AR und VR in den Medien bereits heute genutzt wird und erwarten, dass virtuelle Bildschirme in weniger als einem Jahr als Ersatz f\u00fcr klassische Fernsehger\u00e4te und in Kinos zum Einsatz kommen werden.<\/p>\n<p style=\"text-align: justify;\">Diese Verschmelzung der Realit\u00e4ten wird jedoch nicht stattfinden, wenn der Nutzer an einen Computer gebunden oder von der physischen Realit\u00e4t abgeschnitten wird. Early Adopters von VR und AR sind sich daher sicher, dass Mobilnetze wie 5G eine zentrale Rolle spielen werden. 36 Prozent erwarten beispielsweise, dass erst durch stabile und schnelle 5G-Netze VR und AR auch als mobile Anwendungen zur Verf\u00fcgung stehen werden. 30 Prozent glauben dar\u00fcber hinaus, dass durch 5G kabelgebundene Headsets drahtlos werden k\u00f6nnten.<\/p>\n<p style=\"text-align: justify;\">Die qualitative Forschung der Studie umfasste eine Fokusgruppen-Diskussionsreihe mit Teilnehmern aus Nordamerika und Europa sowie Japan und S\u00fcdkorea. Dar\u00fcber hinaus wurden VR-Tests mit 20 Ericsson-Mitarbeitern durchgef\u00fchrt, um zu verstehen, warum beispielsweise Verz\u00f6gerung bei der \u00dcbertragung von VR-Signalen \u00dcbelkeit ausl\u00f6sen.<\/p>\n<p style=\"text-align: justify;\">Im quantitativen Teil der Studie pr\u00e4sentieren die Forscher Einblicke aus einer Befragung von 9.200 Verbrauchern in Frankreich, Deutschland, Italien, Japan, S\u00fcdkorea, Spanien, Gro\u00dfbritannien und den USA im Alter zwischen 15 und 69 Jahren, denen VR-Technologie generell bekannt ist.<\/p>\n<p style=\"text-align: justify;\"><strong>\u00dcber Ericsson<\/strong><\/p>\n<p style=\"text-align: justify;\">Ericsson ist Weltmarktf\u00fchrer auf dem Gebiet der Kommunikationstechnologie und -dienstleistungen mit Firmenzentrale in Stockholm, Schweden. 40 Prozent des weltweiten Mobilfunkverkehrs werden \u00fcber Netztechnik von Ericsson abgewickelt. Mit innovativen L\u00f6sungen und Dienstleistungen arbeitet Ericsson an der Vision einer vernetzten Zukunft, in der jeder Einzelne und jede Branche sein \/ ihr volles Potenzial aussch\u00f6pfen kann.<\/p>\n<p style=\"text-align: justify;\">Das 1876 gegr\u00fcndete Unternehmen besch\u00e4ftigt weltweit rund 111.000 Mitarbeiterinnen und Mitarbeiter und arbeitet mit Kunden in 180 L\u00e4ndern zusammen. 2016 erwirtschaftete Ericsson einen Umsatz von 23,5 Mrd. EUR (222,6 Milliarden SEK). Ericsson ist an der NASDAQ OMX in Stockholm und der NASDAQ in New York gelistet.<\/p>\n<p style=\"text-align: justify;\">In Deutschland besch\u00e4ftigt Ericsson 2.000 Mitarbeiter an 11 Standorten &#8211; darunter rund 950 Mitarbeiterinnen und Mitarbeiter im Bereich Forschung und Entwicklung (F&amp;E). Der Hauptsitz ist D\u00fcsseldorf.<\/p>\n<p style=\"text-align: justify;\">Quelle: <a href=\"http:\/\/www.presseportal.de\/pm\/13502\/3666495\" target=\"_blank\" rel=\"noopener nofollow\" class=\"external external_icon\">Presseportal.de<\/a><\/p>\n<div class=\"shariff shariff-align-left shariff-widget-align-left\"><ul class=\"shariff-buttons theme-round orientation-horizontal buttonsize-medium\"><li class=\"shariff-button facebook shariff-nocustomcolor\" style=\"background-color:#4273c8\"><a href=\"https:\/\/www.facebook.com\/sharer\/sharer.php?u=https%3A%2F%2Fwww.weiterbildungsmarkt.net%2Fnews%2Fericsson-veroeffentlicht-neue-consumerlab-studie-verbraucher-erwarten-konkrete-anwendungen-virtueller-realitaet-in-weniger-als-einem-jahr-5686%2F\" title=\"Bei Facebook teilen\" aria-label=\"Bei Facebook teilen\" role=\"button\" rel=\"nofollow\" class=\"shariff-link external external_icon\" style=\"; background-color:#3b5998; color:#fff\" target=\"_blank\"><span class=\"shariff-icon\" style=\"\"><svg width=\"32px\" height=\"20px\" xmlns=\"http:\/\/www.w3.org\/2000\/svg\" viewBox=\"0 0 18 32\"><path fill=\"#3b5998\" d=\"M17.1 0.2v4.7h-2.8q-1.5 0-2.1 0.6t-0.5 1.9v3.4h5.2l-0.7 5.3h-4.5v13.6h-5.5v-13.6h-4.5v-5.3h4.5v-3.9q0-3.3 1.9-5.2t5-1.8q2.6 0 4.1 0.2z\"\/><\/svg><\/span><\/a><\/li><li class=\"shariff-button twitter shariff-nocustomcolor\" style=\"background-color:#595959\"><a href=\"https:\/\/twitter.com\/share?url=https%3A%2F%2Fwww.weiterbildungsmarkt.net%2Fnews%2Fericsson-veroeffentlicht-neue-consumerlab-studie-verbraucher-erwarten-konkrete-anwendungen-virtueller-realitaet-in-weniger-als-einem-jahr-5686%2F&text=Ericsson%20ver%C3%B6ffentlicht%20neue%20ConsumerLab-Studie%20Verbraucher%20erwarten%20konkrete%20Anwendungen%20virtueller%20Realit%C3%A4t%20in%20weniger%20als%20einem%20Jahr\" title=\"Bei X teilen\" aria-label=\"Bei X teilen\" role=\"button\" rel=\"noopener nofollow\" class=\"shariff-link\" style=\"; background-color:#000; color:#fff\" target=\"_blank\"><span class=\"shariff-icon\" style=\"\"><svg width=\"32px\" height=\"20px\" xmlns=\"http:\/\/www.w3.org\/2000\/svg\" viewBox=\"0 0 24 24\"><path fill=\"#000\" d=\"M14.258 10.152L23.176 0h-2.113l-7.747 8.813L7.133 0H0l9.352 13.328L0 23.973h2.113l8.176-9.309 6.531 9.309h7.133zm-2.895 3.293l-.949-1.328L2.875 1.56h3.246l6.086 8.523.945 1.328 7.91 11.078h-3.246zm0 0\"\/><\/svg><\/span><\/a><\/li><li class=\"shariff-button xing shariff-nocustomcolor\" style=\"background-color:#29888a\"><a href=\"https:\/\/www.xing.com\/spi\/shares\/new?url=https%3A%2F%2Fwww.weiterbildungsmarkt.net%2Fnews%2Fericsson-veroeffentlicht-neue-consumerlab-studie-verbraucher-erwarten-konkrete-anwendungen-virtueller-realitaet-in-weniger-als-einem-jahr-5686%2F\" title=\"Bei XING teilen\" aria-label=\"Bei XING teilen\" role=\"button\" rel=\"noopener nofollow\" class=\"shariff-link external external_icon\" style=\"; background-color:#126567; color:#fff\" target=\"_blank\"><span class=\"shariff-icon\" style=\"\"><svg width=\"32px\" height=\"20px\" xmlns=\"http:\/\/www.w3.org\/2000\/svg\" viewBox=\"0 0 25 32\"><path fill=\"#126567\" d=\"M10.7 11.9q-0.2 0.3-4.6 8.2-0.5 0.8-1.2 0.8h-4.3q-0.4 0-0.5-0.3t0-0.6l4.5-8q0 0 0 0l-2.9-5q-0.2-0.4 0-0.7 0.2-0.3 0.5-0.3h4.3q0.7 0 1.2 0.8zM25.1 0.4q0.2 0.3 0 0.7l-9.4 16.7 6 11q0.2 0.4 0 0.6-0.2 0.3-0.6 0.3h-4.3q-0.7 0-1.2-0.8l-6-11.1q0.3-0.6 9.5-16.8 0.4-0.8 1.2-0.8h4.3q0.4 0 0.5 0.3z\"\/><\/svg><\/span><\/a><\/li><li class=\"shariff-button linkedin shariff-nocustomcolor\" style=\"background-color:#1488bf\"><a href=\"https:\/\/www.linkedin.com\/sharing\/share-offsite\/?url=https%3A%2F%2Fwww.weiterbildungsmarkt.net%2Fnews%2Fericsson-veroeffentlicht-neue-consumerlab-studie-verbraucher-erwarten-konkrete-anwendungen-virtueller-realitaet-in-weniger-als-einem-jahr-5686%2F\" title=\"Bei LinkedIn teilen\" aria-label=\"Bei LinkedIn teilen\" role=\"button\" rel=\"noopener nofollow\" class=\"shariff-link external external_icon\" style=\"; background-color:#0077b5; color:#fff\" target=\"_blank\"><span class=\"shariff-icon\" style=\"\"><svg width=\"32px\" height=\"20px\" xmlns=\"http:\/\/www.w3.org\/2000\/svg\" viewBox=\"0 0 27 32\"><path fill=\"#0077b5\" d=\"M6.2 11.2v17.7h-5.9v-17.7h5.9zM6.6 5.7q0 1.3-0.9 2.2t-2.4 0.9h0q-1.5 0-2.4-0.9t-0.9-2.2 0.9-2.2 2.4-0.9 2.4 0.9 0.9 2.2zM27.4 18.7v10.1h-5.9v-9.5q0-1.9-0.7-2.9t-2.3-1.1q-1.1 0-1.9 0.6t-1.2 1.5q-0.2 0.5-0.2 1.4v9.9h-5.9q0-7.1 0-11.6t0-5.3l0-0.9h5.9v2.6h0q0.4-0.6 0.7-1t1-0.9 1.6-0.8 2-0.3q3 0 4.9 2t1.9 6z\"\/><\/svg><\/span><\/a><\/li><li class=\"shariff-button whatsapp shariff-nocustomcolor\" style=\"background-color:#5cbe4a\"><a href=\"https:\/\/api.whatsapp.com\/send?text=https%3A%2F%2Fwww.weiterbildungsmarkt.net%2Fnews%2Fericsson-veroeffentlicht-neue-consumerlab-studie-verbraucher-erwarten-konkrete-anwendungen-virtueller-realitaet-in-weniger-als-einem-jahr-5686%2F%20Ericsson%20ver%C3%B6ffentlicht%20neue%20ConsumerLab-Studie%20Verbraucher%20erwarten%20konkrete%20Anwendungen%20virtueller%20Realit%C3%A4t%20in%20weniger%20als%20einem%20Jahr\" title=\"Bei Whatsapp teilen\" aria-label=\"Bei Whatsapp teilen\" role=\"button\" rel=\"noopener nofollow\" class=\"shariff-link external external_icon\" style=\"; background-color:#34af23; color:#fff\" target=\"_blank\"><span class=\"shariff-icon\" style=\"\"><svg width=\"32px\" height=\"20px\" xmlns=\"http:\/\/www.w3.org\/2000\/svg\" viewBox=\"0 0 32 32\"><path fill=\"#34af23\" d=\"M17.6 17.4q0.2 0 1.7 0.8t1.6 0.9q0 0.1 0 0.3 0 0.6-0.3 1.4-0.3 0.7-1.3 1.2t-1.8 0.5q-1 0-3.4-1.1-1.7-0.8-3-2.1t-2.6-3.3q-1.3-1.9-1.3-3.5v-0.1q0.1-1.6 1.3-2.8 0.4-0.4 0.9-0.4 0.1 0 0.3 0t0.3 0q0.3 0 0.5 0.1t0.3 0.5q0.1 0.4 0.6 1.6t0.4 1.3q0 0.4-0.6 1t-0.6 0.8q0 0.1 0.1 0.3 0.6 1.3 1.8 2.4 1 0.9 2.7 1.8 0.2 0.1 0.4 0.1 0.3 0 1-0.9t0.9-0.9zM14 26.9q2.3 0 4.3-0.9t3.6-2.4 2.4-3.6 0.9-4.3-0.9-4.3-2.4-3.6-3.6-2.4-4.3-0.9-4.3 0.9-3.6 2.4-2.4 3.6-0.9 4.3q0 3.6 2.1 6.6l-1.4 4.2 4.3-1.4q2.8 1.9 6.2 1.9zM14 2.2q2.7 0 5.2 1.1t4.3 2.9 2.9 4.3 1.1 5.2-1.1 5.2-2.9 4.3-4.3 2.9-5.2 1.1q-3.5 0-6.5-1.7l-7.4 2.4 2.4-7.2q-1.9-3.2-1.9-6.9 0-2.7 1.1-5.2t2.9-4.3 4.3-2.9 5.2-1.1z\"\/><\/svg><\/span><\/a><\/li><li class=\"shariff-button pinterest shariff-nocustomcolor\" style=\"background-color:#e70f18\"><a href=\"https:\/\/www.pinterest.com\/pin\/create\/link\/?url=https%3A%2F%2Fwww.weiterbildungsmarkt.net%2Fnews%2Fericsson-veroeffentlicht-neue-consumerlab-studie-verbraucher-erwarten-konkrete-anwendungen-virtueller-realitaet-in-weniger-als-einem-jahr-5686%2F&media=https%3A%2F%2Fwww.weiterbildungsmarkt.net%2Fnews%2Fwp-content%2Fuploads%2F2016%2F09%2FTrendStudien3.png&description=Ericsson%20ver%C3%B6ffentlicht%20neue%20ConsumerLab-Studie%20Verbraucher%20erwarten%20konkrete%20Anwendungen%20virtueller%20Realit%C3%A4t%20in%20weniger%20als%20einem%20Jahr\" title=\"Bei Pinterest pinnen\" aria-label=\"Bei Pinterest pinnen\" role=\"button\" rel=\"noopener nofollow\" class=\"shariff-link\" style=\"; background-color:#cb2027; color:#fff\" target=\"_blank\"><span class=\"shariff-icon\" style=\"\"><svg width=\"32px\" height=\"20px\" xmlns=\"http:\/\/www.w3.org\/2000\/svg\" viewBox=\"0 0 27 32\"><path fill=\"#cb2027\" d=\"M27.4 16q0 3.7-1.8 6.9t-5 5-6.9 1.9q-2 0-3.9-0.6 1.1-1.7 1.4-2.9 0.2-0.6 1-3.8 0.4 0.7 1.3 1.2t2 0.5q2.1 0 3.8-1.2t2.7-3.4 0.9-4.8q0-2-1.1-3.8t-3.1-2.9-4.5-1.2q-1.9 0-3.5 0.5t-2.8 1.4-2 2-1.2 2.3-0.4 2.4q0 1.9 0.7 3.3t2.1 2q0.5 0.2 0.7-0.4 0-0.1 0.1-0.5t0.2-0.5q0.1-0.4-0.2-0.8-0.9-1.1-0.9-2.7 0-2.7 1.9-4.6t4.9-2q2.7 0 4.2 1.5t1.5 3.8q0 3-1.2 5.2t-3.1 2.1q-1.1 0-1.7-0.8t-0.4-1.9q0.1-0.6 0.5-1.7t0.5-1.8 0.2-1.4q0-0.9-0.5-1.5t-1.4-0.6q-1.1 0-1.9 1t-0.8 2.6q0 1.3 0.4 2.2l-1.8 7.5q-0.3 1.2-0.2 3.2-3.7-1.6-6-5t-2.3-7.6q0-3.7 1.9-6.9t5-5 6.9-1.9 6.9 1.9 5 5 1.8 6.9z\"\/><\/svg><\/span><\/a><\/li><\/ul><\/div>","protected":false},"excerpt":{"rendered":"<p>&#8211; Sieben von zehn Verbrauchern erwarten Etablierung von Augmented Reality (AR) und Virtual Reality (VR) im Alltag &#8211; Verbraucher vermuten bereits in weniger als einem Jahr beginnenden Ersatz herk\u00f6mmlicher Fernseher und Kinos durch virtuelle Bildschirme &#8211; Netztechnik 5G wird zentrale Rolle bei dieser Entwicklung spielen Verbraucher in Deutschland erwarten, dass sich Anwendungen mit Virtual Reality [&hellip;]<\/p>\n","protected":false},"author":193,"featured_media":3636,"comment_status":"closed","ping_status":"closed","sticky":false,"template":"","format":"standard","meta":{"_acf_changed":false,"footnotes":""},"categories":[110,112],"tags":[],"class_list":["post-5686","post","type-post","status-publish","format-standard","has-post-thumbnail","hentry","category-studien","category-neuigkeiten"],"acf":[],"_links":{"self":[{"href":"https:\/\/www.weiterbildungsmarkt.net\/news\/wp-json\/wp\/v2\/posts\/5686","targetHints":{"allow":["GET"]}}],"collection":[{"href":"https:\/\/www.weiterbildungsmarkt.net\/news\/wp-json\/wp\/v2\/posts"}],"about":[{"href":"https:\/\/www.weiterbildungsmarkt.net\/news\/wp-json\/wp\/v2\/types\/post"}],"author":[{"embeddable":true,"href":"https:\/\/www.weiterbildungsmarkt.net\/news\/wp-json\/wp\/v2\/users\/193"}],"replies":[{"embeddable":true,"href":"https:\/\/www.weiterbildungsmarkt.net\/news\/wp-json\/wp\/v2\/comments?post=5686"}],"version-history":[{"count":1,"href":"https:\/\/www.weiterbildungsmarkt.net\/news\/wp-json\/wp\/v2\/posts\/5686\/revisions"}],"predecessor-version":[{"id":5687,"href":"https:\/\/www.weiterbildungsmarkt.net\/news\/wp-json\/wp\/v2\/posts\/5686\/revisions\/5687"}],"wp:featuredmedia":[{"embeddable":true,"href":"https:\/\/www.weiterbildungsmarkt.net\/news\/wp-json\/wp\/v2\/media\/3636"}],"wp:attachment":[{"href":"https:\/\/www.weiterbildungsmarkt.net\/news\/wp-json\/wp\/v2\/media?parent=5686"}],"wp:term":[{"taxonomy":"category","embeddable":true,"href":"https:\/\/www.weiterbildungsmarkt.net\/news\/wp-json\/wp\/v2\/categories?post=5686"},{"taxonomy":"post_tag","embeddable":true,"href":"https:\/\/www.weiterbildungsmarkt.net\/news\/wp-json\/wp\/v2\/tags?post=5686"}],"curies":[{"name":"wp","href":"https:\/\/api.w.org\/{rel}","templated":true}]}}