{"id":5947,"date":"2017-09-17T08:04:11","date_gmt":"2017-09-17T06:04:11","guid":{"rendered":"https:\/\/www.weiterbildungsmarkt.net\/news\/?p=5947"},"modified":"2026-01-08T10:43:52","modified_gmt":"2026-01-08T09:43:52","slug":"erasmus-2021-eu-programm-soll-inklusiver-und-einfacher-werden","status":"publish","type":"post","link":"https:\/\/www.weiterbildungsmarkt.net\/news\/erasmus-2021-eu-programm-soll-inklusiver-und-einfacher-werden-5947\/","title":{"rendered":"Erasmus+ 2021: EU-Programm soll inklusiver und einfacher werden"},"content":{"rendered":"<p style=\"text-align: justify;\"><strong>Bildungsagenturen Europas diskutieren mit der zust\u00e4ndigen Generaldirektorin die Zukunft des erfolgreichen EU-Programms ab 2021 in Alpbach und stecken die Landkarte ab.<\/strong><\/p>\n<p style=\"text-align: justify;\">Bereits jetzt startet die Diskussion zur Programmgeneration Erasmus+ ab 2021. Die OeAD-GmbH lud Martine Reicherts, Generaldirektorin f\u00fcr Bildung und Kultur der Europ\u00e4ischen Kommission, sowie europ\u00e4ische Bildungsagenturen nach Alpbach, um die Zukunft des Programms Erasmus+ zu diskutieren. Alle L\u00e4nder sind sich einig, die drei sehr erfolgreichen Leitaktionen des Programms (Mobilit\u00e4t, Projekte und die Unterst\u00fctzung politischer Reformen) fortf\u00fchren zu wollen. \u201eWas gut funktioniert, wollen wir beibehalten\u201c, sagt Martine Reicherts. \u201eWir wollen eine Evolution, keine Revolution f\u00fcr das neue Programm.\u201c<\/p>\n<p style=\"text-align: justify;\">Mehr als 240.000 Personen aus \u00d6sterreich packte in den vergangenen 30 Jahren das Fernweh, um in einem anderen Land ein Praktikum zu absolvieren, zu studieren, zu lehren, zu arbeiten, ein Projekt zu initiieren oder eine Freiwilligent\u00e4tigkeit auszu\u00fcben. 37,5 Mio. Euro F\u00f6rdermittel stehen 2017 in \u00d6sterreich zur Verf\u00fcgung, heuer werden rund 15.000 Personen mit Erasmus+ mobil. J\u00e4hrlich k\u00f6nnen rund 500 Projekte gef\u00f6rdert werden.<\/p>\n<p style=\"text-align: justify;\">Wichtig ist dem OeAD-Gesch\u00e4ftsf\u00fchrer Stefan Zotti, der dieses hochrangig besetzte Treffen initiierte, dass der Zugang erweitert und durch Digitalisierung verbessert werde. \u201eVor allem der Zugang f\u00fcr Einzelpersonen, Schulen und Kinderg\u00e4rten und kleinere Institutionen muss einfacher werden\u201c, w\u00fcnscht sich Zotti. \u201eWir sch\u00f6pfen das Programm zu 100 Prozent aus, dennoch k\u00f6nnen wir die Anzahl der Menschen, die ins Ausland gehen k\u00f6nnen, nicht beliebig erh\u00f6hen. Wir brauchen daher auch alternative M\u00f6glichkeiten der Mobilit\u00e4t, etwa virtuelle H\u00f6rs\u00e4le und Klassenzimmer oder Kurzzeitstipendien.\u201c Das aktuelle Programm sieht f\u00fcr Studierendenpraktika mindestens zwei, f\u00fcr Studienaufenthalte mindestens drei Monate vor.<\/p>\n<p style=\"text-align: justify;\">Ausweitung \u00fcber Europa hinaus<br \/><br \/>\nAus Sicht der anwesenden Nationalagenturen soll auch der geografische Radius erweitert werden: Nicht nur Studierende, Lehrende und Hochschulpersonal sollen \u00fcber Erasmus+ weltweite Aufenthalte absolvieren k\u00f6nnen, wie dies seit dem Studienjahr 2015\/16 m\u00f6glich ist, sondern auch Lehrlinge und Sch\u00fcler\/innen aus mittleren und h\u00f6heren Schulen. In \u00d6sterreich konnten 2016 \u00fcber die internationale Programmschiene 379 Studierende (253 internationale Studierende und 126 \u00f6sterreichische) und 293 Lehr- und Fortbildsaufenthalte gef\u00f6rdert werden. Die beliebtesten L\u00e4nder waren Russland und Israel. Auslandsaufenthalte verbessern die Chancen am Arbeitsmarkt und tragen zur Pers\u00f6nlichkeitsentwicklung bei. Insofern sei es laut Reicherts bei der Programmgestaltung auch n\u00f6tig, die Anforderungen der Wirtschaft und der jungen Menschen zu h\u00f6ren.<\/p>\n<p style=\"text-align: justify;\">Dar\u00fcber hinaus soll das neue EU-Programm inklusiver werden, formulieren die Mobilit\u00e4tsagenturen ein wichtiges bildungspolitisches Ziel. Es soll noch mehr als heute ein Programm f\u00fcr alle werden. Dabei gilt es, sowohl finanzielle als auch organisatorische Unterst\u00fctzung anzubieten. Zur aktuellen politischen Situation in Europa erg\u00e4nzt OeAD-Chef Zotti: \u201eBildung kann zur De-Radikalisierung beitragen.\u201c Generaldirektorin Reicherts betont in diesem Zusammenhang: \u201eDies betrifft nicht nur junge Menschen, die gestern angekommen sind, sondern vor allem auch jene, die schon zehn oder 20 Jahre in Europa leben.\u201c Aber auch die Eingliederung von Gefl\u00fcchteten in die nationalen Bildungssysteme stehe ganz oben auf der Agenda. Als konkrete Ma\u00dfnahme stehen kostenfreie Online-Sprachkurse zur Verf\u00fcgung, die ansonsten Erasmus-Teilnehmer\/innen vorbehalten sind. Bis dato wurden in \u00d6sterreich 1.500 Lizenzen f\u00fcr den sogenannten \u201eOnline Linguistic Support for Refugees\u201c vergeben. Damit k\u00f6nnen die Sprachen Deutsch, Englisch, Spanisch, Franz\u00f6sisch, Italienisch und Niederl\u00e4ndisch auf allen Levels (A1 bis C1) gelernt werden. Die Europ\u00e4ische Kommission stellt aktuell f\u00fcr Integrationsprojekte ein zus\u00e4tzliches Budget von 30 Mio. Euro zur Verf\u00fcgung.<\/p>\n<p style=\"text-align: justify;\">Zotti: \u201eErasmus ist ein Beispiel, wie Europa funktionieren kann und dass es sich lohnt, gemeinsame Herausforderungen mit gemeinschaftlichen L\u00f6sungen zu begegnen. Wir sind gefordert, aktiv Verantwortung f\u00fcr unser Europa zu \u00fcbernehmen, ein Pl\u00e4doyer f\u00fcr ein offenes und buntes Europa zu halten und unsere pers\u00f6nlichen Erfahrungen und Netzwerke in die politische Diskussion einzubringen.\u201c Das 30-j\u00e4hrige Jubil\u00e4um des Programms sei ein wunderbarer Anlass, nationalistischen, integrationsfeindlichen und illiberalen Tendenzen in ganz Europa eine Absage zu erteilen.<\/p>\n<p style=\"text-align: justify;\">Quelle: APA Ots<\/p>\n<div class=\"shariff shariff-align-flex-start shariff-widget-align-flex-start\"><ul class=\"shariff-buttons theme-round orientation-horizontal buttonsize-medium\"><li class=\"shariff-button facebook shariff-nocustomcolor\" style=\"background-color:#4273c8\"><a href=\"https:\/\/www.facebook.com\/sharer\/sharer.php?u=https%3A%2F%2Fwww.weiterbildungsmarkt.net%2Fnews%2Ferasmus-2021-eu-programm-soll-inklusiver-und-einfacher-werden-5947%2F\" title=\"Bei Facebook teilen\" aria-label=\"Bei Facebook teilen\" role=\"button\" rel=\"nofollow\" class=\"shariff-link external external_icon\" style=\"; background-color:#3b5998; color:#fff\" target=\"_blank\"><span class=\"shariff-icon\" style=\"\"><svg width=\"32px\" height=\"20px\" xmlns=\"http:\/\/www.w3.org\/2000\/svg\" viewBox=\"0 0 18 32\"><path fill=\"#3b5998\" d=\"M17.1 0.2v4.7h-2.8q-1.5 0-2.1 0.6t-0.5 1.9v3.4h5.2l-0.7 5.3h-4.5v13.6h-5.5v-13.6h-4.5v-5.3h4.5v-3.9q0-3.3 1.9-5.2t5-1.8q2.6 0 4.1 0.2z\"\/><\/svg><\/span><\/a><\/li><li class=\"shariff-button twitter shariff-nocustomcolor\" style=\"background-color:#595959\"><a href=\"https:\/\/twitter.com\/share?url=https%3A%2F%2Fwww.weiterbildungsmarkt.net%2Fnews%2Ferasmus-2021-eu-programm-soll-inklusiver-und-einfacher-werden-5947%2F&text=Erasmus%2B%202021%3A%20EU-Programm%20soll%20inklusiver%20und%20einfacher%20werden\" title=\"Bei X teilen\" aria-label=\"Bei X teilen\" role=\"button\" rel=\"noopener nofollow\" class=\"shariff-link\" style=\"; background-color:#000; color:#fff\" target=\"_blank\"><span class=\"shariff-icon\" style=\"\"><svg width=\"32px\" height=\"20px\" xmlns=\"http:\/\/www.w3.org\/2000\/svg\" viewBox=\"0 0 24 24\"><path fill=\"#000\" d=\"M14.258 10.152L23.176 0h-2.113l-7.747 8.813L7.133 0H0l9.352 13.328L0 23.973h2.113l8.176-9.309 6.531 9.309h7.133zm-2.895 3.293l-.949-1.328L2.875 1.56h3.246l6.086 8.523.945 1.328 7.91 11.078h-3.246zm0 0\"\/><\/svg><\/span><\/a><\/li><li class=\"shariff-button xing shariff-nocustomcolor\" style=\"background-color:#29888a\"><a href=\"https:\/\/www.xing.com\/spi\/shares\/new?url=https%3A%2F%2Fwww.weiterbildungsmarkt.net%2Fnews%2Ferasmus-2021-eu-programm-soll-inklusiver-und-einfacher-werden-5947%2F\" title=\"Bei XING teilen\" aria-label=\"Bei XING teilen\" role=\"button\" rel=\"noopener nofollow\" class=\"shariff-link external external_icon\" style=\"; background-color:#126567; color:#fff\" target=\"_blank\"><span class=\"shariff-icon\" style=\"\"><svg width=\"32px\" height=\"20px\" xmlns=\"http:\/\/www.w3.org\/2000\/svg\" viewBox=\"0 0 25 32\"><path fill=\"#126567\" d=\"M10.7 11.9q-0.2 0.3-4.6 8.2-0.5 0.8-1.2 0.8h-4.3q-0.4 0-0.5-0.3t0-0.6l4.5-8q0 0 0 0l-2.9-5q-0.2-0.4 0-0.7 0.2-0.3 0.5-0.3h4.3q0.7 0 1.2 0.8zM25.1 0.4q0.2 0.3 0 0.7l-9.4 16.7 6 11q0.2 0.4 0 0.6-0.2 0.3-0.6 0.3h-4.3q-0.7 0-1.2-0.8l-6-11.1q0.3-0.6 9.5-16.8 0.4-0.8 1.2-0.8h4.3q0.4 0 0.5 0.3z\"\/><\/svg><\/span><\/a><\/li><li class=\"shariff-button linkedin shariff-nocustomcolor\" style=\"background-color:#1488bf\"><a href=\"https:\/\/www.linkedin.com\/sharing\/share-offsite\/?url=https%3A%2F%2Fwww.weiterbildungsmarkt.net%2Fnews%2Ferasmus-2021-eu-programm-soll-inklusiver-und-einfacher-werden-5947%2F\" title=\"Bei LinkedIn teilen\" aria-label=\"Bei LinkedIn teilen\" role=\"button\" rel=\"noopener nofollow\" class=\"shariff-link external external_icon\" style=\"; background-color:#0077b5; color:#fff\" target=\"_blank\"><span class=\"shariff-icon\" style=\"\"><svg width=\"32px\" height=\"20px\" xmlns=\"http:\/\/www.w3.org\/2000\/svg\" viewBox=\"0 0 27 32\"><path fill=\"#0077b5\" d=\"M6.2 11.2v17.7h-5.9v-17.7h5.9zM6.6 5.7q0 1.3-0.9 2.2t-2.4 0.9h0q-1.5 0-2.4-0.9t-0.9-2.2 0.9-2.2 2.4-0.9 2.4 0.9 0.9 2.2zM27.4 18.7v10.1h-5.9v-9.5q0-1.9-0.7-2.9t-2.3-1.1q-1.1 0-1.9 0.6t-1.2 1.5q-0.2 0.5-0.2 1.4v9.9h-5.9q0-7.1 0-11.6t0-5.3l0-0.9h5.9v2.6h0q0.4-0.6 0.7-1t1-0.9 1.6-0.8 2-0.3q3 0 4.9 2t1.9 6z\"\/><\/svg><\/span><\/a><\/li><li class=\"shariff-button whatsapp shariff-nocustomcolor\" style=\"background-color:#5cbe4a\"><a href=\"https:\/\/api.whatsapp.com\/send?text=https%3A%2F%2Fwww.weiterbildungsmarkt.net%2Fnews%2Ferasmus-2021-eu-programm-soll-inklusiver-und-einfacher-werden-5947%2F%20Erasmus%2B%202021%3A%20EU-Programm%20soll%20inklusiver%20und%20einfacher%20werden\" title=\"Bei Whatsapp teilen\" aria-label=\"Bei Whatsapp teilen\" role=\"button\" rel=\"noopener nofollow\" class=\"shariff-link external external_icon\" style=\"; background-color:#34af23; color:#fff\" target=\"_blank\"><span class=\"shariff-icon\" style=\"\"><svg width=\"32px\" height=\"20px\" xmlns=\"http:\/\/www.w3.org\/2000\/svg\" viewBox=\"0 0 32 32\"><path fill=\"#34af23\" d=\"M17.6 17.4q0.2 0 1.7 0.8t1.6 0.9q0 0.1 0 0.3 0 0.6-0.3 1.4-0.3 0.7-1.3 1.2t-1.8 0.5q-1 0-3.4-1.1-1.7-0.8-3-2.1t-2.6-3.3q-1.3-1.9-1.3-3.5v-0.1q0.1-1.6 1.3-2.8 0.4-0.4 0.9-0.4 0.1 0 0.3 0t0.3 0q0.3 0 0.5 0.1t0.3 0.5q0.1 0.4 0.6 1.6t0.4 1.3q0 0.4-0.6 1t-0.6 0.8q0 0.1 0.1 0.3 0.6 1.3 1.8 2.4 1 0.9 2.7 1.8 0.2 0.1 0.4 0.1 0.3 0 1-0.9t0.9-0.9zM14 26.9q2.3 0 4.3-0.9t3.6-2.4 2.4-3.6 0.9-4.3-0.9-4.3-2.4-3.6-3.6-2.4-4.3-0.9-4.3 0.9-3.6 2.4-2.4 3.6-0.9 4.3q0 3.6 2.1 6.6l-1.4 4.2 4.3-1.4q2.8 1.9 6.2 1.9zM14 2.2q2.7 0 5.2 1.1t4.3 2.9 2.9 4.3 1.1 5.2-1.1 5.2-2.9 4.3-4.3 2.9-5.2 1.1q-3.5 0-6.5-1.7l-7.4 2.4 2.4-7.2q-1.9-3.2-1.9-6.9 0-2.7 1.1-5.2t2.9-4.3 4.3-2.9 5.2-1.1z\"\/><\/svg><\/span><\/a><\/li><li class=\"shariff-button pinterest shariff-nocustomcolor\" style=\"background-color:#e70f18\"><a href=\"https:\/\/www.pinterest.com\/pin\/create\/link\/?url=https%3A%2F%2Fwww.weiterbildungsmarkt.net%2Fnews%2Ferasmus-2021-eu-programm-soll-inklusiver-und-einfacher-werden-5947%2F&media=https%3A%2F%2Fwww.weiterbildungsmarkt.net%2Fnews%2Fwp-content%2Fuploads%2F2017%2F11%2FNT174.png&description=Erasmus%2B%202021%3A%20EU-Programm%20soll%20inklusiver%20und%20einfacher%20werden\" title=\"Bei Pinterest pinnen\" aria-label=\"Bei Pinterest pinnen\" role=\"button\" rel=\"noopener nofollow\" class=\"shariff-link\" style=\"; background-color:#cb2027; color:#fff\" target=\"_blank\"><span class=\"shariff-icon\" style=\"\"><svg width=\"32px\" height=\"20px\" xmlns=\"http:\/\/www.w3.org\/2000\/svg\" viewBox=\"0 0 27 32\"><path fill=\"#cb2027\" d=\"M27.4 16q0 3.7-1.8 6.9t-5 5-6.9 1.9q-2 0-3.9-0.6 1.1-1.7 1.4-2.9 0.2-0.6 1-3.8 0.4 0.7 1.3 1.2t2 0.5q2.1 0 3.8-1.2t2.7-3.4 0.9-4.8q0-2-1.1-3.8t-3.1-2.9-4.5-1.2q-1.9 0-3.5 0.5t-2.8 1.4-2 2-1.2 2.3-0.4 2.4q0 1.9 0.7 3.3t2.1 2q0.5 0.2 0.7-0.4 0-0.1 0.1-0.5t0.2-0.5q0.1-0.4-0.2-0.8-0.9-1.1-0.9-2.7 0-2.7 1.9-4.6t4.9-2q2.7 0 4.2 1.5t1.5 3.8q0 3-1.2 5.2t-3.1 2.1q-1.1 0-1.7-0.8t-0.4-1.9q0.1-0.6 0.5-1.7t0.5-1.8 0.2-1.4q0-0.9-0.5-1.5t-1.4-0.6q-1.1 0-1.9 1t-0.8 2.6q0 1.3 0.4 2.2l-1.8 7.5q-0.3 1.2-0.2 3.2-3.7-1.6-6-5t-2.3-7.6q0-3.7 1.9-6.9t5-5 6.9-1.9 6.9 1.9 5 5 1.8 6.9z\"\/><\/svg><\/span><\/a><\/li><\/ul><\/div>","protected":false},"excerpt":{"rendered":"<p>Bildungsagenturen Europas diskutieren mit der zust\u00e4ndigen Generaldirektorin die Zukunft des erfolgreichen EU-Programms ab 2021 in Alpbach und stecken die Landkarte ab. Bereits jetzt startet die Diskussion zur Programmgeneration Erasmus+ ab 2021. Die OeAD-GmbH lud Martine Reicherts, Generaldirektorin f\u00fcr Bildung und Kultur der Europ\u00e4ischen Kommission, sowie europ\u00e4ische Bildungsagenturen nach Alpbach, um die Zukunft des Programms Erasmus+ [&hellip;]<\/p>\n","protected":false},"author":192,"featured_media":6108,"comment_status":"closed","ping_status":"closed","sticky":false,"template":"","format":"standard","meta":{"_acf_changed":false,"footnotes":""},"categories":[112,1],"tags":[],"class_list":["post-5947","post","type-post","status-publish","format-standard","has-post-thumbnail","hentry","category-neuigkeiten","category-weiterbildung"],"acf":[],"_links":{"self":[{"href":"https:\/\/www.weiterbildungsmarkt.net\/news\/wp-json\/wp\/v2\/posts\/5947","targetHints":{"allow":["GET"]}}],"collection":[{"href":"https:\/\/www.weiterbildungsmarkt.net\/news\/wp-json\/wp\/v2\/posts"}],"about":[{"href":"https:\/\/www.weiterbildungsmarkt.net\/news\/wp-json\/wp\/v2\/types\/post"}],"author":[{"embeddable":true,"href":"https:\/\/www.weiterbildungsmarkt.net\/news\/wp-json\/wp\/v2\/users\/192"}],"replies":[{"embeddable":true,"href":"https:\/\/www.weiterbildungsmarkt.net\/news\/wp-json\/wp\/v2\/comments?post=5947"}],"version-history":[{"count":2,"href":"https:\/\/www.weiterbildungsmarkt.net\/news\/wp-json\/wp\/v2\/posts\/5947\/revisions"}],"predecessor-version":[{"id":9819,"href":"https:\/\/www.weiterbildungsmarkt.net\/news\/wp-json\/wp\/v2\/posts\/5947\/revisions\/9819"}],"wp:featuredmedia":[{"embeddable":true,"href":"https:\/\/www.weiterbildungsmarkt.net\/news\/wp-json\/wp\/v2\/media\/6108"}],"wp:attachment":[{"href":"https:\/\/www.weiterbildungsmarkt.net\/news\/wp-json\/wp\/v2\/media?parent=5947"}],"wp:term":[{"taxonomy":"category","embeddable":true,"href":"https:\/\/www.weiterbildungsmarkt.net\/news\/wp-json\/wp\/v2\/categories?post=5947"},{"taxonomy":"post_tag","embeddable":true,"href":"https:\/\/www.weiterbildungsmarkt.net\/news\/wp-json\/wp\/v2\/tags?post=5947"}],"curies":[{"name":"wp","href":"https:\/\/api.w.org\/{rel}","templated":true}]}}