{"id":5989,"date":"2017-08-29T20:22:53","date_gmt":"2017-08-29T18:22:53","guid":{"rendered":"https:\/\/www.weiterbildungsmarkt.net\/news\/?p=5989"},"modified":"2022-12-06T14:59:20","modified_gmt":"2022-12-06T13:59:20","slug":"selbstfuehrung-als-lebenskunst","status":"publish","type":"post","link":"https:\/\/www.weiterbildungsmarkt.net\/news\/selbstfuehrung-als-lebenskunst-5989\/","title":{"rendered":"Selbstf\u00fchrung als Lebenskunst"},"content":{"rendered":"<p>Selbstmanagement ist ein \u201eweites Land\u201c. Zwar ein menschlich nicht so ab- und tiefgr\u00fcndiges Terrain wie in Schnitzlers gleichnamiger Tragikom\u00f6die von 1911. Aber jedenfalls eines, das sich nicht so simpel erkunden oder ganz nebenbei bestellen l\u00e4sst. Es bedeutet Arbeit an sich selbst. Unentwegt.<\/p>\n<p>Vor allem in einem disruptiven Umfeld ist Selbstmanagement eine Herausforderung. Und eine Kunst der Selbstf\u00fchrung zwischen K\u00f6nnen und Wollen. Deren Erfolg manifestiert sich an konkreten, ermutigenden Ergebnissen.<\/p>\n<p>3 besondere F\u00e4higkeiten bzw. 4 Faktoren sind f\u00fcr ein gelungenes Selbstmanagement von au\u00dferordentlicher Bedeutung. Welche das genau sind und wie sie in der Praxis wirksam werden k\u00f6nnen, k\u00f6nnen Sie im nachfolgenden Beitrag nachlesen.<\/p>\n<p>https:\/\/www.business-wissen.de\/index.php?id=11418\u00a0 <\/p>\n<p>Autor: Dr. Franz J. SCHWEIFER<\/p>\n<p>Franz J. Schweifer ist Mitinhaber und Gesch\u00e4ftsf\u00fchrer des Beratungsunternehmens \u201eDie ManagementOASE \u2013 Schweifer &amp; Partner, Coaching. Training. Consulting\u201c mit Sitz in M\u00f6dling b. Wien. www.managementoase.at<\/p>\n<p>Als \u201eTemposoph\u201c, Zeitforscher, FH-Lektor, Managementtrainer und Coach hat er sich vor allem auf zeitspezifische Themen im pers\u00f6nlichen, unternehmerischen und gesellschaftlichen Kontext spezialisiert.<\/p>\n<p><strong>Aktuelle Workshops &amp; Seminare:<\/strong><\/p>\n<ul><br \/>\n<li>Ach du liebe Zeit (Seminar)<em>\u00a0<\/em><\/li><br \/>\n<li>Zeit meisterhaft managen\u00a0 (Seminar)<\/li><br \/>\n<li>Sich selbst meisterhaft managen (Seminar)<\/li><br \/>\n<li>Stress meisterhaft managen (Seminar)<\/li><br \/>\n<li>Work-Life-Balance: Mehr Zeit f\u00fcr Wesentliches\u00a0 (Seminar)<\/li><br \/>\n<li>Angina temporis &#8211; Zeitentz\u00fcndungsKur\u00a0 (Seminar)<\/li><br \/>\n<li>DownSpeeding im Sommer\u00a0 (Seminar)<\/li><br \/>\n<li>DownSpeeding im Advent <em>(Seminar)<\/em><\/li><br \/>\n<li>ZeitPrivatissimum (KleingruppenCoaching)<\/li><br \/>\n<li>Synergy Map &#8211; Navi f\u00fcr den Kopf\u00a0 (KurzWorkshop)<\/li><br \/>\n<li><span lang=\"DE-AT\">Managing yourself &amp; Leading others<\/span> (Seminar)<\/li><br \/>\n<li>WerteManagement kompakt (Vortrag\/KurzWorkshop)<\/li><br \/>\n<\/ul>\n<p>Infos dazu unter: <a href=\"http:\/\/www.managementoase.at\/itsscms\/de\/oaseaktuell\/oaseaktuell.html\" target=\"_blank\" rel=\"noopener nofollow\" class=\"external external_icon\">http:\/\/www.managementoase.at\/itsscms\/de\/oaseaktuell\/oaseaktuell.html <\/a><\/p>\n<p>&nbsp;<\/p>\n<div class=\"shariff shariff-align-left shariff-widget-align-left\"><ul class=\"shariff-buttons theme-round orientation-horizontal buttonsize-medium\"><li class=\"shariff-button facebook shariff-nocustomcolor\" style=\"background-color:#4273c8\"><a href=\"https:\/\/www.facebook.com\/sharer\/sharer.php?u=https%3A%2F%2Fwww.weiterbildungsmarkt.net%2Fnews%2Fselbstfuehrung-als-lebenskunst-5989%2F\" title=\"Bei Facebook teilen\" aria-label=\"Bei Facebook teilen\" role=\"button\" rel=\"nofollow\" class=\"shariff-link external external_icon\" style=\"; background-color:#3b5998; color:#fff\" target=\"_blank\"><span class=\"shariff-icon\" style=\"\"><svg width=\"32px\" height=\"20px\" xmlns=\"http:\/\/www.w3.org\/2000\/svg\" viewBox=\"0 0 18 32\"><path fill=\"#3b5998\" d=\"M17.1 0.2v4.7h-2.8q-1.5 0-2.1 0.6t-0.5 1.9v3.4h5.2l-0.7 5.3h-4.5v13.6h-5.5v-13.6h-4.5v-5.3h4.5v-3.9q0-3.3 1.9-5.2t5-1.8q2.6 0 4.1 0.2z\"\/><\/svg><\/span><\/a><\/li><li class=\"shariff-button twitter shariff-nocustomcolor\" style=\"background-color:#595959\"><a href=\"https:\/\/twitter.com\/share?url=https%3A%2F%2Fwww.weiterbildungsmarkt.net%2Fnews%2Fselbstfuehrung-als-lebenskunst-5989%2F&text=Selbstf%C3%BChrung%20als%20Lebenskunst\" title=\"Bei X teilen\" aria-label=\"Bei X teilen\" role=\"button\" rel=\"noopener nofollow\" class=\"shariff-link\" style=\"; background-color:#000; color:#fff\" target=\"_blank\"><span class=\"shariff-icon\" style=\"\"><svg width=\"32px\" height=\"20px\" xmlns=\"http:\/\/www.w3.org\/2000\/svg\" viewBox=\"0 0 24 24\"><path fill=\"#000\" d=\"M14.258 10.152L23.176 0h-2.113l-7.747 8.813L7.133 0H0l9.352 13.328L0 23.973h2.113l8.176-9.309 6.531 9.309h7.133zm-2.895 3.293l-.949-1.328L2.875 1.56h3.246l6.086 8.523.945 1.328 7.91 11.078h-3.246zm0 0\"\/><\/svg><\/span><\/a><\/li><li class=\"shariff-button xing shariff-nocustomcolor\" style=\"background-color:#29888a\"><a href=\"https:\/\/www.xing.com\/spi\/shares\/new?url=https%3A%2F%2Fwww.weiterbildungsmarkt.net%2Fnews%2Fselbstfuehrung-als-lebenskunst-5989%2F\" title=\"Bei XING teilen\" aria-label=\"Bei XING teilen\" role=\"button\" rel=\"noopener nofollow\" class=\"shariff-link external external_icon\" style=\"; background-color:#126567; color:#fff\" target=\"_blank\"><span class=\"shariff-icon\" style=\"\"><svg width=\"32px\" height=\"20px\" xmlns=\"http:\/\/www.w3.org\/2000\/svg\" viewBox=\"0 0 25 32\"><path fill=\"#126567\" d=\"M10.7 11.9q-0.2 0.3-4.6 8.2-0.5 0.8-1.2 0.8h-4.3q-0.4 0-0.5-0.3t0-0.6l4.5-8q0 0 0 0l-2.9-5q-0.2-0.4 0-0.7 0.2-0.3 0.5-0.3h4.3q0.7 0 1.2 0.8zM25.1 0.4q0.2 0.3 0 0.7l-9.4 16.7 6 11q0.2 0.4 0 0.6-0.2 0.3-0.6 0.3h-4.3q-0.7 0-1.2-0.8l-6-11.1q0.3-0.6 9.5-16.8 0.4-0.8 1.2-0.8h4.3q0.4 0 0.5 0.3z\"\/><\/svg><\/span><\/a><\/li><li class=\"shariff-button linkedin shariff-nocustomcolor\" style=\"background-color:#1488bf\"><a href=\"https:\/\/www.linkedin.com\/sharing\/share-offsite\/?url=https%3A%2F%2Fwww.weiterbildungsmarkt.net%2Fnews%2Fselbstfuehrung-als-lebenskunst-5989%2F\" title=\"Bei LinkedIn teilen\" aria-label=\"Bei LinkedIn teilen\" role=\"button\" rel=\"noopener nofollow\" class=\"shariff-link external external_icon\" style=\"; background-color:#0077b5; color:#fff\" target=\"_blank\"><span class=\"shariff-icon\" style=\"\"><svg width=\"32px\" height=\"20px\" xmlns=\"http:\/\/www.w3.org\/2000\/svg\" viewBox=\"0 0 27 32\"><path fill=\"#0077b5\" d=\"M6.2 11.2v17.7h-5.9v-17.7h5.9zM6.6 5.7q0 1.3-0.9 2.2t-2.4 0.9h0q-1.5 0-2.4-0.9t-0.9-2.2 0.9-2.2 2.4-0.9 2.4 0.9 0.9 2.2zM27.4 18.7v10.1h-5.9v-9.5q0-1.9-0.7-2.9t-2.3-1.1q-1.1 0-1.9 0.6t-1.2 1.5q-0.2 0.5-0.2 1.4v9.9h-5.9q0-7.1 0-11.6t0-5.3l0-0.9h5.9v2.6h0q0.4-0.6 0.7-1t1-0.9 1.6-0.8 2-0.3q3 0 4.9 2t1.9 6z\"\/><\/svg><\/span><\/a><\/li><li class=\"shariff-button whatsapp shariff-nocustomcolor\" style=\"background-color:#5cbe4a\"><a href=\"https:\/\/api.whatsapp.com\/send?text=https%3A%2F%2Fwww.weiterbildungsmarkt.net%2Fnews%2Fselbstfuehrung-als-lebenskunst-5989%2F%20Selbstf%C3%BChrung%20als%20Lebenskunst\" title=\"Bei Whatsapp teilen\" aria-label=\"Bei Whatsapp teilen\" role=\"button\" rel=\"noopener nofollow\" class=\"shariff-link external external_icon\" style=\"; background-color:#34af23; color:#fff\" target=\"_blank\"><span class=\"shariff-icon\" style=\"\"><svg width=\"32px\" height=\"20px\" xmlns=\"http:\/\/www.w3.org\/2000\/svg\" viewBox=\"0 0 32 32\"><path fill=\"#34af23\" d=\"M17.6 17.4q0.2 0 1.7 0.8t1.6 0.9q0 0.1 0 0.3 0 0.6-0.3 1.4-0.3 0.7-1.3 1.2t-1.8 0.5q-1 0-3.4-1.1-1.7-0.8-3-2.1t-2.6-3.3q-1.3-1.9-1.3-3.5v-0.1q0.1-1.6 1.3-2.8 0.4-0.4 0.9-0.4 0.1 0 0.3 0t0.3 0q0.3 0 0.5 0.1t0.3 0.5q0.1 0.4 0.6 1.6t0.4 1.3q0 0.4-0.6 1t-0.6 0.8q0 0.1 0.1 0.3 0.6 1.3 1.8 2.4 1 0.9 2.7 1.8 0.2 0.1 0.4 0.1 0.3 0 1-0.9t0.9-0.9zM14 26.9q2.3 0 4.3-0.9t3.6-2.4 2.4-3.6 0.9-4.3-0.9-4.3-2.4-3.6-3.6-2.4-4.3-0.9-4.3 0.9-3.6 2.4-2.4 3.6-0.9 4.3q0 3.6 2.1 6.6l-1.4 4.2 4.3-1.4q2.8 1.9 6.2 1.9zM14 2.2q2.7 0 5.2 1.1t4.3 2.9 2.9 4.3 1.1 5.2-1.1 5.2-2.9 4.3-4.3 2.9-5.2 1.1q-3.5 0-6.5-1.7l-7.4 2.4 2.4-7.2q-1.9-3.2-1.9-6.9 0-2.7 1.1-5.2t2.9-4.3 4.3-2.9 5.2-1.1z\"\/><\/svg><\/span><\/a><\/li><li class=\"shariff-button pinterest shariff-nocustomcolor\" style=\"background-color:#e70f18\"><a href=\"https:\/\/www.pinterest.com\/pin\/create\/link\/?url=https%3A%2F%2Fwww.weiterbildungsmarkt.net%2Fnews%2Fselbstfuehrung-als-lebenskunst-5989%2F&media=https%3A%2F%2Fwww.weiterbildungsmarkt.net%2Fnews%2Fwp-content%2Fuploads%2F2015%2F02%2FPresseFoto_-FJSchweifer.jpg&description=Selbstf%C3%BChrung%20als%20Lebenskunst\" title=\"Bei Pinterest pinnen\" aria-label=\"Bei Pinterest pinnen\" role=\"button\" rel=\"noopener nofollow\" class=\"shariff-link\" style=\"; background-color:#cb2027; color:#fff\" target=\"_blank\"><span class=\"shariff-icon\" style=\"\"><svg width=\"32px\" height=\"20px\" xmlns=\"http:\/\/www.w3.org\/2000\/svg\" viewBox=\"0 0 27 32\"><path fill=\"#cb2027\" d=\"M27.4 16q0 3.7-1.8 6.9t-5 5-6.9 1.9q-2 0-3.9-0.6 1.1-1.7 1.4-2.9 0.2-0.6 1-3.8 0.4 0.7 1.3 1.2t2 0.5q2.1 0 3.8-1.2t2.7-3.4 0.9-4.8q0-2-1.1-3.8t-3.1-2.9-4.5-1.2q-1.9 0-3.5 0.5t-2.8 1.4-2 2-1.2 2.3-0.4 2.4q0 1.9 0.7 3.3t2.1 2q0.5 0.2 0.7-0.4 0-0.1 0.1-0.5t0.2-0.5q0.1-0.4-0.2-0.8-0.9-1.1-0.9-2.7 0-2.7 1.9-4.6t4.9-2q2.7 0 4.2 1.5t1.5 3.8q0 3-1.2 5.2t-3.1 2.1q-1.1 0-1.7-0.8t-0.4-1.9q0.1-0.6 0.5-1.7t0.5-1.8 0.2-1.4q0-0.9-0.5-1.5t-1.4-0.6q-1.1 0-1.9 1t-0.8 2.6q0 1.3 0.4 2.2l-1.8 7.5q-0.3 1.2-0.2 3.2-3.7-1.6-6-5t-2.3-7.6q0-3.7 1.9-6.9t5-5 6.9-1.9 6.9 1.9 5 5 1.8 6.9z\"\/><\/svg><\/span><\/a><\/li><\/ul><\/div>","protected":false},"excerpt":{"rendered":"<p>Selbstmanagement ist ein \u201eweites Land\u201c. Zwar ein menschlich nicht so ab- und tiefgr\u00fcndiges Terrain wie in Schnitzlers gleichnamiger Tragikom\u00f6die von 1911. Aber jedenfalls eines, das sich nicht so simpel erkunden oder ganz nebenbei bestellen l\u00e4sst. Es bedeutet Arbeit an sich selbst. Unentwegt. Vor allem in einem disruptiven Umfeld ist Selbstmanagement eine Herausforderung. Und eine Kunst [&hellip;]<\/p>\n","protected":false},"author":121,"featured_media":2207,"comment_status":"closed","ping_status":"closed","sticky":false,"template":"","format":"standard","meta":{"_acf_changed":false,"footnotes":""},"categories":[1,112],"tags":[429,413,43],"class_list":["post-5989","post","type-post","status-publish","format-standard","has-post-thumbnail","hentry","category-weiterbildung","category-neuigkeiten","tag-selbstfuehrung","tag-selbstfuersorge","tag-selbstmanagement"],"acf":[],"_links":{"self":[{"href":"https:\/\/www.weiterbildungsmarkt.net\/news\/wp-json\/wp\/v2\/posts\/5989","targetHints":{"allow":["GET"]}}],"collection":[{"href":"https:\/\/www.weiterbildungsmarkt.net\/news\/wp-json\/wp\/v2\/posts"}],"about":[{"href":"https:\/\/www.weiterbildungsmarkt.net\/news\/wp-json\/wp\/v2\/types\/post"}],"author":[{"embeddable":true,"href":"https:\/\/www.weiterbildungsmarkt.net\/news\/wp-json\/wp\/v2\/users\/121"}],"replies":[{"embeddable":true,"href":"https:\/\/www.weiterbildungsmarkt.net\/news\/wp-json\/wp\/v2\/comments?post=5989"}],"version-history":[{"count":5,"href":"https:\/\/www.weiterbildungsmarkt.net\/news\/wp-json\/wp\/v2\/posts\/5989\/revisions"}],"predecessor-version":[{"id":8794,"href":"https:\/\/www.weiterbildungsmarkt.net\/news\/wp-json\/wp\/v2\/posts\/5989\/revisions\/8794"}],"wp:featuredmedia":[{"embeddable":true,"href":"https:\/\/www.weiterbildungsmarkt.net\/news\/wp-json\/wp\/v2\/media\/2207"}],"wp:attachment":[{"href":"https:\/\/www.weiterbildungsmarkt.net\/news\/wp-json\/wp\/v2\/media?parent=5989"}],"wp:term":[{"taxonomy":"category","embeddable":true,"href":"https:\/\/www.weiterbildungsmarkt.net\/news\/wp-json\/wp\/v2\/categories?post=5989"},{"taxonomy":"post_tag","embeddable":true,"href":"https:\/\/www.weiterbildungsmarkt.net\/news\/wp-json\/wp\/v2\/tags?post=5989"}],"curies":[{"name":"wp","href":"https:\/\/api.w.org\/{rel}","templated":true}]}}