{"id":6208,"date":"2017-12-28T09:51:37","date_gmt":"2017-12-28T08:51:37","guid":{"rendered":"https:\/\/www.weiterbildungsmarkt.net\/news\/?p=6208"},"modified":"2026-01-08T10:44:47","modified_gmt":"2026-01-08T09:44:47","slug":"guetesiegelverleihung-2017-neun-soziale-unternehmen-vor-den-vorhang","status":"publish","type":"post","link":"https:\/\/www.weiterbildungsmarkt.net\/news\/guetesiegelverleihung-2017-neun-soziale-unternehmen-vor-den-vorhang-6208\/","title":{"rendered":"G\u00fctesiegelverleihung 2017: Neun Soziale Unternehmen vor den Vorhang"},"content":{"rendered":"<p style=\"text-align: justify;\"><strong>In Wien wurden nun neun gemeinn\u00fctzige Unternehmen mit dem G\u00fctesiegel f\u00fcr Soziale Unternehmen ausgezeichnet.<\/strong><\/p>\n<p style=\"text-align: justify;\">Es kostet M\u00fche, sich einem umfangreichen Qualit\u00e4tsmanagementprozess zu stellen, aber es zahlt sich aus, um immer besser zu werden: Dar\u00fcber waren sich die G\u00e4ste bei der achten Verleihung des G\u00fctesiegels f\u00fcr Soziale Unternehmen am vergangenen Freitag in Wien einig. Bei der Feier, heuer in den R\u00e4umlichkeiten der Quality Austria im ersten Wiener Gemeindebezirk, konnten sich diesmal neun gemeinn\u00fctzige Soziale Unternehmen \u00fcber diese Auszeichnung freuen.<\/p>\n<p style=\"text-align: justify;\"><strong>\u201eUnverzichtbarer Baustein der Arbeitsmarktpolitik\u201c<\/strong><\/p>\n<p style=\"text-align: justify;\">&#8222;Menschen ernst zu nehmen bedeutet, ihre Probleme zu l\u00f6sen. Wir m\u00fcssen alles daran setzen, dass langzeitarbeitslose Menschen wieder eine f\u00fcr sie passende und existenzsichernde Arbeit finden. Soziale Unternehmen sind dabei ein unverzichtbarer Baustein der \u00f6sterreichischen Arbeitsmarktpolitik\u201c, ist Sozialminister Alois St\u00f6ger \u00fcberzeugt. Denn: &#8222;In ihrer kraftvollen Verbindung von wirtschaftlichem Handeln und sozialer Zielsetzung geben die Sozialen Unternehmen Jahr f\u00fcr Jahr zehntausenden Menschen, die der Arbeitsmarkt benachteiligt, die Chance auf den Wiedereinstieg ins Erwerbsleben\u201c, so St\u00f6ger weiter.<\/p>\n<p style=\"text-align: justify;\"><strong>Danke f\u00fcr die qualit\u00e4tsvolle Arbeit<\/strong><\/p>\n<p style=\"text-align: justify;\">\u201eIch freue mich wirklich sehr dar\u00fcber, dass Sie sich diesem aufw\u00e4ndigen Qualit\u00e4tsprozess stellen\u201c, betonte AMS-Vorstand Johannes Kopf. Denn: \u201eNoch besser, als zu helfen, ist es, qualit\u00e4tsvoll zu helfen. Und genau daf\u00fcr steht das G\u00fctesiegel f\u00fcr Soziale Unternehmen: f\u00fcr qualit\u00e4tsvolle Arbeit.\u201c<\/p>\n<p style=\"text-align: justify;\">\u201eDas von arbeit plus entwickelte und vom AMS gef\u00f6rderte G\u00fctesiegel f\u00fcr Soziale Unternehmen steht f\u00fcr die Einhaltung sozialer, organisatorischer und wirtschaftlicher Qualit\u00e4tsstandards in Sozialen Unternehmen, die die berufliche Integration von langzeitbesch\u00e4ftigungslosen Menschen zum Ziel haben\u201c, so Manuela Vollmann, Vorstandsvorsitzende von arbeit plus &#8211; Soziale Unternehmen \u00d6sterreich. In ihren Begr\u00fc\u00dfungsworten bedankte sich Vollmann bei den zertifizierten Unternehmen und den Kooperationpartner*innen: \u201eDanke, dass Sie alle schon so viele Jahre Qualit\u00e4terinnen und Qualit\u00e4ter sind.\u201c<\/p>\n<p style=\"text-align: justify;\"><strong>\u201eCommitment und Konsequenz\u201c<\/strong><\/p>\n<p style=\"text-align: justify;\">\u201eEs braucht Commitment und Konsequenz, an sich zu arbeiten und Qualit\u00e4t sichtbar zu machen. Genau das haben Sie bewiesen\u201c, gratulierte Axel Dick, Prokurist der Quality Austria, den anwesenden Unternehmen zur Auszeichnung: \u201eDas G\u00fctesiegel wirkt nach innen als Motivationsschub und nach au\u00dfen als Signal, in der Arbeit ausgezeichnete Qualit\u00e4t zu liefern.\u201c Zudem biete es den Sozialen Unternehmen die Chance, den Weg gemeinsam zu gehen und voneinander zu lernen.<\/p>\n<p style=\"text-align: justify;\">Insgesamt neun Unternehmen wurden heuer zertifiziert: Arbas &#8211; Arbeitsassistenz Tirol gGmbH (Innsbruck), #sbk &#8211; Soziale Betriebe K\u00e4rnten GmbH (Klagenfurt), autArK &#8211; Soziale Dienstleistungs GmbH (Klagenfurt), S\u00d6B &#8211; Chance B (Gleisdorf), IAB &#8211; Institut f\u00fcr Ausbildungs- &amp; Besch\u00e4ftigungsberatung (Linz), OSPA &#8211; Verein zur F\u00f6rderung und Durchf\u00fchrung von Osttiroler Sozialprojekten f\u00fcr Arbeitssuchende (Schindel&amp;Holz, Lienz), Stahlstiftung (Linz), VABB &#8211; Verein f\u00fcr Arbeit, Beratung und Bildung (Steyr), Wien Work &#8211; integrative Betriebe und AusbildungsgmbH (Wien). Zwei der heuer zertifizierten Unternehmen, n\u00e4mlich #sbk und Arbas, sind \u201eG\u00fctesiegel-Neulinge\u201c.<\/p>\n<p style=\"text-align: justify;\"><strong>Organisationsentwicklung und Qualit\u00e4tssteigerung<\/strong><\/p>\n<p style=\"text-align: justify;\">Im Rahmen der Bewerbung um das arbeit plus-G\u00fctesiegel bewerten Assessorinnen und Assessoren das jeweilige Soziale Unternehmen hinsichtlich bestimmter Qualit\u00e4tsstandards. Sie untersuchen etwa, wie effektiv und effizient eingesetzte (F\u00f6rder-)Mittel und Ressourcen verwendet werden. Gleichzeitig betrachten sie die St\u00e4rken und Entwicklungsm\u00f6glichkeiten des Unternehmens. Die gewonnenen Erkenntnisse leiten dann in Zukunft qualit\u00e4tssichernde und qualit\u00e4tssteigernde Entwicklungen ein. Kurz: Sie f\u00fchren zu weiteren Verbesserungen im Sozialen Unternehmen. Die Unternehmen (aktuell insgesamt 34) erhalten das G\u00fctesiegel jeweils befristet auf drei Jahre. Danach m\u00fcssen sie ihre hohe Qualit\u00e4t erneut unter Beweis stellen.<\/p>\n<p style=\"text-align: justify;\"><strong>Troph\u00e4e aus den Dornbirner Jugendwerkst\u00e4tten<\/strong><\/p>\n<p style=\"text-align: justify;\">Sozialminister St\u00f6ger \u00fcberreichte den zertifizierten Unternehmen wieder eine Anerkennungstroph\u00e4e. Heuer stammt sie aus den Dornbirner Jugendwerkst\u00e4tten und damit ebenfalls aus einem zertifizierten Sozialen Unternehmen. Das Objekt besteht aus einem Quader aus Ahorn- und Nussholz, auf dem eine Acrylglasscheibe mit dem G\u00fctesiegel-Logo montiert ist. Die belegten Br\u00f6tchen kamen aus der K\u00fcche der \u201eK\u00fcmmerei\u201c, einem Sozial\u00f6konomischen Betrieb der BFI-Tochter Job-TransFair in Wien.<\/p>\n<p style=\"text-align: justify;\">Quelle: APA Ots<\/p>\n<div class=\"shariff shariff-align-flex-start shariff-widget-align-flex-start\"><ul class=\"shariff-buttons theme-round orientation-horizontal buttonsize-medium\"><li class=\"shariff-button facebook shariff-nocustomcolor\" style=\"background-color:#4273c8\"><a href=\"https:\/\/www.facebook.com\/sharer\/sharer.php?u=https%3A%2F%2Fwww.weiterbildungsmarkt.net%2Fnews%2Fguetesiegelverleihung-2017-neun-soziale-unternehmen-vor-den-vorhang-6208%2F\" title=\"Bei Facebook teilen\" aria-label=\"Bei Facebook teilen\" role=\"button\" rel=\"nofollow\" class=\"shariff-link external external_icon\" style=\"; background-color:#3b5998; color:#fff\" target=\"_blank\"><span class=\"shariff-icon\" style=\"\"><svg width=\"32px\" height=\"20px\" xmlns=\"http:\/\/www.w3.org\/2000\/svg\" viewBox=\"0 0 18 32\"><path fill=\"#3b5998\" d=\"M17.1 0.2v4.7h-2.8q-1.5 0-2.1 0.6t-0.5 1.9v3.4h5.2l-0.7 5.3h-4.5v13.6h-5.5v-13.6h-4.5v-5.3h4.5v-3.9q0-3.3 1.9-5.2t5-1.8q2.6 0 4.1 0.2z\"\/><\/svg><\/span><\/a><\/li><li class=\"shariff-button twitter shariff-nocustomcolor\" style=\"background-color:#595959\"><a href=\"https:\/\/twitter.com\/share?url=https%3A%2F%2Fwww.weiterbildungsmarkt.net%2Fnews%2Fguetesiegelverleihung-2017-neun-soziale-unternehmen-vor-den-vorhang-6208%2F&text=G%C3%BCtesiegelverleihung%202017%3A%20Neun%20Soziale%20Unternehmen%20vor%20den%20Vorhang\" title=\"Bei X teilen\" aria-label=\"Bei X teilen\" role=\"button\" rel=\"noopener nofollow\" class=\"shariff-link\" style=\"; background-color:#000; color:#fff\" target=\"_blank\"><span class=\"shariff-icon\" style=\"\"><svg width=\"32px\" height=\"20px\" xmlns=\"http:\/\/www.w3.org\/2000\/svg\" viewBox=\"0 0 24 24\"><path fill=\"#000\" d=\"M14.258 10.152L23.176 0h-2.113l-7.747 8.813L7.133 0H0l9.352 13.328L0 23.973h2.113l8.176-9.309 6.531 9.309h7.133zm-2.895 3.293l-.949-1.328L2.875 1.56h3.246l6.086 8.523.945 1.328 7.91 11.078h-3.246zm0 0\"\/><\/svg><\/span><\/a><\/li><li class=\"shariff-button xing shariff-nocustomcolor\" style=\"background-color:#29888a\"><a href=\"https:\/\/www.xing.com\/spi\/shares\/new?url=https%3A%2F%2Fwww.weiterbildungsmarkt.net%2Fnews%2Fguetesiegelverleihung-2017-neun-soziale-unternehmen-vor-den-vorhang-6208%2F\" title=\"Bei XING teilen\" aria-label=\"Bei XING teilen\" role=\"button\" rel=\"noopener nofollow\" class=\"shariff-link external external_icon\" style=\"; background-color:#126567; color:#fff\" target=\"_blank\"><span class=\"shariff-icon\" style=\"\"><svg width=\"32px\" height=\"20px\" xmlns=\"http:\/\/www.w3.org\/2000\/svg\" viewBox=\"0 0 25 32\"><path fill=\"#126567\" d=\"M10.7 11.9q-0.2 0.3-4.6 8.2-0.5 0.8-1.2 0.8h-4.3q-0.4 0-0.5-0.3t0-0.6l4.5-8q0 0 0 0l-2.9-5q-0.2-0.4 0-0.7 0.2-0.3 0.5-0.3h4.3q0.7 0 1.2 0.8zM25.1 0.4q0.2 0.3 0 0.7l-9.4 16.7 6 11q0.2 0.4 0 0.6-0.2 0.3-0.6 0.3h-4.3q-0.7 0-1.2-0.8l-6-11.1q0.3-0.6 9.5-16.8 0.4-0.8 1.2-0.8h4.3q0.4 0 0.5 0.3z\"\/><\/svg><\/span><\/a><\/li><li class=\"shariff-button linkedin shariff-nocustomcolor\" style=\"background-color:#1488bf\"><a href=\"https:\/\/www.linkedin.com\/sharing\/share-offsite\/?url=https%3A%2F%2Fwww.weiterbildungsmarkt.net%2Fnews%2Fguetesiegelverleihung-2017-neun-soziale-unternehmen-vor-den-vorhang-6208%2F\" title=\"Bei LinkedIn teilen\" aria-label=\"Bei LinkedIn teilen\" role=\"button\" rel=\"noopener nofollow\" class=\"shariff-link external external_icon\" style=\"; background-color:#0077b5; color:#fff\" target=\"_blank\"><span class=\"shariff-icon\" style=\"\"><svg width=\"32px\" height=\"20px\" xmlns=\"http:\/\/www.w3.org\/2000\/svg\" viewBox=\"0 0 27 32\"><path fill=\"#0077b5\" d=\"M6.2 11.2v17.7h-5.9v-17.7h5.9zM6.6 5.7q0 1.3-0.9 2.2t-2.4 0.9h0q-1.5 0-2.4-0.9t-0.9-2.2 0.9-2.2 2.4-0.9 2.4 0.9 0.9 2.2zM27.4 18.7v10.1h-5.9v-9.5q0-1.9-0.7-2.9t-2.3-1.1q-1.1 0-1.9 0.6t-1.2 1.5q-0.2 0.5-0.2 1.4v9.9h-5.9q0-7.1 0-11.6t0-5.3l0-0.9h5.9v2.6h0q0.4-0.6 0.7-1t1-0.9 1.6-0.8 2-0.3q3 0 4.9 2t1.9 6z\"\/><\/svg><\/span><\/a><\/li><li class=\"shariff-button whatsapp shariff-nocustomcolor\" style=\"background-color:#5cbe4a\"><a href=\"https:\/\/api.whatsapp.com\/send?text=https%3A%2F%2Fwww.weiterbildungsmarkt.net%2Fnews%2Fguetesiegelverleihung-2017-neun-soziale-unternehmen-vor-den-vorhang-6208%2F%20G%C3%BCtesiegelverleihung%202017%3A%20Neun%20Soziale%20Unternehmen%20vor%20den%20Vorhang\" title=\"Bei Whatsapp teilen\" aria-label=\"Bei Whatsapp teilen\" role=\"button\" rel=\"noopener nofollow\" class=\"shariff-link external external_icon\" style=\"; background-color:#34af23; color:#fff\" target=\"_blank\"><span class=\"shariff-icon\" style=\"\"><svg width=\"32px\" height=\"20px\" xmlns=\"http:\/\/www.w3.org\/2000\/svg\" viewBox=\"0 0 32 32\"><path fill=\"#34af23\" d=\"M17.6 17.4q0.2 0 1.7 0.8t1.6 0.9q0 0.1 0 0.3 0 0.6-0.3 1.4-0.3 0.7-1.3 1.2t-1.8 0.5q-1 0-3.4-1.1-1.7-0.8-3-2.1t-2.6-3.3q-1.3-1.9-1.3-3.5v-0.1q0.1-1.6 1.3-2.8 0.4-0.4 0.9-0.4 0.1 0 0.3 0t0.3 0q0.3 0 0.5 0.1t0.3 0.5q0.1 0.4 0.6 1.6t0.4 1.3q0 0.4-0.6 1t-0.6 0.8q0 0.1 0.1 0.3 0.6 1.3 1.8 2.4 1 0.9 2.7 1.8 0.2 0.1 0.4 0.1 0.3 0 1-0.9t0.9-0.9zM14 26.9q2.3 0 4.3-0.9t3.6-2.4 2.4-3.6 0.9-4.3-0.9-4.3-2.4-3.6-3.6-2.4-4.3-0.9-4.3 0.9-3.6 2.4-2.4 3.6-0.9 4.3q0 3.6 2.1 6.6l-1.4 4.2 4.3-1.4q2.8 1.9 6.2 1.9zM14 2.2q2.7 0 5.2 1.1t4.3 2.9 2.9 4.3 1.1 5.2-1.1 5.2-2.9 4.3-4.3 2.9-5.2 1.1q-3.5 0-6.5-1.7l-7.4 2.4 2.4-7.2q-1.9-3.2-1.9-6.9 0-2.7 1.1-5.2t2.9-4.3 4.3-2.9 5.2-1.1z\"\/><\/svg><\/span><\/a><\/li><li class=\"shariff-button pinterest shariff-nocustomcolor\" style=\"background-color:#e70f18\"><a href=\"https:\/\/www.pinterest.com\/pin\/create\/link\/?url=https%3A%2F%2Fwww.weiterbildungsmarkt.net%2Fnews%2Fguetesiegelverleihung-2017-neun-soziale-unternehmen-vor-den-vorhang-6208%2F&media=https%3A%2F%2Fwww.weiterbildungsmarkt.net%2Fnews%2Fwp-content%2Fuploads%2F2017%2F11%2FNT174.png&description=G%C3%BCtesiegelverleihung%202017%3A%20Neun%20Soziale%20Unternehmen%20vor%20den%20Vorhang\" title=\"Bei Pinterest pinnen\" aria-label=\"Bei Pinterest pinnen\" role=\"button\" rel=\"noopener nofollow\" class=\"shariff-link\" style=\"; background-color:#cb2027; color:#fff\" target=\"_blank\"><span class=\"shariff-icon\" style=\"\"><svg width=\"32px\" height=\"20px\" xmlns=\"http:\/\/www.w3.org\/2000\/svg\" viewBox=\"0 0 27 32\"><path fill=\"#cb2027\" d=\"M27.4 16q0 3.7-1.8 6.9t-5 5-6.9 1.9q-2 0-3.9-0.6 1.1-1.7 1.4-2.9 0.2-0.6 1-3.8 0.4 0.7 1.3 1.2t2 0.5q2.1 0 3.8-1.2t2.7-3.4 0.9-4.8q0-2-1.1-3.8t-3.1-2.9-4.5-1.2q-1.9 0-3.5 0.5t-2.8 1.4-2 2-1.2 2.3-0.4 2.4q0 1.9 0.7 3.3t2.1 2q0.5 0.2 0.7-0.4 0-0.1 0.1-0.5t0.2-0.5q0.1-0.4-0.2-0.8-0.9-1.1-0.9-2.7 0-2.7 1.9-4.6t4.9-2q2.7 0 4.2 1.5t1.5 3.8q0 3-1.2 5.2t-3.1 2.1q-1.1 0-1.7-0.8t-0.4-1.9q0.1-0.6 0.5-1.7t0.5-1.8 0.2-1.4q0-0.9-0.5-1.5t-1.4-0.6q-1.1 0-1.9 1t-0.8 2.6q0 1.3 0.4 2.2l-1.8 7.5q-0.3 1.2-0.2 3.2-3.7-1.6-6-5t-2.3-7.6q0-3.7 1.9-6.9t5-5 6.9-1.9 6.9 1.9 5 5 1.8 6.9z\"\/><\/svg><\/span><\/a><\/li><\/ul><\/div>","protected":false},"excerpt":{"rendered":"<p>In Wien wurden nun neun gemeinn\u00fctzige Unternehmen mit dem G\u00fctesiegel f\u00fcr Soziale Unternehmen ausgezeichnet. Es kostet M\u00fche, sich einem umfangreichen Qualit\u00e4tsmanagementprozess zu stellen, aber es zahlt sich aus, um immer besser zu werden: Dar\u00fcber waren sich die G\u00e4ste bei der achten Verleihung des G\u00fctesiegels f\u00fcr Soziale Unternehmen am vergangenen Freitag in Wien einig. Bei der [&hellip;]<\/p>\n","protected":false},"author":192,"featured_media":6108,"comment_status":"closed","ping_status":"closed","sticky":false,"template":"","format":"standard","meta":{"_acf_changed":false,"footnotes":""},"categories":[112,1],"tags":[],"class_list":["post-6208","post","type-post","status-publish","format-standard","has-post-thumbnail","hentry","category-neuigkeiten","category-weiterbildung"],"acf":[],"_links":{"self":[{"href":"https:\/\/www.weiterbildungsmarkt.net\/news\/wp-json\/wp\/v2\/posts\/6208","targetHints":{"allow":["GET"]}}],"collection":[{"href":"https:\/\/www.weiterbildungsmarkt.net\/news\/wp-json\/wp\/v2\/posts"}],"about":[{"href":"https:\/\/www.weiterbildungsmarkt.net\/news\/wp-json\/wp\/v2\/types\/post"}],"author":[{"embeddable":true,"href":"https:\/\/www.weiterbildungsmarkt.net\/news\/wp-json\/wp\/v2\/users\/192"}],"replies":[{"embeddable":true,"href":"https:\/\/www.weiterbildungsmarkt.net\/news\/wp-json\/wp\/v2\/comments?post=6208"}],"version-history":[{"count":2,"href":"https:\/\/www.weiterbildungsmarkt.net\/news\/wp-json\/wp\/v2\/posts\/6208\/revisions"}],"predecessor-version":[{"id":9858,"href":"https:\/\/www.weiterbildungsmarkt.net\/news\/wp-json\/wp\/v2\/posts\/6208\/revisions\/9858"}],"wp:featuredmedia":[{"embeddable":true,"href":"https:\/\/www.weiterbildungsmarkt.net\/news\/wp-json\/wp\/v2\/media\/6108"}],"wp:attachment":[{"href":"https:\/\/www.weiterbildungsmarkt.net\/news\/wp-json\/wp\/v2\/media?parent=6208"}],"wp:term":[{"taxonomy":"category","embeddable":true,"href":"https:\/\/www.weiterbildungsmarkt.net\/news\/wp-json\/wp\/v2\/categories?post=6208"},{"taxonomy":"post_tag","embeddable":true,"href":"https:\/\/www.weiterbildungsmarkt.net\/news\/wp-json\/wp\/v2\/tags?post=6208"}],"curies":[{"name":"wp","href":"https:\/\/api.w.org\/{rel}","templated":true}]}}