{"id":6218,"date":"2018-01-28T08:21:57","date_gmt":"2018-01-28T07:21:57","guid":{"rendered":"https:\/\/www.weiterbildungsmarkt.net\/news\/?p=6218"},"modified":"2026-01-08T10:45:02","modified_gmt":"2026-01-08T09:45:02","slug":"forsa-studie-rolle-des-mittleren-managements-in-unternehmen-hat-sich-veraendert","status":"publish","type":"post","link":"https:\/\/www.weiterbildungsmarkt.net\/news\/forsa-studie-rolle-des-mittleren-managements-in-unternehmen-hat-sich-veraendert-6218\/","title":{"rendered":"Forsa-Studie: Rolle des mittleren Managements in Unternehmen hat sich ver\u00e4ndert"},"content":{"rendered":"<p style=\"text-align: justify;\"><strong>Die hohe Marktvolatilit\u00e4t f\u00fchrt bei 84 Prozent der Unternehmen zu grundlegenden Ver\u00e4nderungen in den Prozessen, Digitalisierung (81 Prozent) und Innovation (78 Prozent). Das stellt neue Anforderungen an das mittlere Management: 50 Prozent der Unternehmen sagen, dass sich die Rolle der mittleren F\u00fchrungskraft ver\u00e4ndert hat. Das ist das Ergebnis der Untersuchung &#8222;F\u00fchrungsbarometer 2017&#8220; des Meinungsforschungsinstituts Forsa im Auftrag der Change-Beratung Penning Consulting.<\/strong><\/p>\n<p style=\"text-align: justify;\">Fast jedes zehnte deutsche Unternehmen hat in den letzten drei Jahren mehr als 51 Ver\u00e4nderungsprojekte durchgef\u00fchrt<br \/><br \/>\n56 Prozent der Mittelmanager k\u00f6nnen gut mit dem vorhandenen Druck umgehen, 44 Prozent f\u00fchlen sich sehr belastet oder \u00fcberlastet<br \/><br \/>\nGr\u00fcnde f\u00fcr subjektives Empfinden liegen in den meisten F\u00e4llen in einer veralteten Rollendefinition des mittleren Managements<\/p>\n<p style=\"text-align: justify;\">&#8222;Seit einiger Zeit sprechen Experten vom permanenten Change&#8220;, sagt Stephan Penning, Gesch\u00e4ftsf\u00fchrer und Studienleiter bei Penning Consulting. &#8222;Die Erhebung von Forsa in unserem Auftrag best\u00e4tigt die so genannte &#8218;Ambidextrie&#8216;, also die st\u00e4ndige Gleichzeitigkeit von Alltags- und Projektgesch\u00e4ft. Das ist aufgrund der hohen Volatilit\u00e4t der M\u00e4rkte notwendig.&#8220;<\/p>\n<p style=\"text-align: justify;\">Was der permanente Change in den Unternehmen konkret bedeutet, wird in der Forsa-Studie schnell deutlich: 88 Prozent der befragten Unternehmen haben in den letzten drei Jahren mindestens ein gr\u00f6\u00dferes Transformations- bzw. Ver\u00e4nderungsprojekte durchgef\u00fchrt, 56 Prozent mehr als sechs, 34 Prozent mehr als elf und 8 Prozent sogar mehr als 51 Projekte. Schwerpunkte bilden dabei Projekte, die sich mit Prozessen (84 Prozent), Digitalisierung (81 Prozent) und Innovation (78 Prozent) befassen.<\/p>\n<p style=\"text-align: justify;\"><strong>Mittelmanager mit neuem Rollenverst\u00e4ndnis k\u00f6nnen mit Belastung besser umgehen<\/strong><\/p>\n<p style=\"text-align: justify;\">Stephan Penning sagt: &#8222;Um dieser Projektverdichtung begegnen zu k\u00f6nnen, haben viele Unternehmen die Positionierung des mittleren Managements neu definiert.&#8220; Insgesamt hat sich die Rolle der Mittelmanager bei der H\u00e4lfte der befragten Unternehmen nach eigener Angabe ver\u00e4ndert. Wo diese Ver\u00e4nderung stattfand, \u00fcbernimmt das mittlere Management immer h\u00e4ufiger die Rolle des Beraters und Entwicklers sich selbst steuernder Teams (78 Prozent).<\/p>\n<p style=\"text-align: justify;\">&#8222;Es braucht dieser neuen Rollendefinition von F\u00fchrungskr\u00e4ften, um nicht in der Ambidextrie von Alltags- und Projektgesch\u00e4ft aufgerieben zu werden&#8220;, sagt Stephan Penning. Auf einer Skala von eins bis f\u00fcnf (1 = keine zus\u00e4tzliche Belastung, 5 = \u00dcberlastungsgrenze ist \u00fcberschritten) haben zehn Prozent der Unternehmen angegeben, dass die Belastungsgrenze der Mittelmanager mittlerweile \u00fcberschritten ist, 34 Prozent halten sie f\u00fcr hoch, 42 Prozent f\u00fcr sp\u00fcrbar vorhanden und nur 12 Prozent f\u00fcr gering. Alle sind sich dar\u00fcber einig, dass eine zus\u00e4tzliche Belastung vorhanden ist.<\/p>\n<p style=\"text-align: justify;\">&#8222;Der Grund f\u00fcr die subjektiv empfundene hohe Beanspruchung liegt h\u00e4ufig nicht an Kompetenz und Qualit\u00e4t der einzelnen Personen&#8220;, sagt Penning. &#8222;Sondern an einer anderen Definition von Mittelmanagement:<br \/><br \/>\nDiese Manager versuchen nicht mehr m\u00f6glichst alles selbst zu machen, sondern als Coach ihre Mitarbeiter durch konstruktive Impulse und das Schaffen der richtigen Rahmenbedingungen zu bef\u00e4higen. Sie kommunizieren und liefern strategische Beitr\u00e4ge. Die Studie zeigt, dass die lange w\u00e4hrende Debatte um die neue Rolle von F\u00fchrungskr\u00e4ften langsam Fr\u00fcchte tr\u00e4gt. Das steht diametral der viel zu h\u00e4ufig get\u00e4tigten Aussage entgegen, dass gerade das mittlere Management es nicht geschafft habe, sich \u00fcber die letzten Jahre deutlich zu ver\u00e4ndern.&#8220;<\/p>\n<p style=\"text-align: justify;\">Welchen Unterschied ein anders gelebtes Rollenverst\u00e4ndnis im F\u00fchrungsalltag macht, zeigt ein Blick auf die Studienergebnisse: 67 Prozent der F\u00fchrungskr\u00e4fte, die sich weniger belastet f\u00fchlen, \u00fcbernehmen die Rolle als Coach und Unterst\u00fctzer ihrer Mitarbeiter. Bei denjenigen mit einem starken Gef\u00fchl der Belastung sind es nur 40 Prozent. Auch die Schl\u00fcsselrolle der Information und Kommunikation erf\u00fcllen F\u00fchrungskr\u00e4fte mit einem geringeren Belastungsgef\u00fchl weitaus st\u00e4rker (71 Prozent) also diejenigen mit einem h\u00f6heren Belastungsgef\u00fchl (43 Prozent).<\/p>\n<p style=\"text-align: justify;\"><strong>Verantwortung f\u00fcr Definition dieser Rolle liegt beim Top-Management<\/strong><\/p>\n<p style=\"text-align: justify;\">&#8222;Die Rollendefinition des mittleren Managements ist keine Aufgabe f\u00fcr den einzelnen Manager&#8220;, sagt Stephan Penning. &#8222;Sie ist eine strukturelle Fragestellung, die zun\u00e4chst einmal vom Top-Management zu beantworten ist. Diese muss das ganz bewusst entscheiden. In den meisten F\u00e4llen muss dazu auch die oberste F\u00fchrungsebene die eigene Positionierung neu denken. Um dem mittleren Management eine Rolle als Coach und Berater der Mitarbeiter zu erm\u00f6glichen, muss das Top-Management dies gegen\u00fcber seinen F\u00fchrungskr\u00e4ften auch selbst leben.&#8220;<\/p>\n<p style=\"text-align: justify;\">Penning sagt: &#8222;Eine solche Neupositionierung bedeutet nicht, die Gesamtverantwortung einfach abzugeben und nach unten zu delegieren. Vorst\u00e4nde und Gesch\u00e4ftsf\u00fchrungen m\u00fcssen klare Priorisierungen treffen, Fahrpl\u00e4ne entwickeln und ihr Mittelmanagement durchg\u00e4ngig in den Ver\u00e4nderungsprojekten begleiten. Nur so lassen sich Komplexit\u00e4t und Belastung der gleichzeitig laufenden Projekte realistisch absch\u00e4tzen und damit gezielt die Ver\u00e4nderungsabl\u00e4ufe steuern. Das Top-Management im &#8218;Driver Seat&#8216; ist kein Widerspruch zur Verankerung von Entscheidungskompetenzen auf den nachgeordneten Ebenen. Im Gegenteil: Dies erm\u00f6glicht es dem mittleren Management erst, diese Entscheidungskompetenzen auch sinnvoll einzusetzen&#8220;. Die Forsa-Ergebnisse zeigen, dass diese Verlagerung von Entscheidungskompetenzen tats\u00e4chlich stattfindet: von den Unternehmen, in denen sich die Rolle der Mittelmanager ver\u00e4ndert hat, haben diese zu 76 Prozent mehr Entscheidungskompetenzen erhalten.<\/p>\n<p style=\"text-align: justify;\"><strong>Strategie nach wie vor in Hand von Top-Management<\/strong><\/p>\n<p style=\"text-align: justify;\">Bei der Einbindung in Strategieentwicklungsprozesse zeigt sich ein anderes Bild: in 76 Prozent der befragten Unternehmen ist f\u00fcr die Entwicklung von Wettbewerbsstrategien immer noch das Top-Management zust\u00e4ndig. In Organisationen mit einem geringeren Belastungsgef\u00fchl jedoch nur noch zu 65 Prozent. In Unternehmen, deren F\u00fchrungskr\u00e4fte sich st\u00e4rker belastet f\u00fchlen, verbleibt die Strategieentwicklung zu 88 Prozent beim Top-Management.<\/p>\n<p style=\"text-align: justify;\">&#8222;Die Notwendigkeit sich schnell an ver\u00e4nderte Marktbedingungen anzupassen und die Gleichzeitigkeit von Alltags- und Projektgesch\u00e4ft zu meistern wird f\u00fcr einen Gro\u00dfteil der Unternehmen zunehmen. Ein &#8218;weiter so&#8216; kann es nicht geben,&#8220; sagt Stephan Penning. &#8222;Ein anders gelebtes Rollenverst\u00e4ndnis von mittlerem und Top-Management, angepasste Entscheidungsmodelle und partizipative Strategieentwicklung sind heute n\u00f6tig, damit sich Unternehmen, anstatt in eine \u00dcberlastungsfalle zu tappen, zukunftsf\u00e4hig aufstellen. Eine solche Entwicklung konstruktiv herbeizuf\u00fchren, ist zum wesentlichen Bestandteil unserer Projektarbeit geworden.&#8220;<\/p>\n<p style=\"text-align: justify;\"><strong>\u00dcber die Studie:<\/strong><\/p>\n<p style=\"text-align: justify;\">Forsa hat im Auftrag von Penning Consulting 90 HR-Chefs diese Fragen gestellt. Jeweils zu einem Drittel in Unternehmen zwischen 400 und 500 Mitarbeitern, zwischen 501 und 1.000 Mitarbeitern und mit mehr als 1.001 Mitarbeitern. Um so einen repr\u00e4sentativen Querschnitt durch verschiedene Unternehmensgr\u00f6\u00dfen und -formen in Deutschland zu erhalten. Der erste Teil der Studie h\u00e4ngt dieser Pressemitteilung an.<\/p>\n<p style=\"text-align: justify;\">Quelle: APA Ots<\/p>\n<div class=\"shariff shariff-align-left shariff-widget-align-left\"><ul class=\"shariff-buttons theme-round orientation-horizontal buttonsize-medium\"><li class=\"shariff-button facebook shariff-nocustomcolor\" style=\"background-color:#4273c8\"><a href=\"https:\/\/www.facebook.com\/sharer\/sharer.php?u=https%3A%2F%2Fwww.weiterbildungsmarkt.net%2Fnews%2Fforsa-studie-rolle-des-mittleren-managements-in-unternehmen-hat-sich-veraendert-6218%2F\" title=\"Bei Facebook teilen\" aria-label=\"Bei Facebook teilen\" role=\"button\" rel=\"nofollow\" class=\"shariff-link external external_icon\" style=\"; background-color:#3b5998; color:#fff\" target=\"_blank\"><span class=\"shariff-icon\" style=\"\"><svg width=\"32px\" height=\"20px\" xmlns=\"http:\/\/www.w3.org\/2000\/svg\" viewBox=\"0 0 18 32\"><path fill=\"#3b5998\" d=\"M17.1 0.2v4.7h-2.8q-1.5 0-2.1 0.6t-0.5 1.9v3.4h5.2l-0.7 5.3h-4.5v13.6h-5.5v-13.6h-4.5v-5.3h4.5v-3.9q0-3.3 1.9-5.2t5-1.8q2.6 0 4.1 0.2z\"\/><\/svg><\/span><\/a><\/li><li class=\"shariff-button twitter shariff-nocustomcolor\" style=\"background-color:#595959\"><a href=\"https:\/\/twitter.com\/share?url=https%3A%2F%2Fwww.weiterbildungsmarkt.net%2Fnews%2Fforsa-studie-rolle-des-mittleren-managements-in-unternehmen-hat-sich-veraendert-6218%2F&text=Forsa-Studie%3A%20Rolle%20des%20mittleren%20Managements%20in%20Unternehmen%20hat%20sich%20ver%C3%A4ndert\" title=\"Bei X teilen\" aria-label=\"Bei X teilen\" role=\"button\" rel=\"noopener nofollow\" class=\"shariff-link\" style=\"; background-color:#000; color:#fff\" target=\"_blank\"><span class=\"shariff-icon\" style=\"\"><svg width=\"32px\" height=\"20px\" xmlns=\"http:\/\/www.w3.org\/2000\/svg\" viewBox=\"0 0 24 24\"><path fill=\"#000\" d=\"M14.258 10.152L23.176 0h-2.113l-7.747 8.813L7.133 0H0l9.352 13.328L0 23.973h2.113l8.176-9.309 6.531 9.309h7.133zm-2.895 3.293l-.949-1.328L2.875 1.56h3.246l6.086 8.523.945 1.328 7.91 11.078h-3.246zm0 0\"\/><\/svg><\/span><\/a><\/li><li class=\"shariff-button xing shariff-nocustomcolor\" style=\"background-color:#29888a\"><a href=\"https:\/\/www.xing.com\/spi\/shares\/new?url=https%3A%2F%2Fwww.weiterbildungsmarkt.net%2Fnews%2Fforsa-studie-rolle-des-mittleren-managements-in-unternehmen-hat-sich-veraendert-6218%2F\" title=\"Bei XING teilen\" aria-label=\"Bei XING teilen\" role=\"button\" rel=\"noopener nofollow\" class=\"shariff-link external external_icon\" style=\"; background-color:#126567; color:#fff\" target=\"_blank\"><span class=\"shariff-icon\" style=\"\"><svg width=\"32px\" height=\"20px\" xmlns=\"http:\/\/www.w3.org\/2000\/svg\" viewBox=\"0 0 25 32\"><path fill=\"#126567\" d=\"M10.7 11.9q-0.2 0.3-4.6 8.2-0.5 0.8-1.2 0.8h-4.3q-0.4 0-0.5-0.3t0-0.6l4.5-8q0 0 0 0l-2.9-5q-0.2-0.4 0-0.7 0.2-0.3 0.5-0.3h4.3q0.7 0 1.2 0.8zM25.1 0.4q0.2 0.3 0 0.7l-9.4 16.7 6 11q0.2 0.4 0 0.6-0.2 0.3-0.6 0.3h-4.3q-0.7 0-1.2-0.8l-6-11.1q0.3-0.6 9.5-16.8 0.4-0.8 1.2-0.8h4.3q0.4 0 0.5 0.3z\"\/><\/svg><\/span><\/a><\/li><li class=\"shariff-button linkedin shariff-nocustomcolor\" style=\"background-color:#1488bf\"><a href=\"https:\/\/www.linkedin.com\/sharing\/share-offsite\/?url=https%3A%2F%2Fwww.weiterbildungsmarkt.net%2Fnews%2Fforsa-studie-rolle-des-mittleren-managements-in-unternehmen-hat-sich-veraendert-6218%2F\" title=\"Bei LinkedIn teilen\" aria-label=\"Bei LinkedIn teilen\" role=\"button\" rel=\"noopener nofollow\" class=\"shariff-link external external_icon\" style=\"; background-color:#0077b5; color:#fff\" target=\"_blank\"><span class=\"shariff-icon\" style=\"\"><svg width=\"32px\" height=\"20px\" xmlns=\"http:\/\/www.w3.org\/2000\/svg\" viewBox=\"0 0 27 32\"><path fill=\"#0077b5\" d=\"M6.2 11.2v17.7h-5.9v-17.7h5.9zM6.6 5.7q0 1.3-0.9 2.2t-2.4 0.9h0q-1.5 0-2.4-0.9t-0.9-2.2 0.9-2.2 2.4-0.9 2.4 0.9 0.9 2.2zM27.4 18.7v10.1h-5.9v-9.5q0-1.9-0.7-2.9t-2.3-1.1q-1.1 0-1.9 0.6t-1.2 1.5q-0.2 0.5-0.2 1.4v9.9h-5.9q0-7.1 0-11.6t0-5.3l0-0.9h5.9v2.6h0q0.4-0.6 0.7-1t1-0.9 1.6-0.8 2-0.3q3 0 4.9 2t1.9 6z\"\/><\/svg><\/span><\/a><\/li><li class=\"shariff-button whatsapp shariff-nocustomcolor\" style=\"background-color:#5cbe4a\"><a href=\"https:\/\/api.whatsapp.com\/send?text=https%3A%2F%2Fwww.weiterbildungsmarkt.net%2Fnews%2Fforsa-studie-rolle-des-mittleren-managements-in-unternehmen-hat-sich-veraendert-6218%2F%20Forsa-Studie%3A%20Rolle%20des%20mittleren%20Managements%20in%20Unternehmen%20hat%20sich%20ver%C3%A4ndert\" title=\"Bei Whatsapp teilen\" aria-label=\"Bei Whatsapp teilen\" role=\"button\" rel=\"noopener nofollow\" class=\"shariff-link external external_icon\" style=\"; background-color:#34af23; color:#fff\" target=\"_blank\"><span class=\"shariff-icon\" style=\"\"><svg width=\"32px\" height=\"20px\" xmlns=\"http:\/\/www.w3.org\/2000\/svg\" viewBox=\"0 0 32 32\"><path fill=\"#34af23\" d=\"M17.6 17.4q0.2 0 1.7 0.8t1.6 0.9q0 0.1 0 0.3 0 0.6-0.3 1.4-0.3 0.7-1.3 1.2t-1.8 0.5q-1 0-3.4-1.1-1.7-0.8-3-2.1t-2.6-3.3q-1.3-1.9-1.3-3.5v-0.1q0.1-1.6 1.3-2.8 0.4-0.4 0.9-0.4 0.1 0 0.3 0t0.3 0q0.3 0 0.5 0.1t0.3 0.5q0.1 0.4 0.6 1.6t0.4 1.3q0 0.4-0.6 1t-0.6 0.8q0 0.1 0.1 0.3 0.6 1.3 1.8 2.4 1 0.9 2.7 1.8 0.2 0.1 0.4 0.1 0.3 0 1-0.9t0.9-0.9zM14 26.9q2.3 0 4.3-0.9t3.6-2.4 2.4-3.6 0.9-4.3-0.9-4.3-2.4-3.6-3.6-2.4-4.3-0.9-4.3 0.9-3.6 2.4-2.4 3.6-0.9 4.3q0 3.6 2.1 6.6l-1.4 4.2 4.3-1.4q2.8 1.9 6.2 1.9zM14 2.2q2.7 0 5.2 1.1t4.3 2.9 2.9 4.3 1.1 5.2-1.1 5.2-2.9 4.3-4.3 2.9-5.2 1.1q-3.5 0-6.5-1.7l-7.4 2.4 2.4-7.2q-1.9-3.2-1.9-6.9 0-2.7 1.1-5.2t2.9-4.3 4.3-2.9 5.2-1.1z\"\/><\/svg><\/span><\/a><\/li><li class=\"shariff-button pinterest shariff-nocustomcolor\" style=\"background-color:#e70f18\"><a href=\"https:\/\/www.pinterest.com\/pin\/create\/link\/?url=https%3A%2F%2Fwww.weiterbildungsmarkt.net%2Fnews%2Fforsa-studie-rolle-des-mittleren-managements-in-unternehmen-hat-sich-veraendert-6218%2F&media=https%3A%2F%2Fwww.weiterbildungsmarkt.net%2Fnews%2Fwp-content%2Fuploads%2F2016%2F09%2FTrendStudien3.png&description=Forsa-Studie%3A%20Rolle%20des%20mittleren%20Managements%20in%20Unternehmen%20hat%20sich%20ver%C3%A4ndert\" title=\"Bei Pinterest pinnen\" aria-label=\"Bei Pinterest pinnen\" role=\"button\" rel=\"noopener nofollow\" class=\"shariff-link\" style=\"; background-color:#cb2027; color:#fff\" target=\"_blank\"><span class=\"shariff-icon\" style=\"\"><svg width=\"32px\" height=\"20px\" xmlns=\"http:\/\/www.w3.org\/2000\/svg\" viewBox=\"0 0 27 32\"><path fill=\"#cb2027\" d=\"M27.4 16q0 3.7-1.8 6.9t-5 5-6.9 1.9q-2 0-3.9-0.6 1.1-1.7 1.4-2.9 0.2-0.6 1-3.8 0.4 0.7 1.3 1.2t2 0.5q2.1 0 3.8-1.2t2.7-3.4 0.9-4.8q0-2-1.1-3.8t-3.1-2.9-4.5-1.2q-1.9 0-3.5 0.5t-2.8 1.4-2 2-1.2 2.3-0.4 2.4q0 1.9 0.7 3.3t2.1 2q0.5 0.2 0.7-0.4 0-0.1 0.1-0.5t0.2-0.5q0.1-0.4-0.2-0.8-0.9-1.1-0.9-2.7 0-2.7 1.9-4.6t4.9-2q2.7 0 4.2 1.5t1.5 3.8q0 3-1.2 5.2t-3.1 2.1q-1.1 0-1.7-0.8t-0.4-1.9q0.1-0.6 0.5-1.7t0.5-1.8 0.2-1.4q0-0.9-0.5-1.5t-1.4-0.6q-1.1 0-1.9 1t-0.8 2.6q0 1.3 0.4 2.2l-1.8 7.5q-0.3 1.2-0.2 3.2-3.7-1.6-6-5t-2.3-7.6q0-3.7 1.9-6.9t5-5 6.9-1.9 6.9 1.9 5 5 1.8 6.9z\"\/><\/svg><\/span><\/a><\/li><\/ul><\/div>","protected":false},"excerpt":{"rendered":"<p>Die hohe Marktvolatilit\u00e4t f\u00fchrt bei 84 Prozent der Unternehmen zu grundlegenden Ver\u00e4nderungen in den Prozessen, Digitalisierung (81 Prozent) und Innovation (78 Prozent). Das stellt neue Anforderungen an das mittlere Management: 50 Prozent der Unternehmen sagen, dass sich die Rolle der mittleren F\u00fchrungskraft ver\u00e4ndert hat. Das ist das Ergebnis der Untersuchung &#8222;F\u00fchrungsbarometer 2017&#8220; des Meinungsforschungsinstituts Forsa [&hellip;]<\/p>\n","protected":false},"author":193,"featured_media":3636,"comment_status":"closed","ping_status":"closed","sticky":false,"template":"","format":"standard","meta":{"_acf_changed":false,"footnotes":""},"categories":[110,112],"tags":[],"class_list":["post-6218","post","type-post","status-publish","format-standard","has-post-thumbnail","hentry","category-studien","category-neuigkeiten"],"acf":[],"_links":{"self":[{"href":"https:\/\/www.weiterbildungsmarkt.net\/news\/wp-json\/wp\/v2\/posts\/6218","targetHints":{"allow":["GET"]}}],"collection":[{"href":"https:\/\/www.weiterbildungsmarkt.net\/news\/wp-json\/wp\/v2\/posts"}],"about":[{"href":"https:\/\/www.weiterbildungsmarkt.net\/news\/wp-json\/wp\/v2\/types\/post"}],"author":[{"embeddable":true,"href":"https:\/\/www.weiterbildungsmarkt.net\/news\/wp-json\/wp\/v2\/users\/193"}],"replies":[{"embeddable":true,"href":"https:\/\/www.weiterbildungsmarkt.net\/news\/wp-json\/wp\/v2\/comments?post=6218"}],"version-history":[{"count":2,"href":"https:\/\/www.weiterbildungsmarkt.net\/news\/wp-json\/wp\/v2\/posts\/6218\/revisions"}],"predecessor-version":[{"id":9879,"href":"https:\/\/www.weiterbildungsmarkt.net\/news\/wp-json\/wp\/v2\/posts\/6218\/revisions\/9879"}],"wp:featuredmedia":[{"embeddable":true,"href":"https:\/\/www.weiterbildungsmarkt.net\/news\/wp-json\/wp\/v2\/media\/3636"}],"wp:attachment":[{"href":"https:\/\/www.weiterbildungsmarkt.net\/news\/wp-json\/wp\/v2\/media?parent=6218"}],"wp:term":[{"taxonomy":"category","embeddable":true,"href":"https:\/\/www.weiterbildungsmarkt.net\/news\/wp-json\/wp\/v2\/categories?post=6218"},{"taxonomy":"post_tag","embeddable":true,"href":"https:\/\/www.weiterbildungsmarkt.net\/news\/wp-json\/wp\/v2\/tags?post=6218"}],"curies":[{"name":"wp","href":"https:\/\/api.w.org\/{rel}","templated":true}]}}