{"id":6327,"date":"2017-12-02T09:26:38","date_gmt":"2017-12-02T08:26:38","guid":{"rendered":"https:\/\/www.weiterbildungsmarkt.net\/news\/?p=6327"},"modified":"2026-01-08T10:44:23","modified_gmt":"2026-01-08T09:44:23","slug":"honorare-in-der-pr-branche-prva-praesentiert-trend-und-honorarbarometer-2017","status":"publish","type":"post","link":"https:\/\/www.weiterbildungsmarkt.net\/news\/honorare-in-der-pr-branche-prva-praesentiert-trend-und-honorarbarometer-2017-6327\/","title":{"rendered":"Honorare in der PR-Branche: PRVA pr\u00e4sentiert Trend- und Honorarbarometer 2017"},"content":{"rendered":"<p style=\"text-align: justify;\"><strong>Das Selbstverst\u00e4ndnis der PR-Branche ist bestens &#8211; Die Herausforderungen rund um das Thema Digitalisierung allerdings gewaltig<\/strong><\/p>\n<p style=\"text-align: justify;\">Die gro\u00df angelegte Studie zu Trends aus der PR-Branche, Geh\u00e4ltern, Honoraren, Budgets und Vergabepraxis wurde im Fr\u00fchjahr 2017 durchgef\u00fchrt. Sie basiert auf den Angaben von 100 PR-ExpertInnen aus \u00d6sterreich und gibt Einblicke, welche Themen die PR-Branche aktuell bewegen. Bei einigen Fragen nach monet\u00e4ren Aspekten sind jedoch nicht von allen Umfrage-TeilnehmerInnen auch Antworten gekommen.<\/p>\n<p style=\"text-align: justify;\">Die Ergebnisse des Trend- und Honorarbarometers 2017 sind im Folgenden nach Schlagworten gelistet.<\/p>\n<p style=\"text-align: justify;\"><strong>Selbstverst\u00e4ndnis<\/strong><\/p>\n<p style=\"text-align: justify;\">\u201eEin erfreuliches Bild kann zum Selbstverst\u00e4ndnis der PR-Branche festgestellt werden. Hier herrscht Selbstbewusstsein vor, wenn es darum geht, die Leistungen und die Leistungsf\u00e4higkeit der PR-ExpertInnen f\u00fcr ein Unternehmen oder die Gesellschaft zu beschreiben\u201c, freut sich PRVA-Pr\u00e4sidentin Julia Wippersberg. Gleichzeitig wird aber auch angenommen, dass diese Aspekte von KollegInnen und Gesch\u00e4ftspartnern ein wenig kritischer wahrgenommen werden.<\/p>\n<p style=\"text-align: justify;\"><strong>Digitalisierung und Trends<\/strong><\/p>\n<p style=\"text-align: justify;\">Gefragt wurde im Trend-Barometer einerseits nach der Relevanz von Entwicklungen und andererseits nach der Einsch\u00e4tzung, wie gut die PR-ExpertInnen auf diese vorbereitet sind. Hier zeigt sich, dass sich die Branche noch nicht ideal auf die Herausforderungen der digitalen PR-Welt vorbereitet sieht. So wird die Relevanz von digitaler Vernetzung kommunikativer, betrieblicher Prozesse (digitale Transformation) sehr hoch eingesch\u00e4tzt. Herausforderungen wie Social Media Listening, Echtzeit-Monitoring, die Aufhebung der Trennung von Marketingkommunikation und Journalismus (Content Marketing) bzw. der Grenzen zwischen Marketing- und Unternehmenskommunikation, die T\u00e4uschung durch Fake News, manipulierte Accounts und Posts, gekaufte Fans und Likes wollen in der Praxis allerdings noch besser gemeistert werden.<\/p>\n<p style=\"text-align: justify;\">Am schlechtesten vorbereitet sieht sich die Branche auf die Nutzung gro\u00dfer, unstrukturierter Datenbest\u00e4nde (Big Data), den Einsatz automatisierter Text- und Chat-Software (Social Bots) und die Automatisierung ganzer Kommunikationsprozesse; z.B. in der Kundenkommunikation (Automated Communication); deren Relevanz wird aber auch nicht als besonders priorit\u00e4r eingesch\u00e4tzt.<\/p>\n<p style=\"text-align: justify;\">Wichtige Funktionen f\u00fcr die PR sind die inhaltliche und kommunikative Begleitung bei der digitalen Transformation des Unternehmens bzw. Auftraggebers sowie die Digitalisierung der externen Kommunikation (z.B. durch Websites und Social Media). Als weniger wichtig werden die Digitalisierung der internen Kommunikation (z.B. durch Social Intranets und Mitarbeiter-Apps) und die Nutzung digitaler Tools im Kommunikationsmanagement (z.B. f\u00fcr Projektplanung, Monitoring, Verteilerpflege usw.) gesehen.<\/p>\n<p style=\"text-align: justify;\">T\u00e4tigkeiten und Zusammenarbeit von Agenturen und Unternehmen<br \/><br \/>\nDie folgenden T\u00e4tigkeiten haben f\u00fcr PR-ExpertInnen den h\u00f6chsten Stellenwert:<\/p>\n<p style=\"text-align: justify;\">Integrierte, strategische Marken- und Reputationskommunikation<br \/><br \/>\nInterne, Ver\u00e4nderungs- und F\u00fchrungskr\u00e4fte-Kommunikation, Employer Branding<br \/><br \/>\nCorporate Media und Publishing (Online und Print)<br \/><br \/>\nSocial Media- und Mobilkommunikation<br \/><br \/>\nBild- und Bewegtbild-Kommunikation<\/p>\n<p style=\"text-align: justify;\">Die Anbahnung der Zusammenarbeit mit einer Agentur geschieht am h\u00e4ufigsten \u00fcber Empfehlungen, pers\u00f6nliche Netzwerke oder direkte Anfragen bei der Agentur. Am seltensten werden Agenturen nach honorierten Pitches oder \u00f6ffentlichen Ausschreibungen beauftragt. Auch Akquisitionsma\u00dfnahmen der Agenturen f\u00fchren eher selten zu Auftr\u00e4gen.<\/p>\n<p style=\"text-align: justify;\"><strong>Budgets und Honorare<\/strong><\/p>\n<p style=\"text-align: justify;\">Bei der Entwicklung der Kommunikationsbudgets wird mit zumindest gleichbleibenden Budgets oder sogar mit einem moderaten Anstieg gerechnet.<br \/><br \/>\nGenerell geht man davon aus, dass es durchwegs weder starke R\u00fcckg\u00e4nge noch starke Anstiege geben wird.<\/p>\n<p style=\"text-align: justify;\">Als Stunden- und Tagess\u00e4tze, mit denen eine Agentur abrechnet, wurden folgende Betr\u00e4ge genannt. Die Angaben waren relativ unabh\u00e4ngig von der Gr\u00f6\u00dfe der Agentur:<\/p>\n<p style=\"text-align: justify;\">Chefberatung 225 Euro<br \/><br \/>\nStrategische Beratung 200 Euro<br \/><br \/>\nProjektsteuerung (Seniorberater) 170 Euro und 139 Euro (Juniorberater)<br \/><br \/>\nPlanung und Konzeption 175 Euro<\/p>\n<p style=\"text-align: justify;\">Im Folgenden sind die Bandbreiten angef\u00fchrt:<\/p>\n<p style=\"text-align: justify;\">Strategisches Konzept zwischen 4.000 und 7.000 Euro<br \/><br \/>\nKommunikationskonzept zwischen 2.500 und 4.000 Euro<br \/><br \/>\nKonzeption Website zwischen 2.500 bis 5.000 Euro<br \/><br \/>\nSocial Media Konzept zwischen 1.750 bis 3.750 Euro<br \/><br \/>\nPresseaussendung zwischen 1.000 und 1.500 Euro<br \/><br \/>\nPressegespr\u00e4ch zwischen 3.100 und 4.900 Euro<br \/><br \/>\nPressekonferenz zwischen 5.000 und 6.500 Euro<br \/><br \/>\nBrosch\u00fcre\/Magazin zwischen 350 Euro und 500 Euro<br \/><br \/>\nMonatliche Betreuungspauschale zwischen 1.500 und 5.000<br \/><br \/>\nImage- und Reputationsanalyse zwischen 2.500 und 7.000 Euro<br \/><br \/>\nKommunikationsaudit zwischen 3.600 und 7.500 Euro<\/p>\n<p style=\"text-align: justify;\">Die Geh\u00e4lter der PR-ExpertInnen werden zum \u00fcberwiegenden Teil f\u00fcr angemessen oder eher zu niedrig erachtet.<br \/><br \/>\nBerufsverband Die wichtigsten Funktionen eines Berufsverbandes sind f\u00fcr die Befragten:<\/p>\n<p style=\"text-align: justify;\">Einsetzen f\u00fcr die Professionalisierung des Berufsstands<br \/><br \/>\nVernetzung und fachlicher Austausch der Mitglieder<br \/><br \/>\nSetzen von Qualit\u00e4tsstandards<br \/><br \/>\nInteressenvertretung gegen\u00fcber Gesetzgeber und \u00f6ffentlicher Verwaltung<br \/><br \/>\nSetzen von Standards f\u00fcr die Berufsausbildung<br \/><br \/>\nErstellen und \u00dcberwachen von Berufskodizes<br \/><br \/>\nEigene Weiterbildungsangebote<\/p>\n<p style=\"text-align: justify;\">Die Studie wurde unter der wissenschaftlichen Leitung von Michael B\u00fcrker (Hochschule Landshut) konzipiert.<\/p>\n<p style=\"text-align: justify;\">Die Verbandsarbeit des PRVA wird von folgenden Wirtschaftspartnern unterst\u00fctzt: Brau Union, DORDA, IFES, Jork Printmanagement, News on Video, \u00d6BB, Observer, OMV, REWE, Siteimprove, Wien Energie<\/p>\n<p style=\"text-align: justify;\">Quelle: APA Ots<\/p>\n<div class=\"shariff shariff-align-flex-start shariff-widget-align-flex-start\"><ul class=\"shariff-buttons theme-round orientation-horizontal buttonsize-medium\"><li class=\"shariff-button facebook shariff-nocustomcolor\" style=\"background-color:#4273c8\"><a href=\"https:\/\/www.facebook.com\/sharer\/sharer.php?u=https%3A%2F%2Fwww.weiterbildungsmarkt.net%2Fnews%2Fhonorare-in-der-pr-branche-prva-praesentiert-trend-und-honorarbarometer-2017-6327%2F\" title=\"Bei Facebook teilen\" aria-label=\"Bei Facebook teilen\" role=\"button\" rel=\"nofollow\" class=\"shariff-link external external_icon\" style=\"; background-color:#3b5998; color:#fff\" target=\"_blank\"><span class=\"shariff-icon\" style=\"\"><svg width=\"32px\" height=\"20px\" xmlns=\"http:\/\/www.w3.org\/2000\/svg\" viewBox=\"0 0 18 32\"><path fill=\"#3b5998\" d=\"M17.1 0.2v4.7h-2.8q-1.5 0-2.1 0.6t-0.5 1.9v3.4h5.2l-0.7 5.3h-4.5v13.6h-5.5v-13.6h-4.5v-5.3h4.5v-3.9q0-3.3 1.9-5.2t5-1.8q2.6 0 4.1 0.2z\"\/><\/svg><\/span><\/a><\/li><li class=\"shariff-button twitter shariff-nocustomcolor\" style=\"background-color:#595959\"><a href=\"https:\/\/twitter.com\/share?url=https%3A%2F%2Fwww.weiterbildungsmarkt.net%2Fnews%2Fhonorare-in-der-pr-branche-prva-praesentiert-trend-und-honorarbarometer-2017-6327%2F&text=Honorare%20in%20der%20PR-Branche%3A%20PRVA%20pr%C3%A4sentiert%20Trend-%20und%20Honorarbarometer%202017\" title=\"Bei X teilen\" aria-label=\"Bei X teilen\" role=\"button\" rel=\"noopener nofollow\" class=\"shariff-link\" style=\"; background-color:#000; color:#fff\" target=\"_blank\"><span class=\"shariff-icon\" style=\"\"><svg width=\"32px\" height=\"20px\" xmlns=\"http:\/\/www.w3.org\/2000\/svg\" viewBox=\"0 0 24 24\"><path fill=\"#000\" d=\"M14.258 10.152L23.176 0h-2.113l-7.747 8.813L7.133 0H0l9.352 13.328L0 23.973h2.113l8.176-9.309 6.531 9.309h7.133zm-2.895 3.293l-.949-1.328L2.875 1.56h3.246l6.086 8.523.945 1.328 7.91 11.078h-3.246zm0 0\"\/><\/svg><\/span><\/a><\/li><li class=\"shariff-button xing shariff-nocustomcolor\" style=\"background-color:#29888a\"><a href=\"https:\/\/www.xing.com\/spi\/shares\/new?url=https%3A%2F%2Fwww.weiterbildungsmarkt.net%2Fnews%2Fhonorare-in-der-pr-branche-prva-praesentiert-trend-und-honorarbarometer-2017-6327%2F\" title=\"Bei XING teilen\" aria-label=\"Bei XING teilen\" role=\"button\" rel=\"noopener nofollow\" class=\"shariff-link external external_icon\" style=\"; background-color:#126567; color:#fff\" target=\"_blank\"><span class=\"shariff-icon\" style=\"\"><svg width=\"32px\" height=\"20px\" xmlns=\"http:\/\/www.w3.org\/2000\/svg\" viewBox=\"0 0 25 32\"><path fill=\"#126567\" d=\"M10.7 11.9q-0.2 0.3-4.6 8.2-0.5 0.8-1.2 0.8h-4.3q-0.4 0-0.5-0.3t0-0.6l4.5-8q0 0 0 0l-2.9-5q-0.2-0.4 0-0.7 0.2-0.3 0.5-0.3h4.3q0.7 0 1.2 0.8zM25.1 0.4q0.2 0.3 0 0.7l-9.4 16.7 6 11q0.2 0.4 0 0.6-0.2 0.3-0.6 0.3h-4.3q-0.7 0-1.2-0.8l-6-11.1q0.3-0.6 9.5-16.8 0.4-0.8 1.2-0.8h4.3q0.4 0 0.5 0.3z\"\/><\/svg><\/span><\/a><\/li><li class=\"shariff-button linkedin shariff-nocustomcolor\" style=\"background-color:#1488bf\"><a href=\"https:\/\/www.linkedin.com\/sharing\/share-offsite\/?url=https%3A%2F%2Fwww.weiterbildungsmarkt.net%2Fnews%2Fhonorare-in-der-pr-branche-prva-praesentiert-trend-und-honorarbarometer-2017-6327%2F\" title=\"Bei LinkedIn teilen\" aria-label=\"Bei LinkedIn teilen\" role=\"button\" rel=\"noopener nofollow\" class=\"shariff-link external external_icon\" style=\"; background-color:#0077b5; color:#fff\" target=\"_blank\"><span class=\"shariff-icon\" style=\"\"><svg width=\"32px\" height=\"20px\" xmlns=\"http:\/\/www.w3.org\/2000\/svg\" viewBox=\"0 0 27 32\"><path fill=\"#0077b5\" d=\"M6.2 11.2v17.7h-5.9v-17.7h5.9zM6.6 5.7q0 1.3-0.9 2.2t-2.4 0.9h0q-1.5 0-2.4-0.9t-0.9-2.2 0.9-2.2 2.4-0.9 2.4 0.9 0.9 2.2zM27.4 18.7v10.1h-5.9v-9.5q0-1.9-0.7-2.9t-2.3-1.1q-1.1 0-1.9 0.6t-1.2 1.5q-0.2 0.5-0.2 1.4v9.9h-5.9q0-7.1 0-11.6t0-5.3l0-0.9h5.9v2.6h0q0.4-0.6 0.7-1t1-0.9 1.6-0.8 2-0.3q3 0 4.9 2t1.9 6z\"\/><\/svg><\/span><\/a><\/li><li class=\"shariff-button whatsapp shariff-nocustomcolor\" style=\"background-color:#5cbe4a\"><a href=\"https:\/\/api.whatsapp.com\/send?text=https%3A%2F%2Fwww.weiterbildungsmarkt.net%2Fnews%2Fhonorare-in-der-pr-branche-prva-praesentiert-trend-und-honorarbarometer-2017-6327%2F%20Honorare%20in%20der%20PR-Branche%3A%20PRVA%20pr%C3%A4sentiert%20Trend-%20und%20Honorarbarometer%202017\" title=\"Bei Whatsapp teilen\" aria-label=\"Bei Whatsapp teilen\" role=\"button\" rel=\"noopener nofollow\" class=\"shariff-link external external_icon\" style=\"; background-color:#34af23; color:#fff\" target=\"_blank\"><span class=\"shariff-icon\" style=\"\"><svg width=\"32px\" height=\"20px\" xmlns=\"http:\/\/www.w3.org\/2000\/svg\" viewBox=\"0 0 32 32\"><path fill=\"#34af23\" d=\"M17.6 17.4q0.2 0 1.7 0.8t1.6 0.9q0 0.1 0 0.3 0 0.6-0.3 1.4-0.3 0.7-1.3 1.2t-1.8 0.5q-1 0-3.4-1.1-1.7-0.8-3-2.1t-2.6-3.3q-1.3-1.9-1.3-3.5v-0.1q0.1-1.6 1.3-2.8 0.4-0.4 0.9-0.4 0.1 0 0.3 0t0.3 0q0.3 0 0.5 0.1t0.3 0.5q0.1 0.4 0.6 1.6t0.4 1.3q0 0.4-0.6 1t-0.6 0.8q0 0.1 0.1 0.3 0.6 1.3 1.8 2.4 1 0.9 2.7 1.8 0.2 0.1 0.4 0.1 0.3 0 1-0.9t0.9-0.9zM14 26.9q2.3 0 4.3-0.9t3.6-2.4 2.4-3.6 0.9-4.3-0.9-4.3-2.4-3.6-3.6-2.4-4.3-0.9-4.3 0.9-3.6 2.4-2.4 3.6-0.9 4.3q0 3.6 2.1 6.6l-1.4 4.2 4.3-1.4q2.8 1.9 6.2 1.9zM14 2.2q2.7 0 5.2 1.1t4.3 2.9 2.9 4.3 1.1 5.2-1.1 5.2-2.9 4.3-4.3 2.9-5.2 1.1q-3.5 0-6.5-1.7l-7.4 2.4 2.4-7.2q-1.9-3.2-1.9-6.9 0-2.7 1.1-5.2t2.9-4.3 4.3-2.9 5.2-1.1z\"\/><\/svg><\/span><\/a><\/li><li class=\"shariff-button pinterest shariff-nocustomcolor\" style=\"background-color:#e70f18\"><a href=\"https:\/\/www.pinterest.com\/pin\/create\/link\/?url=https%3A%2F%2Fwww.weiterbildungsmarkt.net%2Fnews%2Fhonorare-in-der-pr-branche-prva-praesentiert-trend-und-honorarbarometer-2017-6327%2F&media=https%3A%2F%2Fwww.weiterbildungsmarkt.net%2Fnews%2Fwp-content%2Fuploads%2F2017%2F11%2FNT174.png&description=Honorare%20in%20der%20PR-Branche%3A%20PRVA%20pr%C3%A4sentiert%20Trend-%20und%20Honorarbarometer%202017\" title=\"Bei Pinterest pinnen\" aria-label=\"Bei Pinterest pinnen\" role=\"button\" rel=\"noopener nofollow\" class=\"shariff-link\" style=\"; background-color:#cb2027; color:#fff\" target=\"_blank\"><span class=\"shariff-icon\" style=\"\"><svg width=\"32px\" height=\"20px\" xmlns=\"http:\/\/www.w3.org\/2000\/svg\" viewBox=\"0 0 27 32\"><path fill=\"#cb2027\" d=\"M27.4 16q0 3.7-1.8 6.9t-5 5-6.9 1.9q-2 0-3.9-0.6 1.1-1.7 1.4-2.9 0.2-0.6 1-3.8 0.4 0.7 1.3 1.2t2 0.5q2.1 0 3.8-1.2t2.7-3.4 0.9-4.8q0-2-1.1-3.8t-3.1-2.9-4.5-1.2q-1.9 0-3.5 0.5t-2.8 1.4-2 2-1.2 2.3-0.4 2.4q0 1.9 0.7 3.3t2.1 2q0.5 0.2 0.7-0.4 0-0.1 0.1-0.5t0.2-0.5q0.1-0.4-0.2-0.8-0.9-1.1-0.9-2.7 0-2.7 1.9-4.6t4.9-2q2.7 0 4.2 1.5t1.5 3.8q0 3-1.2 5.2t-3.1 2.1q-1.1 0-1.7-0.8t-0.4-1.9q0.1-0.6 0.5-1.7t0.5-1.8 0.2-1.4q0-0.9-0.5-1.5t-1.4-0.6q-1.1 0-1.9 1t-0.8 2.6q0 1.3 0.4 2.2l-1.8 7.5q-0.3 1.2-0.2 3.2-3.7-1.6-6-5t-2.3-7.6q0-3.7 1.9-6.9t5-5 6.9-1.9 6.9 1.9 5 5 1.8 6.9z\"\/><\/svg><\/span><\/a><\/li><\/ul><\/div>","protected":false},"excerpt":{"rendered":"<p>Das Selbstverst\u00e4ndnis der PR-Branche ist bestens &#8211; Die Herausforderungen rund um das Thema Digitalisierung allerdings gewaltig Die gro\u00df angelegte Studie zu Trends aus der PR-Branche, Geh\u00e4ltern, Honoraren, Budgets und Vergabepraxis wurde im Fr\u00fchjahr 2017 durchgef\u00fchrt. Sie basiert auf den Angaben von 100 PR-ExpertInnen aus \u00d6sterreich und gibt Einblicke, welche Themen die PR-Branche aktuell bewegen. Bei [&hellip;]<\/p>\n","protected":false},"author":192,"featured_media":6108,"comment_status":"closed","ping_status":"closed","sticky":false,"template":"","format":"standard","meta":{"_acf_changed":false,"footnotes":""},"categories":[112,110],"tags":[],"class_list":["post-6327","post","type-post","status-publish","format-standard","has-post-thumbnail","hentry","category-neuigkeiten","category-studien"],"acf":[],"_links":{"self":[{"href":"https:\/\/www.weiterbildungsmarkt.net\/news\/wp-json\/wp\/v2\/posts\/6327","targetHints":{"allow":["GET"]}}],"collection":[{"href":"https:\/\/www.weiterbildungsmarkt.net\/news\/wp-json\/wp\/v2\/posts"}],"about":[{"href":"https:\/\/www.weiterbildungsmarkt.net\/news\/wp-json\/wp\/v2\/types\/post"}],"author":[{"embeddable":true,"href":"https:\/\/www.weiterbildungsmarkt.net\/news\/wp-json\/wp\/v2\/users\/192"}],"replies":[{"embeddable":true,"href":"https:\/\/www.weiterbildungsmarkt.net\/news\/wp-json\/wp\/v2\/comments?post=6327"}],"version-history":[{"count":4,"href":"https:\/\/www.weiterbildungsmarkt.net\/news\/wp-json\/wp\/v2\/posts\/6327\/revisions"}],"predecessor-version":[{"id":9845,"href":"https:\/\/www.weiterbildungsmarkt.net\/news\/wp-json\/wp\/v2\/posts\/6327\/revisions\/9845"}],"wp:featuredmedia":[{"embeddable":true,"href":"https:\/\/www.weiterbildungsmarkt.net\/news\/wp-json\/wp\/v2\/media\/6108"}],"wp:attachment":[{"href":"https:\/\/www.weiterbildungsmarkt.net\/news\/wp-json\/wp\/v2\/media?parent=6327"}],"wp:term":[{"taxonomy":"category","embeddable":true,"href":"https:\/\/www.weiterbildungsmarkt.net\/news\/wp-json\/wp\/v2\/categories?post=6327"},{"taxonomy":"post_tag","embeddable":true,"href":"https:\/\/www.weiterbildungsmarkt.net\/news\/wp-json\/wp\/v2\/tags?post=6327"}],"curies":[{"name":"wp","href":"https:\/\/api.w.org\/{rel}","templated":true}]}}