{"id":6331,"date":"2018-03-18T09:27:41","date_gmt":"2018-03-18T08:27:41","guid":{"rendered":"https:\/\/www.weiterbildungsmarkt.net\/news\/?p=6331"},"modified":"2026-01-08T10:45:53","modified_gmt":"2026-01-08T09:45:53","slug":"oesterreich-im-internationalen-spitzenfeld-bei-ausbildung-und-beschaeftigung-von-jungen-arbeitnehmern","status":"publish","type":"post","link":"https:\/\/www.weiterbildungsmarkt.net\/news\/oesterreich-im-internationalen-spitzenfeld-bei-ausbildung-und-beschaeftigung-von-jungen-arbeitnehmern-6331\/","title":{"rendered":"\u00d6sterreich im internationalen Spitzenfeld bei Ausbildung und Besch\u00e4ftigung von jungen Arbeitnehmern"},"content":{"rendered":"<p style=\"text-align: justify;\"><strong>+ \u00d6sterreich bei Besch\u00e4ftigungs-, Aus- und Weiterbildungsrate von<\/strong><br \/><br \/>\n<strong> 16 bis 24-J\u00e4hrigen auf Platz 4 im OECD-Vergleich<\/strong><br \/><br \/>\n<strong> + Dank positiver Entwicklung ist langfristig eine Steigerung des \u00f6sterreichischen BIP um 0,8 % m\u00f6glich<\/strong><br \/><br \/>\n<strong> + Bedrohung durch Automatisierung: Bis Anfang 2030 sind ca. 20 bis 40 % der bestehenden Jobs im OECD-Raum f\u00fcr junge Arbeitnehmer gef\u00e4hrdet<\/strong><br \/><br \/>\n<strong> + \u00d6sterreich Top-Performer bei Ausbildungsangebot rund um MINT-Kompetenzen<\/strong><\/p>\n<p style=\"text-align: justify;\">Die im PwC Young Workers Index 2017 ver\u00f6ffentlichten Ergebnisse vergleichen Besch\u00e4ftigungs- sowie Aus- und Weiterbildungsraten von 16 bis 24-J\u00e4hrigen aus 34 OECD-L\u00e4ndern. In diesem Jahr belegt \u00d6sterreich hinter der Schweiz, Island und Deutschland den vierten Platz im Ranking. Der Bericht betrachtet zudem, welche Lehren aus den Ergebnissen der Spitzenreiter gezogen werden k\u00f6nnen und welche langfristigen Herausforderungen und Chancen die Automatisierung f\u00fcr junge Arbeitnehmer mit sich bringt.<\/p>\n<p style=\"text-align: justify;\"><strong>Die Kernergebnisse im \u00dcberblick:<\/strong><\/p>\n<p style=\"text-align: justify;\">NEET-Rate zur\u00fcckgegangen: Der Anteil an jungen Menschen, die keine Schule besuchen, keiner Arbeit nachgehen und sich nicht in beruflicher Ausbildung befinden (NEET &#8211; Not in Education, Employment or Training) ist auf durchschnittlich ca. 17 % im OECD-Raum zur\u00fcckgegangen. Die Jugendarbeitslosigkeit ist jedoch in vielen L\u00e4ndern, vor allem in S\u00fcdeuropa, nach wie vor sehr hoch.<\/p>\n<p style=\"text-align: justify;\">BIP Steigerung in \u00d6sterreich um 0,8 % m\u00f6glich: Auf lange Sicht lassen die Ergebnisse eine Ankurbelung der OECD-Wirtschaften um rund eine Billion Euro durch Verbesserung von Qualifikation, Ausbildung und Besch\u00e4ftigungsm\u00f6glichkeiten bei jungen Arbeitnehmern erwarten. In \u00d6sterreich liegt der prognostizierte Zuwachs bei 0,8 %.<br \/><br \/>\nAutomatisierungsrisiko bei ungebildeten M\u00e4nner von bis zu 50 %: Im Durchschnitt erreichen Sch\u00fcler mit niedrigem sozio\u00f6konomischen Status drei Mal so selten das Basisniveau in Naturwissenschaften. Junge M\u00e4nner mit niedrigem Bildungsgrad k\u00f6nnten um 2030 mit einem Automatisierungsrisiko von 50 % konfroniert sein. Bei weiblichen und m\u00e4nnlichen Hochschulabsolventen liegt dieser Wert bei nur ca. 10 %. Allgemein k\u00f6nnten im gesamten OECD-Raum bis zu diesem Zeitpunkt ca. 20 bis 40 % der bestehenden Jobs f\u00fcr junge Arbeitnehmer durch die Automatisierung gef\u00e4hrdet sein.<\/p>\n<p style=\"text-align: justify;\">\u201eAutomatisierung durch Technologien wie K\u00fcnstliche Intelligenz und Robotik wird die Produktivit\u00e4t und den Wohlstand ankurbeln und kann f\u00fcr junge Menschen mit den richtigen F\u00e4higkeiten viele neue Chancen schaffen\u201c, sagt Bianca Flaschner, Leader Human Resource Management, People and Organisation bei PwC \u00d6sterreich. \u201eUnsere Analyse zeigt jedoch auch, dass viele junge Menschen mit niedrigem Bildungsgrad \u2013 und vor allem M\u00e4nner in Branchen wie Handel, Transport und Produktion \u2013 durch die Automatisierung mit bedeutenden Herausforderungen konfrontiert sein k\u00f6nnten, wenn sie ihre F\u00e4higkeiten nicht im Laufe ihrer Karriere anpassen und ausbauen. Um junge Menschen auf den st\u00e4rker automatisierten Arbeitsplatz der Zukunft vorzubereiten, ist es wichtig, das Augenmerk darauf zu legen, dass sie die richtige Schul- und Berufsbildung bekommen.\u201c<\/p>\n<p style=\"text-align: justify;\"><strong>MINT im Fokus: \u00d6sterreich Top-Performer dank spezieller Ausbildungsprogramme<\/strong><\/p>\n<p style=\"text-align: justify;\">In Bezug auf die langfristigere Herausforderung durch die Automatisierung hat die Studie ergeben, dass junge Arbeitnehmer, die oft mit Teilzeitjobs im Handel, Hotelerie- und Gastronomiebereich beginnen, mit einem relativ hohen Risiko konfrontiert sind, dass diese Einstiegst\u00e4tigkeiten 2030 nicht mehr in dieser Form vorhanden sein werden.<\/p>\n<p style=\"text-align: justify;\">Im Gegensatz dazu sollten junge Arbeitnehmer mit St\u00e4rken in Mathematik, Informatik, Naturwissenschaften und Technik (MINT) in den meisten OECD-L\u00e4ndern einem geringeren Automatisierungsrisiko ausgesetzt sein. Die Nachfrage nach diesen Kompetenzen steigt. Wenn die neuen digitalen Technologien langfristig nicht zu einer ungleichen Verteilung von Einkommen und Wohlstand f\u00fchren sollen, muss mehr getan werden, um L\u00fccken bei den MINT-Kompetenzen zu schlie\u00dfen, vor allem f\u00fcr junge Leute aus benachteiligten Schichten.<\/p>\n<p style=\"text-align: justify;\">\u201e\u00d6sterreich wird als einer der Top-Performer im Young Workers Index genannt, zusammen mit Deutschland und der Schweiz. Diese Platzierung ist speziell den Ausbildungsprogrammen f\u00fcr junge Menschen bzw. der dualen Ausbildung f\u00fcr Lehrlinge zu verdanken. Auch jene Ma\u00dfnahmen, um speziell M\u00e4dchen ab 12 Jahren an technische Berufe heranzuf\u00fchren, haben wichtige Auswirkungen. Unsere Analyse zeigt, dass andere L\u00e4nder durch gr\u00f6\u00dfere Investitionen in diese Bereiche wirtschaftlich stark profitieren k\u00f6nnten\u201c, so Bianca Flaschner.<\/p>\n<p style=\"text-align: justify;\"><strong>\u00dcber die Studie:<\/strong><\/p>\n<p style=\"text-align: justify;\">Der Young Workers Index von PwC ist ein gewichteter Durchschnitt von acht Indikatoren, darunter NEET-Raten, Besch\u00e4ftigungs- und Arbeitslosenquoten, H\u00e4ufigkeit von Langzeitarbeitslosigkeit, Schulabbrecherquoten und Bildungsbeteiligungsraten. Das abgedeckte Alter liegt \u00fcblicherweise zwischen 15 und 24, kann jedoch entsprechend dem jeweiligen Indikator variieren. Diese Indikatoren werden normalisiert, gewichtet und zusammengefasst, um f\u00fcr jedes Land einen Indexwert zu generieren. Die Indexwerte werden auf Werte zwischen 0 und 100 umskaliert, wobei der Durchschnittswert aller 34 OECD-L\u00e4nder im Jahr 2006 mit 50 definiert wurde. Indexwerte wurden auch f\u00fcr 2011, 2015 und 2016 (oder die n\u00e4chstgelegenen Jahre, f\u00fcr die internationale Vergleichswerte verf\u00fcgbar waren) berechnet. Weitere Einzelheiten bez\u00fcglich der eingesetzten Methoden, inklusive der Berechnung der potentiellen langfristigen Ankurbelung des BIP durch gesunkene NEET-Raten, finden sich im vollst\u00e4ndigen Bericht.<\/p>\n<p style=\"text-align: justify;\"><strong>\u00dcber PwC:<\/strong><\/p>\n<p style=\"text-align: justify;\">Vertrauen in der Gesellschaft aufbauen und wichtige Probleme l\u00f6sen \u2013 das sehen wir bei PwC als unsere Aufgabe. Wir sind ein Netzwerk von Mitgliedsunternehmen in 157 L\u00e4ndern. Mehr als 208.000 Mitarbeiterinnen und Mitarbeitern erbringen weltweit qualitativ hochwertige Leistungen im Bereich Unternehmenspr\u00fcfung, Steuer- und Unternehmensberatung. Sagen Sie uns, was f\u00fcr Sie von Wert ist. Und erfahren Sie mehr auf.<\/p>\n<p style=\"text-align: justify;\">Quelle: APA Ots<\/p>\n<div class=\"shariff shariff-align-flex-start shariff-widget-align-flex-start\"><ul class=\"shariff-buttons theme-round orientation-horizontal buttonsize-medium\"><li class=\"shariff-button facebook shariff-nocustomcolor\" style=\"background-color:#4273c8\"><a href=\"https:\/\/www.facebook.com\/sharer\/sharer.php?u=https%3A%2F%2Fwww.weiterbildungsmarkt.net%2Fnews%2Foesterreich-im-internationalen-spitzenfeld-bei-ausbildung-und-beschaeftigung-von-jungen-arbeitnehmern-6331%2F\" title=\"Bei Facebook teilen\" aria-label=\"Bei Facebook teilen\" role=\"button\" rel=\"nofollow\" class=\"shariff-link external external_icon\" style=\"; background-color:#3b5998; color:#fff\" target=\"_blank\"><span class=\"shariff-icon\" style=\"\"><svg width=\"32px\" height=\"20px\" xmlns=\"http:\/\/www.w3.org\/2000\/svg\" viewBox=\"0 0 18 32\"><path fill=\"#3b5998\" d=\"M17.1 0.2v4.7h-2.8q-1.5 0-2.1 0.6t-0.5 1.9v3.4h5.2l-0.7 5.3h-4.5v13.6h-5.5v-13.6h-4.5v-5.3h4.5v-3.9q0-3.3 1.9-5.2t5-1.8q2.6 0 4.1 0.2z\"\/><\/svg><\/span><\/a><\/li><li class=\"shariff-button twitter shariff-nocustomcolor\" style=\"background-color:#595959\"><a href=\"https:\/\/twitter.com\/share?url=https%3A%2F%2Fwww.weiterbildungsmarkt.net%2Fnews%2Foesterreich-im-internationalen-spitzenfeld-bei-ausbildung-und-beschaeftigung-von-jungen-arbeitnehmern-6331%2F&text=%C3%96sterreich%20im%20internationalen%20Spitzenfeld%20bei%20Ausbildung%20und%20Besch%C3%A4ftigung%20von%20jungen%20Arbeitnehmern\" title=\"Bei X teilen\" aria-label=\"Bei X teilen\" role=\"button\" rel=\"noopener nofollow\" class=\"shariff-link\" style=\"; background-color:#000; color:#fff\" target=\"_blank\"><span class=\"shariff-icon\" style=\"\"><svg width=\"32px\" height=\"20px\" xmlns=\"http:\/\/www.w3.org\/2000\/svg\" viewBox=\"0 0 24 24\"><path fill=\"#000\" d=\"M14.258 10.152L23.176 0h-2.113l-7.747 8.813L7.133 0H0l9.352 13.328L0 23.973h2.113l8.176-9.309 6.531 9.309h7.133zm-2.895 3.293l-.949-1.328L2.875 1.56h3.246l6.086 8.523.945 1.328 7.91 11.078h-3.246zm0 0\"\/><\/svg><\/span><\/a><\/li><li class=\"shariff-button xing shariff-nocustomcolor\" style=\"background-color:#29888a\"><a href=\"https:\/\/www.xing.com\/spi\/shares\/new?url=https%3A%2F%2Fwww.weiterbildungsmarkt.net%2Fnews%2Foesterreich-im-internationalen-spitzenfeld-bei-ausbildung-und-beschaeftigung-von-jungen-arbeitnehmern-6331%2F\" title=\"Bei XING teilen\" aria-label=\"Bei XING teilen\" role=\"button\" rel=\"noopener nofollow\" class=\"shariff-link external external_icon\" style=\"; background-color:#126567; color:#fff\" target=\"_blank\"><span class=\"shariff-icon\" style=\"\"><svg width=\"32px\" height=\"20px\" xmlns=\"http:\/\/www.w3.org\/2000\/svg\" viewBox=\"0 0 25 32\"><path fill=\"#126567\" d=\"M10.7 11.9q-0.2 0.3-4.6 8.2-0.5 0.8-1.2 0.8h-4.3q-0.4 0-0.5-0.3t0-0.6l4.5-8q0 0 0 0l-2.9-5q-0.2-0.4 0-0.7 0.2-0.3 0.5-0.3h4.3q0.7 0 1.2 0.8zM25.1 0.4q0.2 0.3 0 0.7l-9.4 16.7 6 11q0.2 0.4 0 0.6-0.2 0.3-0.6 0.3h-4.3q-0.7 0-1.2-0.8l-6-11.1q0.3-0.6 9.5-16.8 0.4-0.8 1.2-0.8h4.3q0.4 0 0.5 0.3z\"\/><\/svg><\/span><\/a><\/li><li class=\"shariff-button linkedin shariff-nocustomcolor\" style=\"background-color:#1488bf\"><a href=\"https:\/\/www.linkedin.com\/sharing\/share-offsite\/?url=https%3A%2F%2Fwww.weiterbildungsmarkt.net%2Fnews%2Foesterreich-im-internationalen-spitzenfeld-bei-ausbildung-und-beschaeftigung-von-jungen-arbeitnehmern-6331%2F\" title=\"Bei LinkedIn teilen\" aria-label=\"Bei LinkedIn teilen\" role=\"button\" rel=\"noopener nofollow\" class=\"shariff-link external external_icon\" style=\"; background-color:#0077b5; color:#fff\" target=\"_blank\"><span class=\"shariff-icon\" style=\"\"><svg width=\"32px\" height=\"20px\" xmlns=\"http:\/\/www.w3.org\/2000\/svg\" viewBox=\"0 0 27 32\"><path fill=\"#0077b5\" d=\"M6.2 11.2v17.7h-5.9v-17.7h5.9zM6.6 5.7q0 1.3-0.9 2.2t-2.4 0.9h0q-1.5 0-2.4-0.9t-0.9-2.2 0.9-2.2 2.4-0.9 2.4 0.9 0.9 2.2zM27.4 18.7v10.1h-5.9v-9.5q0-1.9-0.7-2.9t-2.3-1.1q-1.1 0-1.9 0.6t-1.2 1.5q-0.2 0.5-0.2 1.4v9.9h-5.9q0-7.1 0-11.6t0-5.3l0-0.9h5.9v2.6h0q0.4-0.6 0.7-1t1-0.9 1.6-0.8 2-0.3q3 0 4.9 2t1.9 6z\"\/><\/svg><\/span><\/a><\/li><li class=\"shariff-button whatsapp shariff-nocustomcolor\" style=\"background-color:#5cbe4a\"><a href=\"https:\/\/api.whatsapp.com\/send?text=https%3A%2F%2Fwww.weiterbildungsmarkt.net%2Fnews%2Foesterreich-im-internationalen-spitzenfeld-bei-ausbildung-und-beschaeftigung-von-jungen-arbeitnehmern-6331%2F%20%C3%96sterreich%20im%20internationalen%20Spitzenfeld%20bei%20Ausbildung%20und%20Besch%C3%A4ftigung%20von%20jungen%20Arbeitnehmern\" title=\"Bei Whatsapp teilen\" aria-label=\"Bei Whatsapp teilen\" role=\"button\" rel=\"noopener nofollow\" class=\"shariff-link external external_icon\" style=\"; background-color:#34af23; color:#fff\" target=\"_blank\"><span class=\"shariff-icon\" style=\"\"><svg width=\"32px\" height=\"20px\" xmlns=\"http:\/\/www.w3.org\/2000\/svg\" viewBox=\"0 0 32 32\"><path fill=\"#34af23\" d=\"M17.6 17.4q0.2 0 1.7 0.8t1.6 0.9q0 0.1 0 0.3 0 0.6-0.3 1.4-0.3 0.7-1.3 1.2t-1.8 0.5q-1 0-3.4-1.1-1.7-0.8-3-2.1t-2.6-3.3q-1.3-1.9-1.3-3.5v-0.1q0.1-1.6 1.3-2.8 0.4-0.4 0.9-0.4 0.1 0 0.3 0t0.3 0q0.3 0 0.5 0.1t0.3 0.5q0.1 0.4 0.6 1.6t0.4 1.3q0 0.4-0.6 1t-0.6 0.8q0 0.1 0.1 0.3 0.6 1.3 1.8 2.4 1 0.9 2.7 1.8 0.2 0.1 0.4 0.1 0.3 0 1-0.9t0.9-0.9zM14 26.9q2.3 0 4.3-0.9t3.6-2.4 2.4-3.6 0.9-4.3-0.9-4.3-2.4-3.6-3.6-2.4-4.3-0.9-4.3 0.9-3.6 2.4-2.4 3.6-0.9 4.3q0 3.6 2.1 6.6l-1.4 4.2 4.3-1.4q2.8 1.9 6.2 1.9zM14 2.2q2.7 0 5.2 1.1t4.3 2.9 2.9 4.3 1.1 5.2-1.1 5.2-2.9 4.3-4.3 2.9-5.2 1.1q-3.5 0-6.5-1.7l-7.4 2.4 2.4-7.2q-1.9-3.2-1.9-6.9 0-2.7 1.1-5.2t2.9-4.3 4.3-2.9 5.2-1.1z\"\/><\/svg><\/span><\/a><\/li><li class=\"shariff-button pinterest shariff-nocustomcolor\" style=\"background-color:#e70f18\"><a href=\"https:\/\/www.pinterest.com\/pin\/create\/link\/?url=https%3A%2F%2Fwww.weiterbildungsmarkt.net%2Fnews%2Foesterreich-im-internationalen-spitzenfeld-bei-ausbildung-und-beschaeftigung-von-jungen-arbeitnehmern-6331%2F&media=https%3A%2F%2Fwww.weiterbildungsmarkt.net%2Fnews%2Fwp-content%2Fuploads%2F2016%2F09%2FTrendStudien3.png&description=%C3%96sterreich%20im%20internationalen%20Spitzenfeld%20bei%20Ausbildung%20und%20Besch%C3%A4ftigung%20von%20jungen%20Arbeitnehmern\" title=\"Bei Pinterest pinnen\" aria-label=\"Bei Pinterest pinnen\" role=\"button\" rel=\"noopener nofollow\" class=\"shariff-link\" style=\"; background-color:#cb2027; color:#fff\" target=\"_blank\"><span class=\"shariff-icon\" style=\"\"><svg width=\"32px\" height=\"20px\" xmlns=\"http:\/\/www.w3.org\/2000\/svg\" viewBox=\"0 0 27 32\"><path fill=\"#cb2027\" d=\"M27.4 16q0 3.7-1.8 6.9t-5 5-6.9 1.9q-2 0-3.9-0.6 1.1-1.7 1.4-2.9 0.2-0.6 1-3.8 0.4 0.7 1.3 1.2t2 0.5q2.1 0 3.8-1.2t2.7-3.4 0.9-4.8q0-2-1.1-3.8t-3.1-2.9-4.5-1.2q-1.9 0-3.5 0.5t-2.8 1.4-2 2-1.2 2.3-0.4 2.4q0 1.9 0.7 3.3t2.1 2q0.5 0.2 0.7-0.4 0-0.1 0.1-0.5t0.2-0.5q0.1-0.4-0.2-0.8-0.9-1.1-0.9-2.7 0-2.7 1.9-4.6t4.9-2q2.7 0 4.2 1.5t1.5 3.8q0 3-1.2 5.2t-3.1 2.1q-1.1 0-1.7-0.8t-0.4-1.9q0.1-0.6 0.5-1.7t0.5-1.8 0.2-1.4q0-0.9-0.5-1.5t-1.4-0.6q-1.1 0-1.9 1t-0.8 2.6q0 1.3 0.4 2.2l-1.8 7.5q-0.3 1.2-0.2 3.2-3.7-1.6-6-5t-2.3-7.6q0-3.7 1.9-6.9t5-5 6.9-1.9 6.9 1.9 5 5 1.8 6.9z\"\/><\/svg><\/span><\/a><\/li><\/ul><\/div>","protected":false},"excerpt":{"rendered":"<p>+ \u00d6sterreich bei Besch\u00e4ftigungs-, Aus- und Weiterbildungsrate von 16 bis 24-J\u00e4hrigen auf Platz 4 im OECD-Vergleich + Dank positiver Entwicklung ist langfristig eine Steigerung des \u00f6sterreichischen BIP um 0,8 % m\u00f6glich + Bedrohung durch Automatisierung: Bis Anfang 2030 sind ca. 20 bis 40 % der bestehenden Jobs im OECD-Raum f\u00fcr junge Arbeitnehmer gef\u00e4hrdet + \u00d6sterreich [&hellip;]<\/p>\n","protected":false},"author":193,"featured_media":3636,"comment_status":"closed","ping_status":"closed","sticky":false,"template":"","format":"standard","meta":{"_acf_changed":false,"footnotes":""},"categories":[110,112],"tags":[],"class_list":["post-6331","post","type-post","status-publish","format-standard","has-post-thumbnail","hentry","category-studien","category-neuigkeiten"],"acf":[],"_links":{"self":[{"href":"https:\/\/www.weiterbildungsmarkt.net\/news\/wp-json\/wp\/v2\/posts\/6331","targetHints":{"allow":["GET"]}}],"collection":[{"href":"https:\/\/www.weiterbildungsmarkt.net\/news\/wp-json\/wp\/v2\/posts"}],"about":[{"href":"https:\/\/www.weiterbildungsmarkt.net\/news\/wp-json\/wp\/v2\/types\/post"}],"author":[{"embeddable":true,"href":"https:\/\/www.weiterbildungsmarkt.net\/news\/wp-json\/wp\/v2\/users\/193"}],"replies":[{"embeddable":true,"href":"https:\/\/www.weiterbildungsmarkt.net\/news\/wp-json\/wp\/v2\/comments?post=6331"}],"version-history":[{"count":2,"href":"https:\/\/www.weiterbildungsmarkt.net\/news\/wp-json\/wp\/v2\/posts\/6331\/revisions"}],"predecessor-version":[{"id":9912,"href":"https:\/\/www.weiterbildungsmarkt.net\/news\/wp-json\/wp\/v2\/posts\/6331\/revisions\/9912"}],"wp:featuredmedia":[{"embeddable":true,"href":"https:\/\/www.weiterbildungsmarkt.net\/news\/wp-json\/wp\/v2\/media\/3636"}],"wp:attachment":[{"href":"https:\/\/www.weiterbildungsmarkt.net\/news\/wp-json\/wp\/v2\/media?parent=6331"}],"wp:term":[{"taxonomy":"category","embeddable":true,"href":"https:\/\/www.weiterbildungsmarkt.net\/news\/wp-json\/wp\/v2\/categories?post=6331"},{"taxonomy":"post_tag","embeddable":true,"href":"https:\/\/www.weiterbildungsmarkt.net\/news\/wp-json\/wp\/v2\/tags?post=6331"}],"curies":[{"name":"wp","href":"https:\/\/api.w.org\/{rel}","templated":true}]}}